{"id":34108,"date":"2022-09-10T17:11:06","date_gmt":"2022-09-10T22:11:06","guid":{"rendered":"https:\/\/luchonoticias.com\/?p=34108"},"modified":"2022-09-10T17:11:08","modified_gmt":"2022-09-10T22:11:08","slug":"suspension-del-servicio-de-gas-natural-en-la-zona-norte-del-municipio-de-neiva-huila","status":"publish","type":"post","link":"https:\/\/luchonoticias.com\/editor\/suspension-del-servicio-de-gas-natural-en-la-zona-norte-del-municipio-de-neiva-huila\/","title":{"rendered":"Suspensi\u00f3n del Servicio de Gas Natural en la zona norte del municipio de Neiva, Huila"},"content":{"rendered":"\n<p>La empresa Alcanos de Colombia S.A. E.S.P, inform\u00f3 hace pocos instantes que el servicio p\u00fablico de Gas Natural ubicados en los barrios El Municipal, Torres del Vergel, Reservas del Cocli, Urb, el Dorado, El Cortijo, Villa Magdalena, Conj. Macadamia, Conj. Morada Del Viento, Urb. Arboleda, Los Rosales, El Cedral, Aposento, Tercer Milenio, Virgilio Barco, Conj. Camino De Primavera, Luis Carlos Gal\u00e1n, Conj. Bosque De La Primavera, Eduardo Santos, Dar\u00edo Chandia, Villa Nazareth, Urb.Combeima, El Progreso, Luis Eduardo Vanegas, Minuto de Dios, El chiura, Vicente Araujo, Puertas del Ed\u00e9n, Santa Rosa, Villa Diego, Villa Marcela, El Dorado, Villa Colombia, Alberto Galindo, Luis Ignacio Andrade, Carbonel y El Venado del municipio de Neiva, Huila, que como resultado de da\u00f1o en la infraestructura de gas natural, ocasionado por Contratistas del municipio en labores de excavaci\u00f3n para reposici\u00f3n de tuber\u00eda, el servicio fue suspendido por seguridad el s\u00e1bado 10 de septiembre de 2022, a partir de las 13:34 horas y a\u00fan no se tiene hora estimada de restablecimiento del servicio.<\/p>\n\n\n\n<p>Personal t\u00e9cnico de Alcanos de Colombia se encuentra en la zona y adelanta las acciones requeridas para dar soluci\u00f3n efectiva a la causa de esta problem\u00e1tica y garantizar la normalidad del servicio.<\/p>\n\n\n\n<p><strong>Recomendaciones una vez restablecido el servicio.<\/strong><\/p>\n\n\n\n<p>Alcanos de Colombia S.A. E.S.P. expresa disculpas por las posibles incomodidades que esta situaci\u00f3n pueda acarrear, recordando que se genera por causas ajenas a la Compa\u00f1\u00eda y sugiriendo tener en cuenta las siguientes recomendaciones de seguridad una vez restablecido el servicio:<\/p>\n\n\n\n<p>1. Verifique que la v\u00e1lvula general de entrada del gas est\u00e9 cerrada; as\u00ed como v\u00e1lvulas y perillas de los gasodom\u00e9sticos.<\/p>\n\n\n\n<p>2. Abra muy lentamente la v\u00e1lvula de corte general (principal), usualmente ubicada a la entrada de las viviendas.<\/p>\n\n\n\n<p>3. Abra tambi\u00e9n lentamente las v\u00e1lvulas de paso de los gasodom\u00e9sticos que hay en su hogar.<\/p>\n\n\n\n<p>4. Al realizar este procedimiento su casa debe tener una adecuada ventilaci\u00f3n: puertas y ventanas abiertas para crear corrientes de aire.<\/p>\n\n\n\n<p>5. Abra la perilla de un gasodom\u00e9stico y deje salir gas por unos segundos y luego ci\u00e9rrela. Esta operaci\u00f3n se realiza para purgar la tuber\u00eda y sacar el aire acumulado.<\/p>\n\n\n\n<p>6. Repita la operaci\u00f3n con el resto de los gasodom\u00e9sticos. Es necesario hacerlo como medida de seguridad, de forma que se logre evacuar todo el aire que tienen en su interior.<\/p>\n\n\n\n<p>7. Encienda los gasodom\u00e9sticos y verifique si la llama est\u00e1 estable. Si alguno no enciende, repita el proceso.<\/p>\n\n\n\n<p>De presentarse alguna alteraci\u00f3n adicional en la prestaci\u00f3n del servicio comun\u00edquese desde fijo o celular de cualquiera de los operadores con nuestras L\u00edneas de Emergencia 164 \u00f3 018000 918808, donde ser\u00e1 atendido por personal calificado de Alcanos de Colombia S.A. E.S.P<\/p>\n","protected":false},"excerpt":{"rendered":"<p>La empresa Alcanos de Colombia S.A. E.S.P, inform\u00f3 hace pocos instantes que el servicio p\u00fablico de Gas Natural ubicados en los barrios El Municipal, Torres del Vergel, Reservas del Cocli, Urb, el Dorado, El Cortijo, Villa Magdalena, Conj. Macadamia, Conj. Morada Del Viento, Urb. Arboleda, Los Rosales, El Cedral, Aposento, Tercer Milenio, Virgilio Barco, Conj. [&hellip;]<\/p>\n","protected":false},"author":1,"featured_media":0,"comment_status":"open","ping_status":"open","sticky":false,"template":"","format":"standard","meta":{"footnotes":""},"categories":[36,31],"tags":[],"class_list":["post-34108","post","type-post","status-publish","format-standard","hentry","category-destacado","category-local"],"yoast_head":"<!-- This site is optimized with the Yoast SEO plugin v26.6 - https:\/\/yoast.com\/wordpress\/plugins\/seo\/ -->\n<title>Suspensi\u00f3n del Servicio de Gas Natural en la zona norte del municipio de Neiva, Huila -<\/title>\n<meta name=\"robots\" content=\"index, follow, max-snippet:-1, max-image-preview:large, max-video-preview:-1\" \/>\n<link rel=\"canonical\" href=\"https:\/\/luchonoticias.com\/editor\/suspension-del-servicio-de-gas-natural-en-la-zona-norte-del-municipio-de-neiva-huila\/\" \/>\n<meta property=\"og:locale\" content=\"es_ES\" \/>\n<meta property=\"og:type\" content=\"article\" \/>\n<meta property=\"og:title\" content=\"Suspensi\u00f3n del Servicio de Gas Natural en la zona norte del municipio de Neiva, Huila -\" \/>\n<meta property=\"og:url\" content=\"https:\/\/luchonoticias.com\/editor\/suspension-del-servicio-de-gas-natural-en-la-zona-norte-del-municipio-de-neiva-huila\/\" \/>\n<meta property=\"article:publisher\" content=\"https:\/\/www.facebook.com\/luchonoticiasneiva\" \/>\n<meta property=\"article:author\" content=\"https:\/\/www.facebook.com\/luchonoticiasneiva\" \/>\n<meta property=\"article:published_time\" content=\"2022-09-10T22:11:06+00:00\" \/>\n<meta property=\"article:modified_time\" content=\"2022-09-10T22:11:08+00:00\" \/>\n<meta name=\"author\" content=\"admin\" \/>\n<meta name=\"twitter:card\" content=\"summary_large_image\" \/>\n<meta name=\"twitter:label1\" content=\"Escrito por\" \/>\n\t<meta name=\"twitter:data1\" content=\"admin\" \/>\n\t<meta name=\"twitter:label2\" content=\"Tiempo de lectura\" \/>\n\t<meta name=\"twitter:data2\" content=\"2 minutos\" \/>\n<script type=\"application\/ld+json\" class=\"yoast-schema-graph\">{\"@context\":\"https:\/\/schema.org\",\"@graph\":[{\"@type\":\"Article\",\"@id\":\"https:\/\/luchonoticias.com\/editor\/suspension-del-servicio-de-gas-natural-en-la-zona-norte-del-municipio-de-neiva-huila\/#article\",\"isPartOf\":{\"@id\":\"https:\/\/luchonoticias.com\/editor\/suspension-del-servicio-de-gas-natural-en-la-zona-norte-del-municipio-de-neiva-huila\/\"},\"author\":{\"name\":\"admin\",\"@id\":\"https:\/\/luchonoticias.com\/editor\/#\/schema\/person\/7a7fd911f58561fd056dbac7b55af9cd\"},\"headline\":\"Suspensi\u00f3n del Servicio de Gas Natural en la zona norte del municipio de Neiva, Huila\",\"datePublished\":\"2022-09-10T22:11:06+00:00\",\"dateModified\":\"2022-09-10T22:11:08+00:00\",\"mainEntityOfPage\":{\"@id\":\"https:\/\/luchonoticias.com\/editor\/suspension-del-servicio-de-gas-natural-en-la-zona-norte-del-municipio-de-neiva-huila\/\"},\"wordCount\":486,\"commentCount\":0,\"publisher\":{\"@id\":\"https:\/\/luchonoticias.com\/editor\/#\/schema\/person\/7a7fd911f58561fd056dbac7b55af9cd\"},\"articleSection\":[\"Destacado\",\"Local\"],\"inLanguage\":\"es\",\"potentialAction\":[{\"@type\":\"CommentAction\",\"name\":\"Comment\",\"target\":[\"https:\/\/luchonoticias.com\/editor\/suspension-del-servicio-de-gas-natural-en-la-zona-norte-del-municipio-de-neiva-huila\/#respond\"]}]},{\"@type\":\"WebPage\",\"@id\":\"https:\/\/luchonoticias.com\/editor\/suspension-del-servicio-de-gas-natural-en-la-zona-norte-del-municipio-de-neiva-huila\/\",\"url\":\"https:\/\/luchonoticias.com\/editor\/suspension-del-servicio-de-gas-natural-en-la-zona-norte-del-municipio-de-neiva-huila\/\",\"name\":\"Suspensi\u00f3n del Servicio de Gas Natural en la zona norte del municipio de Neiva, Huila -\",\"isPartOf\":{\"@id\":\"https:\/\/luchonoticias.com\/editor\/#website\"},\"datePublished\":\"2022-09-10T22:11:06+00:00\",\"dateModified\":\"2022-09-10T22:11:08+00:00\",\"breadcrumb\":{\"@id\":\"https:\/\/luchonoticias.com\/editor\/suspension-del-servicio-de-gas-natural-en-la-zona-norte-del-municipio-de-neiva-huila\/#breadcrumb\"},\"inLanguage\":\"es\",\"potentialAction\":[{\"@type\":\"ReadAction\",\"target\":[\"https:\/\/luchonoticias.com\/editor\/suspension-del-servicio-de-gas-natural-en-la-zona-norte-del-municipio-de-neiva-huila\/\"]}]},{\"@type\":\"BreadcrumbList\",\"@id\":\"https:\/\/luchonoticias.com\/editor\/suspension-del-servicio-de-gas-natural-en-la-zona-norte-del-municipio-de-neiva-huila\/#breadcrumb\",\"itemListElement\":[{\"@type\":\"ListItem\",\"position\":1,\"name\":\"Portada\",\"item\":\"https:\/\/luchonoticias.com\/editor\/\"},{\"@type\":\"ListItem\",\"position\":2,\"name\":\"Suspensi\u00f3n del Servicio de Gas Natural en la zona norte del municipio de Neiva, Huila\"}]},{\"@type\":\"WebSite\",\"@id\":\"https:\/\/luchonoticias.com\/editor\/#website\",\"url\":\"https:\/\/luchonoticias.com\/editor\/\",\"name\":\"\",\"description\":\"\",\"publisher\":{\"@id\":\"https:\/\/luchonoticias.com\/editor\/#\/schema\/person\/7a7fd911f58561fd056dbac7b55af9cd\"},\"potentialAction\":[{\"@type\":\"SearchAction\",\"target\":{\"@type\":\"EntryPoint\",\"urlTemplate\":\"https:\/\/luchonoticias.com\/editor\/?s={search_term_string}\"},\"query-input\":{\"@type\":\"PropertyValueSpecification\",\"valueRequired\":true,\"valueName\":\"search_term_string\"}}],\"inLanguage\":\"es\"},{\"@type\":[\"Person\",\"Organization\"],\"@id\":\"https:\/\/luchonoticias.com\/editor\/#\/schema\/person\/7a7fd911f58561fd056dbac7b55af9cd\",\"name\":\"admin\",\"image\":{\"@type\":\"ImageObject\",\"inLanguage\":\"es\",\"@id\":\"https:\/\/luchonoticias.com\/editor\/#\/schema\/person\/image\/\",\"url\":\"https:\/\/luchonoticias.com\/editor\/wp-content\/uploads\/2024\/02\/cropped-cropped-logolu.webp\",\"contentUrl\":\"https:\/\/luchonoticias.com\/editor\/wp-content\/uploads\/2024\/02\/cropped-cropped-logolu.webp\",\"width\":382,\"height\":170,\"caption\":\"admin\"},\"logo\":{\"@id\":\"https:\/\/luchonoticias.com\/editor\/#\/schema\/person\/image\/\"},\"sameAs\":[\"https:\/\/www.facebook.com\/luchonoticiasneiva\"],\"url\":\"https:\/\/luchonoticias.com\/editor\/author\/admin\/\"}]}<\/script>\n<!-- \/ Yoast SEO plugin. -->","yoast_head_json":{"title":"Suspensi\u00f3n del Servicio de Gas Natural en la zona norte del municipio de Neiva, Huila -","robots":{"index":"index","follow":"follow","max-snippet":"max-snippet:-1","max-image-preview":"max-image-preview:large","max-video-preview":"max-video-preview:-1"},"canonical":"https:\/\/luchonoticias.com\/editor\/suspension-del-servicio-de-gas-natural-en-la-zona-norte-del-municipio-de-neiva-huila\/","og_locale":"es_ES","og_type":"article","og_title":"Suspensi\u00f3n del Servicio de Gas Natural en la zona norte del municipio de Neiva, Huila -","og_url":"https:\/\/luchonoticias.com\/editor\/suspension-del-servicio-de-gas-natural-en-la-zona-norte-del-municipio-de-neiva-huila\/","article_publisher":"https:\/\/www.facebook.com\/luchonoticiasneiva","article_author":"https:\/\/www.facebook.com\/luchonoticiasneiva","article_published_time":"2022-09-10T22:11:06+00:00","article_modified_time":"2022-09-10T22:11:08+00:00","author":"admin","twitter_card":"summary_large_image","twitter_misc":{"Escrito por":"admin","Tiempo de lectura":"2 minutos"},"schema":{"@context":"https:\/\/schema.org","@graph":[{"@type":"Article","@id":"https:\/\/luchonoticias.com\/editor\/suspension-del-servicio-de-gas-natural-en-la-zona-norte-del-municipio-de-neiva-huila\/#article","isPartOf":{"@id":"https:\/\/luchonoticias.com\/editor\/suspension-del-servicio-de-gas-natural-en-la-zona-norte-del-municipio-de-neiva-huila\/"},"author":{"name":"admin","@id":"https:\/\/luchonoticias.com\/editor\/#\/schema\/person\/7a7fd911f58561fd056dbac7b55af9cd"},"headline":"Suspensi\u00f3n del Servicio de Gas Natural en la zona norte del municipio de Neiva, Huila","datePublished":"2022-09-10T22:11:06+00:00","dateModified":"2022-09-10T22:11:08+00:00","mainEntityOfPage":{"@id":"https:\/\/luchonoticias.com\/editor\/suspension-del-servicio-de-gas-natural-en-la-zona-norte-del-municipio-de-neiva-huila\/"},"wordCount":486,"commentCount":0,"publisher":{"@id":"https:\/\/luchonoticias.com\/editor\/#\/schema\/person\/7a7fd911f58561fd056dbac7b55af9cd"},"articleSection":["Destacado","Local"],"inLanguage":"es","potentialAction":[{"@type":"CommentAction","name":"Comment","target":["https:\/\/luchonoticias.com\/editor\/suspension-del-servicio-de-gas-natural-en-la-zona-norte-del-municipio-de-neiva-huila\/#respond"]}]},{"@type":"WebPage","@id":"https:\/\/luchonoticias.com\/editor\/suspension-del-servicio-de-gas-natural-en-la-zona-norte-del-municipio-de-neiva-huila\/","url":"https:\/\/luchonoticias.com\/editor\/suspension-del-servicio-de-gas-natural-en-la-zona-norte-del-municipio-de-neiva-huila\/","name":"Suspensi\u00f3n del Servicio de Gas Natural en la zona norte del municipio de Neiva, Huila -","isPartOf":{"@id":"https:\/\/luchonoticias.com\/editor\/#website"},"datePublished":"2022-09-10T22:11:06+00:00","dateModified":"2022-09-10T22:11:08+00:00","breadcrumb":{"@id":"https:\/\/luchonoticias.com\/editor\/suspension-del-servicio-de-gas-natural-en-la-zona-norte-del-municipio-de-neiva-huila\/#breadcrumb"},"inLanguage":"es","potentialAction":[{"@type":"ReadAction","target":["https:\/\/luchonoticias.com\/editor\/suspension-del-servicio-de-gas-natural-en-la-zona-norte-del-municipio-de-neiva-huila\/"]}]},{"@type":"BreadcrumbList","@id":"https:\/\/luchonoticias.com\/editor\/suspension-del-servicio-de-gas-natural-en-la-zona-norte-del-municipio-de-neiva-huila\/#breadcrumb","itemListElement":[{"@type":"ListItem","position":1,"name":"Portada","item":"https:\/\/luchonoticias.com\/editor\/"},{"@type":"ListItem","position":2,"name":"Suspensi\u00f3n del Servicio de Gas Natural en la zona norte del municipio de Neiva, Huila"}]},{"@type":"WebSite","@id":"https:\/\/luchonoticias.com\/editor\/#website","url":"https:\/\/luchonoticias.com\/editor\/","name":"","description":"","publisher":{"@id":"https:\/\/luchonoticias.com\/editor\/#\/schema\/person\/7a7fd911f58561fd056dbac7b55af9cd"},"potentialAction":[{"@type":"SearchAction","target":{"@type":"EntryPoint","urlTemplate":"https:\/\/luchonoticias.com\/editor\/?s={search_term_string}"},"query-input":{"@type":"PropertyValueSpecification","valueRequired":true,"valueName":"search_term_string"}}],"inLanguage":"es"},{"@type":["Person","Organization"],"@id":"https:\/\/luchonoticias.com\/editor\/#\/schema\/person\/7a7fd911f58561fd056dbac7b55af9cd","name":"admin","image":{"@type":"ImageObject","inLanguage":"es","@id":"https:\/\/luchonoticias.com\/editor\/#\/schema\/person\/image\/","url":"https:\/\/luchonoticias.com\/editor\/wp-content\/uploads\/2024\/02\/cropped-cropped-logolu.webp","contentUrl":"https:\/\/luchonoticias.com\/editor\/wp-content\/uploads\/2024\/02\/cropped-cropped-logolu.webp","width":382,"height":170,"caption":"admin"},"logo":{"@id":"https:\/\/luchonoticias.com\/editor\/#\/schema\/person\/image\/"},"sameAs":["https:\/\/www.facebook.com\/luchonoticiasneiva"],"url":"https:\/\/luchonoticias.com\/editor\/author\/admin\/"}]}},"_links":{"self":[{"href":"https:\/\/luchonoticias.com\/editor\/wp-json\/wp\/v2\/posts\/34108","targetHints":{"allow":["GET"]}}],"collection":[{"href":"https:\/\/luchonoticias.com\/editor\/wp-json\/wp\/v2\/posts"}],"about":[{"href":"https:\/\/luchonoticias.com\/editor\/wp-json\/wp\/v2\/types\/post"}],"author":[{"embeddable":true,"href":"https:\/\/luchonoticias.com\/editor\/wp-json\/wp\/v2\/users\/1"}],"replies":[{"embeddable":true,"href":"https:\/\/luchonoticias.com\/editor\/wp-json\/wp\/v2\/comments?post=34108"}],"version-history":[{"count":0,"href":"https:\/\/luchonoticias.com\/editor\/wp-json\/wp\/v2\/posts\/34108\/revisions"}],"wp:attachment":[{"href":"https:\/\/luchonoticias.com\/editor\/wp-json\/wp\/v2\/media?parent=34108"}],"wp:term":[{"taxonomy":"category","embeddable":true,"href":"https:\/\/luchonoticias.com\/editor\/wp-json\/wp\/v2\/categories?post=34108"},{"taxonomy":"post_tag","embeddable":true,"href":"https:\/\/luchonoticias.com\/editor\/wp-json\/wp\/v2\/tags?post=34108"}],"curies":[{"name":"wp","href":"https:\/\/api.w.org\/{rel}","templated":true}]}}