{"id":34111,"date":"2022-09-11T05:25:16","date_gmt":"2022-09-11T10:25:16","guid":{"rendered":"https:\/\/luchonoticias.com\/?p=34111"},"modified":"2022-09-11T05:25:17","modified_gmt":"2022-09-11T10:25:17","slug":"kartista-huilenses-alista-proxima-competencia-en-europa","status":"publish","type":"post","link":"https:\/\/luchonoticias.com\/editor\/kartista-huilenses-alista-proxima-competencia-en-europa\/","title":{"rendered":"Kartista huilenses alista pr\u00f3xima competencia en Europa"},"content":{"rendered":"\n<p>Luego de lo que fue su participaci\u00f3n en la fecha del campeonato italiano, el piloto huilense&nbsp;<strong>Sebasti\u00e1n \u2018Tat\u00e1n\u2019 Garz\u00f3n,<\/strong>&nbsp;se alista para&nbsp;<strong>competir el pr\u00f3ximo fin de semana en el mundial&nbsp;<\/strong>que ser\u00e1 en el Circuito de N\u00e1poles en Italia.<\/p>\n\n\n\n<p>Durante la presente semana Garz\u00f3n aprovech\u00f3 para&nbsp;<strong>concretar algunos apoyos<\/strong>&nbsp;pensando en la competencia, ya que por temas clim\u00e1ticos el corredor&nbsp;<strong>no pudo hacer pr\u00e1cticas libres<\/strong>.<\/p>\n\n\n\n<p>Para&nbsp;<strong>esta semana<\/strong>&nbsp;el neivano&nbsp;<strong>comenzar\u00e1 a practicar en el circuito<\/strong>&nbsp;pensando en mejorar sus prestaciones en dichos eventos.<\/p>\n","protected":false},"excerpt":{"rendered":"<p>Luego de lo que fue su participaci\u00f3n en la fecha del campeonato italiano, el piloto huilense&nbsp;Sebasti\u00e1n \u2018Tat\u00e1n\u2019 Garz\u00f3n,&nbsp;se alista para&nbsp;competir el pr\u00f3ximo fin de semana en el mundial&nbsp;que ser\u00e1 en el Circuito de N\u00e1poles en Italia. Durante la presente semana Garz\u00f3n aprovech\u00f3 para&nbsp;concretar algunos apoyos&nbsp;pensando en la competencia, ya que por temas clim\u00e1ticos el corredor&nbsp;no [&hellip;]<\/p>\n","protected":false},"author":1,"featured_media":0,"comment_status":"open","ping_status":"open","sticky":false,"template":"","format":"standard","meta":{"footnotes":""},"categories":[34],"tags":[],"class_list":["post-34111","post","type-post","status-publish","format-standard","hentry","category-deportes"],"yoast_head":"<!-- This site is optimized with the Yoast SEO plugin v26.6 - https:\/\/yoast.com\/wordpress\/plugins\/seo\/ -->\n<title>Kartista huilenses alista pr\u00f3xima competencia en Europa -<\/title>\n<meta name=\"robots\" content=\"index, follow, max-snippet:-1, max-image-preview:large, max-video-preview:-1\" \/>\n<link rel=\"canonical\" href=\"https:\/\/luchonoticias.com\/editor\/kartista-huilenses-alista-proxima-competencia-en-europa\/\" \/>\n<meta property=\"og:locale\" content=\"es_ES\" \/>\n<meta property=\"og:type\" content=\"article\" \/>\n<meta property=\"og:title\" content=\"Kartista huilenses alista pr\u00f3xima competencia en Europa -\" \/>\n<meta property=\"og:url\" content=\"https:\/\/luchonoticias.com\/editor\/kartista-huilenses-alista-proxima-competencia-en-europa\/\" \/>\n<meta property=\"article:publisher\" content=\"https:\/\/www.facebook.com\/luchonoticiasneiva\" \/>\n<meta property=\"article:author\" content=\"https:\/\/www.facebook.com\/luchonoticiasneiva\" \/>\n<meta property=\"article:published_time\" content=\"2022-09-11T10:25:16+00:00\" \/>\n<meta property=\"article:modified_time\" content=\"2022-09-11T10:25:17+00:00\" \/>\n<meta name=\"author\" content=\"admin\" \/>\n<meta name=\"twitter:card\" content=\"summary_large_image\" \/>\n<meta name=\"twitter:label1\" content=\"Escrito por\" \/>\n\t<meta name=\"twitter:data1\" content=\"admin\" \/>\n\t<meta name=\"twitter:label2\" content=\"Tiempo de lectura\" \/>\n\t<meta name=\"twitter:data2\" content=\"1 minuto\" \/>\n<script type=\"application\/ld+json\" class=\"yoast-schema-graph\">{\"@context\":\"https:\/\/schema.org\",\"@graph\":[{\"@type\":\"Article\",\"@id\":\"https:\/\/luchonoticias.com\/editor\/kartista-huilenses-alista-proxima-competencia-en-europa\/#article\",\"isPartOf\":{\"@id\":\"https:\/\/luchonoticias.com\/editor\/kartista-huilenses-alista-proxima-competencia-en-europa\/\"},\"author\":{\"name\":\"admin\",\"@id\":\"https:\/\/luchonoticias.com\/editor\/#\/schema\/person\/7a7fd911f58561fd056dbac7b55af9cd\"},\"headline\":\"Kartista huilenses alista pr\u00f3xima competencia en Europa\",\"datePublished\":\"2022-09-11T10:25:16+00:00\",\"dateModified\":\"2022-09-11T10:25:17+00:00\",\"mainEntityOfPage\":{\"@id\":\"https:\/\/luchonoticias.com\/editor\/kartista-huilenses-alista-proxima-competencia-en-europa\/\"},\"wordCount\":113,\"commentCount\":0,\"publisher\":{\"@id\":\"https:\/\/luchonoticias.com\/editor\/#\/schema\/person\/7a7fd911f58561fd056dbac7b55af9cd\"},\"articleSection\":[\"Deportes\"],\"inLanguage\":\"es\",\"potentialAction\":[{\"@type\":\"CommentAction\",\"name\":\"Comment\",\"target\":[\"https:\/\/luchonoticias.com\/editor\/kartista-huilenses-alista-proxima-competencia-en-europa\/#respond\"]}]},{\"@type\":\"WebPage\",\"@id\":\"https:\/\/luchonoticias.com\/editor\/kartista-huilenses-alista-proxima-competencia-en-europa\/\",\"url\":\"https:\/\/luchonoticias.com\/editor\/kartista-huilenses-alista-proxima-competencia-en-europa\/\",\"name\":\"Kartista huilenses alista pr\u00f3xima competencia en Europa -\",\"isPartOf\":{\"@id\":\"https:\/\/luchonoticias.com\/editor\/#website\"},\"datePublished\":\"2022-09-11T10:25:16+00:00\",\"dateModified\":\"2022-09-11T10:25:17+00:00\",\"breadcrumb\":{\"@id\":\"https:\/\/luchonoticias.com\/editor\/kartista-huilenses-alista-proxima-competencia-en-europa\/#breadcrumb\"},\"inLanguage\":\"es\",\"potentialAction\":[{\"@type\":\"ReadAction\",\"target\":[\"https:\/\/luchonoticias.com\/editor\/kartista-huilenses-alista-proxima-competencia-en-europa\/\"]}]},{\"@type\":\"BreadcrumbList\",\"@id\":\"https:\/\/luchonoticias.com\/editor\/kartista-huilenses-alista-proxima-competencia-en-europa\/#breadcrumb\",\"itemListElement\":[{\"@type\":\"ListItem\",\"position\":1,\"name\":\"Portada\",\"item\":\"https:\/\/luchonoticias.com\/editor\/\"},{\"@type\":\"ListItem\",\"position\":2,\"name\":\"Kartista huilenses alista pr\u00f3xima competencia en Europa\"}]},{\"@type\":\"WebSite\",\"@id\":\"https:\/\/luchonoticias.com\/editor\/#website\",\"url\":\"https:\/\/luchonoticias.com\/editor\/\",\"name\":\"\",\"description\":\"\",\"publisher\":{\"@id\":\"https:\/\/luchonoticias.com\/editor\/#\/schema\/person\/7a7fd911f58561fd056dbac7b55af9cd\"},\"potentialAction\":[{\"@type\":\"SearchAction\",\"target\":{\"@type\":\"EntryPoint\",\"urlTemplate\":\"https:\/\/luchonoticias.com\/editor\/?s={search_term_string}\"},\"query-input\":{\"@type\":\"PropertyValueSpecification\",\"valueRequired\":true,\"valueName\":\"search_term_string\"}}],\"inLanguage\":\"es\"},{\"@type\":[\"Person\",\"Organization\"],\"@id\":\"https:\/\/luchonoticias.com\/editor\/#\/schema\/person\/7a7fd911f58561fd056dbac7b55af9cd\",\"name\":\"admin\",\"image\":{\"@type\":\"ImageObject\",\"inLanguage\":\"es\",\"@id\":\"https:\/\/luchonoticias.com\/editor\/#\/schema\/person\/image\/\",\"url\":\"https:\/\/luchonoticias.com\/editor\/wp-content\/uploads\/2024\/02\/cropped-cropped-logolu.webp\",\"contentUrl\":\"https:\/\/luchonoticias.com\/editor\/wp-content\/uploads\/2024\/02\/cropped-cropped-logolu.webp\",\"width\":382,\"height\":170,\"caption\":\"admin\"},\"logo\":{\"@id\":\"https:\/\/luchonoticias.com\/editor\/#\/schema\/person\/image\/\"},\"sameAs\":[\"https:\/\/www.facebook.com\/luchonoticiasneiva\"],\"url\":\"https:\/\/luchonoticias.com\/editor\/author\/admin\/\"}]}<\/script>\n<!-- \/ Yoast SEO plugin. -->","yoast_head_json":{"title":"Kartista huilenses alista pr\u00f3xima competencia en Europa -","robots":{"index":"index","follow":"follow","max-snippet":"max-snippet:-1","max-image-preview":"max-image-preview:large","max-video-preview":"max-video-preview:-1"},"canonical":"https:\/\/luchonoticias.com\/editor\/kartista-huilenses-alista-proxima-competencia-en-europa\/","og_locale":"es_ES","og_type":"article","og_title":"Kartista huilenses alista pr\u00f3xima competencia en Europa -","og_url":"https:\/\/luchonoticias.com\/editor\/kartista-huilenses-alista-proxima-competencia-en-europa\/","article_publisher":"https:\/\/www.facebook.com\/luchonoticiasneiva","article_author":"https:\/\/www.facebook.com\/luchonoticiasneiva","article_published_time":"2022-09-11T10:25:16+00:00","article_modified_time":"2022-09-11T10:25:17+00:00","author":"admin","twitter_card":"summary_large_image","twitter_misc":{"Escrito por":"admin","Tiempo de lectura":"1 minuto"},"schema":{"@context":"https:\/\/schema.org","@graph":[{"@type":"Article","@id":"https:\/\/luchonoticias.com\/editor\/kartista-huilenses-alista-proxima-competencia-en-europa\/#article","isPartOf":{"@id":"https:\/\/luchonoticias.com\/editor\/kartista-huilenses-alista-proxima-competencia-en-europa\/"},"author":{"name":"admin","@id":"https:\/\/luchonoticias.com\/editor\/#\/schema\/person\/7a7fd911f58561fd056dbac7b55af9cd"},"headline":"Kartista huilenses alista pr\u00f3xima competencia en Europa","datePublished":"2022-09-11T10:25:16+00:00","dateModified":"2022-09-11T10:25:17+00:00","mainEntityOfPage":{"@id":"https:\/\/luchonoticias.com\/editor\/kartista-huilenses-alista-proxima-competencia-en-europa\/"},"wordCount":113,"commentCount":0,"publisher":{"@id":"https:\/\/luchonoticias.com\/editor\/#\/schema\/person\/7a7fd911f58561fd056dbac7b55af9cd"},"articleSection":["Deportes"],"inLanguage":"es","potentialAction":[{"@type":"CommentAction","name":"Comment","target":["https:\/\/luchonoticias.com\/editor\/kartista-huilenses-alista-proxima-competencia-en-europa\/#respond"]}]},{"@type":"WebPage","@id":"https:\/\/luchonoticias.com\/editor\/kartista-huilenses-alista-proxima-competencia-en-europa\/","url":"https:\/\/luchonoticias.com\/editor\/kartista-huilenses-alista-proxima-competencia-en-europa\/","name":"Kartista huilenses alista pr\u00f3xima competencia en Europa -","isPartOf":{"@id":"https:\/\/luchonoticias.com\/editor\/#website"},"datePublished":"2022-09-11T10:25:16+00:00","dateModified":"2022-09-11T10:25:17+00:00","breadcrumb":{"@id":"https:\/\/luchonoticias.com\/editor\/kartista-huilenses-alista-proxima-competencia-en-europa\/#breadcrumb"},"inLanguage":"es","potentialAction":[{"@type":"ReadAction","target":["https:\/\/luchonoticias.com\/editor\/kartista-huilenses-alista-proxima-competencia-en-europa\/"]}]},{"@type":"BreadcrumbList","@id":"https:\/\/luchonoticias.com\/editor\/kartista-huilenses-alista-proxima-competencia-en-europa\/#breadcrumb","itemListElement":[{"@type":"ListItem","position":1,"name":"Portada","item":"https:\/\/luchonoticias.com\/editor\/"},{"@type":"ListItem","position":2,"name":"Kartista huilenses alista pr\u00f3xima competencia en Europa"}]},{"@type":"WebSite","@id":"https:\/\/luchonoticias.com\/editor\/#website","url":"https:\/\/luchonoticias.com\/editor\/","name":"","description":"","publisher":{"@id":"https:\/\/luchonoticias.com\/editor\/#\/schema\/person\/7a7fd911f58561fd056dbac7b55af9cd"},"potentialAction":[{"@type":"SearchAction","target":{"@type":"EntryPoint","urlTemplate":"https:\/\/luchonoticias.com\/editor\/?s={search_term_string}"},"query-input":{"@type":"PropertyValueSpecification","valueRequired":true,"valueName":"search_term_string"}}],"inLanguage":"es"},{"@type":["Person","Organization"],"@id":"https:\/\/luchonoticias.com\/editor\/#\/schema\/person\/7a7fd911f58561fd056dbac7b55af9cd","name":"admin","image":{"@type":"ImageObject","inLanguage":"es","@id":"https:\/\/luchonoticias.com\/editor\/#\/schema\/person\/image\/","url":"https:\/\/luchonoticias.com\/editor\/wp-content\/uploads\/2024\/02\/cropped-cropped-logolu.webp","contentUrl":"https:\/\/luchonoticias.com\/editor\/wp-content\/uploads\/2024\/02\/cropped-cropped-logolu.webp","width":382,"height":170,"caption":"admin"},"logo":{"@id":"https:\/\/luchonoticias.com\/editor\/#\/schema\/person\/image\/"},"sameAs":["https:\/\/www.facebook.com\/luchonoticiasneiva"],"url":"https:\/\/luchonoticias.com\/editor\/author\/admin\/"}]}},"_links":{"self":[{"href":"https:\/\/luchonoticias.com\/editor\/wp-json\/wp\/v2\/posts\/34111","targetHints":{"allow":["GET"]}}],"collection":[{"href":"https:\/\/luchonoticias.com\/editor\/wp-json\/wp\/v2\/posts"}],"about":[{"href":"https:\/\/luchonoticias.com\/editor\/wp-json\/wp\/v2\/types\/post"}],"author":[{"embeddable":true,"href":"https:\/\/luchonoticias.com\/editor\/wp-json\/wp\/v2\/users\/1"}],"replies":[{"embeddable":true,"href":"https:\/\/luchonoticias.com\/editor\/wp-json\/wp\/v2\/comments?post=34111"}],"version-history":[{"count":0,"href":"https:\/\/luchonoticias.com\/editor\/wp-json\/wp\/v2\/posts\/34111\/revisions"}],"wp:attachment":[{"href":"https:\/\/luchonoticias.com\/editor\/wp-json\/wp\/v2\/media?parent=34111"}],"wp:term":[{"taxonomy":"category","embeddable":true,"href":"https:\/\/luchonoticias.com\/editor\/wp-json\/wp\/v2\/categories?post=34111"},{"taxonomy":"post_tag","embeddable":true,"href":"https:\/\/luchonoticias.com\/editor\/wp-json\/wp\/v2\/tags?post=34111"}],"curies":[{"name":"wp","href":"https:\/\/api.w.org\/{rel}","templated":true}]}}