{"id":34145,"date":"2022-09-11T17:21:39","date_gmt":"2022-09-11T22:21:39","guid":{"rendered":"https:\/\/luchonoticias.com\/?p=34145"},"modified":"2022-09-11T17:21:40","modified_gmt":"2022-09-11T22:21:40","slug":"semana-de-la-juventud-inicio-con-avistamiento-de-aves","status":"publish","type":"post","link":"https:\/\/luchonoticias.com\/editor\/semana-de-la-juventud-inicio-con-avistamiento-de-aves\/","title":{"rendered":"Semana de La Juventud inici\u00f3 con avistamiento de aves"},"content":{"rendered":"\n<p>La Alcald\u00eda de Neiva apertur\u00f3 la Semana de la Juventud con una jornada de avistamiento de aves en el Jard\u00edn Bot\u00e1nico \u2018Bertha Hern\u00e1ndez de Ospina\u2019. La actividad que culmin\u00f3 con \u00e9xito, logr\u00f3 recibir a m\u00e1s de cien visitantes y cont\u00f3 con la gu\u00eda profesional de miembros de la Asociaci\u00f3n Ornitol\u00f3gica del Huila, Asorhui, quienes con sus conocimientos lograron formar a los visitantes en conservaci\u00f3n ambiental a partir de la identificaci\u00f3n de las aves en su forma y sonido.<\/p>\n\n\n\n<p>Al evento asistieron turistas, j\u00f3venes, profesionales y l\u00edderes sociales que en sus diversos oficios lograron enriquecer esta gran experiencia, es el caso de Fabi\u00e1n Farf\u00e1n ingeniero ambiental de Garz\u00f3n: \u201cYo tengo el hobby de observar aves, as\u00ed que desde la fotograf\u00eda registro lo que voy viendo, as\u00ed que tambi\u00e9n se puede realizar este ejercicio desde cualquier arte\u201d.<\/p>\n\n\n\n<figure class=\"wp-block-image size-large\"><img decoding=\"async\" src=\"https:\/\/luchonoticias.com\/wp-content\/uploads\/2022\/09\/WhatsApp-Image-2022-09-11-at-4.52.36-PM-2-1024x576.jpeg\" alt=\"\" class=\"wp-image-34147\"\/><\/figure>\n\n\n\n<p><strong>Un espacio para la formaci\u00f3n profesional<\/strong><\/p>\n\n\n\n<p>Mart\u00edn Borrero, fot\u00f3grafo ecotur\u00edstico de profesi\u00f3n y asiduo visitante de este lugar cont\u00f3 lo que para \u00e9l ha sido el Jard\u00edn Bot\u00e1nico: \u201cHace cinco a\u00f1os lo vengo visitando, precisamente aqu\u00ed se fund\u00f3 Asorhui, as\u00ed que, siendo fot\u00f3grafo de aves, ahora por motivos de salud realizo fotograf\u00edas surrealistas con mu\u00f1ecos de series televisivas\u201d.<\/p>\n\n\n\n<p>As\u00ed mismo el consejero municipal de Juventudes Sergio Quimbaya, resalt\u00f3 que \u201cestos espacios nos sirven para encontrar los puntos estrat\u00e9gicos de Neiva, la biodiversidad que nos muestran nos llena de esperanza y motivaci\u00f3n para respetarlos\u201d.<\/p>\n\n\n\n<figure class=\"wp-block-image size-large\"><img decoding=\"async\" src=\"https:\/\/luchonoticias.com\/wp-content\/uploads\/2022\/09\/WhatsApp-Image-2022-09-11-at-4.52.39-PM-1-1024x576.jpeg\" alt=\"\" class=\"wp-image-34148\"\/><\/figure>\n\n\n\n<p><strong>Asorhui, la asociaci\u00f3n de la conservaci\u00f3n ambiental<\/strong><\/p>\n\n\n\n<p>Durante la actividad, la formaci\u00f3n ambiental y el conocimiento de las diversas especies de aves fueron el pilar durante toda la jornada. Sebasti\u00e1n Betancourt, miembro de Asorhui agreg\u00f3 que \u201chemos observado, garzas, caracoleros, garrapateros, \u00e1guilas, atrapamoscas, propios de los ecosistemas bosque seco tropical y humedales. Formar en aves es generar conciencia ambiental\u201d.<\/p>\n","protected":false},"excerpt":{"rendered":"<p>La Alcald\u00eda de Neiva apertur\u00f3 la Semana de la Juventud con una jornada de avistamiento de aves en el Jard\u00edn Bot\u00e1nico \u2018Bertha Hern\u00e1ndez de Ospina\u2019. La actividad que culmin\u00f3 con \u00e9xito, logr\u00f3 recibir a m\u00e1s de cien visitantes y cont\u00f3 con la gu\u00eda profesional de miembros de la Asociaci\u00f3n Ornitol\u00f3gica del Huila, Asorhui, quienes con [&hellip;]<\/p>\n","protected":false},"author":1,"featured_media":0,"comment_status":"open","ping_status":"open","sticky":false,"template":"","format":"standard","meta":{"footnotes":""},"categories":[36,53],"tags":[],"class_list":["post-34145","post","type-post","status-publish","format-standard","hentry","category-destacado","category-neiva"],"yoast_head":"<!-- This site is optimized with the Yoast SEO plugin v26.6 - https:\/\/yoast.com\/wordpress\/plugins\/seo\/ -->\n<title>Semana de La Juventud inici\u00f3 con avistamiento de aves -<\/title>\n<meta name=\"robots\" content=\"index, follow, max-snippet:-1, max-image-preview:large, max-video-preview:-1\" \/>\n<link rel=\"canonical\" href=\"https:\/\/luchonoticias.com\/editor\/semana-de-la-juventud-inicio-con-avistamiento-de-aves\/\" \/>\n<meta property=\"og:locale\" content=\"es_ES\" \/>\n<meta property=\"og:type\" content=\"article\" \/>\n<meta property=\"og:title\" content=\"Semana de La Juventud inici\u00f3 con avistamiento de aves -\" \/>\n<meta property=\"og:url\" content=\"https:\/\/luchonoticias.com\/editor\/semana-de-la-juventud-inicio-con-avistamiento-de-aves\/\" \/>\n<meta property=\"article:publisher\" content=\"https:\/\/www.facebook.com\/luchonoticiasneiva\" \/>\n<meta property=\"article:author\" content=\"https:\/\/www.facebook.com\/luchonoticiasneiva\" \/>\n<meta property=\"article:published_time\" content=\"2022-09-11T22:21:39+00:00\" \/>\n<meta property=\"article:modified_time\" content=\"2022-09-11T22:21:40+00:00\" \/>\n<meta property=\"og:image\" content=\"https:\/\/luchonoticias.com\/wp-content\/uploads\/2022\/09\/WhatsApp-Image-2022-09-11-at-4.52.36-PM-2-1024x576.jpeg\" \/>\n<meta name=\"author\" content=\"admin\" \/>\n<meta name=\"twitter:card\" content=\"summary_large_image\" \/>\n<meta name=\"twitter:label1\" content=\"Escrito por\" \/>\n\t<meta name=\"twitter:data1\" content=\"admin\" \/>\n\t<meta name=\"twitter:label2\" content=\"Tiempo de lectura\" \/>\n\t<meta name=\"twitter:data2\" content=\"2 minutos\" \/>\n<script type=\"application\/ld+json\" class=\"yoast-schema-graph\">{\"@context\":\"https:\/\/schema.org\",\"@graph\":[{\"@type\":\"Article\",\"@id\":\"https:\/\/luchonoticias.com\/editor\/semana-de-la-juventud-inicio-con-avistamiento-de-aves\/#article\",\"isPartOf\":{\"@id\":\"https:\/\/luchonoticias.com\/editor\/semana-de-la-juventud-inicio-con-avistamiento-de-aves\/\"},\"author\":{\"name\":\"admin\",\"@id\":\"https:\/\/luchonoticias.com\/editor\/#\/schema\/person\/7a7fd911f58561fd056dbac7b55af9cd\"},\"headline\":\"Semana de La Juventud inici\u00f3 con avistamiento de aves\",\"datePublished\":\"2022-09-11T22:21:39+00:00\",\"dateModified\":\"2022-09-11T22:21:40+00:00\",\"mainEntityOfPage\":{\"@id\":\"https:\/\/luchonoticias.com\/editor\/semana-de-la-juventud-inicio-con-avistamiento-de-aves\/\"},\"wordCount\":330,\"commentCount\":0,\"publisher\":{\"@id\":\"https:\/\/luchonoticias.com\/editor\/#\/schema\/person\/7a7fd911f58561fd056dbac7b55af9cd\"},\"image\":{\"@id\":\"https:\/\/luchonoticias.com\/editor\/semana-de-la-juventud-inicio-con-avistamiento-de-aves\/#primaryimage\"},\"thumbnailUrl\":\"https:\/\/luchonoticias.com\/wp-content\/uploads\/2022\/09\/WhatsApp-Image-2022-09-11-at-4.52.36-PM-2-1024x576.jpeg\",\"articleSection\":[\"Destacado\",\"Neiva\"],\"inLanguage\":\"es\",\"potentialAction\":[{\"@type\":\"CommentAction\",\"name\":\"Comment\",\"target\":[\"https:\/\/luchonoticias.com\/editor\/semana-de-la-juventud-inicio-con-avistamiento-de-aves\/#respond\"]}]},{\"@type\":\"WebPage\",\"@id\":\"https:\/\/luchonoticias.com\/editor\/semana-de-la-juventud-inicio-con-avistamiento-de-aves\/\",\"url\":\"https:\/\/luchonoticias.com\/editor\/semana-de-la-juventud-inicio-con-avistamiento-de-aves\/\",\"name\":\"Semana de La Juventud inici\u00f3 con avistamiento de aves -\",\"isPartOf\":{\"@id\":\"https:\/\/luchonoticias.com\/editor\/#website\"},\"primaryImageOfPage\":{\"@id\":\"https:\/\/luchonoticias.com\/editor\/semana-de-la-juventud-inicio-con-avistamiento-de-aves\/#primaryimage\"},\"image\":{\"@id\":\"https:\/\/luchonoticias.com\/editor\/semana-de-la-juventud-inicio-con-avistamiento-de-aves\/#primaryimage\"},\"thumbnailUrl\":\"https:\/\/luchonoticias.com\/wp-content\/uploads\/2022\/09\/WhatsApp-Image-2022-09-11-at-4.52.36-PM-2-1024x576.jpeg\",\"datePublished\":\"2022-09-11T22:21:39+00:00\",\"dateModified\":\"2022-09-11T22:21:40+00:00\",\"breadcrumb\":{\"@id\":\"https:\/\/luchonoticias.com\/editor\/semana-de-la-juventud-inicio-con-avistamiento-de-aves\/#breadcrumb\"},\"inLanguage\":\"es\",\"potentialAction\":[{\"@type\":\"ReadAction\",\"target\":[\"https:\/\/luchonoticias.com\/editor\/semana-de-la-juventud-inicio-con-avistamiento-de-aves\/\"]}]},{\"@type\":\"ImageObject\",\"inLanguage\":\"es\",\"@id\":\"https:\/\/luchonoticias.com\/editor\/semana-de-la-juventud-inicio-con-avistamiento-de-aves\/#primaryimage\",\"url\":\"https:\/\/luchonoticias.com\/wp-content\/uploads\/2022\/09\/WhatsApp-Image-2022-09-11-at-4.52.36-PM-2-1024x576.jpeg\",\"contentUrl\":\"https:\/\/luchonoticias.com\/wp-content\/uploads\/2022\/09\/WhatsApp-Image-2022-09-11-at-4.52.36-PM-2-1024x576.jpeg\"},{\"@type\":\"BreadcrumbList\",\"@id\":\"https:\/\/luchonoticias.com\/editor\/semana-de-la-juventud-inicio-con-avistamiento-de-aves\/#breadcrumb\",\"itemListElement\":[{\"@type\":\"ListItem\",\"position\":1,\"name\":\"Portada\",\"item\":\"https:\/\/luchonoticias.com\/editor\/\"},{\"@type\":\"ListItem\",\"position\":2,\"name\":\"Semana de La Juventud inici\u00f3 con avistamiento de aves\"}]},{\"@type\":\"WebSite\",\"@id\":\"https:\/\/luchonoticias.com\/editor\/#website\",\"url\":\"https:\/\/luchonoticias.com\/editor\/\",\"name\":\"\",\"description\":\"\",\"publisher\":{\"@id\":\"https:\/\/luchonoticias.com\/editor\/#\/schema\/person\/7a7fd911f58561fd056dbac7b55af9cd\"},\"potentialAction\":[{\"@type\":\"SearchAction\",\"target\":{\"@type\":\"EntryPoint\",\"urlTemplate\":\"https:\/\/luchonoticias.com\/editor\/?s={search_term_string}\"},\"query-input\":{\"@type\":\"PropertyValueSpecification\",\"valueRequired\":true,\"valueName\":\"search_term_string\"}}],\"inLanguage\":\"es\"},{\"@type\":[\"Person\",\"Organization\"],\"@id\":\"https:\/\/luchonoticias.com\/editor\/#\/schema\/person\/7a7fd911f58561fd056dbac7b55af9cd\",\"name\":\"admin\",\"image\":{\"@type\":\"ImageObject\",\"inLanguage\":\"es\",\"@id\":\"https:\/\/luchonoticias.com\/editor\/#\/schema\/person\/image\/\",\"url\":\"https:\/\/luchonoticias.com\/editor\/wp-content\/uploads\/2024\/02\/cropped-cropped-logolu.webp\",\"contentUrl\":\"https:\/\/luchonoticias.com\/editor\/wp-content\/uploads\/2024\/02\/cropped-cropped-logolu.webp\",\"width\":382,\"height\":170,\"caption\":\"admin\"},\"logo\":{\"@id\":\"https:\/\/luchonoticias.com\/editor\/#\/schema\/person\/image\/\"},\"sameAs\":[\"https:\/\/www.facebook.com\/luchonoticiasneiva\"],\"url\":\"https:\/\/luchonoticias.com\/editor\/author\/admin\/\"}]}<\/script>\n<!-- \/ Yoast SEO plugin. -->","yoast_head_json":{"title":"Semana de La Juventud inici\u00f3 con avistamiento de aves -","robots":{"index":"index","follow":"follow","max-snippet":"max-snippet:-1","max-image-preview":"max-image-preview:large","max-video-preview":"max-video-preview:-1"},"canonical":"https:\/\/luchonoticias.com\/editor\/semana-de-la-juventud-inicio-con-avistamiento-de-aves\/","og_locale":"es_ES","og_type":"article","og_title":"Semana de La Juventud inici\u00f3 con avistamiento de aves -","og_url":"https:\/\/luchonoticias.com\/editor\/semana-de-la-juventud-inicio-con-avistamiento-de-aves\/","article_publisher":"https:\/\/www.facebook.com\/luchonoticiasneiva","article_author":"https:\/\/www.facebook.com\/luchonoticiasneiva","article_published_time":"2022-09-11T22:21:39+00:00","article_modified_time":"2022-09-11T22:21:40+00:00","og_image":[{"url":"https:\/\/luchonoticias.com\/wp-content\/uploads\/2022\/09\/WhatsApp-Image-2022-09-11-at-4.52.36-PM-2-1024x576.jpeg","type":"","width":"","height":""}],"author":"admin","twitter_card":"summary_large_image","twitter_misc":{"Escrito por":"admin","Tiempo de lectura":"2 minutos"},"schema":{"@context":"https:\/\/schema.org","@graph":[{"@type":"Article","@id":"https:\/\/luchonoticias.com\/editor\/semana-de-la-juventud-inicio-con-avistamiento-de-aves\/#article","isPartOf":{"@id":"https:\/\/luchonoticias.com\/editor\/semana-de-la-juventud-inicio-con-avistamiento-de-aves\/"},"author":{"name":"admin","@id":"https:\/\/luchonoticias.com\/editor\/#\/schema\/person\/7a7fd911f58561fd056dbac7b55af9cd"},"headline":"Semana de La Juventud inici\u00f3 con avistamiento de aves","datePublished":"2022-09-11T22:21:39+00:00","dateModified":"2022-09-11T22:21:40+00:00","mainEntityOfPage":{"@id":"https:\/\/luchonoticias.com\/editor\/semana-de-la-juventud-inicio-con-avistamiento-de-aves\/"},"wordCount":330,"commentCount":0,"publisher":{"@id":"https:\/\/luchonoticias.com\/editor\/#\/schema\/person\/7a7fd911f58561fd056dbac7b55af9cd"},"image":{"@id":"https:\/\/luchonoticias.com\/editor\/semana-de-la-juventud-inicio-con-avistamiento-de-aves\/#primaryimage"},"thumbnailUrl":"https:\/\/luchonoticias.com\/wp-content\/uploads\/2022\/09\/WhatsApp-Image-2022-09-11-at-4.52.36-PM-2-1024x576.jpeg","articleSection":["Destacado","Neiva"],"inLanguage":"es","potentialAction":[{"@type":"CommentAction","name":"Comment","target":["https:\/\/luchonoticias.com\/editor\/semana-de-la-juventud-inicio-con-avistamiento-de-aves\/#respond"]}]},{"@type":"WebPage","@id":"https:\/\/luchonoticias.com\/editor\/semana-de-la-juventud-inicio-con-avistamiento-de-aves\/","url":"https:\/\/luchonoticias.com\/editor\/semana-de-la-juventud-inicio-con-avistamiento-de-aves\/","name":"Semana de La Juventud inici\u00f3 con avistamiento de aves -","isPartOf":{"@id":"https:\/\/luchonoticias.com\/editor\/#website"},"primaryImageOfPage":{"@id":"https:\/\/luchonoticias.com\/editor\/semana-de-la-juventud-inicio-con-avistamiento-de-aves\/#primaryimage"},"image":{"@id":"https:\/\/luchonoticias.com\/editor\/semana-de-la-juventud-inicio-con-avistamiento-de-aves\/#primaryimage"},"thumbnailUrl":"https:\/\/luchonoticias.com\/wp-content\/uploads\/2022\/09\/WhatsApp-Image-2022-09-11-at-4.52.36-PM-2-1024x576.jpeg","datePublished":"2022-09-11T22:21:39+00:00","dateModified":"2022-09-11T22:21:40+00:00","breadcrumb":{"@id":"https:\/\/luchonoticias.com\/editor\/semana-de-la-juventud-inicio-con-avistamiento-de-aves\/#breadcrumb"},"inLanguage":"es","potentialAction":[{"@type":"ReadAction","target":["https:\/\/luchonoticias.com\/editor\/semana-de-la-juventud-inicio-con-avistamiento-de-aves\/"]}]},{"@type":"ImageObject","inLanguage":"es","@id":"https:\/\/luchonoticias.com\/editor\/semana-de-la-juventud-inicio-con-avistamiento-de-aves\/#primaryimage","url":"https:\/\/luchonoticias.com\/wp-content\/uploads\/2022\/09\/WhatsApp-Image-2022-09-11-at-4.52.36-PM-2-1024x576.jpeg","contentUrl":"https:\/\/luchonoticias.com\/wp-content\/uploads\/2022\/09\/WhatsApp-Image-2022-09-11-at-4.52.36-PM-2-1024x576.jpeg"},{"@type":"BreadcrumbList","@id":"https:\/\/luchonoticias.com\/editor\/semana-de-la-juventud-inicio-con-avistamiento-de-aves\/#breadcrumb","itemListElement":[{"@type":"ListItem","position":1,"name":"Portada","item":"https:\/\/luchonoticias.com\/editor\/"},{"@type":"ListItem","position":2,"name":"Semana de La Juventud inici\u00f3 con avistamiento de aves"}]},{"@type":"WebSite","@id":"https:\/\/luchonoticias.com\/editor\/#website","url":"https:\/\/luchonoticias.com\/editor\/","name":"","description":"","publisher":{"@id":"https:\/\/luchonoticias.com\/editor\/#\/schema\/person\/7a7fd911f58561fd056dbac7b55af9cd"},"potentialAction":[{"@type":"SearchAction","target":{"@type":"EntryPoint","urlTemplate":"https:\/\/luchonoticias.com\/editor\/?s={search_term_string}"},"query-input":{"@type":"PropertyValueSpecification","valueRequired":true,"valueName":"search_term_string"}}],"inLanguage":"es"},{"@type":["Person","Organization"],"@id":"https:\/\/luchonoticias.com\/editor\/#\/schema\/person\/7a7fd911f58561fd056dbac7b55af9cd","name":"admin","image":{"@type":"ImageObject","inLanguage":"es","@id":"https:\/\/luchonoticias.com\/editor\/#\/schema\/person\/image\/","url":"https:\/\/luchonoticias.com\/editor\/wp-content\/uploads\/2024\/02\/cropped-cropped-logolu.webp","contentUrl":"https:\/\/luchonoticias.com\/editor\/wp-content\/uploads\/2024\/02\/cropped-cropped-logolu.webp","width":382,"height":170,"caption":"admin"},"logo":{"@id":"https:\/\/luchonoticias.com\/editor\/#\/schema\/person\/image\/"},"sameAs":["https:\/\/www.facebook.com\/luchonoticiasneiva"],"url":"https:\/\/luchonoticias.com\/editor\/author\/admin\/"}]}},"_links":{"self":[{"href":"https:\/\/luchonoticias.com\/editor\/wp-json\/wp\/v2\/posts\/34145","targetHints":{"allow":["GET"]}}],"collection":[{"href":"https:\/\/luchonoticias.com\/editor\/wp-json\/wp\/v2\/posts"}],"about":[{"href":"https:\/\/luchonoticias.com\/editor\/wp-json\/wp\/v2\/types\/post"}],"author":[{"embeddable":true,"href":"https:\/\/luchonoticias.com\/editor\/wp-json\/wp\/v2\/users\/1"}],"replies":[{"embeddable":true,"href":"https:\/\/luchonoticias.com\/editor\/wp-json\/wp\/v2\/comments?post=34145"}],"version-history":[{"count":0,"href":"https:\/\/luchonoticias.com\/editor\/wp-json\/wp\/v2\/posts\/34145\/revisions"}],"wp:attachment":[{"href":"https:\/\/luchonoticias.com\/editor\/wp-json\/wp\/v2\/media?parent=34145"}],"wp:term":[{"taxonomy":"category","embeddable":true,"href":"https:\/\/luchonoticias.com\/editor\/wp-json\/wp\/v2\/categories?post=34145"},{"taxonomy":"post_tag","embeddable":true,"href":"https:\/\/luchonoticias.com\/editor\/wp-json\/wp\/v2\/tags?post=34145"}],"curies":[{"name":"wp","href":"https:\/\/api.w.org\/{rel}","templated":true}]}}