{"id":34192,"date":"2022-09-12T07:01:53","date_gmt":"2022-09-12T12:01:53","guid":{"rendered":"https:\/\/luchonoticias.com\/?p=34192"},"modified":"2022-09-12T07:01:54","modified_gmt":"2022-09-12T12:01:54","slug":"en-octubre-neiva-vivira-la-carrera-desafiantes-por-el-huila","status":"publish","type":"post","link":"https:\/\/luchonoticias.com\/editor\/en-octubre-neiva-vivira-la-carrera-desafiantes-por-el-huila\/","title":{"rendered":"En octubre Neiva vivir\u00e1 la Carrera Desafiantes por el Huila"},"content":{"rendered":"\n<p>Valkyrya y Ceta ganadores del Desaf\u00edo The Box que fue emitido y producido por el canal Caracol estar\u00e1n en el Huila en una estrategia denominada Desafiantes por el Huila, ellos junto al tambi\u00e9n huilense y marchista Carballo, adem\u00e1s de Juan Pablo y Karla correr\u00e1n junto a quienes se inscriban en la carrera programada para el s\u00e1bado 1 de octubre de 2022, las inscripciones est\u00e1n abiertas a trav\u00e9s del link: https:\/\/forms.gle\/1MvpxXhSL5zYWRZU6<\/p>\n\n\n\n<p>\u201cVamos a estar compartiendo con todos los huilenses y con la gente que decida pegarse la rodadita en mi ciudad Neiva, vamos a estar el 30 de septiembre, 1 y 2 de octubre junto a Juan Pablo, Ceta, Carballo, Karla y yo Valkyria compartiendo con ustedes en varios eventos entre ellos uno de los m\u00e1s bonitos y es la carrera del s\u00e1bado 1 de octubre de 5.8 kil\u00f3metros en la que vamos a poder compartir haciendo actividad f\u00edsica junto a los amantes del running o quienes quieran caminarla lo pueden hacer o correrla junto a nosotros, la inscripci\u00f3n solo vale 50 mil pesos, incluye medalla, camiseta, hidrataci\u00f3n y premiaci\u00f3n por lo que estamos muy contentos de poder asistir\u201d coment\u00f3 con alegr\u00eda Andrea Carolina Olaya \u2018Valkyria\u2019 ex luchadora colombiana, actriz y ganadora del desaf\u00edo.<\/p>\n\n\n\n<figure class=\"wp-block-image size-large\"><img decoding=\"async\" src=\"https:\/\/luchonoticias.com\/wp-content\/uploads\/2022\/09\/WhatsApp-Image-2022-09-11-at-4.42.22-PM-768x1024.jpeg\" alt=\"\" class=\"wp-image-34194\"\/><\/figure>\n\n\n\n<p><strong>Se premiar\u00e1 el valor y gallard\u00eda<\/strong><\/p>\n\n\n\n<p>El recorrido de 5.8 km iniciar\u00e1 desde las 6:00 a.m del s\u00e1bado 1 de octubre, la tem\u00e1tica de la competencia ser\u00e1 la conservaci\u00f3n de la ciudad, el reconocimiento a sitios emblem\u00e1ticos y la gallard\u00eda de h\u00e9roes como La Gaitana.<\/p>\n\n\n\n<p>La salida ser\u00e1 en el Parque de la M\u00fasica de Neiva, se toma toda esa calle 6, se atraviesa la carrera 7 y 6; en la carrera 5 se dobla a la derecha, donde se atraviesa parte del Parque Santander, la iglesia colonial antigua y se sigue para pasar frente a la Alcald\u00eda de Neiva, para tomar la calle 10 y se baja hasta la Avenida Circunvalar para llegar frente al monumento al Moh\u00e1n, se sigue por la circunvalar para deleitarse con el monumento a La Gaitana, posteriormente se desv\u00eda hacia la Avenida In\u00e9s Garc\u00eda de Dur\u00e1n por el costado izquierdo (por la v\u00eda de gaseosas C\u00f3ndor), luego se toman unos metros de la carrera 5 al sur y se dobla por la calle que conecta al Centro Comercial Unicentro que ser\u00e1 el punto de llegada.<\/p>\n\n\n\n<p>\u201cEste evento y carrera adem\u00e1s de tener nuestra presencia, se va por todo lo alto con una premiaci\u00f3n super ch\u00e9vere, que ser\u00e1 econ\u00f3mica y tambi\u00e9n con premios de los diferentes patrocinadores que se han unido a Desafiantes por el Huila, esperamos nos acompa\u00f1en en esta carrera y aprovechemos para hacer actividad f\u00edsica\u201d destac\u00f3 Valkyria.<\/p>\n\n\n\n<p>Para quienes se inscriban en la categor\u00eda amateur la premiaci\u00f3n para el primer lugar masculino y femenino ser\u00e1 de 500 mil pesos en efectivo, el segundo lugar en las dos modalidades 250 mil pesos y para los terceros lugares premios de las distintas marcas patrocinadoras. Mientras para la categor\u00eda \u00e9lite la premiaci\u00f3n de los ganadores masculino y femenino ser\u00e1 de 1 mill\u00f3n de pesos en efectivo, los segundos lugares recibir\u00e1n la suma de 500 mil pesos y el tercer lugar premios de las marcas patrocinadoras.<\/p>\n","protected":false},"excerpt":{"rendered":"<p>Valkyrya y Ceta ganadores del Desaf\u00edo The Box que fue emitido y producido por el canal Caracol estar\u00e1n en el Huila en una estrategia denominada Desafiantes por el Huila, ellos junto al tambi\u00e9n huilense y marchista Carballo, adem\u00e1s de Juan Pablo y Karla correr\u00e1n junto a quienes se inscriban en la carrera programada para el [&hellip;]<\/p>\n","protected":false},"author":1,"featured_media":0,"comment_status":"open","ping_status":"open","sticky":false,"template":"","format":"standard","meta":{"footnotes":""},"categories":[34,36],"tags":[],"class_list":["post-34192","post","type-post","status-publish","format-standard","hentry","category-deportes","category-destacado"],"yoast_head":"<!-- This site is optimized with the Yoast SEO plugin v26.6 - https:\/\/yoast.com\/wordpress\/plugins\/seo\/ -->\n<title>En octubre Neiva vivir\u00e1 la Carrera Desafiantes por el Huila -<\/title>\n<meta name=\"robots\" content=\"index, follow, max-snippet:-1, max-image-preview:large, max-video-preview:-1\" \/>\n<link rel=\"canonical\" href=\"https:\/\/luchonoticias.com\/editor\/en-octubre-neiva-vivira-la-carrera-desafiantes-por-el-huila\/\" \/>\n<meta property=\"og:locale\" content=\"es_ES\" \/>\n<meta property=\"og:type\" content=\"article\" \/>\n<meta property=\"og:title\" content=\"En octubre Neiva vivir\u00e1 la Carrera Desafiantes por el Huila -\" \/>\n<meta property=\"og:url\" content=\"https:\/\/luchonoticias.com\/editor\/en-octubre-neiva-vivira-la-carrera-desafiantes-por-el-huila\/\" \/>\n<meta property=\"article:publisher\" content=\"https:\/\/www.facebook.com\/luchonoticiasneiva\" \/>\n<meta property=\"article:author\" content=\"https:\/\/www.facebook.com\/luchonoticiasneiva\" \/>\n<meta property=\"article:published_time\" content=\"2022-09-12T12:01:53+00:00\" \/>\n<meta property=\"article:modified_time\" content=\"2022-09-12T12:01:54+00:00\" \/>\n<meta property=\"og:image\" content=\"https:\/\/luchonoticias.com\/wp-content\/uploads\/2022\/09\/WhatsApp-Image-2022-09-11-at-4.42.22-PM-768x1024.jpeg\" \/>\n<meta name=\"author\" content=\"admin\" \/>\n<meta name=\"twitter:card\" content=\"summary_large_image\" \/>\n<meta name=\"twitter:label1\" content=\"Escrito por\" \/>\n\t<meta name=\"twitter:data1\" content=\"admin\" \/>\n\t<meta name=\"twitter:label2\" content=\"Tiempo de lectura\" \/>\n\t<meta name=\"twitter:data2\" content=\"3 minutos\" \/>\n<script type=\"application\/ld+json\" class=\"yoast-schema-graph\">{\"@context\":\"https:\/\/schema.org\",\"@graph\":[{\"@type\":\"Article\",\"@id\":\"https:\/\/luchonoticias.com\/editor\/en-octubre-neiva-vivira-la-carrera-desafiantes-por-el-huila\/#article\",\"isPartOf\":{\"@id\":\"https:\/\/luchonoticias.com\/editor\/en-octubre-neiva-vivira-la-carrera-desafiantes-por-el-huila\/\"},\"author\":{\"name\":\"admin\",\"@id\":\"https:\/\/luchonoticias.com\/editor\/#\/schema\/person\/7a7fd911f58561fd056dbac7b55af9cd\"},\"headline\":\"En octubre Neiva vivir\u00e1 la Carrera Desafiantes por el Huila\",\"datePublished\":\"2022-09-12T12:01:53+00:00\",\"dateModified\":\"2022-09-12T12:01:54+00:00\",\"mainEntityOfPage\":{\"@id\":\"https:\/\/luchonoticias.com\/editor\/en-octubre-neiva-vivira-la-carrera-desafiantes-por-el-huila\/\"},\"wordCount\":563,\"commentCount\":0,\"publisher\":{\"@id\":\"https:\/\/luchonoticias.com\/editor\/#\/schema\/person\/7a7fd911f58561fd056dbac7b55af9cd\"},\"image\":{\"@id\":\"https:\/\/luchonoticias.com\/editor\/en-octubre-neiva-vivira-la-carrera-desafiantes-por-el-huila\/#primaryimage\"},\"thumbnailUrl\":\"https:\/\/luchonoticias.com\/wp-content\/uploads\/2022\/09\/WhatsApp-Image-2022-09-11-at-4.42.22-PM-768x1024.jpeg\",\"articleSection\":[\"Deportes\",\"Destacado\"],\"inLanguage\":\"es\",\"potentialAction\":[{\"@type\":\"CommentAction\",\"name\":\"Comment\",\"target\":[\"https:\/\/luchonoticias.com\/editor\/en-octubre-neiva-vivira-la-carrera-desafiantes-por-el-huila\/#respond\"]}]},{\"@type\":\"WebPage\",\"@id\":\"https:\/\/luchonoticias.com\/editor\/en-octubre-neiva-vivira-la-carrera-desafiantes-por-el-huila\/\",\"url\":\"https:\/\/luchonoticias.com\/editor\/en-octubre-neiva-vivira-la-carrera-desafiantes-por-el-huila\/\",\"name\":\"En octubre Neiva vivir\u00e1 la Carrera Desafiantes por el Huila -\",\"isPartOf\":{\"@id\":\"https:\/\/luchonoticias.com\/editor\/#website\"},\"primaryImageOfPage\":{\"@id\":\"https:\/\/luchonoticias.com\/editor\/en-octubre-neiva-vivira-la-carrera-desafiantes-por-el-huila\/#primaryimage\"},\"image\":{\"@id\":\"https:\/\/luchonoticias.com\/editor\/en-octubre-neiva-vivira-la-carrera-desafiantes-por-el-huila\/#primaryimage\"},\"thumbnailUrl\":\"https:\/\/luchonoticias.com\/wp-content\/uploads\/2022\/09\/WhatsApp-Image-2022-09-11-at-4.42.22-PM-768x1024.jpeg\",\"datePublished\":\"2022-09-12T12:01:53+00:00\",\"dateModified\":\"2022-09-12T12:01:54+00:00\",\"breadcrumb\":{\"@id\":\"https:\/\/luchonoticias.com\/editor\/en-octubre-neiva-vivira-la-carrera-desafiantes-por-el-huila\/#breadcrumb\"},\"inLanguage\":\"es\",\"potentialAction\":[{\"@type\":\"ReadAction\",\"target\":[\"https:\/\/luchonoticias.com\/editor\/en-octubre-neiva-vivira-la-carrera-desafiantes-por-el-huila\/\"]}]},{\"@type\":\"ImageObject\",\"inLanguage\":\"es\",\"@id\":\"https:\/\/luchonoticias.com\/editor\/en-octubre-neiva-vivira-la-carrera-desafiantes-por-el-huila\/#primaryimage\",\"url\":\"https:\/\/luchonoticias.com\/wp-content\/uploads\/2022\/09\/WhatsApp-Image-2022-09-11-at-4.42.22-PM-768x1024.jpeg\",\"contentUrl\":\"https:\/\/luchonoticias.com\/wp-content\/uploads\/2022\/09\/WhatsApp-Image-2022-09-11-at-4.42.22-PM-768x1024.jpeg\"},{\"@type\":\"BreadcrumbList\",\"@id\":\"https:\/\/luchonoticias.com\/editor\/en-octubre-neiva-vivira-la-carrera-desafiantes-por-el-huila\/#breadcrumb\",\"itemListElement\":[{\"@type\":\"ListItem\",\"position\":1,\"name\":\"Portada\",\"item\":\"https:\/\/luchonoticias.com\/editor\/\"},{\"@type\":\"ListItem\",\"position\":2,\"name\":\"En octubre Neiva vivir\u00e1 la Carrera Desafiantes por el Huila\"}]},{\"@type\":\"WebSite\",\"@id\":\"https:\/\/luchonoticias.com\/editor\/#website\",\"url\":\"https:\/\/luchonoticias.com\/editor\/\",\"name\":\"\",\"description\":\"\",\"publisher\":{\"@id\":\"https:\/\/luchonoticias.com\/editor\/#\/schema\/person\/7a7fd911f58561fd056dbac7b55af9cd\"},\"potentialAction\":[{\"@type\":\"SearchAction\",\"target\":{\"@type\":\"EntryPoint\",\"urlTemplate\":\"https:\/\/luchonoticias.com\/editor\/?s={search_term_string}\"},\"query-input\":{\"@type\":\"PropertyValueSpecification\",\"valueRequired\":true,\"valueName\":\"search_term_string\"}}],\"inLanguage\":\"es\"},{\"@type\":[\"Person\",\"Organization\"],\"@id\":\"https:\/\/luchonoticias.com\/editor\/#\/schema\/person\/7a7fd911f58561fd056dbac7b55af9cd\",\"name\":\"admin\",\"image\":{\"@type\":\"ImageObject\",\"inLanguage\":\"es\",\"@id\":\"https:\/\/luchonoticias.com\/editor\/#\/schema\/person\/image\/\",\"url\":\"https:\/\/luchonoticias.com\/editor\/wp-content\/uploads\/2024\/02\/cropped-cropped-logolu.webp\",\"contentUrl\":\"https:\/\/luchonoticias.com\/editor\/wp-content\/uploads\/2024\/02\/cropped-cropped-logolu.webp\",\"width\":382,\"height\":170,\"caption\":\"admin\"},\"logo\":{\"@id\":\"https:\/\/luchonoticias.com\/editor\/#\/schema\/person\/image\/\"},\"sameAs\":[\"https:\/\/www.facebook.com\/luchonoticiasneiva\"],\"url\":\"https:\/\/luchonoticias.com\/editor\/author\/admin\/\"}]}<\/script>\n<!-- \/ Yoast SEO plugin. -->","yoast_head_json":{"title":"En octubre Neiva vivir\u00e1 la Carrera Desafiantes por el Huila -","robots":{"index":"index","follow":"follow","max-snippet":"max-snippet:-1","max-image-preview":"max-image-preview:large","max-video-preview":"max-video-preview:-1"},"canonical":"https:\/\/luchonoticias.com\/editor\/en-octubre-neiva-vivira-la-carrera-desafiantes-por-el-huila\/","og_locale":"es_ES","og_type":"article","og_title":"En octubre Neiva vivir\u00e1 la Carrera Desafiantes por el Huila -","og_url":"https:\/\/luchonoticias.com\/editor\/en-octubre-neiva-vivira-la-carrera-desafiantes-por-el-huila\/","article_publisher":"https:\/\/www.facebook.com\/luchonoticiasneiva","article_author":"https:\/\/www.facebook.com\/luchonoticiasneiva","article_published_time":"2022-09-12T12:01:53+00:00","article_modified_time":"2022-09-12T12:01:54+00:00","og_image":[{"url":"https:\/\/luchonoticias.com\/wp-content\/uploads\/2022\/09\/WhatsApp-Image-2022-09-11-at-4.42.22-PM-768x1024.jpeg","type":"","width":"","height":""}],"author":"admin","twitter_card":"summary_large_image","twitter_misc":{"Escrito por":"admin","Tiempo de lectura":"3 minutos"},"schema":{"@context":"https:\/\/schema.org","@graph":[{"@type":"Article","@id":"https:\/\/luchonoticias.com\/editor\/en-octubre-neiva-vivira-la-carrera-desafiantes-por-el-huila\/#article","isPartOf":{"@id":"https:\/\/luchonoticias.com\/editor\/en-octubre-neiva-vivira-la-carrera-desafiantes-por-el-huila\/"},"author":{"name":"admin","@id":"https:\/\/luchonoticias.com\/editor\/#\/schema\/person\/7a7fd911f58561fd056dbac7b55af9cd"},"headline":"En octubre Neiva vivir\u00e1 la Carrera Desafiantes por el Huila","datePublished":"2022-09-12T12:01:53+00:00","dateModified":"2022-09-12T12:01:54+00:00","mainEntityOfPage":{"@id":"https:\/\/luchonoticias.com\/editor\/en-octubre-neiva-vivira-la-carrera-desafiantes-por-el-huila\/"},"wordCount":563,"commentCount":0,"publisher":{"@id":"https:\/\/luchonoticias.com\/editor\/#\/schema\/person\/7a7fd911f58561fd056dbac7b55af9cd"},"image":{"@id":"https:\/\/luchonoticias.com\/editor\/en-octubre-neiva-vivira-la-carrera-desafiantes-por-el-huila\/#primaryimage"},"thumbnailUrl":"https:\/\/luchonoticias.com\/wp-content\/uploads\/2022\/09\/WhatsApp-Image-2022-09-11-at-4.42.22-PM-768x1024.jpeg","articleSection":["Deportes","Destacado"],"inLanguage":"es","potentialAction":[{"@type":"CommentAction","name":"Comment","target":["https:\/\/luchonoticias.com\/editor\/en-octubre-neiva-vivira-la-carrera-desafiantes-por-el-huila\/#respond"]}]},{"@type":"WebPage","@id":"https:\/\/luchonoticias.com\/editor\/en-octubre-neiva-vivira-la-carrera-desafiantes-por-el-huila\/","url":"https:\/\/luchonoticias.com\/editor\/en-octubre-neiva-vivira-la-carrera-desafiantes-por-el-huila\/","name":"En octubre Neiva vivir\u00e1 la Carrera Desafiantes por el Huila -","isPartOf":{"@id":"https:\/\/luchonoticias.com\/editor\/#website"},"primaryImageOfPage":{"@id":"https:\/\/luchonoticias.com\/editor\/en-octubre-neiva-vivira-la-carrera-desafiantes-por-el-huila\/#primaryimage"},"image":{"@id":"https:\/\/luchonoticias.com\/editor\/en-octubre-neiva-vivira-la-carrera-desafiantes-por-el-huila\/#primaryimage"},"thumbnailUrl":"https:\/\/luchonoticias.com\/wp-content\/uploads\/2022\/09\/WhatsApp-Image-2022-09-11-at-4.42.22-PM-768x1024.jpeg","datePublished":"2022-09-12T12:01:53+00:00","dateModified":"2022-09-12T12:01:54+00:00","breadcrumb":{"@id":"https:\/\/luchonoticias.com\/editor\/en-octubre-neiva-vivira-la-carrera-desafiantes-por-el-huila\/#breadcrumb"},"inLanguage":"es","potentialAction":[{"@type":"ReadAction","target":["https:\/\/luchonoticias.com\/editor\/en-octubre-neiva-vivira-la-carrera-desafiantes-por-el-huila\/"]}]},{"@type":"ImageObject","inLanguage":"es","@id":"https:\/\/luchonoticias.com\/editor\/en-octubre-neiva-vivira-la-carrera-desafiantes-por-el-huila\/#primaryimage","url":"https:\/\/luchonoticias.com\/wp-content\/uploads\/2022\/09\/WhatsApp-Image-2022-09-11-at-4.42.22-PM-768x1024.jpeg","contentUrl":"https:\/\/luchonoticias.com\/wp-content\/uploads\/2022\/09\/WhatsApp-Image-2022-09-11-at-4.42.22-PM-768x1024.jpeg"},{"@type":"BreadcrumbList","@id":"https:\/\/luchonoticias.com\/editor\/en-octubre-neiva-vivira-la-carrera-desafiantes-por-el-huila\/#breadcrumb","itemListElement":[{"@type":"ListItem","position":1,"name":"Portada","item":"https:\/\/luchonoticias.com\/editor\/"},{"@type":"ListItem","position":2,"name":"En octubre Neiva vivir\u00e1 la Carrera Desafiantes por el Huila"}]},{"@type":"WebSite","@id":"https:\/\/luchonoticias.com\/editor\/#website","url":"https:\/\/luchonoticias.com\/editor\/","name":"","description":"","publisher":{"@id":"https:\/\/luchonoticias.com\/editor\/#\/schema\/person\/7a7fd911f58561fd056dbac7b55af9cd"},"potentialAction":[{"@type":"SearchAction","target":{"@type":"EntryPoint","urlTemplate":"https:\/\/luchonoticias.com\/editor\/?s={search_term_string}"},"query-input":{"@type":"PropertyValueSpecification","valueRequired":true,"valueName":"search_term_string"}}],"inLanguage":"es"},{"@type":["Person","Organization"],"@id":"https:\/\/luchonoticias.com\/editor\/#\/schema\/person\/7a7fd911f58561fd056dbac7b55af9cd","name":"admin","image":{"@type":"ImageObject","inLanguage":"es","@id":"https:\/\/luchonoticias.com\/editor\/#\/schema\/person\/image\/","url":"https:\/\/luchonoticias.com\/editor\/wp-content\/uploads\/2024\/02\/cropped-cropped-logolu.webp","contentUrl":"https:\/\/luchonoticias.com\/editor\/wp-content\/uploads\/2024\/02\/cropped-cropped-logolu.webp","width":382,"height":170,"caption":"admin"},"logo":{"@id":"https:\/\/luchonoticias.com\/editor\/#\/schema\/person\/image\/"},"sameAs":["https:\/\/www.facebook.com\/luchonoticiasneiva"],"url":"https:\/\/luchonoticias.com\/editor\/author\/admin\/"}]}},"_links":{"self":[{"href":"https:\/\/luchonoticias.com\/editor\/wp-json\/wp\/v2\/posts\/34192","targetHints":{"allow":["GET"]}}],"collection":[{"href":"https:\/\/luchonoticias.com\/editor\/wp-json\/wp\/v2\/posts"}],"about":[{"href":"https:\/\/luchonoticias.com\/editor\/wp-json\/wp\/v2\/types\/post"}],"author":[{"embeddable":true,"href":"https:\/\/luchonoticias.com\/editor\/wp-json\/wp\/v2\/users\/1"}],"replies":[{"embeddable":true,"href":"https:\/\/luchonoticias.com\/editor\/wp-json\/wp\/v2\/comments?post=34192"}],"version-history":[{"count":0,"href":"https:\/\/luchonoticias.com\/editor\/wp-json\/wp\/v2\/posts\/34192\/revisions"}],"wp:attachment":[{"href":"https:\/\/luchonoticias.com\/editor\/wp-json\/wp\/v2\/media?parent=34192"}],"wp:term":[{"taxonomy":"category","embeddable":true,"href":"https:\/\/luchonoticias.com\/editor\/wp-json\/wp\/v2\/categories?post=34192"},{"taxonomy":"post_tag","embeddable":true,"href":"https:\/\/luchonoticias.com\/editor\/wp-json\/wp\/v2\/tags?post=34192"}],"curies":[{"name":"wp","href":"https:\/\/api.w.org\/{rel}","templated":true}]}}