{"id":34196,"date":"2022-09-12T07:06:57","date_gmt":"2022-09-12T12:06:57","guid":{"rendered":"https:\/\/luchonoticias.com\/?p=34196"},"modified":"2022-09-12T07:06:57","modified_gmt":"2022-09-12T12:06:57","slug":"garzon-agrado-y-el-pital-beneficiados-con-rehabilitacion-vial-por-parte-del-gobierno-departamental","status":"publish","type":"post","link":"https:\/\/luchonoticias.com\/editor\/garzon-agrado-y-el-pital-beneficiados-con-rehabilitacion-vial-por-parte-del-gobierno-departamental\/","title":{"rendered":"Garz\u00f3n, Agrado y El Pital beneficiados con rehabilitaci\u00f3n vial por parte del Gobierno Departamental"},"content":{"rendered":"\n<p>El Consorcio V\u00edas 2021 es el que tendr\u00e1 a cargo la rehabilitaci\u00f3n de 8 tramos viales en los municipios de Garz\u00f3n, El Agrado y El Pital. De acuerdo a Jaime Andr\u00e9s Trujillo, Gerente de la Compa\u00f1\u00eda MASSEQ Proyectos e Ingenier\u00eda, quien forma parte del consorcio, la obra se realizar\u00e1 en 6 meses.<\/p>\n\n\n\n<p>\u201cMASSEQ a trav\u00e9s del Consorcio V\u00edas 2.021, tiene a cargo la rehabilitaci\u00f3n de 8 tramos de la v\u00eda que conduce Garz\u00f3n \u2013 Agrado \u2013 El Pital. Este contrato con recursos de regal\u00edas de la Gobernaci\u00f3n del departamento del Huila se dio a trav\u00e9s de una licitaci\u00f3n p\u00fablica, donde nosotros tuvimos la fortuna de ser seleccionados para realizar esta rehabilitaci\u00f3n. El valor de la obra es de $3.300 millones aproximadamente y los 8 tramos tienen una distancia de 1.800 metros aproximadamente y en esos 8 tramos hay que hacer el cambio total de la sub base, de la base y de la carpeta asf\u00e1ltica. Esta rehabilitaci\u00f3n es tramo completo de v\u00eda, tiene todo el proceso de instalaci\u00f3n, se\u00f1alizaci\u00f3n y dem\u00e1s y esperamos cumplirlo en un tiempo de no m\u00e1s de 6 meses como dice el contrato, todos los esfuerzos est\u00e1n enfocados a desarrollarlo en la vigencia 2022, es decir en este contrato esperamos tener uno o dos frentes de trabajo activo para desarrollarlo en menos de tres meses que nos quedan del a\u00f1o\u201d, expres\u00f3 el Gerente de la Compa\u00f1\u00eda MASSEQ Proyectos e Ingenier\u00eda.<\/p>\n\n\n\n<figure class=\"wp-block-gallery has-nested-images columns-default is-cropped wp-block-gallery-1 is-layout-flex wp-block-gallery-is-layout-flex\">\n<figure class=\"wp-block-image size-large\"><img decoding=\"async\" data-id=\"34199\" src=\"https:\/\/luchonoticias.com\/wp-content\/uploads\/2022\/09\/WhatsApp-Image-2022-09-12-at-5.45.13-AM-1-1024x774.jpeg\" alt=\"\" class=\"wp-image-34199\"\/><\/figure>\n\n\n\n<figure class=\"wp-block-image size-large\"><img decoding=\"async\" data-id=\"34200\" src=\"https:\/\/luchonoticias.com\/wp-content\/uploads\/2022\/09\/WhatsApp-Image-2022-09-12-at-5.45.13-AM-2-1024x775.jpeg\" alt=\"\" class=\"wp-image-34200\"\/><\/figure>\n<\/figure>\n\n\n\n<p>Para el ex alcalde y l\u00edder del municipio del Agrado, Ulpiano S\u00e1nchez Mu\u00f1oz, el gobernador del Huila, Luis Enrique Duss\u00e1n L\u00f3pez, no solo invertir\u00e1 en estas v\u00edas, sino en otra serie de obras que superan los $11.000 millones.<\/p>\n\n\n\n<p>\u201cContento como agraduno, porque vemos una muy buena voluntad por parte del Gobierno Departamental. Entre esos $11.000 millones est\u00e1 el arreglo de la v\u00eda del municipio de El Pital hacia el viaducto en la parte del Agrado, se van a hacer tambi\u00e9n unas placas huellas, se van a hacer cinco calles con cementaci\u00f3n, se van a hacer unas cubiertas en Polideportivos como de $1.700 millones, se van a hacer unos $3.000 millones en mejoramientos&nbsp; para 400- 500 familias necesitadas, entre ellas bater\u00edas sanitarias; se van a hacer unas Guardiolas en tres sitios de nuestro municipio en la parte rural; se van a manejar unos programas en caf\u00e9 en el alto Buenavista de m\u00e1s de&nbsp; $250 millones; un proyecto para ganader\u00eda, se va dando todo eso, eso es important\u00edsimo para El Agrado\u201d, dijo el ex mandatario.<\/p>\n","protected":false},"excerpt":{"rendered":"<p>El Consorcio V\u00edas 2021 es el que tendr\u00e1 a cargo la rehabilitaci\u00f3n de 8 tramos viales en los municipios de Garz\u00f3n, El Agrado y El Pital. De acuerdo a Jaime Andr\u00e9s Trujillo, Gerente de la Compa\u00f1\u00eda MASSEQ Proyectos e Ingenier\u00eda, quien forma parte del consorcio, la obra se realizar\u00e1 en 6 meses. \u201cMASSEQ a trav\u00e9s [&hellip;]<\/p>\n","protected":false},"author":1,"featured_media":0,"comment_status":"open","ping_status":"open","sticky":false,"template":"","format":"standard","meta":{"footnotes":""},"categories":[36,33],"tags":[],"class_list":["post-34196","post","type-post","status-publish","format-standard","hentry","category-destacado","category-huila"],"yoast_head":"<!-- This site is optimized with the Yoast SEO plugin v26.6 - https:\/\/yoast.com\/wordpress\/plugins\/seo\/ -->\n<title>Garz\u00f3n, Agrado y El Pital beneficiados con rehabilitaci\u00f3n vial por parte del Gobierno Departamental -<\/title>\n<meta name=\"robots\" content=\"index, follow, max-snippet:-1, max-image-preview:large, max-video-preview:-1\" \/>\n<link rel=\"canonical\" href=\"https:\/\/luchonoticias.com\/editor\/garzon-agrado-y-el-pital-beneficiados-con-rehabilitacion-vial-por-parte-del-gobierno-departamental\/\" \/>\n<meta property=\"og:locale\" content=\"es_ES\" \/>\n<meta property=\"og:type\" content=\"article\" \/>\n<meta property=\"og:title\" content=\"Garz\u00f3n, Agrado y El Pital beneficiados con rehabilitaci\u00f3n vial por parte del Gobierno Departamental -\" \/>\n<meta property=\"og:url\" content=\"https:\/\/luchonoticias.com\/editor\/garzon-agrado-y-el-pital-beneficiados-con-rehabilitacion-vial-por-parte-del-gobierno-departamental\/\" \/>\n<meta property=\"article:publisher\" content=\"https:\/\/www.facebook.com\/luchonoticiasneiva\" \/>\n<meta property=\"article:author\" content=\"https:\/\/www.facebook.com\/luchonoticiasneiva\" \/>\n<meta property=\"article:published_time\" content=\"2022-09-12T12:06:57+00:00\" \/>\n<meta property=\"og:image\" content=\"https:\/\/luchonoticias.com\/wp-content\/uploads\/2022\/09\/WhatsApp-Image-2022-09-12-at-5.45.13-AM-1-1024x774.jpeg\" \/>\n<meta name=\"author\" content=\"admin\" \/>\n<meta name=\"twitter:card\" content=\"summary_large_image\" \/>\n<meta name=\"twitter:label1\" content=\"Escrito por\" \/>\n\t<meta name=\"twitter:data1\" content=\"admin\" \/>\n\t<meta name=\"twitter:label2\" content=\"Tiempo de lectura\" \/>\n\t<meta name=\"twitter:data2\" content=\"2 minutos\" \/>\n<script type=\"application\/ld+json\" class=\"yoast-schema-graph\">{\"@context\":\"https:\/\/schema.org\",\"@graph\":[{\"@type\":\"Article\",\"@id\":\"https:\/\/luchonoticias.com\/editor\/garzon-agrado-y-el-pital-beneficiados-con-rehabilitacion-vial-por-parte-del-gobierno-departamental\/#article\",\"isPartOf\":{\"@id\":\"https:\/\/luchonoticias.com\/editor\/garzon-agrado-y-el-pital-beneficiados-con-rehabilitacion-vial-por-parte-del-gobierno-departamental\/\"},\"author\":{\"name\":\"admin\",\"@id\":\"https:\/\/luchonoticias.com\/editor\/#\/schema\/person\/7a7fd911f58561fd056dbac7b55af9cd\"},\"headline\":\"Garz\u00f3n, Agrado y El Pital beneficiados con rehabilitaci\u00f3n vial por parte del Gobierno Departamental\",\"datePublished\":\"2022-09-12T12:06:57+00:00\",\"mainEntityOfPage\":{\"@id\":\"https:\/\/luchonoticias.com\/editor\/garzon-agrado-y-el-pital-beneficiados-con-rehabilitacion-vial-por-parte-del-gobierno-departamental\/\"},\"wordCount\":448,\"commentCount\":0,\"publisher\":{\"@id\":\"https:\/\/luchonoticias.com\/editor\/#\/schema\/person\/7a7fd911f58561fd056dbac7b55af9cd\"},\"image\":{\"@id\":\"https:\/\/luchonoticias.com\/editor\/garzon-agrado-y-el-pital-beneficiados-con-rehabilitacion-vial-por-parte-del-gobierno-departamental\/#primaryimage\"},\"thumbnailUrl\":\"https:\/\/luchonoticias.com\/wp-content\/uploads\/2022\/09\/WhatsApp-Image-2022-09-12-at-5.45.13-AM-1-1024x774.jpeg\",\"articleSection\":[\"Destacado\",\"Huila\"],\"inLanguage\":\"es\",\"potentialAction\":[{\"@type\":\"CommentAction\",\"name\":\"Comment\",\"target\":[\"https:\/\/luchonoticias.com\/editor\/garzon-agrado-y-el-pital-beneficiados-con-rehabilitacion-vial-por-parte-del-gobierno-departamental\/#respond\"]}]},{\"@type\":\"WebPage\",\"@id\":\"https:\/\/luchonoticias.com\/editor\/garzon-agrado-y-el-pital-beneficiados-con-rehabilitacion-vial-por-parte-del-gobierno-departamental\/\",\"url\":\"https:\/\/luchonoticias.com\/editor\/garzon-agrado-y-el-pital-beneficiados-con-rehabilitacion-vial-por-parte-del-gobierno-departamental\/\",\"name\":\"Garz\u00f3n, Agrado y El Pital beneficiados con rehabilitaci\u00f3n vial por parte del Gobierno Departamental -\",\"isPartOf\":{\"@id\":\"https:\/\/luchonoticias.com\/editor\/#website\"},\"primaryImageOfPage\":{\"@id\":\"https:\/\/luchonoticias.com\/editor\/garzon-agrado-y-el-pital-beneficiados-con-rehabilitacion-vial-por-parte-del-gobierno-departamental\/#primaryimage\"},\"image\":{\"@id\":\"https:\/\/luchonoticias.com\/editor\/garzon-agrado-y-el-pital-beneficiados-con-rehabilitacion-vial-por-parte-del-gobierno-departamental\/#primaryimage\"},\"thumbnailUrl\":\"https:\/\/luchonoticias.com\/wp-content\/uploads\/2022\/09\/WhatsApp-Image-2022-09-12-at-5.45.13-AM-1-1024x774.jpeg\",\"datePublished\":\"2022-09-12T12:06:57+00:00\",\"breadcrumb\":{\"@id\":\"https:\/\/luchonoticias.com\/editor\/garzon-agrado-y-el-pital-beneficiados-con-rehabilitacion-vial-por-parte-del-gobierno-departamental\/#breadcrumb\"},\"inLanguage\":\"es\",\"potentialAction\":[{\"@type\":\"ReadAction\",\"target\":[\"https:\/\/luchonoticias.com\/editor\/garzon-agrado-y-el-pital-beneficiados-con-rehabilitacion-vial-por-parte-del-gobierno-departamental\/\"]}]},{\"@type\":\"ImageObject\",\"inLanguage\":\"es\",\"@id\":\"https:\/\/luchonoticias.com\/editor\/garzon-agrado-y-el-pital-beneficiados-con-rehabilitacion-vial-por-parte-del-gobierno-departamental\/#primaryimage\",\"url\":\"https:\/\/luchonoticias.com\/wp-content\/uploads\/2022\/09\/WhatsApp-Image-2022-09-12-at-5.45.13-AM-1-1024x774.jpeg\",\"contentUrl\":\"https:\/\/luchonoticias.com\/wp-content\/uploads\/2022\/09\/WhatsApp-Image-2022-09-12-at-5.45.13-AM-1-1024x774.jpeg\"},{\"@type\":\"BreadcrumbList\",\"@id\":\"https:\/\/luchonoticias.com\/editor\/garzon-agrado-y-el-pital-beneficiados-con-rehabilitacion-vial-por-parte-del-gobierno-departamental\/#breadcrumb\",\"itemListElement\":[{\"@type\":\"ListItem\",\"position\":1,\"name\":\"Portada\",\"item\":\"https:\/\/luchonoticias.com\/editor\/\"},{\"@type\":\"ListItem\",\"position\":2,\"name\":\"Garz\u00f3n, Agrado y El Pital beneficiados con rehabilitaci\u00f3n vial por parte del Gobierno Departamental\"}]},{\"@type\":\"WebSite\",\"@id\":\"https:\/\/luchonoticias.com\/editor\/#website\",\"url\":\"https:\/\/luchonoticias.com\/editor\/\",\"name\":\"\",\"description\":\"\",\"publisher\":{\"@id\":\"https:\/\/luchonoticias.com\/editor\/#\/schema\/person\/7a7fd911f58561fd056dbac7b55af9cd\"},\"potentialAction\":[{\"@type\":\"SearchAction\",\"target\":{\"@type\":\"EntryPoint\",\"urlTemplate\":\"https:\/\/luchonoticias.com\/editor\/?s={search_term_string}\"},\"query-input\":{\"@type\":\"PropertyValueSpecification\",\"valueRequired\":true,\"valueName\":\"search_term_string\"}}],\"inLanguage\":\"es\"},{\"@type\":[\"Person\",\"Organization\"],\"@id\":\"https:\/\/luchonoticias.com\/editor\/#\/schema\/person\/7a7fd911f58561fd056dbac7b55af9cd\",\"name\":\"admin\",\"image\":{\"@type\":\"ImageObject\",\"inLanguage\":\"es\",\"@id\":\"https:\/\/luchonoticias.com\/editor\/#\/schema\/person\/image\/\",\"url\":\"https:\/\/luchonoticias.com\/editor\/wp-content\/uploads\/2024\/02\/cropped-cropped-logolu.webp\",\"contentUrl\":\"https:\/\/luchonoticias.com\/editor\/wp-content\/uploads\/2024\/02\/cropped-cropped-logolu.webp\",\"width\":382,\"height\":170,\"caption\":\"admin\"},\"logo\":{\"@id\":\"https:\/\/luchonoticias.com\/editor\/#\/schema\/person\/image\/\"},\"sameAs\":[\"https:\/\/www.facebook.com\/luchonoticiasneiva\"],\"url\":\"https:\/\/luchonoticias.com\/editor\/author\/admin\/\"}]}<\/script>\n<!-- \/ Yoast SEO plugin. -->","yoast_head_json":{"title":"Garz\u00f3n, Agrado y El Pital beneficiados con rehabilitaci\u00f3n vial por parte del Gobierno Departamental -","robots":{"index":"index","follow":"follow","max-snippet":"max-snippet:-1","max-image-preview":"max-image-preview:large","max-video-preview":"max-video-preview:-1"},"canonical":"https:\/\/luchonoticias.com\/editor\/garzon-agrado-y-el-pital-beneficiados-con-rehabilitacion-vial-por-parte-del-gobierno-departamental\/","og_locale":"es_ES","og_type":"article","og_title":"Garz\u00f3n, Agrado y El Pital beneficiados con rehabilitaci\u00f3n vial por parte del Gobierno Departamental -","og_url":"https:\/\/luchonoticias.com\/editor\/garzon-agrado-y-el-pital-beneficiados-con-rehabilitacion-vial-por-parte-del-gobierno-departamental\/","article_publisher":"https:\/\/www.facebook.com\/luchonoticiasneiva","article_author":"https:\/\/www.facebook.com\/luchonoticiasneiva","article_published_time":"2022-09-12T12:06:57+00:00","og_image":[{"url":"https:\/\/luchonoticias.com\/wp-content\/uploads\/2022\/09\/WhatsApp-Image-2022-09-12-at-5.45.13-AM-1-1024x774.jpeg","type":"","width":"","height":""}],"author":"admin","twitter_card":"summary_large_image","twitter_misc":{"Escrito por":"admin","Tiempo de lectura":"2 minutos"},"schema":{"@context":"https:\/\/schema.org","@graph":[{"@type":"Article","@id":"https:\/\/luchonoticias.com\/editor\/garzon-agrado-y-el-pital-beneficiados-con-rehabilitacion-vial-por-parte-del-gobierno-departamental\/#article","isPartOf":{"@id":"https:\/\/luchonoticias.com\/editor\/garzon-agrado-y-el-pital-beneficiados-con-rehabilitacion-vial-por-parte-del-gobierno-departamental\/"},"author":{"name":"admin","@id":"https:\/\/luchonoticias.com\/editor\/#\/schema\/person\/7a7fd911f58561fd056dbac7b55af9cd"},"headline":"Garz\u00f3n, Agrado y El Pital beneficiados con rehabilitaci\u00f3n vial por parte del Gobierno Departamental","datePublished":"2022-09-12T12:06:57+00:00","mainEntityOfPage":{"@id":"https:\/\/luchonoticias.com\/editor\/garzon-agrado-y-el-pital-beneficiados-con-rehabilitacion-vial-por-parte-del-gobierno-departamental\/"},"wordCount":448,"commentCount":0,"publisher":{"@id":"https:\/\/luchonoticias.com\/editor\/#\/schema\/person\/7a7fd911f58561fd056dbac7b55af9cd"},"image":{"@id":"https:\/\/luchonoticias.com\/editor\/garzon-agrado-y-el-pital-beneficiados-con-rehabilitacion-vial-por-parte-del-gobierno-departamental\/#primaryimage"},"thumbnailUrl":"https:\/\/luchonoticias.com\/wp-content\/uploads\/2022\/09\/WhatsApp-Image-2022-09-12-at-5.45.13-AM-1-1024x774.jpeg","articleSection":["Destacado","Huila"],"inLanguage":"es","potentialAction":[{"@type":"CommentAction","name":"Comment","target":["https:\/\/luchonoticias.com\/editor\/garzon-agrado-y-el-pital-beneficiados-con-rehabilitacion-vial-por-parte-del-gobierno-departamental\/#respond"]}]},{"@type":"WebPage","@id":"https:\/\/luchonoticias.com\/editor\/garzon-agrado-y-el-pital-beneficiados-con-rehabilitacion-vial-por-parte-del-gobierno-departamental\/","url":"https:\/\/luchonoticias.com\/editor\/garzon-agrado-y-el-pital-beneficiados-con-rehabilitacion-vial-por-parte-del-gobierno-departamental\/","name":"Garz\u00f3n, Agrado y El Pital beneficiados con rehabilitaci\u00f3n vial por parte del Gobierno Departamental -","isPartOf":{"@id":"https:\/\/luchonoticias.com\/editor\/#website"},"primaryImageOfPage":{"@id":"https:\/\/luchonoticias.com\/editor\/garzon-agrado-y-el-pital-beneficiados-con-rehabilitacion-vial-por-parte-del-gobierno-departamental\/#primaryimage"},"image":{"@id":"https:\/\/luchonoticias.com\/editor\/garzon-agrado-y-el-pital-beneficiados-con-rehabilitacion-vial-por-parte-del-gobierno-departamental\/#primaryimage"},"thumbnailUrl":"https:\/\/luchonoticias.com\/wp-content\/uploads\/2022\/09\/WhatsApp-Image-2022-09-12-at-5.45.13-AM-1-1024x774.jpeg","datePublished":"2022-09-12T12:06:57+00:00","breadcrumb":{"@id":"https:\/\/luchonoticias.com\/editor\/garzon-agrado-y-el-pital-beneficiados-con-rehabilitacion-vial-por-parte-del-gobierno-departamental\/#breadcrumb"},"inLanguage":"es","potentialAction":[{"@type":"ReadAction","target":["https:\/\/luchonoticias.com\/editor\/garzon-agrado-y-el-pital-beneficiados-con-rehabilitacion-vial-por-parte-del-gobierno-departamental\/"]}]},{"@type":"ImageObject","inLanguage":"es","@id":"https:\/\/luchonoticias.com\/editor\/garzon-agrado-y-el-pital-beneficiados-con-rehabilitacion-vial-por-parte-del-gobierno-departamental\/#primaryimage","url":"https:\/\/luchonoticias.com\/wp-content\/uploads\/2022\/09\/WhatsApp-Image-2022-09-12-at-5.45.13-AM-1-1024x774.jpeg","contentUrl":"https:\/\/luchonoticias.com\/wp-content\/uploads\/2022\/09\/WhatsApp-Image-2022-09-12-at-5.45.13-AM-1-1024x774.jpeg"},{"@type":"BreadcrumbList","@id":"https:\/\/luchonoticias.com\/editor\/garzon-agrado-y-el-pital-beneficiados-con-rehabilitacion-vial-por-parte-del-gobierno-departamental\/#breadcrumb","itemListElement":[{"@type":"ListItem","position":1,"name":"Portada","item":"https:\/\/luchonoticias.com\/editor\/"},{"@type":"ListItem","position":2,"name":"Garz\u00f3n, Agrado y El Pital beneficiados con rehabilitaci\u00f3n vial por parte del Gobierno Departamental"}]},{"@type":"WebSite","@id":"https:\/\/luchonoticias.com\/editor\/#website","url":"https:\/\/luchonoticias.com\/editor\/","name":"","description":"","publisher":{"@id":"https:\/\/luchonoticias.com\/editor\/#\/schema\/person\/7a7fd911f58561fd056dbac7b55af9cd"},"potentialAction":[{"@type":"SearchAction","target":{"@type":"EntryPoint","urlTemplate":"https:\/\/luchonoticias.com\/editor\/?s={search_term_string}"},"query-input":{"@type":"PropertyValueSpecification","valueRequired":true,"valueName":"search_term_string"}}],"inLanguage":"es"},{"@type":["Person","Organization"],"@id":"https:\/\/luchonoticias.com\/editor\/#\/schema\/person\/7a7fd911f58561fd056dbac7b55af9cd","name":"admin","image":{"@type":"ImageObject","inLanguage":"es","@id":"https:\/\/luchonoticias.com\/editor\/#\/schema\/person\/image\/","url":"https:\/\/luchonoticias.com\/editor\/wp-content\/uploads\/2024\/02\/cropped-cropped-logolu.webp","contentUrl":"https:\/\/luchonoticias.com\/editor\/wp-content\/uploads\/2024\/02\/cropped-cropped-logolu.webp","width":382,"height":170,"caption":"admin"},"logo":{"@id":"https:\/\/luchonoticias.com\/editor\/#\/schema\/person\/image\/"},"sameAs":["https:\/\/www.facebook.com\/luchonoticiasneiva"],"url":"https:\/\/luchonoticias.com\/editor\/author\/admin\/"}]}},"_links":{"self":[{"href":"https:\/\/luchonoticias.com\/editor\/wp-json\/wp\/v2\/posts\/34196","targetHints":{"allow":["GET"]}}],"collection":[{"href":"https:\/\/luchonoticias.com\/editor\/wp-json\/wp\/v2\/posts"}],"about":[{"href":"https:\/\/luchonoticias.com\/editor\/wp-json\/wp\/v2\/types\/post"}],"author":[{"embeddable":true,"href":"https:\/\/luchonoticias.com\/editor\/wp-json\/wp\/v2\/users\/1"}],"replies":[{"embeddable":true,"href":"https:\/\/luchonoticias.com\/editor\/wp-json\/wp\/v2\/comments?post=34196"}],"version-history":[{"count":0,"href":"https:\/\/luchonoticias.com\/editor\/wp-json\/wp\/v2\/posts\/34196\/revisions"}],"wp:attachment":[{"href":"https:\/\/luchonoticias.com\/editor\/wp-json\/wp\/v2\/media?parent=34196"}],"wp:term":[{"taxonomy":"category","embeddable":true,"href":"https:\/\/luchonoticias.com\/editor\/wp-json\/wp\/v2\/categories?post=34196"},{"taxonomy":"post_tag","embeddable":true,"href":"https:\/\/luchonoticias.com\/editor\/wp-json\/wp\/v2\/tags?post=34196"}],"curies":[{"name":"wp","href":"https:\/\/api.w.org\/{rel}","templated":true}]}}