{"id":34208,"date":"2022-09-12T14:14:21","date_gmt":"2022-09-12T19:14:21","guid":{"rendered":"https:\/\/luchonoticias.com\/?p=34208"},"modified":"2022-09-12T14:14:22","modified_gmt":"2022-09-12T19:14:22","slug":"en-el-centro-de-la-concepcion-de-la-paz-total-estan-los-territorios-alto-comisionado-para-la-paz","status":"publish","type":"post","link":"https:\/\/luchonoticias.com\/editor\/en-el-centro-de-la-concepcion-de-la-paz-total-estan-los-territorios-alto-comisionado-para-la-paz\/","title":{"rendered":"\u201cEn el centro de la concepci\u00f3n de la Paz total est\u00e1n los territorios\u201d, Alto comisionado para La Paz"},"content":{"rendered":"\n<p>Hasta el corregimiento de San Luis lleg\u00f3 la Gobernaci\u00f3n del Huila junto con el Alto Comisionado para La Paz, Danilo Rueda y el asesor de Paz, Diego Tello con el prop\u00f3sito de reiterar el mensaje de Paz total en el territorio huilense.<\/p>\n\n\n\n<p>\u201cReiteramos la importancia de que en el centro de la concepci\u00f3n de la paz total est\u00e1n los territorios,&nbsp; sabemos de la situaci\u00f3n dolorosa de las familias que hoy padecen esta situaci\u00f3n&nbsp; por la p\u00e9rdida de sus j\u00f3venes, hijos pero de all\u00ed aprendemos nuevamente a que solamente es posible una paz estable y duradera si los territorios tienen una esperanza de construcci\u00f3n real de justicia social\u201d destac\u00f3 Danilo Rueda, Alto Comisionado para La Paz.<\/p>\n\n\n\n<p>El alto comisionado tambi\u00e9n escuch\u00f3 por parte de organizaciones sociales y la Gobernaci\u00f3n del Huila la iniciativa de una Cumbre de Paz.<\/p>\n\n\n\n<p>A su vez el gobernador del Huila, Luis Enrique Duss\u00e1n L\u00f3pez, quien tambi\u00e9n se reuni\u00f3 con el funcionario se\u00f1al\u00f3 como positivo el acompa\u00f1amiento, \u201chablamos de diferentes temas alrededor de esta zona, estamos trabajando en un cumbre de Paz con varios territorios. Vamos a estar liderando iniciativas y proyectos en la construcci\u00f3n de Paz total. Solo dando oportunidades de trabajo e ingresos es que podemos construir la Paz\u201d.<\/p>\n","protected":false},"excerpt":{"rendered":"<p>Hasta el corregimiento de San Luis lleg\u00f3 la Gobernaci\u00f3n del Huila junto con el Alto Comisionado para La Paz, Danilo Rueda y el asesor de Paz, Diego Tello con el prop\u00f3sito de reiterar el mensaje de Paz total en el territorio huilense. \u201cReiteramos la importancia de que en el centro de la concepci\u00f3n de la [&hellip;]<\/p>\n","protected":false},"author":1,"featured_media":0,"comment_status":"open","ping_status":"open","sticky":false,"template":"","format":"standard","meta":{"footnotes":""},"categories":[36,33],"tags":[],"class_list":["post-34208","post","type-post","status-publish","format-standard","hentry","category-destacado","category-huila"],"yoast_head":"<!-- This site is optimized with the Yoast SEO plugin v26.6 - https:\/\/yoast.com\/wordpress\/plugins\/seo\/ -->\n<title>\u201cEn el centro de la concepci\u00f3n de la Paz total est\u00e1n los territorios\u201d, Alto comisionado para La Paz -<\/title>\n<meta name=\"robots\" content=\"index, follow, max-snippet:-1, max-image-preview:large, max-video-preview:-1\" \/>\n<link rel=\"canonical\" href=\"https:\/\/luchonoticias.com\/editor\/en-el-centro-de-la-concepcion-de-la-paz-total-estan-los-territorios-alto-comisionado-para-la-paz\/\" \/>\n<meta property=\"og:locale\" content=\"es_ES\" \/>\n<meta property=\"og:type\" content=\"article\" \/>\n<meta property=\"og:title\" content=\"\u201cEn el centro de la concepci\u00f3n de la Paz total est\u00e1n los territorios\u201d, Alto comisionado para La Paz -\" \/>\n<meta property=\"og:url\" content=\"https:\/\/luchonoticias.com\/editor\/en-el-centro-de-la-concepcion-de-la-paz-total-estan-los-territorios-alto-comisionado-para-la-paz\/\" \/>\n<meta property=\"article:publisher\" content=\"https:\/\/www.facebook.com\/luchonoticiasneiva\" \/>\n<meta property=\"article:author\" content=\"https:\/\/www.facebook.com\/luchonoticiasneiva\" \/>\n<meta property=\"article:published_time\" content=\"2022-09-12T19:14:21+00:00\" \/>\n<meta property=\"article:modified_time\" content=\"2022-09-12T19:14:22+00:00\" \/>\n<meta name=\"author\" content=\"admin\" \/>\n<meta name=\"twitter:card\" content=\"summary_large_image\" \/>\n<meta name=\"twitter:label1\" content=\"Escrito por\" \/>\n\t<meta name=\"twitter:data1\" content=\"admin\" \/>\n\t<meta name=\"twitter:label2\" content=\"Tiempo de lectura\" \/>\n\t<meta name=\"twitter:data2\" content=\"1 minuto\" \/>\n<script type=\"application\/ld+json\" class=\"yoast-schema-graph\">{\"@context\":\"https:\/\/schema.org\",\"@graph\":[{\"@type\":\"Article\",\"@id\":\"https:\/\/luchonoticias.com\/editor\/en-el-centro-de-la-concepcion-de-la-paz-total-estan-los-territorios-alto-comisionado-para-la-paz\/#article\",\"isPartOf\":{\"@id\":\"https:\/\/luchonoticias.com\/editor\/en-el-centro-de-la-concepcion-de-la-paz-total-estan-los-territorios-alto-comisionado-para-la-paz\/\"},\"author\":{\"name\":\"admin\",\"@id\":\"https:\/\/luchonoticias.com\/editor\/#\/schema\/person\/7a7fd911f58561fd056dbac7b55af9cd\"},\"headline\":\"\u201cEn el centro de la concepci\u00f3n de la Paz total est\u00e1n los territorios\u201d, Alto comisionado para La Paz\",\"datePublished\":\"2022-09-12T19:14:21+00:00\",\"dateModified\":\"2022-09-12T19:14:22+00:00\",\"mainEntityOfPage\":{\"@id\":\"https:\/\/luchonoticias.com\/editor\/en-el-centro-de-la-concepcion-de-la-paz-total-estan-los-territorios-alto-comisionado-para-la-paz\/\"},\"wordCount\":243,\"commentCount\":0,\"publisher\":{\"@id\":\"https:\/\/luchonoticias.com\/editor\/#\/schema\/person\/7a7fd911f58561fd056dbac7b55af9cd\"},\"articleSection\":[\"Destacado\",\"Huila\"],\"inLanguage\":\"es\",\"potentialAction\":[{\"@type\":\"CommentAction\",\"name\":\"Comment\",\"target\":[\"https:\/\/luchonoticias.com\/editor\/en-el-centro-de-la-concepcion-de-la-paz-total-estan-los-territorios-alto-comisionado-para-la-paz\/#respond\"]}]},{\"@type\":\"WebPage\",\"@id\":\"https:\/\/luchonoticias.com\/editor\/en-el-centro-de-la-concepcion-de-la-paz-total-estan-los-territorios-alto-comisionado-para-la-paz\/\",\"url\":\"https:\/\/luchonoticias.com\/editor\/en-el-centro-de-la-concepcion-de-la-paz-total-estan-los-territorios-alto-comisionado-para-la-paz\/\",\"name\":\"\u201cEn el centro de la concepci\u00f3n de la Paz total est\u00e1n los territorios\u201d, Alto comisionado para La Paz -\",\"isPartOf\":{\"@id\":\"https:\/\/luchonoticias.com\/editor\/#website\"},\"datePublished\":\"2022-09-12T19:14:21+00:00\",\"dateModified\":\"2022-09-12T19:14:22+00:00\",\"breadcrumb\":{\"@id\":\"https:\/\/luchonoticias.com\/editor\/en-el-centro-de-la-concepcion-de-la-paz-total-estan-los-territorios-alto-comisionado-para-la-paz\/#breadcrumb\"},\"inLanguage\":\"es\",\"potentialAction\":[{\"@type\":\"ReadAction\",\"target\":[\"https:\/\/luchonoticias.com\/editor\/en-el-centro-de-la-concepcion-de-la-paz-total-estan-los-territorios-alto-comisionado-para-la-paz\/\"]}]},{\"@type\":\"BreadcrumbList\",\"@id\":\"https:\/\/luchonoticias.com\/editor\/en-el-centro-de-la-concepcion-de-la-paz-total-estan-los-territorios-alto-comisionado-para-la-paz\/#breadcrumb\",\"itemListElement\":[{\"@type\":\"ListItem\",\"position\":1,\"name\":\"Portada\",\"item\":\"https:\/\/luchonoticias.com\/editor\/\"},{\"@type\":\"ListItem\",\"position\":2,\"name\":\"\u201cEn el centro de la concepci\u00f3n de la Paz total est\u00e1n los territorios\u201d, Alto comisionado para La Paz\"}]},{\"@type\":\"WebSite\",\"@id\":\"https:\/\/luchonoticias.com\/editor\/#website\",\"url\":\"https:\/\/luchonoticias.com\/editor\/\",\"name\":\"\",\"description\":\"\",\"publisher\":{\"@id\":\"https:\/\/luchonoticias.com\/editor\/#\/schema\/person\/7a7fd911f58561fd056dbac7b55af9cd\"},\"potentialAction\":[{\"@type\":\"SearchAction\",\"target\":{\"@type\":\"EntryPoint\",\"urlTemplate\":\"https:\/\/luchonoticias.com\/editor\/?s={search_term_string}\"},\"query-input\":{\"@type\":\"PropertyValueSpecification\",\"valueRequired\":true,\"valueName\":\"search_term_string\"}}],\"inLanguage\":\"es\"},{\"@type\":[\"Person\",\"Organization\"],\"@id\":\"https:\/\/luchonoticias.com\/editor\/#\/schema\/person\/7a7fd911f58561fd056dbac7b55af9cd\",\"name\":\"admin\",\"image\":{\"@type\":\"ImageObject\",\"inLanguage\":\"es\",\"@id\":\"https:\/\/luchonoticias.com\/editor\/#\/schema\/person\/image\/\",\"url\":\"https:\/\/luchonoticias.com\/editor\/wp-content\/uploads\/2024\/02\/cropped-cropped-logolu.webp\",\"contentUrl\":\"https:\/\/luchonoticias.com\/editor\/wp-content\/uploads\/2024\/02\/cropped-cropped-logolu.webp\",\"width\":382,\"height\":170,\"caption\":\"admin\"},\"logo\":{\"@id\":\"https:\/\/luchonoticias.com\/editor\/#\/schema\/person\/image\/\"},\"sameAs\":[\"https:\/\/www.facebook.com\/luchonoticiasneiva\"],\"url\":\"https:\/\/luchonoticias.com\/editor\/author\/admin\/\"}]}<\/script>\n<!-- \/ Yoast SEO plugin. -->","yoast_head_json":{"title":"\u201cEn el centro de la concepci\u00f3n de la Paz total est\u00e1n los territorios\u201d, Alto comisionado para La Paz -","robots":{"index":"index","follow":"follow","max-snippet":"max-snippet:-1","max-image-preview":"max-image-preview:large","max-video-preview":"max-video-preview:-1"},"canonical":"https:\/\/luchonoticias.com\/editor\/en-el-centro-de-la-concepcion-de-la-paz-total-estan-los-territorios-alto-comisionado-para-la-paz\/","og_locale":"es_ES","og_type":"article","og_title":"\u201cEn el centro de la concepci\u00f3n de la Paz total est\u00e1n los territorios\u201d, Alto comisionado para La Paz -","og_url":"https:\/\/luchonoticias.com\/editor\/en-el-centro-de-la-concepcion-de-la-paz-total-estan-los-territorios-alto-comisionado-para-la-paz\/","article_publisher":"https:\/\/www.facebook.com\/luchonoticiasneiva","article_author":"https:\/\/www.facebook.com\/luchonoticiasneiva","article_published_time":"2022-09-12T19:14:21+00:00","article_modified_time":"2022-09-12T19:14:22+00:00","author":"admin","twitter_card":"summary_large_image","twitter_misc":{"Escrito por":"admin","Tiempo de lectura":"1 minuto"},"schema":{"@context":"https:\/\/schema.org","@graph":[{"@type":"Article","@id":"https:\/\/luchonoticias.com\/editor\/en-el-centro-de-la-concepcion-de-la-paz-total-estan-los-territorios-alto-comisionado-para-la-paz\/#article","isPartOf":{"@id":"https:\/\/luchonoticias.com\/editor\/en-el-centro-de-la-concepcion-de-la-paz-total-estan-los-territorios-alto-comisionado-para-la-paz\/"},"author":{"name":"admin","@id":"https:\/\/luchonoticias.com\/editor\/#\/schema\/person\/7a7fd911f58561fd056dbac7b55af9cd"},"headline":"\u201cEn el centro de la concepci\u00f3n de la Paz total est\u00e1n los territorios\u201d, Alto comisionado para La Paz","datePublished":"2022-09-12T19:14:21+00:00","dateModified":"2022-09-12T19:14:22+00:00","mainEntityOfPage":{"@id":"https:\/\/luchonoticias.com\/editor\/en-el-centro-de-la-concepcion-de-la-paz-total-estan-los-territorios-alto-comisionado-para-la-paz\/"},"wordCount":243,"commentCount":0,"publisher":{"@id":"https:\/\/luchonoticias.com\/editor\/#\/schema\/person\/7a7fd911f58561fd056dbac7b55af9cd"},"articleSection":["Destacado","Huila"],"inLanguage":"es","potentialAction":[{"@type":"CommentAction","name":"Comment","target":["https:\/\/luchonoticias.com\/editor\/en-el-centro-de-la-concepcion-de-la-paz-total-estan-los-territorios-alto-comisionado-para-la-paz\/#respond"]}]},{"@type":"WebPage","@id":"https:\/\/luchonoticias.com\/editor\/en-el-centro-de-la-concepcion-de-la-paz-total-estan-los-territorios-alto-comisionado-para-la-paz\/","url":"https:\/\/luchonoticias.com\/editor\/en-el-centro-de-la-concepcion-de-la-paz-total-estan-los-territorios-alto-comisionado-para-la-paz\/","name":"\u201cEn el centro de la concepci\u00f3n de la Paz total est\u00e1n los territorios\u201d, Alto comisionado para La Paz -","isPartOf":{"@id":"https:\/\/luchonoticias.com\/editor\/#website"},"datePublished":"2022-09-12T19:14:21+00:00","dateModified":"2022-09-12T19:14:22+00:00","breadcrumb":{"@id":"https:\/\/luchonoticias.com\/editor\/en-el-centro-de-la-concepcion-de-la-paz-total-estan-los-territorios-alto-comisionado-para-la-paz\/#breadcrumb"},"inLanguage":"es","potentialAction":[{"@type":"ReadAction","target":["https:\/\/luchonoticias.com\/editor\/en-el-centro-de-la-concepcion-de-la-paz-total-estan-los-territorios-alto-comisionado-para-la-paz\/"]}]},{"@type":"BreadcrumbList","@id":"https:\/\/luchonoticias.com\/editor\/en-el-centro-de-la-concepcion-de-la-paz-total-estan-los-territorios-alto-comisionado-para-la-paz\/#breadcrumb","itemListElement":[{"@type":"ListItem","position":1,"name":"Portada","item":"https:\/\/luchonoticias.com\/editor\/"},{"@type":"ListItem","position":2,"name":"\u201cEn el centro de la concepci\u00f3n de la Paz total est\u00e1n los territorios\u201d, Alto comisionado para La Paz"}]},{"@type":"WebSite","@id":"https:\/\/luchonoticias.com\/editor\/#website","url":"https:\/\/luchonoticias.com\/editor\/","name":"","description":"","publisher":{"@id":"https:\/\/luchonoticias.com\/editor\/#\/schema\/person\/7a7fd911f58561fd056dbac7b55af9cd"},"potentialAction":[{"@type":"SearchAction","target":{"@type":"EntryPoint","urlTemplate":"https:\/\/luchonoticias.com\/editor\/?s={search_term_string}"},"query-input":{"@type":"PropertyValueSpecification","valueRequired":true,"valueName":"search_term_string"}}],"inLanguage":"es"},{"@type":["Person","Organization"],"@id":"https:\/\/luchonoticias.com\/editor\/#\/schema\/person\/7a7fd911f58561fd056dbac7b55af9cd","name":"admin","image":{"@type":"ImageObject","inLanguage":"es","@id":"https:\/\/luchonoticias.com\/editor\/#\/schema\/person\/image\/","url":"https:\/\/luchonoticias.com\/editor\/wp-content\/uploads\/2024\/02\/cropped-cropped-logolu.webp","contentUrl":"https:\/\/luchonoticias.com\/editor\/wp-content\/uploads\/2024\/02\/cropped-cropped-logolu.webp","width":382,"height":170,"caption":"admin"},"logo":{"@id":"https:\/\/luchonoticias.com\/editor\/#\/schema\/person\/image\/"},"sameAs":["https:\/\/www.facebook.com\/luchonoticiasneiva"],"url":"https:\/\/luchonoticias.com\/editor\/author\/admin\/"}]}},"_links":{"self":[{"href":"https:\/\/luchonoticias.com\/editor\/wp-json\/wp\/v2\/posts\/34208","targetHints":{"allow":["GET"]}}],"collection":[{"href":"https:\/\/luchonoticias.com\/editor\/wp-json\/wp\/v2\/posts"}],"about":[{"href":"https:\/\/luchonoticias.com\/editor\/wp-json\/wp\/v2\/types\/post"}],"author":[{"embeddable":true,"href":"https:\/\/luchonoticias.com\/editor\/wp-json\/wp\/v2\/users\/1"}],"replies":[{"embeddable":true,"href":"https:\/\/luchonoticias.com\/editor\/wp-json\/wp\/v2\/comments?post=34208"}],"version-history":[{"count":0,"href":"https:\/\/luchonoticias.com\/editor\/wp-json\/wp\/v2\/posts\/34208\/revisions"}],"wp:attachment":[{"href":"https:\/\/luchonoticias.com\/editor\/wp-json\/wp\/v2\/media?parent=34208"}],"wp:term":[{"taxonomy":"category","embeddable":true,"href":"https:\/\/luchonoticias.com\/editor\/wp-json\/wp\/v2\/categories?post=34208"},{"taxonomy":"post_tag","embeddable":true,"href":"https:\/\/luchonoticias.com\/editor\/wp-json\/wp\/v2\/tags?post=34208"}],"curies":[{"name":"wp","href":"https:\/\/api.w.org\/{rel}","templated":true}]}}