{"id":34211,"date":"2022-09-12T14:17:38","date_gmt":"2022-09-12T19:17:38","guid":{"rendered":"https:\/\/luchonoticias.com\/?p=34211"},"modified":"2022-09-12T14:17:40","modified_gmt":"2022-09-12T19:17:40","slug":"inversion-nacional-y-departamental-buscara-convertir-a-san-luis-en-corredor-vial-para-la-region","status":"publish","type":"post","link":"https:\/\/luchonoticias.com\/editor\/inversion-nacional-y-departamental-buscara-convertir-a-san-luis-en-corredor-vial-para-la-region\/","title":{"rendered":"Inversi\u00f3n nacional y departamental buscar\u00e1 convertir a San Luis en corredor vial para la regi\u00f3n"},"content":{"rendered":"\n<p>La alianza estrat\u00e9gica de cofinanciaci\u00f3n propuesta por el gobernador del Huila, Luis Enrique Duss\u00e1n L\u00f3pez al director nacional de INV\u00cdAS, Guillermo Toro Acu\u00f1a, buscar\u00e1 la cofinanciaci\u00f3n de los proyectos que se encuentran en ejecuci\u00f3n en el territorio departamental, los cuales necesitan recursos adicionales para ser terminados.<\/p>\n\n\n\n<p>&nbsp;\u201cEstuvimos revisando otras necesidades&nbsp; en torno a la ejecuci\u00f3n de los proyectos como el corredor tur\u00edstico, que se est\u00e1 haciendo en la Plata \u2013 Inz\u00e1 \u2013 Popay\u00e1n, lo que tambi\u00e9n est\u00e1 sucediendo desde el punto de vista de algunos corredores concesionados y&nbsp; haciendo algunas recomendaciones en cuanto a los rendimientos y ejecuci\u00f3n de estas obras y las necesidades de algunos corredores regionales muy importantes para el departamento, en la conectividad hacia San Jos\u00e9 del Guaviare, en la conectividad hacia Cauca, lo mismo&nbsp; que la conectividad hacia el Tolima, la necesidad de materializar la conexi\u00f3n Pacifico&nbsp; &#8211; Orinoquia, de volver realidad esa conexi\u00f3n de todo el departamento con Planadas hacia el municipio de Florida en el Valle del Cauca&nbsp; y el avance de las obras tambi\u00e9n en lo que se refiere&nbsp; al tramo conocido como Colombia \u2013 La Uribe hacia el Meta y hacia el Guaviare. Entonces en ese sentido ya tenemos un Plan en donde \u00e9l, nos ha pedido que apoyemos esos corredores regionales que revisemos como se puede cofinanciar Naci\u00f3n y territorio, para que en el&nbsp; pr\u00f3ximo a\u00f1o y medio podamos materializar algunos de esos proyectos en beneficio de todos los Huilenses\u201d, dijo el funcionario nacional.<\/p>\n\n\n\n<p>El l\u00edder de las v\u00edas nacionales dijo a su vez, que se articular\u00e1 con el Gobierno Departamental, para realizar la inversi\u00f3n que permita la rehabilitaci\u00f3n vial en el corredor Palermo \u2013 San Luis, donde se buscar\u00e1 que las Juntas de Acci\u00f3n Comunal y los l\u00edderes campesinos e ind\u00edgenas realicen el mejoramiento.<\/p>\n\n\n\n<p>\u201cInicialmente nos concentramos hablando acerca de las inversiones que el se\u00f1or Presidente de la Rep\u00fablica anunci\u00f3 en el corredor entre Palermo y&nbsp; San Lu\u00eds, donde junto a las comunidades, los l\u00edderes campesinos, los l\u00edderes ind\u00edgenas y los l\u00edderes de las Juntas de Acci\u00f3n Comunal&nbsp; nos comprometimos a hacer un mejoramiento y un mantenimiento de 36 kil\u00f3metros del corredor, con una inversi\u00f3n de $10.000 millones&nbsp; y que esperamos en los pr\u00f3ximos d\u00edas articular con el se\u00f1or Gobernador con estas comunidades a fin de que sean ellas quienes ejecuten&nbsp; estos recursos y que obviamente esto mejore las condiciones&nbsp; y la calidad de vida de las personas\u201d, a\u00f1adi\u00f3 el Director INV\u00cdAS.<\/p>\n\n\n\n<p>Por su parte, el gobernador del Huila, Lu\u00eds Enrique Duss\u00e1n L\u00f3pez, destac\u00f3 la importancia de los corredores viales para la regi\u00f3n y la inversi\u00f3n que realizar\u00e1 el Gobierno Departamental por m\u00e1s de $7.000 millones para complementar el Plan piloto de la inversi\u00f3n anunciada para San Luis por parte del Gobierno Nacional y donde se busca convertir esta zona en un importante corredor vial.<\/p>\n\n\n\n<p>\u201cParticularmente hablamos de los corredores viales regionales, que es un prop\u00f3sito que tiene el nuevo gobierno, con recursos muy importantes, donde se va a incluir y va a ser un Piloto esta v\u00eda que conduce hacia San Luis, desde Neiva a Palermo, luego Palermo \u2013 Gu\u00e1cimos, que tambi\u00e9n es la misma v\u00eda hacia Santa Mar\u00eda y luego de ah\u00ed hacia San Luis. Tambi\u00e9n hay un tramo que va hacia el departamento&nbsp; hermano del Tolima, entonces estuvimos mirando todo ese circuito vial. Pero tambi\u00e9n le coment\u00e1bamos que nosotros tenemos prevista una inversi\u00f3n de m\u00e1s de $7.000 millones , para la v\u00eda Palermo \u2013 Gu\u00e1cimos \u2013 Santa Mar\u00eda, donde tambi\u00e9n tenemos la expectativa de una cofinanciaci\u00f3n nacional, entonces acordamos con el Director de Inv\u00edas que vamos a integrar un solo proyecto, donde en la medida que llegan&nbsp; recursos se van haciendo las inversiones, pero con una visi\u00f3n integral de la regi\u00f3n, son corredores viales claves para esta construcci\u00f3n de paz\u201d, expres\u00f3 Gobernador del Huila.<\/p>\n\n\n\n<p>El Director Nacional de Invias record\u00f3 que son cerca de $8 billones que el Gobierno Nacional est\u00e1 proyectando invertir durante el cuatrienio, para lograr rehabilitar 35.000&nbsp; kil\u00f3metros de v\u00edas en el pa\u00eds y mediante di\u00e1logos vinculantes que liderar\u00e1 la Direcci\u00f3n Nacional de Planeaci\u00f3n DNP, los cuales se realizar\u00e1n las pr\u00f3ximas semanas, se buscar\u00e1 que las comunidades prioricen sus necesidades en materia vial, salud, educaci\u00f3n entre otras, con el objetivo, que con los recursos que cuenta el Estado se puedan materializar proyectos que solucionen en&nbsp; gran medida la problem\u00e1tica de&nbsp; las comunidades.<\/p>\n","protected":false},"excerpt":{"rendered":"<p>La alianza estrat\u00e9gica de cofinanciaci\u00f3n propuesta por el gobernador del Huila, Luis Enrique Duss\u00e1n L\u00f3pez al director nacional de INV\u00cdAS, Guillermo Toro Acu\u00f1a, buscar\u00e1 la cofinanciaci\u00f3n de los proyectos que se encuentran en ejecuci\u00f3n en el territorio departamental, los cuales necesitan recursos adicionales para ser terminados. &nbsp;\u201cEstuvimos revisando otras necesidades&nbsp; en torno a la ejecuci\u00f3n [&hellip;]<\/p>\n","protected":false},"author":1,"featured_media":0,"comment_status":"open","ping_status":"open","sticky":false,"template":"","format":"standard","meta":{"footnotes":""},"categories":[36,31],"tags":[],"class_list":["post-34211","post","type-post","status-publish","format-standard","hentry","category-destacado","category-local"],"yoast_head":"<!-- This site is optimized with the Yoast SEO plugin v26.6 - https:\/\/yoast.com\/wordpress\/plugins\/seo\/ -->\n<title>Inversi\u00f3n nacional y departamental buscar\u00e1 convertir a San Luis en corredor vial para la regi\u00f3n -<\/title>\n<meta name=\"robots\" content=\"index, follow, max-snippet:-1, max-image-preview:large, max-video-preview:-1\" \/>\n<link rel=\"canonical\" href=\"https:\/\/luchonoticias.com\/editor\/inversion-nacional-y-departamental-buscara-convertir-a-san-luis-en-corredor-vial-para-la-region\/\" \/>\n<meta property=\"og:locale\" content=\"es_ES\" \/>\n<meta property=\"og:type\" content=\"article\" \/>\n<meta property=\"og:title\" content=\"Inversi\u00f3n nacional y departamental buscar\u00e1 convertir a San Luis en corredor vial para la regi\u00f3n -\" \/>\n<meta property=\"og:url\" content=\"https:\/\/luchonoticias.com\/editor\/inversion-nacional-y-departamental-buscara-convertir-a-san-luis-en-corredor-vial-para-la-region\/\" \/>\n<meta property=\"article:publisher\" content=\"https:\/\/www.facebook.com\/luchonoticiasneiva\" \/>\n<meta property=\"article:author\" content=\"https:\/\/www.facebook.com\/luchonoticiasneiva\" \/>\n<meta property=\"article:published_time\" content=\"2022-09-12T19:17:38+00:00\" \/>\n<meta property=\"article:modified_time\" content=\"2022-09-12T19:17:40+00:00\" \/>\n<meta name=\"author\" content=\"admin\" \/>\n<meta name=\"twitter:card\" content=\"summary_large_image\" \/>\n<meta name=\"twitter:label1\" content=\"Escrito por\" \/>\n\t<meta name=\"twitter:data1\" content=\"admin\" \/>\n\t<meta name=\"twitter:label2\" content=\"Tiempo de lectura\" \/>\n\t<meta name=\"twitter:data2\" content=\"4 minutos\" \/>\n<script type=\"application\/ld+json\" class=\"yoast-schema-graph\">{\"@context\":\"https:\/\/schema.org\",\"@graph\":[{\"@type\":\"Article\",\"@id\":\"https:\/\/luchonoticias.com\/editor\/inversion-nacional-y-departamental-buscara-convertir-a-san-luis-en-corredor-vial-para-la-region\/#article\",\"isPartOf\":{\"@id\":\"https:\/\/luchonoticias.com\/editor\/inversion-nacional-y-departamental-buscara-convertir-a-san-luis-en-corredor-vial-para-la-region\/\"},\"author\":{\"name\":\"admin\",\"@id\":\"https:\/\/luchonoticias.com\/editor\/#\/schema\/person\/7a7fd911f58561fd056dbac7b55af9cd\"},\"headline\":\"Inversi\u00f3n nacional y departamental buscar\u00e1 convertir a San Luis en corredor vial para la regi\u00f3n\",\"datePublished\":\"2022-09-12T19:17:38+00:00\",\"dateModified\":\"2022-09-12T19:17:40+00:00\",\"mainEntityOfPage\":{\"@id\":\"https:\/\/luchonoticias.com\/editor\/inversion-nacional-y-departamental-buscara-convertir-a-san-luis-en-corredor-vial-para-la-region\/\"},\"wordCount\":817,\"commentCount\":0,\"publisher\":{\"@id\":\"https:\/\/luchonoticias.com\/editor\/#\/schema\/person\/7a7fd911f58561fd056dbac7b55af9cd\"},\"articleSection\":[\"Destacado\",\"Local\"],\"inLanguage\":\"es\",\"potentialAction\":[{\"@type\":\"CommentAction\",\"name\":\"Comment\",\"target\":[\"https:\/\/luchonoticias.com\/editor\/inversion-nacional-y-departamental-buscara-convertir-a-san-luis-en-corredor-vial-para-la-region\/#respond\"]}]},{\"@type\":\"WebPage\",\"@id\":\"https:\/\/luchonoticias.com\/editor\/inversion-nacional-y-departamental-buscara-convertir-a-san-luis-en-corredor-vial-para-la-region\/\",\"url\":\"https:\/\/luchonoticias.com\/editor\/inversion-nacional-y-departamental-buscara-convertir-a-san-luis-en-corredor-vial-para-la-region\/\",\"name\":\"Inversi\u00f3n nacional y departamental buscar\u00e1 convertir a San Luis en corredor vial para la regi\u00f3n -\",\"isPartOf\":{\"@id\":\"https:\/\/luchonoticias.com\/editor\/#website\"},\"datePublished\":\"2022-09-12T19:17:38+00:00\",\"dateModified\":\"2022-09-12T19:17:40+00:00\",\"breadcrumb\":{\"@id\":\"https:\/\/luchonoticias.com\/editor\/inversion-nacional-y-departamental-buscara-convertir-a-san-luis-en-corredor-vial-para-la-region\/#breadcrumb\"},\"inLanguage\":\"es\",\"potentialAction\":[{\"@type\":\"ReadAction\",\"target\":[\"https:\/\/luchonoticias.com\/editor\/inversion-nacional-y-departamental-buscara-convertir-a-san-luis-en-corredor-vial-para-la-region\/\"]}]},{\"@type\":\"BreadcrumbList\",\"@id\":\"https:\/\/luchonoticias.com\/editor\/inversion-nacional-y-departamental-buscara-convertir-a-san-luis-en-corredor-vial-para-la-region\/#breadcrumb\",\"itemListElement\":[{\"@type\":\"ListItem\",\"position\":1,\"name\":\"Portada\",\"item\":\"https:\/\/luchonoticias.com\/editor\/\"},{\"@type\":\"ListItem\",\"position\":2,\"name\":\"Inversi\u00f3n nacional y departamental buscar\u00e1 convertir a San Luis en corredor vial para la regi\u00f3n\"}]},{\"@type\":\"WebSite\",\"@id\":\"https:\/\/luchonoticias.com\/editor\/#website\",\"url\":\"https:\/\/luchonoticias.com\/editor\/\",\"name\":\"\",\"description\":\"\",\"publisher\":{\"@id\":\"https:\/\/luchonoticias.com\/editor\/#\/schema\/person\/7a7fd911f58561fd056dbac7b55af9cd\"},\"potentialAction\":[{\"@type\":\"SearchAction\",\"target\":{\"@type\":\"EntryPoint\",\"urlTemplate\":\"https:\/\/luchonoticias.com\/editor\/?s={search_term_string}\"},\"query-input\":{\"@type\":\"PropertyValueSpecification\",\"valueRequired\":true,\"valueName\":\"search_term_string\"}}],\"inLanguage\":\"es\"},{\"@type\":[\"Person\",\"Organization\"],\"@id\":\"https:\/\/luchonoticias.com\/editor\/#\/schema\/person\/7a7fd911f58561fd056dbac7b55af9cd\",\"name\":\"admin\",\"image\":{\"@type\":\"ImageObject\",\"inLanguage\":\"es\",\"@id\":\"https:\/\/luchonoticias.com\/editor\/#\/schema\/person\/image\/\",\"url\":\"https:\/\/luchonoticias.com\/editor\/wp-content\/uploads\/2024\/02\/cropped-cropped-logolu.webp\",\"contentUrl\":\"https:\/\/luchonoticias.com\/editor\/wp-content\/uploads\/2024\/02\/cropped-cropped-logolu.webp\",\"width\":382,\"height\":170,\"caption\":\"admin\"},\"logo\":{\"@id\":\"https:\/\/luchonoticias.com\/editor\/#\/schema\/person\/image\/\"},\"sameAs\":[\"https:\/\/www.facebook.com\/luchonoticiasneiva\"],\"url\":\"https:\/\/luchonoticias.com\/editor\/author\/admin\/\"}]}<\/script>\n<!-- \/ Yoast SEO plugin. -->","yoast_head_json":{"title":"Inversi\u00f3n nacional y departamental buscar\u00e1 convertir a San Luis en corredor vial para la regi\u00f3n -","robots":{"index":"index","follow":"follow","max-snippet":"max-snippet:-1","max-image-preview":"max-image-preview:large","max-video-preview":"max-video-preview:-1"},"canonical":"https:\/\/luchonoticias.com\/editor\/inversion-nacional-y-departamental-buscara-convertir-a-san-luis-en-corredor-vial-para-la-region\/","og_locale":"es_ES","og_type":"article","og_title":"Inversi\u00f3n nacional y departamental buscar\u00e1 convertir a San Luis en corredor vial para la regi\u00f3n -","og_url":"https:\/\/luchonoticias.com\/editor\/inversion-nacional-y-departamental-buscara-convertir-a-san-luis-en-corredor-vial-para-la-region\/","article_publisher":"https:\/\/www.facebook.com\/luchonoticiasneiva","article_author":"https:\/\/www.facebook.com\/luchonoticiasneiva","article_published_time":"2022-09-12T19:17:38+00:00","article_modified_time":"2022-09-12T19:17:40+00:00","author":"admin","twitter_card":"summary_large_image","twitter_misc":{"Escrito por":"admin","Tiempo de lectura":"4 minutos"},"schema":{"@context":"https:\/\/schema.org","@graph":[{"@type":"Article","@id":"https:\/\/luchonoticias.com\/editor\/inversion-nacional-y-departamental-buscara-convertir-a-san-luis-en-corredor-vial-para-la-region\/#article","isPartOf":{"@id":"https:\/\/luchonoticias.com\/editor\/inversion-nacional-y-departamental-buscara-convertir-a-san-luis-en-corredor-vial-para-la-region\/"},"author":{"name":"admin","@id":"https:\/\/luchonoticias.com\/editor\/#\/schema\/person\/7a7fd911f58561fd056dbac7b55af9cd"},"headline":"Inversi\u00f3n nacional y departamental buscar\u00e1 convertir a San Luis en corredor vial para la regi\u00f3n","datePublished":"2022-09-12T19:17:38+00:00","dateModified":"2022-09-12T19:17:40+00:00","mainEntityOfPage":{"@id":"https:\/\/luchonoticias.com\/editor\/inversion-nacional-y-departamental-buscara-convertir-a-san-luis-en-corredor-vial-para-la-region\/"},"wordCount":817,"commentCount":0,"publisher":{"@id":"https:\/\/luchonoticias.com\/editor\/#\/schema\/person\/7a7fd911f58561fd056dbac7b55af9cd"},"articleSection":["Destacado","Local"],"inLanguage":"es","potentialAction":[{"@type":"CommentAction","name":"Comment","target":["https:\/\/luchonoticias.com\/editor\/inversion-nacional-y-departamental-buscara-convertir-a-san-luis-en-corredor-vial-para-la-region\/#respond"]}]},{"@type":"WebPage","@id":"https:\/\/luchonoticias.com\/editor\/inversion-nacional-y-departamental-buscara-convertir-a-san-luis-en-corredor-vial-para-la-region\/","url":"https:\/\/luchonoticias.com\/editor\/inversion-nacional-y-departamental-buscara-convertir-a-san-luis-en-corredor-vial-para-la-region\/","name":"Inversi\u00f3n nacional y departamental buscar\u00e1 convertir a San Luis en corredor vial para la regi\u00f3n -","isPartOf":{"@id":"https:\/\/luchonoticias.com\/editor\/#website"},"datePublished":"2022-09-12T19:17:38+00:00","dateModified":"2022-09-12T19:17:40+00:00","breadcrumb":{"@id":"https:\/\/luchonoticias.com\/editor\/inversion-nacional-y-departamental-buscara-convertir-a-san-luis-en-corredor-vial-para-la-region\/#breadcrumb"},"inLanguage":"es","potentialAction":[{"@type":"ReadAction","target":["https:\/\/luchonoticias.com\/editor\/inversion-nacional-y-departamental-buscara-convertir-a-san-luis-en-corredor-vial-para-la-region\/"]}]},{"@type":"BreadcrumbList","@id":"https:\/\/luchonoticias.com\/editor\/inversion-nacional-y-departamental-buscara-convertir-a-san-luis-en-corredor-vial-para-la-region\/#breadcrumb","itemListElement":[{"@type":"ListItem","position":1,"name":"Portada","item":"https:\/\/luchonoticias.com\/editor\/"},{"@type":"ListItem","position":2,"name":"Inversi\u00f3n nacional y departamental buscar\u00e1 convertir a San Luis en corredor vial para la regi\u00f3n"}]},{"@type":"WebSite","@id":"https:\/\/luchonoticias.com\/editor\/#website","url":"https:\/\/luchonoticias.com\/editor\/","name":"","description":"","publisher":{"@id":"https:\/\/luchonoticias.com\/editor\/#\/schema\/person\/7a7fd911f58561fd056dbac7b55af9cd"},"potentialAction":[{"@type":"SearchAction","target":{"@type":"EntryPoint","urlTemplate":"https:\/\/luchonoticias.com\/editor\/?s={search_term_string}"},"query-input":{"@type":"PropertyValueSpecification","valueRequired":true,"valueName":"search_term_string"}}],"inLanguage":"es"},{"@type":["Person","Organization"],"@id":"https:\/\/luchonoticias.com\/editor\/#\/schema\/person\/7a7fd911f58561fd056dbac7b55af9cd","name":"admin","image":{"@type":"ImageObject","inLanguage":"es","@id":"https:\/\/luchonoticias.com\/editor\/#\/schema\/person\/image\/","url":"https:\/\/luchonoticias.com\/editor\/wp-content\/uploads\/2024\/02\/cropped-cropped-logolu.webp","contentUrl":"https:\/\/luchonoticias.com\/editor\/wp-content\/uploads\/2024\/02\/cropped-cropped-logolu.webp","width":382,"height":170,"caption":"admin"},"logo":{"@id":"https:\/\/luchonoticias.com\/editor\/#\/schema\/person\/image\/"},"sameAs":["https:\/\/www.facebook.com\/luchonoticiasneiva"],"url":"https:\/\/luchonoticias.com\/editor\/author\/admin\/"}]}},"_links":{"self":[{"href":"https:\/\/luchonoticias.com\/editor\/wp-json\/wp\/v2\/posts\/34211","targetHints":{"allow":["GET"]}}],"collection":[{"href":"https:\/\/luchonoticias.com\/editor\/wp-json\/wp\/v2\/posts"}],"about":[{"href":"https:\/\/luchonoticias.com\/editor\/wp-json\/wp\/v2\/types\/post"}],"author":[{"embeddable":true,"href":"https:\/\/luchonoticias.com\/editor\/wp-json\/wp\/v2\/users\/1"}],"replies":[{"embeddable":true,"href":"https:\/\/luchonoticias.com\/editor\/wp-json\/wp\/v2\/comments?post=34211"}],"version-history":[{"count":0,"href":"https:\/\/luchonoticias.com\/editor\/wp-json\/wp\/v2\/posts\/34211\/revisions"}],"wp:attachment":[{"href":"https:\/\/luchonoticias.com\/editor\/wp-json\/wp\/v2\/media?parent=34211"}],"wp:term":[{"taxonomy":"category","embeddable":true,"href":"https:\/\/luchonoticias.com\/editor\/wp-json\/wp\/v2\/categories?post=34211"},{"taxonomy":"post_tag","embeddable":true,"href":"https:\/\/luchonoticias.com\/editor\/wp-json\/wp\/v2\/tags?post=34211"}],"curies":[{"name":"wp","href":"https:\/\/api.w.org\/{rel}","templated":true}]}}