{"id":34315,"date":"2022-09-14T05:08:25","date_gmt":"2022-09-14T10:08:25","guid":{"rendered":"https:\/\/luchonoticias.com\/?p=34315"},"modified":"2022-09-14T05:08:26","modified_gmt":"2022-09-14T10:08:26","slug":"neiva-tendra-en-diciembre-su-primera-media-maraton-internacional-de-atletismo","status":"publish","type":"post","link":"https:\/\/luchonoticias.com\/editor\/neiva-tendra-en-diciembre-su-primera-media-maraton-internacional-de-atletismo\/","title":{"rendered":"Neiva tendr\u00e1 en diciembre su primera media marat\u00f3n internacional de atletismo"},"content":{"rendered":"\n<p>La Alcald\u00eda de Neiva, a trav\u00e9s de la Oficina de Internacionalizaci\u00f3n y Proyectos, realiz\u00f3 el lanzamiento oficial de la Media Marat\u00f3n Internacional de Neiva, un evento avalado por la Federaci\u00f3n Nacional de Atletismo, que la configura como la principal carrera del sur del pa\u00eds.<\/p>\n\n\n\n<p>De acuerdo con el alcalde de los neivanos, Gorky Mu\u00f1oz Calder\u00f3n, este evento hace parte de la hoja de ruta que ha trazado con el objetivo de seguir mostrando a la ciudad a nivel nacional e internacional.<\/p>\n\n\n\n<p>\u201cSeguir con esa hoja de ruta como componente para la reactivaci\u00f3n econ\u00f3mica, una reactivaci\u00f3n que ya hemos demostrado que ha sido exitosa, no solamente para generar unas condiciones a los comerciantes, si no para atacar el desempleo, donde Neiva hoy en d\u00eda se ubica como la quinta ciudad con m\u00e1s generaci\u00f3n de empleo, as\u00ed ha sido el trabajo para darle resultados a la comunidad y a la ciudad\u201d, expres\u00f3 el mandatario local.<\/p>\n\n\n\n<p>A su vez, el Alcalde hizo la invitaci\u00f3n a todos los deportistas neivanos y del resto de la regi\u00f3n a que participen de este gran evento que por primera vez se realizar\u00e1 en Neiva.<\/p>\n\n\n\n<p>\u201cInscr\u00edbanse, participen, no solamente a la Media Marat\u00f3n, viene TEDX, Neiva Fest, que nos va a permitir ese d\u00eda hacer una inauguraci\u00f3n previa al alumbrado p\u00fablico, este evento nos da peso, mayor confiabilidad en lo que se hace y en la participaci\u00f3n de las personas, estar\u00e1n m\u00e1s de 1.200 personas de afuera y eso va a reactivar y a generar unas condiciones diferentes para el municipio\u201d, enfatiz\u00f3.<\/p>\n\n\n\n<p>Por otro lado, Rafael S\u00e1nchez D\u00edaz, jefe de la Oficina de Internacionalizaci\u00f3n y Proyectos, dio a conocer que la Media Marat\u00f3n Internacional de Neiva es un evento que se espera sea el evento deportivo m\u00e1s importante del segundo semestre en la ciudad, es un evento federado, apoyado por la Federaci\u00f3n Colombiana de Atletismo, lo cual es fundamental.<\/p>\n\n\n\n<p>\u201cEllos son nuestros aliados en esta tarea que ya hace parte del calendario nacional de eventos, esto garantiza mucha asistencia de clubes y asegurar\u00e1 tener un espect\u00e1culo muy interesante para el circuito nacional\u201d, expres\u00f3 el funcionario.<\/p>\n\n\n\n<p>En el lanzamiento se dieron a conocer las categor\u00edas que est\u00e1n disponibles para que los deportistas neivanos y dem\u00e1s personas que quieran participar lo hagan. Estas son la categor\u00eda abierta para 21 kil\u00f3metros, hombres y mujeres; categor\u00eda s\u00e9nior, mayores de 50 a\u00f1os 21 kil\u00f3metros y categor\u00eda recreativa con 10 kil\u00f3metros.<\/p>\n\n\n\n<p>\u201cEste es un evento que ser\u00e1 realizado por la Alcald\u00eda de Neiva, apoyado por toda la empresa local, para garantizar la asistencia de m\u00e1s de 6.500 corredores, casi 1.200 nacionales, 40 internacionales y muchos corredores locales que hacen parte del circuito del sur del pa\u00eds\u201d, sostuvo S\u00e1nchez D\u00edaz.<\/p>\n\n\n\n<figure class=\"wp-block-image size-large\"><img decoding=\"async\" src=\"https:\/\/luchonoticias.com\/wp-content\/uploads\/2022\/09\/WhatsApp-Image-2022-09-13-at-8.06.17-PM-1024x683.jpeg\" alt=\"\" class=\"wp-image-34317\"\/><\/figure>\n\n\n\n<p><strong>Ruta<\/strong><\/p>\n\n\n\n<p>Este evento se realizar\u00e1 el 10 de diciembre por las principales calles de la ciudad de Neiva, iniciando a las 6:00 p.m. en la calle 6\u00aa Parque de la M\u00fasica, bajando hasta la carrera 7\u00aa, giro a la derecha con direcci\u00f3n a la calle 10\u00aa, giro a la derecha en direcci\u00f3n a la carrera 5\u00aa con direcci\u00f3n a la calle 21, girando a la derecha en direcci\u00f3n a la carrera 2\u00aa., con giro a la derecha en la calle 64, girando a la derecha en la Avenida 26, con direcci\u00f3n a la carrera 7\u00aa, dirigi\u00e9ndose a la avenida La Toma y tom\u00e1ndola en direcci\u00f3n oriente, se realiza viraje a la altura del estadio de f\u00fatbol y contin\u00faa por la avenida La Toma hasta llegar a la avenida Circunvalar, dirigi\u00e9ndose a la avenida \u2018In\u00e9s Garc\u00eda de Dur\u00e1n\u2019, giro en U y regreso por la avenida \u2018In\u00e9s Garc\u00eda de Dur\u00e1n\u2019 para tomar la carrera 2\u00aa hasta la calle 10 y girar a la derecha en la carrera 4\u00aa, continuando hasta la calle 7\u00aa, girando a la derecha en la carrera 16 para tomar la calle 6\u00aa hasta el Parque de la M\u00fasica, donde ser\u00e1 el punto de llegada.<\/p>\n\n\n\n<figure class=\"wp-block-image size-large\"><img decoding=\"async\" src=\"https:\/\/luchonoticias.com\/wp-content\/uploads\/2022\/09\/WhatsApp-Image-2022-09-13-at-8.06.00-PM-1024x699.jpeg\" alt=\"\" class=\"wp-image-34318\"\/><\/figure>\n\n\n\n<p><strong>Premiaci\u00f3n<\/strong><\/p>\n\n\n\n<p>Los premios para la categor\u00eda general ser\u00e1n, primer puesto: $7 millones, segundo puesto: $4 millones, tercer puesto: $2 millones y cuarto puesto un mill\u00f3n de pesos. Los montos ser\u00e1n iguales para hombres y mujeres.<\/p>\n\n\n\n<p>La categor\u00eda s\u00e9nior que es de mayores de 50 a\u00f1os tendr\u00e1 la siguiente premiaci\u00f3n: primer puesto un mill\u00f3n de pesos, segundo puesto quinientos mil pesos y tercer lugar trescientos mil pesos.<\/p>\n\n\n\n<p>Para la categor\u00eda recreativa se entregar\u00e1n premios por parte de los patrocinadores, a quienes se ubiquen en los 10 primeros lugares.<\/p>\n\n\n\n<p>\u201cSon premios que ascienden a m\u00e1s o menos 45 millones de pesos en bolsa que ser\u00e1n pagados con el costo de la inscripci\u00f3n y patrocinadores, pero que tambi\u00e9n que hace atractivo para finalizar el a\u00f1o a los clubes participantes\u201d, manifest\u00f3 el Jefe de la Oficina de Internacionalizaci\u00f3n y Proyectos.<\/p>\n\n\n\n<p><strong>Inscripci\u00f3n<\/strong><\/p>\n\n\n\n<p>El costo de la inscripci\u00f3n var\u00eda seg\u00fan la categor\u00eda, para las categor\u00edas general y s\u00e9nior, donde se correr\u00e1 21 kil\u00f3metros, es de $90 mil y para la categor\u00eda recreativa cuesta 50 mil pesos y el recorrido ser\u00e1 de 10 kil\u00f3metros.<\/p>\n\n\n\n<p>A las personas interesadas en participar, se pueden inscribir en la p\u00e1gina mediamaratondeneiva.com, ah\u00ed podr\u00e1n hacer el pago inmediatamente.<\/p>\n\n\n\n<p>\u201cLo pueden hacer por medio de la p\u00e1gina mediamaratondeneiva.com y ah\u00ed est\u00e1 todo el proceso para inscribirse, es muy sencillo, se hace tambi\u00e9n a trav\u00e9s de una empresa de un opita que es ticketcode, tratamos de apoyarnos entre empresarios y emprendedores locales para realizar esta Media Marat\u00f3n\u201d, concluy\u00f3 Rafael S\u00e1nchez.<\/p>\n\n\n\n<figure class=\"wp-block-image size-large\"><img decoding=\"async\" src=\"https:\/\/luchonoticias.com\/wp-content\/uploads\/2022\/09\/WhatsApp-Image-2022-09-13-at-8.05.59-PM-1024x573.jpeg\" alt=\"\" class=\"wp-image-34319\"\/><\/figure>\n\n\n\n<p><strong>El uniforme<\/strong><\/p>\n\n\n\n<p>La empresa huilense Magenta, Boutique Deportiva es la encargada de realizar las camisetas para la noche del evento, donde cada participante contar\u00e1 con una camiseta de su talla y con el n\u00famero de inscripci\u00f3n.<\/p>\n\n\n\n<p>\u201cNosotros vinimos siendo la prenda oficial de todos los clubes ac\u00e1 en Neiva y en gran parte del pa\u00eds, conocemos muy bien esta disciplina y nos hemos destacado por tener un producto de muy buena calidad, inmediatamente supimos de este evento maravilloso quisimos ser parte de este proceso, con base en eso, presentamos una propuesta que estuviera a la altura de los deportistas de la regi\u00f3n y los de nivel nacional e internacional\u201d, manifest\u00f3 Juan Felipe Rodr\u00edguez, gerente de la empresa Magenta.<\/p>\n\n\n\n<p>Esta prenda tiene algo bastante curioso porque es muy fresca, tiene detalles microperforados, tecnolog\u00eda de punta como protecci\u00f3n UV, secado r\u00e1pido y tiene detalles reflectivos, ya que es una prenda que va a estar en la noche.<\/p>\n\n\n\n<p>\u201cBuscamos reunir todos estos factores para poder llegar a un producto que fuera de un est\u00e1ndar muy bueno y aprobado por la Federaci\u00f3n\u201d, reiter\u00f3 el Gerente.<\/p>\n","protected":false},"excerpt":{"rendered":"<p>La Alcald\u00eda de Neiva, a trav\u00e9s de la Oficina de Internacionalizaci\u00f3n y Proyectos, realiz\u00f3 el lanzamiento oficial de la Media Marat\u00f3n Internacional de Neiva, un evento avalado por la Federaci\u00f3n Nacional de Atletismo, que la configura como la principal carrera del sur del pa\u00eds. De acuerdo con el alcalde de los neivanos, Gorky Mu\u00f1oz Calder\u00f3n, [&hellip;]<\/p>\n","protected":false},"author":1,"featured_media":0,"comment_status":"open","ping_status":"open","sticky":false,"template":"","format":"standard","meta":{"footnotes":""},"categories":[3961,36],"tags":[],"class_list":["post-34315","post","type-post","status-publish","format-standard","hentry","category-comunidad","category-destacado"],"yoast_head":"<!-- This site is optimized with the Yoast SEO plugin v26.6 - https:\/\/yoast.com\/wordpress\/plugins\/seo\/ -->\n<title>Neiva tendr\u00e1 en diciembre su primera media marat\u00f3n internacional de atletismo -<\/title>\n<meta name=\"robots\" content=\"index, follow, max-snippet:-1, max-image-preview:large, max-video-preview:-1\" \/>\n<link rel=\"canonical\" href=\"https:\/\/luchonoticias.com\/editor\/neiva-tendra-en-diciembre-su-primera-media-maraton-internacional-de-atletismo\/\" \/>\n<meta property=\"og:locale\" content=\"es_ES\" \/>\n<meta property=\"og:type\" content=\"article\" \/>\n<meta property=\"og:title\" content=\"Neiva tendr\u00e1 en diciembre su primera media marat\u00f3n internacional de atletismo -\" \/>\n<meta property=\"og:url\" content=\"https:\/\/luchonoticias.com\/editor\/neiva-tendra-en-diciembre-su-primera-media-maraton-internacional-de-atletismo\/\" \/>\n<meta property=\"article:publisher\" content=\"https:\/\/www.facebook.com\/luchonoticiasneiva\" \/>\n<meta property=\"article:author\" content=\"https:\/\/www.facebook.com\/luchonoticiasneiva\" \/>\n<meta property=\"article:published_time\" content=\"2022-09-14T10:08:25+00:00\" \/>\n<meta property=\"article:modified_time\" content=\"2022-09-14T10:08:26+00:00\" \/>\n<meta property=\"og:image\" content=\"https:\/\/luchonoticias.com\/wp-content\/uploads\/2022\/09\/WhatsApp-Image-2022-09-13-at-8.06.17-PM-1024x683.jpeg\" \/>\n<meta name=\"author\" content=\"admin\" \/>\n<meta name=\"twitter:card\" content=\"summary_large_image\" \/>\n<meta name=\"twitter:label1\" content=\"Escrito por\" \/>\n\t<meta name=\"twitter:data1\" content=\"admin\" \/>\n\t<meta name=\"twitter:label2\" content=\"Tiempo de lectura\" \/>\n\t<meta name=\"twitter:data2\" content=\"6 minutos\" \/>\n<script type=\"application\/ld+json\" class=\"yoast-schema-graph\">{\"@context\":\"https:\/\/schema.org\",\"@graph\":[{\"@type\":\"Article\",\"@id\":\"https:\/\/luchonoticias.com\/editor\/neiva-tendra-en-diciembre-su-primera-media-maraton-internacional-de-atletismo\/#article\",\"isPartOf\":{\"@id\":\"https:\/\/luchonoticias.com\/editor\/neiva-tendra-en-diciembre-su-primera-media-maraton-internacional-de-atletismo\/\"},\"author\":{\"name\":\"admin\",\"@id\":\"https:\/\/luchonoticias.com\/editor\/#\/schema\/person\/7a7fd911f58561fd056dbac7b55af9cd\"},\"headline\":\"Neiva tendr\u00e1 en diciembre su primera media marat\u00f3n internacional de atletismo\",\"datePublished\":\"2022-09-14T10:08:25+00:00\",\"dateModified\":\"2022-09-14T10:08:26+00:00\",\"mainEntityOfPage\":{\"@id\":\"https:\/\/luchonoticias.com\/editor\/neiva-tendra-en-diciembre-su-primera-media-maraton-internacional-de-atletismo\/\"},\"wordCount\":1160,\"commentCount\":0,\"publisher\":{\"@id\":\"https:\/\/luchonoticias.com\/editor\/#\/schema\/person\/7a7fd911f58561fd056dbac7b55af9cd\"},\"image\":{\"@id\":\"https:\/\/luchonoticias.com\/editor\/neiva-tendra-en-diciembre-su-primera-media-maraton-internacional-de-atletismo\/#primaryimage\"},\"thumbnailUrl\":\"https:\/\/luchonoticias.com\/wp-content\/uploads\/2022\/09\/WhatsApp-Image-2022-09-13-at-8.06.17-PM-1024x683.jpeg\",\"articleSection\":[\"Comunidad\",\"Destacado\"],\"inLanguage\":\"es\",\"potentialAction\":[{\"@type\":\"CommentAction\",\"name\":\"Comment\",\"target\":[\"https:\/\/luchonoticias.com\/editor\/neiva-tendra-en-diciembre-su-primera-media-maraton-internacional-de-atletismo\/#respond\"]}]},{\"@type\":\"WebPage\",\"@id\":\"https:\/\/luchonoticias.com\/editor\/neiva-tendra-en-diciembre-su-primera-media-maraton-internacional-de-atletismo\/\",\"url\":\"https:\/\/luchonoticias.com\/editor\/neiva-tendra-en-diciembre-su-primera-media-maraton-internacional-de-atletismo\/\",\"name\":\"Neiva tendr\u00e1 en diciembre su primera media marat\u00f3n internacional de atletismo -\",\"isPartOf\":{\"@id\":\"https:\/\/luchonoticias.com\/editor\/#website\"},\"primaryImageOfPage\":{\"@id\":\"https:\/\/luchonoticias.com\/editor\/neiva-tendra-en-diciembre-su-primera-media-maraton-internacional-de-atletismo\/#primaryimage\"},\"image\":{\"@id\":\"https:\/\/luchonoticias.com\/editor\/neiva-tendra-en-diciembre-su-primera-media-maraton-internacional-de-atletismo\/#primaryimage\"},\"thumbnailUrl\":\"https:\/\/luchonoticias.com\/wp-content\/uploads\/2022\/09\/WhatsApp-Image-2022-09-13-at-8.06.17-PM-1024x683.jpeg\",\"datePublished\":\"2022-09-14T10:08:25+00:00\",\"dateModified\":\"2022-09-14T10:08:26+00:00\",\"breadcrumb\":{\"@id\":\"https:\/\/luchonoticias.com\/editor\/neiva-tendra-en-diciembre-su-primera-media-maraton-internacional-de-atletismo\/#breadcrumb\"},\"inLanguage\":\"es\",\"potentialAction\":[{\"@type\":\"ReadAction\",\"target\":[\"https:\/\/luchonoticias.com\/editor\/neiva-tendra-en-diciembre-su-primera-media-maraton-internacional-de-atletismo\/\"]}]},{\"@type\":\"ImageObject\",\"inLanguage\":\"es\",\"@id\":\"https:\/\/luchonoticias.com\/editor\/neiva-tendra-en-diciembre-su-primera-media-maraton-internacional-de-atletismo\/#primaryimage\",\"url\":\"https:\/\/luchonoticias.com\/wp-content\/uploads\/2022\/09\/WhatsApp-Image-2022-09-13-at-8.06.17-PM-1024x683.jpeg\",\"contentUrl\":\"https:\/\/luchonoticias.com\/wp-content\/uploads\/2022\/09\/WhatsApp-Image-2022-09-13-at-8.06.17-PM-1024x683.jpeg\"},{\"@type\":\"BreadcrumbList\",\"@id\":\"https:\/\/luchonoticias.com\/editor\/neiva-tendra-en-diciembre-su-primera-media-maraton-internacional-de-atletismo\/#breadcrumb\",\"itemListElement\":[{\"@type\":\"ListItem\",\"position\":1,\"name\":\"Portada\",\"item\":\"https:\/\/luchonoticias.com\/editor\/\"},{\"@type\":\"ListItem\",\"position\":2,\"name\":\"Neiva tendr\u00e1 en diciembre su primera media marat\u00f3n internacional de atletismo\"}]},{\"@type\":\"WebSite\",\"@id\":\"https:\/\/luchonoticias.com\/editor\/#website\",\"url\":\"https:\/\/luchonoticias.com\/editor\/\",\"name\":\"\",\"description\":\"\",\"publisher\":{\"@id\":\"https:\/\/luchonoticias.com\/editor\/#\/schema\/person\/7a7fd911f58561fd056dbac7b55af9cd\"},\"potentialAction\":[{\"@type\":\"SearchAction\",\"target\":{\"@type\":\"EntryPoint\",\"urlTemplate\":\"https:\/\/luchonoticias.com\/editor\/?s={search_term_string}\"},\"query-input\":{\"@type\":\"PropertyValueSpecification\",\"valueRequired\":true,\"valueName\":\"search_term_string\"}}],\"inLanguage\":\"es\"},{\"@type\":[\"Person\",\"Organization\"],\"@id\":\"https:\/\/luchonoticias.com\/editor\/#\/schema\/person\/7a7fd911f58561fd056dbac7b55af9cd\",\"name\":\"admin\",\"image\":{\"@type\":\"ImageObject\",\"inLanguage\":\"es\",\"@id\":\"https:\/\/luchonoticias.com\/editor\/#\/schema\/person\/image\/\",\"url\":\"https:\/\/luchonoticias.com\/editor\/wp-content\/uploads\/2024\/02\/cropped-cropped-logolu.webp\",\"contentUrl\":\"https:\/\/luchonoticias.com\/editor\/wp-content\/uploads\/2024\/02\/cropped-cropped-logolu.webp\",\"width\":382,\"height\":170,\"caption\":\"admin\"},\"logo\":{\"@id\":\"https:\/\/luchonoticias.com\/editor\/#\/schema\/person\/image\/\"},\"sameAs\":[\"https:\/\/www.facebook.com\/luchonoticiasneiva\"],\"url\":\"https:\/\/luchonoticias.com\/editor\/author\/admin\/\"}]}<\/script>\n<!-- \/ Yoast SEO plugin. -->","yoast_head_json":{"title":"Neiva tendr\u00e1 en diciembre su primera media marat\u00f3n internacional de atletismo -","robots":{"index":"index","follow":"follow","max-snippet":"max-snippet:-1","max-image-preview":"max-image-preview:large","max-video-preview":"max-video-preview:-1"},"canonical":"https:\/\/luchonoticias.com\/editor\/neiva-tendra-en-diciembre-su-primera-media-maraton-internacional-de-atletismo\/","og_locale":"es_ES","og_type":"article","og_title":"Neiva tendr\u00e1 en diciembre su primera media marat\u00f3n internacional de atletismo -","og_url":"https:\/\/luchonoticias.com\/editor\/neiva-tendra-en-diciembre-su-primera-media-maraton-internacional-de-atletismo\/","article_publisher":"https:\/\/www.facebook.com\/luchonoticiasneiva","article_author":"https:\/\/www.facebook.com\/luchonoticiasneiva","article_published_time":"2022-09-14T10:08:25+00:00","article_modified_time":"2022-09-14T10:08:26+00:00","og_image":[{"url":"https:\/\/luchonoticias.com\/wp-content\/uploads\/2022\/09\/WhatsApp-Image-2022-09-13-at-8.06.17-PM-1024x683.jpeg","type":"","width":"","height":""}],"author":"admin","twitter_card":"summary_large_image","twitter_misc":{"Escrito por":"admin","Tiempo de lectura":"6 minutos"},"schema":{"@context":"https:\/\/schema.org","@graph":[{"@type":"Article","@id":"https:\/\/luchonoticias.com\/editor\/neiva-tendra-en-diciembre-su-primera-media-maraton-internacional-de-atletismo\/#article","isPartOf":{"@id":"https:\/\/luchonoticias.com\/editor\/neiva-tendra-en-diciembre-su-primera-media-maraton-internacional-de-atletismo\/"},"author":{"name":"admin","@id":"https:\/\/luchonoticias.com\/editor\/#\/schema\/person\/7a7fd911f58561fd056dbac7b55af9cd"},"headline":"Neiva tendr\u00e1 en diciembre su primera media marat\u00f3n internacional de atletismo","datePublished":"2022-09-14T10:08:25+00:00","dateModified":"2022-09-14T10:08:26+00:00","mainEntityOfPage":{"@id":"https:\/\/luchonoticias.com\/editor\/neiva-tendra-en-diciembre-su-primera-media-maraton-internacional-de-atletismo\/"},"wordCount":1160,"commentCount":0,"publisher":{"@id":"https:\/\/luchonoticias.com\/editor\/#\/schema\/person\/7a7fd911f58561fd056dbac7b55af9cd"},"image":{"@id":"https:\/\/luchonoticias.com\/editor\/neiva-tendra-en-diciembre-su-primera-media-maraton-internacional-de-atletismo\/#primaryimage"},"thumbnailUrl":"https:\/\/luchonoticias.com\/wp-content\/uploads\/2022\/09\/WhatsApp-Image-2022-09-13-at-8.06.17-PM-1024x683.jpeg","articleSection":["Comunidad","Destacado"],"inLanguage":"es","potentialAction":[{"@type":"CommentAction","name":"Comment","target":["https:\/\/luchonoticias.com\/editor\/neiva-tendra-en-diciembre-su-primera-media-maraton-internacional-de-atletismo\/#respond"]}]},{"@type":"WebPage","@id":"https:\/\/luchonoticias.com\/editor\/neiva-tendra-en-diciembre-su-primera-media-maraton-internacional-de-atletismo\/","url":"https:\/\/luchonoticias.com\/editor\/neiva-tendra-en-diciembre-su-primera-media-maraton-internacional-de-atletismo\/","name":"Neiva tendr\u00e1 en diciembre su primera media marat\u00f3n internacional de atletismo -","isPartOf":{"@id":"https:\/\/luchonoticias.com\/editor\/#website"},"primaryImageOfPage":{"@id":"https:\/\/luchonoticias.com\/editor\/neiva-tendra-en-diciembre-su-primera-media-maraton-internacional-de-atletismo\/#primaryimage"},"image":{"@id":"https:\/\/luchonoticias.com\/editor\/neiva-tendra-en-diciembre-su-primera-media-maraton-internacional-de-atletismo\/#primaryimage"},"thumbnailUrl":"https:\/\/luchonoticias.com\/wp-content\/uploads\/2022\/09\/WhatsApp-Image-2022-09-13-at-8.06.17-PM-1024x683.jpeg","datePublished":"2022-09-14T10:08:25+00:00","dateModified":"2022-09-14T10:08:26+00:00","breadcrumb":{"@id":"https:\/\/luchonoticias.com\/editor\/neiva-tendra-en-diciembre-su-primera-media-maraton-internacional-de-atletismo\/#breadcrumb"},"inLanguage":"es","potentialAction":[{"@type":"ReadAction","target":["https:\/\/luchonoticias.com\/editor\/neiva-tendra-en-diciembre-su-primera-media-maraton-internacional-de-atletismo\/"]}]},{"@type":"ImageObject","inLanguage":"es","@id":"https:\/\/luchonoticias.com\/editor\/neiva-tendra-en-diciembre-su-primera-media-maraton-internacional-de-atletismo\/#primaryimage","url":"https:\/\/luchonoticias.com\/wp-content\/uploads\/2022\/09\/WhatsApp-Image-2022-09-13-at-8.06.17-PM-1024x683.jpeg","contentUrl":"https:\/\/luchonoticias.com\/wp-content\/uploads\/2022\/09\/WhatsApp-Image-2022-09-13-at-8.06.17-PM-1024x683.jpeg"},{"@type":"BreadcrumbList","@id":"https:\/\/luchonoticias.com\/editor\/neiva-tendra-en-diciembre-su-primera-media-maraton-internacional-de-atletismo\/#breadcrumb","itemListElement":[{"@type":"ListItem","position":1,"name":"Portada","item":"https:\/\/luchonoticias.com\/editor\/"},{"@type":"ListItem","position":2,"name":"Neiva tendr\u00e1 en diciembre su primera media marat\u00f3n internacional de atletismo"}]},{"@type":"WebSite","@id":"https:\/\/luchonoticias.com\/editor\/#website","url":"https:\/\/luchonoticias.com\/editor\/","name":"","description":"","publisher":{"@id":"https:\/\/luchonoticias.com\/editor\/#\/schema\/person\/7a7fd911f58561fd056dbac7b55af9cd"},"potentialAction":[{"@type":"SearchAction","target":{"@type":"EntryPoint","urlTemplate":"https:\/\/luchonoticias.com\/editor\/?s={search_term_string}"},"query-input":{"@type":"PropertyValueSpecification","valueRequired":true,"valueName":"search_term_string"}}],"inLanguage":"es"},{"@type":["Person","Organization"],"@id":"https:\/\/luchonoticias.com\/editor\/#\/schema\/person\/7a7fd911f58561fd056dbac7b55af9cd","name":"admin","image":{"@type":"ImageObject","inLanguage":"es","@id":"https:\/\/luchonoticias.com\/editor\/#\/schema\/person\/image\/","url":"https:\/\/luchonoticias.com\/editor\/wp-content\/uploads\/2024\/02\/cropped-cropped-logolu.webp","contentUrl":"https:\/\/luchonoticias.com\/editor\/wp-content\/uploads\/2024\/02\/cropped-cropped-logolu.webp","width":382,"height":170,"caption":"admin"},"logo":{"@id":"https:\/\/luchonoticias.com\/editor\/#\/schema\/person\/image\/"},"sameAs":["https:\/\/www.facebook.com\/luchonoticiasneiva"],"url":"https:\/\/luchonoticias.com\/editor\/author\/admin\/"}]}},"_links":{"self":[{"href":"https:\/\/luchonoticias.com\/editor\/wp-json\/wp\/v2\/posts\/34315","targetHints":{"allow":["GET"]}}],"collection":[{"href":"https:\/\/luchonoticias.com\/editor\/wp-json\/wp\/v2\/posts"}],"about":[{"href":"https:\/\/luchonoticias.com\/editor\/wp-json\/wp\/v2\/types\/post"}],"author":[{"embeddable":true,"href":"https:\/\/luchonoticias.com\/editor\/wp-json\/wp\/v2\/users\/1"}],"replies":[{"embeddable":true,"href":"https:\/\/luchonoticias.com\/editor\/wp-json\/wp\/v2\/comments?post=34315"}],"version-history":[{"count":0,"href":"https:\/\/luchonoticias.com\/editor\/wp-json\/wp\/v2\/posts\/34315\/revisions"}],"wp:attachment":[{"href":"https:\/\/luchonoticias.com\/editor\/wp-json\/wp\/v2\/media?parent=34315"}],"wp:term":[{"taxonomy":"category","embeddable":true,"href":"https:\/\/luchonoticias.com\/editor\/wp-json\/wp\/v2\/categories?post=34315"},{"taxonomy":"post_tag","embeddable":true,"href":"https:\/\/luchonoticias.com\/editor\/wp-json\/wp\/v2\/tags?post=34315"}],"curies":[{"name":"wp","href":"https:\/\/api.w.org\/{rel}","templated":true}]}}