{"id":34326,"date":"2022-09-14T05:16:16","date_gmt":"2022-09-14T10:16:16","guid":{"rendered":"https:\/\/luchonoticias.com\/?p=34326"},"modified":"2022-09-14T05:16:16","modified_gmt":"2022-09-14T10:16:16","slug":"caravanas-por-la-vida-llego-a-guadalupe-huila","status":"publish","type":"post","link":"https:\/\/luchonoticias.com\/editor\/caravanas-por-la-vida-llego-a-guadalupe-huila\/","title":{"rendered":"\u2018Caravanas por la vida\u2019 lleg\u00f3 a Guadalupe, Huila"},"content":{"rendered":"\n<p>En aras de preservar la vida como derecho fundamental y primordial del ser humano, el Departamento de Polic\u00eda Huila contin\u00faa visitando los municipios del Huila, desplegando la estrategia \u00abCaravanas por la Vida\u00bb; Esto con el fin de concientizar la poblaci\u00f3n del municipio de Guadalupe con campa\u00f1as de prevenci\u00f3n, a trav\u00e9s de todas las especialidades de polic\u00eda en articulaci\u00f3n con la personer\u00eda, el PIC municipal y el instituto de Bienestar Familiar.<\/p>\n\n\n\n<figure class=\"wp-block-gallery has-nested-images columns-default is-cropped wp-block-gallery-1 is-layout-flex wp-block-gallery-is-layout-flex\">\n<figure class=\"wp-block-image size-large\"><img decoding=\"async\" data-id=\"34329\" src=\"https:\/\/luchonoticias.com\/wp-content\/uploads\/2022\/09\/WhatsApp-Image-2022-09-13-at-6.11.03-PM-1024x769.jpeg\" alt=\"\" class=\"wp-image-34329\"\/><\/figure>\n\n\n\n<figure class=\"wp-block-image size-large\"><img decoding=\"async\" data-id=\"34328\" src=\"https:\/\/luchonoticias.com\/wp-content\/uploads\/2022\/09\/WhatsApp-Image-2022-09-13-at-6.11.02-PM-1024x769.jpeg\" alt=\"\" class=\"wp-image-34328\"\/><\/figure>\n\n\n\n<figure class=\"wp-block-image size-large\"><img decoding=\"async\" data-id=\"34330\" src=\"https:\/\/luchonoticias.com\/wp-content\/uploads\/2022\/09\/WhatsApp-Image-2022-09-13-at-6.10.59-PM-1024x769.jpeg\" alt=\"\" class=\"wp-image-34330\"\/><\/figure>\n<\/figure>\n\n\n\n<p>En esta ocasi\u00f3n impactaron con toda la oferta institucional en las viviendas de inter\u00e9s social del barrio La Morenita del municipio de Guadalupe, beneficiando cerca de 400 personas incluyendo los ni\u00f1os, ni\u00f1as y adolescentes, los cuales participaron de actividades l\u00fadicas y los aer\u00f3bicos liderados por el INDER Huila.<\/p>\n\n\n\n<figure class=\"wp-block-gallery has-nested-images columns-default is-cropped wp-block-gallery-2 is-layout-flex wp-block-gallery-is-layout-flex\">\n<figure class=\"wp-block-image size-large\"><img decoding=\"async\" data-id=\"34331\" src=\"https:\/\/luchonoticias.com\/wp-content\/uploads\/2022\/09\/WhatsApp-Image-2022-09-13-at-6.10.59-PM-1-1024x768.jpeg\" alt=\"\" class=\"wp-image-34331\"\/><\/figure>\n\n\n\n<figure class=\"wp-block-image size-large\"><img decoding=\"async\" data-id=\"34332\" src=\"https:\/\/luchonoticias.com\/wp-content\/uploads\/2022\/09\/WhatsApp-Image-2022-09-13-at-6.10.59-PM-2-1024x769.jpeg\" alt=\"\" class=\"wp-image-34332\"\/><\/figure>\n<\/figure>\n\n\n\n<p>\u201cContinuamos visitando las poblaciones que presentan los mayores \u00edndices de violencia y afectaciones a la vida e integridad, para continuar con la tendencia de la disminuci\u00f3n del homicidio, el cual a la fecha es del -26%, con menos 39 casos comparado con el a\u00f1o 2021\u201d, expresaron los organizadores de la jornada.<\/p>\n","protected":false},"excerpt":{"rendered":"<p>En aras de preservar la vida como derecho fundamental y primordial del ser humano, el Departamento de Polic\u00eda Huila contin\u00faa visitando los municipios del Huila, desplegando la estrategia \u00abCaravanas por la Vida\u00bb; Esto con el fin de concientizar la poblaci\u00f3n del municipio de Guadalupe con campa\u00f1as de prevenci\u00f3n, a trav\u00e9s de todas las especialidades de [&hellip;]<\/p>\n","protected":false},"author":1,"featured_media":0,"comment_status":"open","ping_status":"open","sticky":false,"template":"","format":"standard","meta":{"footnotes":""},"categories":[3961,36],"tags":[],"class_list":["post-34326","post","type-post","status-publish","format-standard","hentry","category-comunidad","category-destacado"],"yoast_head":"<!-- This site is optimized with the Yoast SEO plugin v26.6 - https:\/\/yoast.com\/wordpress\/plugins\/seo\/ -->\n<title>\u2018Caravanas por la vida\u2019 lleg\u00f3 a Guadalupe, Huila -<\/title>\n<meta name=\"robots\" content=\"index, follow, max-snippet:-1, max-image-preview:large, max-video-preview:-1\" \/>\n<link rel=\"canonical\" href=\"https:\/\/luchonoticias.com\/editor\/caravanas-por-la-vida-llego-a-guadalupe-huila\/\" \/>\n<meta property=\"og:locale\" content=\"es_ES\" \/>\n<meta property=\"og:type\" content=\"article\" \/>\n<meta property=\"og:title\" content=\"\u2018Caravanas por la vida\u2019 lleg\u00f3 a Guadalupe, Huila -\" \/>\n<meta property=\"og:url\" content=\"https:\/\/luchonoticias.com\/editor\/caravanas-por-la-vida-llego-a-guadalupe-huila\/\" \/>\n<meta property=\"article:publisher\" content=\"https:\/\/www.facebook.com\/luchonoticiasneiva\" \/>\n<meta property=\"article:author\" content=\"https:\/\/www.facebook.com\/luchonoticiasneiva\" \/>\n<meta property=\"article:published_time\" content=\"2022-09-14T10:16:16+00:00\" \/>\n<meta property=\"og:image\" content=\"https:\/\/luchonoticias.com\/wp-content\/uploads\/2022\/09\/WhatsApp-Image-2022-09-13-at-6.11.03-PM-1024x769.jpeg\" \/>\n<meta name=\"author\" content=\"admin\" \/>\n<meta name=\"twitter:card\" content=\"summary_large_image\" \/>\n<meta name=\"twitter:label1\" content=\"Escrito por\" \/>\n\t<meta name=\"twitter:data1\" content=\"admin\" \/>\n\t<meta name=\"twitter:label2\" content=\"Tiempo de lectura\" \/>\n\t<meta name=\"twitter:data2\" content=\"1 minuto\" \/>\n<script type=\"application\/ld+json\" class=\"yoast-schema-graph\">{\"@context\":\"https:\/\/schema.org\",\"@graph\":[{\"@type\":\"Article\",\"@id\":\"https:\/\/luchonoticias.com\/editor\/caravanas-por-la-vida-llego-a-guadalupe-huila\/#article\",\"isPartOf\":{\"@id\":\"https:\/\/luchonoticias.com\/editor\/caravanas-por-la-vida-llego-a-guadalupe-huila\/\"},\"author\":{\"name\":\"admin\",\"@id\":\"https:\/\/luchonoticias.com\/editor\/#\/schema\/person\/7a7fd911f58561fd056dbac7b55af9cd\"},\"headline\":\"\u2018Caravanas por la vida\u2019 lleg\u00f3 a Guadalupe, Huila\",\"datePublished\":\"2022-09-14T10:16:16+00:00\",\"mainEntityOfPage\":{\"@id\":\"https:\/\/luchonoticias.com\/editor\/caravanas-por-la-vida-llego-a-guadalupe-huila\/\"},\"wordCount\":191,\"commentCount\":0,\"publisher\":{\"@id\":\"https:\/\/luchonoticias.com\/editor\/#\/schema\/person\/7a7fd911f58561fd056dbac7b55af9cd\"},\"image\":{\"@id\":\"https:\/\/luchonoticias.com\/editor\/caravanas-por-la-vida-llego-a-guadalupe-huila\/#primaryimage\"},\"thumbnailUrl\":\"https:\/\/luchonoticias.com\/wp-content\/uploads\/2022\/09\/WhatsApp-Image-2022-09-13-at-6.11.03-PM-1024x769.jpeg\",\"articleSection\":[\"Comunidad\",\"Destacado\"],\"inLanguage\":\"es\",\"potentialAction\":[{\"@type\":\"CommentAction\",\"name\":\"Comment\",\"target\":[\"https:\/\/luchonoticias.com\/editor\/caravanas-por-la-vida-llego-a-guadalupe-huila\/#respond\"]}]},{\"@type\":\"WebPage\",\"@id\":\"https:\/\/luchonoticias.com\/editor\/caravanas-por-la-vida-llego-a-guadalupe-huila\/\",\"url\":\"https:\/\/luchonoticias.com\/editor\/caravanas-por-la-vida-llego-a-guadalupe-huila\/\",\"name\":\"\u2018Caravanas por la vida\u2019 lleg\u00f3 a Guadalupe, Huila -\",\"isPartOf\":{\"@id\":\"https:\/\/luchonoticias.com\/editor\/#website\"},\"primaryImageOfPage\":{\"@id\":\"https:\/\/luchonoticias.com\/editor\/caravanas-por-la-vida-llego-a-guadalupe-huila\/#primaryimage\"},\"image\":{\"@id\":\"https:\/\/luchonoticias.com\/editor\/caravanas-por-la-vida-llego-a-guadalupe-huila\/#primaryimage\"},\"thumbnailUrl\":\"https:\/\/luchonoticias.com\/wp-content\/uploads\/2022\/09\/WhatsApp-Image-2022-09-13-at-6.11.03-PM-1024x769.jpeg\",\"datePublished\":\"2022-09-14T10:16:16+00:00\",\"breadcrumb\":{\"@id\":\"https:\/\/luchonoticias.com\/editor\/caravanas-por-la-vida-llego-a-guadalupe-huila\/#breadcrumb\"},\"inLanguage\":\"es\",\"potentialAction\":[{\"@type\":\"ReadAction\",\"target\":[\"https:\/\/luchonoticias.com\/editor\/caravanas-por-la-vida-llego-a-guadalupe-huila\/\"]}]},{\"@type\":\"ImageObject\",\"inLanguage\":\"es\",\"@id\":\"https:\/\/luchonoticias.com\/editor\/caravanas-por-la-vida-llego-a-guadalupe-huila\/#primaryimage\",\"url\":\"https:\/\/luchonoticias.com\/wp-content\/uploads\/2022\/09\/WhatsApp-Image-2022-09-13-at-6.11.03-PM-1024x769.jpeg\",\"contentUrl\":\"https:\/\/luchonoticias.com\/wp-content\/uploads\/2022\/09\/WhatsApp-Image-2022-09-13-at-6.11.03-PM-1024x769.jpeg\"},{\"@type\":\"BreadcrumbList\",\"@id\":\"https:\/\/luchonoticias.com\/editor\/caravanas-por-la-vida-llego-a-guadalupe-huila\/#breadcrumb\",\"itemListElement\":[{\"@type\":\"ListItem\",\"position\":1,\"name\":\"Portada\",\"item\":\"https:\/\/luchonoticias.com\/editor\/\"},{\"@type\":\"ListItem\",\"position\":2,\"name\":\"\u2018Caravanas por la vida\u2019 lleg\u00f3 a Guadalupe, Huila\"}]},{\"@type\":\"WebSite\",\"@id\":\"https:\/\/luchonoticias.com\/editor\/#website\",\"url\":\"https:\/\/luchonoticias.com\/editor\/\",\"name\":\"\",\"description\":\"\",\"publisher\":{\"@id\":\"https:\/\/luchonoticias.com\/editor\/#\/schema\/person\/7a7fd911f58561fd056dbac7b55af9cd\"},\"potentialAction\":[{\"@type\":\"SearchAction\",\"target\":{\"@type\":\"EntryPoint\",\"urlTemplate\":\"https:\/\/luchonoticias.com\/editor\/?s={search_term_string}\"},\"query-input\":{\"@type\":\"PropertyValueSpecification\",\"valueRequired\":true,\"valueName\":\"search_term_string\"}}],\"inLanguage\":\"es\"},{\"@type\":[\"Person\",\"Organization\"],\"@id\":\"https:\/\/luchonoticias.com\/editor\/#\/schema\/person\/7a7fd911f58561fd056dbac7b55af9cd\",\"name\":\"admin\",\"image\":{\"@type\":\"ImageObject\",\"inLanguage\":\"es\",\"@id\":\"https:\/\/luchonoticias.com\/editor\/#\/schema\/person\/image\/\",\"url\":\"https:\/\/luchonoticias.com\/editor\/wp-content\/uploads\/2024\/02\/cropped-cropped-logolu.webp\",\"contentUrl\":\"https:\/\/luchonoticias.com\/editor\/wp-content\/uploads\/2024\/02\/cropped-cropped-logolu.webp\",\"width\":382,\"height\":170,\"caption\":\"admin\"},\"logo\":{\"@id\":\"https:\/\/luchonoticias.com\/editor\/#\/schema\/person\/image\/\"},\"sameAs\":[\"https:\/\/www.facebook.com\/luchonoticiasneiva\"],\"url\":\"https:\/\/luchonoticias.com\/editor\/author\/admin\/\"}]}<\/script>\n<!-- \/ Yoast SEO plugin. -->","yoast_head_json":{"title":"\u2018Caravanas por la vida\u2019 lleg\u00f3 a Guadalupe, Huila -","robots":{"index":"index","follow":"follow","max-snippet":"max-snippet:-1","max-image-preview":"max-image-preview:large","max-video-preview":"max-video-preview:-1"},"canonical":"https:\/\/luchonoticias.com\/editor\/caravanas-por-la-vida-llego-a-guadalupe-huila\/","og_locale":"es_ES","og_type":"article","og_title":"\u2018Caravanas por la vida\u2019 lleg\u00f3 a Guadalupe, Huila -","og_url":"https:\/\/luchonoticias.com\/editor\/caravanas-por-la-vida-llego-a-guadalupe-huila\/","article_publisher":"https:\/\/www.facebook.com\/luchonoticiasneiva","article_author":"https:\/\/www.facebook.com\/luchonoticiasneiva","article_published_time":"2022-09-14T10:16:16+00:00","og_image":[{"url":"https:\/\/luchonoticias.com\/wp-content\/uploads\/2022\/09\/WhatsApp-Image-2022-09-13-at-6.11.03-PM-1024x769.jpeg","type":"","width":"","height":""}],"author":"admin","twitter_card":"summary_large_image","twitter_misc":{"Escrito por":"admin","Tiempo de lectura":"1 minuto"},"schema":{"@context":"https:\/\/schema.org","@graph":[{"@type":"Article","@id":"https:\/\/luchonoticias.com\/editor\/caravanas-por-la-vida-llego-a-guadalupe-huila\/#article","isPartOf":{"@id":"https:\/\/luchonoticias.com\/editor\/caravanas-por-la-vida-llego-a-guadalupe-huila\/"},"author":{"name":"admin","@id":"https:\/\/luchonoticias.com\/editor\/#\/schema\/person\/7a7fd911f58561fd056dbac7b55af9cd"},"headline":"\u2018Caravanas por la vida\u2019 lleg\u00f3 a Guadalupe, Huila","datePublished":"2022-09-14T10:16:16+00:00","mainEntityOfPage":{"@id":"https:\/\/luchonoticias.com\/editor\/caravanas-por-la-vida-llego-a-guadalupe-huila\/"},"wordCount":191,"commentCount":0,"publisher":{"@id":"https:\/\/luchonoticias.com\/editor\/#\/schema\/person\/7a7fd911f58561fd056dbac7b55af9cd"},"image":{"@id":"https:\/\/luchonoticias.com\/editor\/caravanas-por-la-vida-llego-a-guadalupe-huila\/#primaryimage"},"thumbnailUrl":"https:\/\/luchonoticias.com\/wp-content\/uploads\/2022\/09\/WhatsApp-Image-2022-09-13-at-6.11.03-PM-1024x769.jpeg","articleSection":["Comunidad","Destacado"],"inLanguage":"es","potentialAction":[{"@type":"CommentAction","name":"Comment","target":["https:\/\/luchonoticias.com\/editor\/caravanas-por-la-vida-llego-a-guadalupe-huila\/#respond"]}]},{"@type":"WebPage","@id":"https:\/\/luchonoticias.com\/editor\/caravanas-por-la-vida-llego-a-guadalupe-huila\/","url":"https:\/\/luchonoticias.com\/editor\/caravanas-por-la-vida-llego-a-guadalupe-huila\/","name":"\u2018Caravanas por la vida\u2019 lleg\u00f3 a Guadalupe, Huila -","isPartOf":{"@id":"https:\/\/luchonoticias.com\/editor\/#website"},"primaryImageOfPage":{"@id":"https:\/\/luchonoticias.com\/editor\/caravanas-por-la-vida-llego-a-guadalupe-huila\/#primaryimage"},"image":{"@id":"https:\/\/luchonoticias.com\/editor\/caravanas-por-la-vida-llego-a-guadalupe-huila\/#primaryimage"},"thumbnailUrl":"https:\/\/luchonoticias.com\/wp-content\/uploads\/2022\/09\/WhatsApp-Image-2022-09-13-at-6.11.03-PM-1024x769.jpeg","datePublished":"2022-09-14T10:16:16+00:00","breadcrumb":{"@id":"https:\/\/luchonoticias.com\/editor\/caravanas-por-la-vida-llego-a-guadalupe-huila\/#breadcrumb"},"inLanguage":"es","potentialAction":[{"@type":"ReadAction","target":["https:\/\/luchonoticias.com\/editor\/caravanas-por-la-vida-llego-a-guadalupe-huila\/"]}]},{"@type":"ImageObject","inLanguage":"es","@id":"https:\/\/luchonoticias.com\/editor\/caravanas-por-la-vida-llego-a-guadalupe-huila\/#primaryimage","url":"https:\/\/luchonoticias.com\/wp-content\/uploads\/2022\/09\/WhatsApp-Image-2022-09-13-at-6.11.03-PM-1024x769.jpeg","contentUrl":"https:\/\/luchonoticias.com\/wp-content\/uploads\/2022\/09\/WhatsApp-Image-2022-09-13-at-6.11.03-PM-1024x769.jpeg"},{"@type":"BreadcrumbList","@id":"https:\/\/luchonoticias.com\/editor\/caravanas-por-la-vida-llego-a-guadalupe-huila\/#breadcrumb","itemListElement":[{"@type":"ListItem","position":1,"name":"Portada","item":"https:\/\/luchonoticias.com\/editor\/"},{"@type":"ListItem","position":2,"name":"\u2018Caravanas por la vida\u2019 lleg\u00f3 a Guadalupe, Huila"}]},{"@type":"WebSite","@id":"https:\/\/luchonoticias.com\/editor\/#website","url":"https:\/\/luchonoticias.com\/editor\/","name":"","description":"","publisher":{"@id":"https:\/\/luchonoticias.com\/editor\/#\/schema\/person\/7a7fd911f58561fd056dbac7b55af9cd"},"potentialAction":[{"@type":"SearchAction","target":{"@type":"EntryPoint","urlTemplate":"https:\/\/luchonoticias.com\/editor\/?s={search_term_string}"},"query-input":{"@type":"PropertyValueSpecification","valueRequired":true,"valueName":"search_term_string"}}],"inLanguage":"es"},{"@type":["Person","Organization"],"@id":"https:\/\/luchonoticias.com\/editor\/#\/schema\/person\/7a7fd911f58561fd056dbac7b55af9cd","name":"admin","image":{"@type":"ImageObject","inLanguage":"es","@id":"https:\/\/luchonoticias.com\/editor\/#\/schema\/person\/image\/","url":"https:\/\/luchonoticias.com\/editor\/wp-content\/uploads\/2024\/02\/cropped-cropped-logolu.webp","contentUrl":"https:\/\/luchonoticias.com\/editor\/wp-content\/uploads\/2024\/02\/cropped-cropped-logolu.webp","width":382,"height":170,"caption":"admin"},"logo":{"@id":"https:\/\/luchonoticias.com\/editor\/#\/schema\/person\/image\/"},"sameAs":["https:\/\/www.facebook.com\/luchonoticiasneiva"],"url":"https:\/\/luchonoticias.com\/editor\/author\/admin\/"}]}},"_links":{"self":[{"href":"https:\/\/luchonoticias.com\/editor\/wp-json\/wp\/v2\/posts\/34326","targetHints":{"allow":["GET"]}}],"collection":[{"href":"https:\/\/luchonoticias.com\/editor\/wp-json\/wp\/v2\/posts"}],"about":[{"href":"https:\/\/luchonoticias.com\/editor\/wp-json\/wp\/v2\/types\/post"}],"author":[{"embeddable":true,"href":"https:\/\/luchonoticias.com\/editor\/wp-json\/wp\/v2\/users\/1"}],"replies":[{"embeddable":true,"href":"https:\/\/luchonoticias.com\/editor\/wp-json\/wp\/v2\/comments?post=34326"}],"version-history":[{"count":0,"href":"https:\/\/luchonoticias.com\/editor\/wp-json\/wp\/v2\/posts\/34326\/revisions"}],"wp:attachment":[{"href":"https:\/\/luchonoticias.com\/editor\/wp-json\/wp\/v2\/media?parent=34326"}],"wp:term":[{"taxonomy":"category","embeddable":true,"href":"https:\/\/luchonoticias.com\/editor\/wp-json\/wp\/v2\/categories?post=34326"},{"taxonomy":"post_tag","embeddable":true,"href":"https:\/\/luchonoticias.com\/editor\/wp-json\/wp\/v2\/tags?post=34326"}],"curies":[{"name":"wp","href":"https:\/\/api.w.org\/{rel}","templated":true}]}}