{"id":34343,"date":"2022-09-14T05:27:47","date_gmt":"2022-09-14T10:27:47","guid":{"rendered":"https:\/\/luchonoticias.com\/?p=34343"},"modified":"2022-09-14T05:27:48","modified_gmt":"2022-09-14T10:27:48","slug":"dialogo-entre-el-gobernador-y-el-director-del-invias","status":"publish","type":"post","link":"https:\/\/luchonoticias.com\/editor\/dialogo-entre-el-gobernador-y-el-director-del-invias\/","title":{"rendered":"Di\u00e1logo entre el Gobernador y el director del Invias"},"content":{"rendered":"\n<p>La alianza estrat\u00e9gica de cofinanciaci\u00f3n propuesta por el gobernador del Huila, Luis Enrique Duss\u00e1n L\u00f3pez al director nacional de INV\u00cdAS, Guillermo Toro, buscar\u00e1 la&nbsp;<strong>cofinanciaci\u00f3n de los proyectos que se encuentran en ejecuci\u00f3n en el territorio departamental,<\/strong>&nbsp;los cuales necesitan recursos adicionales para ser terminados.<\/p>\n\n\n\n<p>\u201cEstuvimos revisando otras necesidades&nbsp; en torno a la ejecuci\u00f3n de los proyectos como el corredor tur\u00edstico, que se est\u00e1 haciendo en la Plata \u2013 Inz\u00e1 \u2013 Popay\u00e1n, lo que tambi\u00e9n est\u00e1 sucediendo desde el punto de vista de algunos corredores concesionados y&nbsp; haciendo algunas recomendaciones en cuanto a los rendimientos y ejecuci\u00f3n de estas obras y las necesidades de algunos corredores regionales muy importantes para el departamento, en la conectividad hacia San Jos\u00e9 del Guaviare, en la conectividad hacia Cauca, lo mismo&nbsp; que la conectividad hacia el Tolima, la necesidad de materializar la conexi\u00f3n Pacifico&nbsp; \u2013 Orinoquia, de volver realidad esa conexi\u00f3n de todo el departamento con Planadas hacia el municipio de Florida en el Valle del Cauca&nbsp; y el avance de las obras tambi\u00e9n en lo que se refiere&nbsp; al tramo conocido como Colombia \u2013 La Uribe hacia el Meta y hacia el Guaviare. Entonces en ese sentido ya tenemos un Plan en donde \u00e9l, nos ha pedido que apoyemos esos corredores regionales que revisemos como se puede cofinanciar Naci\u00f3n y territorio, para que en&nbsp;<strong>el&nbsp;pr\u00f3ximo a\u00f1o y medio podamos materializar algunos de esos proyectos e<\/strong>n beneficio de todos los Huilenses\u201d, dijo el funcionario nacional.<\/p>\n\n\n\n<p>El l\u00edder de las v\u00edas nacionales dijo a su vez, que<strong>&nbsp;se articular\u00e1 con el Gobierno Departamental,&nbsp;<\/strong>para realizar la inversi\u00f3n que permita la&nbsp;<strong>rehabilitaci\u00f3n vial en el corredor Palermo \u2013 San Luis,&nbsp;<\/strong>donde se buscar\u00e1 que las Juntas de Acci\u00f3n Comunal y los l\u00edderes campesinos e ind\u00edgenas realicen el mejoramiento.&nbsp;<\/p>\n\n\n\n<p>\u201cInicialmente nos concentramos hablando acerca de las inversiones que el se\u00f1or Presidente de la Rep\u00fablica anunci\u00f3 en el corredor entre Palermo y&nbsp; San Lu\u00eds, donde junto a las comunidades, los l\u00edderes campesinos, los l\u00edderes ind\u00edgenas y los l\u00edderes de las Juntas de Acci\u00f3n Comunal&nbsp; nos comprometimos&nbsp;<strong>a hacer un mejoramiento y un mantenimiento de 36 kil\u00f3metros del corredo<\/strong>r, con una inversi\u00f3n de $10.000 millones&nbsp; y que esperamos en los pr\u00f3ximos d\u00edas articular con el se\u00f1or Gobernador con estas comunidades a fin de que sean ellas quienes ejecuten&nbsp; estos recursos y que obviamente esto mejore las condiciones&nbsp; y la calidad de vida de las personas\u201d, a\u00f1adi\u00f3 el Director INV\u00cdAS.<\/p>\n\n\n\n<p>Por su parte, el gobernador del Huila, Lu\u00eds Enrique Duss\u00e1n, destac\u00f3 la importancia de los corredores viales para la regi\u00f3n y la inversi\u00f3n que realizar\u00e1 el Gobierno Departamental por m\u00e1s de $7.000 millones para complementar el Plan piloto de la inversi\u00f3n anunciada para San Luis por parte del Gobierno Nacional y&nbsp;<strong>donde se busca convertir esta zona en un importante corredor vial.&nbsp;<\/strong><\/p>\n","protected":false},"excerpt":{"rendered":"<p>La alianza estrat\u00e9gica de cofinanciaci\u00f3n propuesta por el gobernador del Huila, Luis Enrique Duss\u00e1n L\u00f3pez al director nacional de INV\u00cdAS, Guillermo Toro, buscar\u00e1 la&nbsp;cofinanciaci\u00f3n de los proyectos que se encuentran en ejecuci\u00f3n en el territorio departamental,&nbsp;los cuales necesitan recursos adicionales para ser terminados. \u201cEstuvimos revisando otras necesidades&nbsp; en torno a la ejecuci\u00f3n de los proyectos [&hellip;]<\/p>\n","protected":false},"author":1,"featured_media":0,"comment_status":"open","ping_status":"open","sticky":false,"template":"","format":"standard","meta":{"footnotes":""},"categories":[33],"tags":[],"class_list":["post-34343","post","type-post","status-publish","format-standard","hentry","category-huila"],"yoast_head":"<!-- This site is optimized with the Yoast SEO plugin v26.6 - https:\/\/yoast.com\/wordpress\/plugins\/seo\/ -->\n<title>Di\u00e1logo entre el Gobernador y el director del Invias -<\/title>\n<meta name=\"robots\" content=\"index, follow, max-snippet:-1, max-image-preview:large, max-video-preview:-1\" \/>\n<link rel=\"canonical\" href=\"https:\/\/luchonoticias.com\/editor\/dialogo-entre-el-gobernador-y-el-director-del-invias\/\" \/>\n<meta property=\"og:locale\" content=\"es_ES\" \/>\n<meta property=\"og:type\" content=\"article\" \/>\n<meta property=\"og:title\" content=\"Di\u00e1logo entre el Gobernador y el director del Invias -\" \/>\n<meta property=\"og:url\" content=\"https:\/\/luchonoticias.com\/editor\/dialogo-entre-el-gobernador-y-el-director-del-invias\/\" \/>\n<meta property=\"article:publisher\" content=\"https:\/\/www.facebook.com\/luchonoticiasneiva\" \/>\n<meta property=\"article:author\" content=\"https:\/\/www.facebook.com\/luchonoticiasneiva\" \/>\n<meta property=\"article:published_time\" content=\"2022-09-14T10:27:47+00:00\" \/>\n<meta property=\"article:modified_time\" content=\"2022-09-14T10:27:48+00:00\" \/>\n<meta name=\"author\" content=\"admin\" \/>\n<meta name=\"twitter:card\" content=\"summary_large_image\" \/>\n<meta name=\"twitter:label1\" content=\"Escrito por\" \/>\n\t<meta name=\"twitter:data1\" content=\"admin\" \/>\n\t<meta name=\"twitter:label2\" content=\"Tiempo de lectura\" \/>\n\t<meta name=\"twitter:data2\" content=\"3 minutos\" \/>\n<script type=\"application\/ld+json\" class=\"yoast-schema-graph\">{\"@context\":\"https:\/\/schema.org\",\"@graph\":[{\"@type\":\"Article\",\"@id\":\"https:\/\/luchonoticias.com\/editor\/dialogo-entre-el-gobernador-y-el-director-del-invias\/#article\",\"isPartOf\":{\"@id\":\"https:\/\/luchonoticias.com\/editor\/dialogo-entre-el-gobernador-y-el-director-del-invias\/\"},\"author\":{\"name\":\"admin\",\"@id\":\"https:\/\/luchonoticias.com\/editor\/#\/schema\/person\/7a7fd911f58561fd056dbac7b55af9cd\"},\"headline\":\"Di\u00e1logo entre el Gobernador y el director del Invias\",\"datePublished\":\"2022-09-14T10:27:47+00:00\",\"dateModified\":\"2022-09-14T10:27:48+00:00\",\"mainEntityOfPage\":{\"@id\":\"https:\/\/luchonoticias.com\/editor\/dialogo-entre-el-gobernador-y-el-director-del-invias\/\"},\"wordCount\":534,\"commentCount\":0,\"publisher\":{\"@id\":\"https:\/\/luchonoticias.com\/editor\/#\/schema\/person\/7a7fd911f58561fd056dbac7b55af9cd\"},\"articleSection\":[\"Huila\"],\"inLanguage\":\"es\",\"potentialAction\":[{\"@type\":\"CommentAction\",\"name\":\"Comment\",\"target\":[\"https:\/\/luchonoticias.com\/editor\/dialogo-entre-el-gobernador-y-el-director-del-invias\/#respond\"]}]},{\"@type\":\"WebPage\",\"@id\":\"https:\/\/luchonoticias.com\/editor\/dialogo-entre-el-gobernador-y-el-director-del-invias\/\",\"url\":\"https:\/\/luchonoticias.com\/editor\/dialogo-entre-el-gobernador-y-el-director-del-invias\/\",\"name\":\"Di\u00e1logo entre el Gobernador y el director del Invias -\",\"isPartOf\":{\"@id\":\"https:\/\/luchonoticias.com\/editor\/#website\"},\"datePublished\":\"2022-09-14T10:27:47+00:00\",\"dateModified\":\"2022-09-14T10:27:48+00:00\",\"breadcrumb\":{\"@id\":\"https:\/\/luchonoticias.com\/editor\/dialogo-entre-el-gobernador-y-el-director-del-invias\/#breadcrumb\"},\"inLanguage\":\"es\",\"potentialAction\":[{\"@type\":\"ReadAction\",\"target\":[\"https:\/\/luchonoticias.com\/editor\/dialogo-entre-el-gobernador-y-el-director-del-invias\/\"]}]},{\"@type\":\"BreadcrumbList\",\"@id\":\"https:\/\/luchonoticias.com\/editor\/dialogo-entre-el-gobernador-y-el-director-del-invias\/#breadcrumb\",\"itemListElement\":[{\"@type\":\"ListItem\",\"position\":1,\"name\":\"Portada\",\"item\":\"https:\/\/luchonoticias.com\/editor\/\"},{\"@type\":\"ListItem\",\"position\":2,\"name\":\"Di\u00e1logo entre el Gobernador y el director del Invias\"}]},{\"@type\":\"WebSite\",\"@id\":\"https:\/\/luchonoticias.com\/editor\/#website\",\"url\":\"https:\/\/luchonoticias.com\/editor\/\",\"name\":\"\",\"description\":\"\",\"publisher\":{\"@id\":\"https:\/\/luchonoticias.com\/editor\/#\/schema\/person\/7a7fd911f58561fd056dbac7b55af9cd\"},\"potentialAction\":[{\"@type\":\"SearchAction\",\"target\":{\"@type\":\"EntryPoint\",\"urlTemplate\":\"https:\/\/luchonoticias.com\/editor\/?s={search_term_string}\"},\"query-input\":{\"@type\":\"PropertyValueSpecification\",\"valueRequired\":true,\"valueName\":\"search_term_string\"}}],\"inLanguage\":\"es\"},{\"@type\":[\"Person\",\"Organization\"],\"@id\":\"https:\/\/luchonoticias.com\/editor\/#\/schema\/person\/7a7fd911f58561fd056dbac7b55af9cd\",\"name\":\"admin\",\"image\":{\"@type\":\"ImageObject\",\"inLanguage\":\"es\",\"@id\":\"https:\/\/luchonoticias.com\/editor\/#\/schema\/person\/image\/\",\"url\":\"https:\/\/luchonoticias.com\/editor\/wp-content\/uploads\/2024\/02\/cropped-cropped-logolu.webp\",\"contentUrl\":\"https:\/\/luchonoticias.com\/editor\/wp-content\/uploads\/2024\/02\/cropped-cropped-logolu.webp\",\"width\":382,\"height\":170,\"caption\":\"admin\"},\"logo\":{\"@id\":\"https:\/\/luchonoticias.com\/editor\/#\/schema\/person\/image\/\"},\"sameAs\":[\"https:\/\/www.facebook.com\/luchonoticiasneiva\"],\"url\":\"https:\/\/luchonoticias.com\/editor\/author\/admin\/\"}]}<\/script>\n<!-- \/ Yoast SEO plugin. -->","yoast_head_json":{"title":"Di\u00e1logo entre el Gobernador y el director del Invias -","robots":{"index":"index","follow":"follow","max-snippet":"max-snippet:-1","max-image-preview":"max-image-preview:large","max-video-preview":"max-video-preview:-1"},"canonical":"https:\/\/luchonoticias.com\/editor\/dialogo-entre-el-gobernador-y-el-director-del-invias\/","og_locale":"es_ES","og_type":"article","og_title":"Di\u00e1logo entre el Gobernador y el director del Invias -","og_url":"https:\/\/luchonoticias.com\/editor\/dialogo-entre-el-gobernador-y-el-director-del-invias\/","article_publisher":"https:\/\/www.facebook.com\/luchonoticiasneiva","article_author":"https:\/\/www.facebook.com\/luchonoticiasneiva","article_published_time":"2022-09-14T10:27:47+00:00","article_modified_time":"2022-09-14T10:27:48+00:00","author":"admin","twitter_card":"summary_large_image","twitter_misc":{"Escrito por":"admin","Tiempo de lectura":"3 minutos"},"schema":{"@context":"https:\/\/schema.org","@graph":[{"@type":"Article","@id":"https:\/\/luchonoticias.com\/editor\/dialogo-entre-el-gobernador-y-el-director-del-invias\/#article","isPartOf":{"@id":"https:\/\/luchonoticias.com\/editor\/dialogo-entre-el-gobernador-y-el-director-del-invias\/"},"author":{"name":"admin","@id":"https:\/\/luchonoticias.com\/editor\/#\/schema\/person\/7a7fd911f58561fd056dbac7b55af9cd"},"headline":"Di\u00e1logo entre el Gobernador y el director del Invias","datePublished":"2022-09-14T10:27:47+00:00","dateModified":"2022-09-14T10:27:48+00:00","mainEntityOfPage":{"@id":"https:\/\/luchonoticias.com\/editor\/dialogo-entre-el-gobernador-y-el-director-del-invias\/"},"wordCount":534,"commentCount":0,"publisher":{"@id":"https:\/\/luchonoticias.com\/editor\/#\/schema\/person\/7a7fd911f58561fd056dbac7b55af9cd"},"articleSection":["Huila"],"inLanguage":"es","potentialAction":[{"@type":"CommentAction","name":"Comment","target":["https:\/\/luchonoticias.com\/editor\/dialogo-entre-el-gobernador-y-el-director-del-invias\/#respond"]}]},{"@type":"WebPage","@id":"https:\/\/luchonoticias.com\/editor\/dialogo-entre-el-gobernador-y-el-director-del-invias\/","url":"https:\/\/luchonoticias.com\/editor\/dialogo-entre-el-gobernador-y-el-director-del-invias\/","name":"Di\u00e1logo entre el Gobernador y el director del Invias -","isPartOf":{"@id":"https:\/\/luchonoticias.com\/editor\/#website"},"datePublished":"2022-09-14T10:27:47+00:00","dateModified":"2022-09-14T10:27:48+00:00","breadcrumb":{"@id":"https:\/\/luchonoticias.com\/editor\/dialogo-entre-el-gobernador-y-el-director-del-invias\/#breadcrumb"},"inLanguage":"es","potentialAction":[{"@type":"ReadAction","target":["https:\/\/luchonoticias.com\/editor\/dialogo-entre-el-gobernador-y-el-director-del-invias\/"]}]},{"@type":"BreadcrumbList","@id":"https:\/\/luchonoticias.com\/editor\/dialogo-entre-el-gobernador-y-el-director-del-invias\/#breadcrumb","itemListElement":[{"@type":"ListItem","position":1,"name":"Portada","item":"https:\/\/luchonoticias.com\/editor\/"},{"@type":"ListItem","position":2,"name":"Di\u00e1logo entre el Gobernador y el director del Invias"}]},{"@type":"WebSite","@id":"https:\/\/luchonoticias.com\/editor\/#website","url":"https:\/\/luchonoticias.com\/editor\/","name":"","description":"","publisher":{"@id":"https:\/\/luchonoticias.com\/editor\/#\/schema\/person\/7a7fd911f58561fd056dbac7b55af9cd"},"potentialAction":[{"@type":"SearchAction","target":{"@type":"EntryPoint","urlTemplate":"https:\/\/luchonoticias.com\/editor\/?s={search_term_string}"},"query-input":{"@type":"PropertyValueSpecification","valueRequired":true,"valueName":"search_term_string"}}],"inLanguage":"es"},{"@type":["Person","Organization"],"@id":"https:\/\/luchonoticias.com\/editor\/#\/schema\/person\/7a7fd911f58561fd056dbac7b55af9cd","name":"admin","image":{"@type":"ImageObject","inLanguage":"es","@id":"https:\/\/luchonoticias.com\/editor\/#\/schema\/person\/image\/","url":"https:\/\/luchonoticias.com\/editor\/wp-content\/uploads\/2024\/02\/cropped-cropped-logolu.webp","contentUrl":"https:\/\/luchonoticias.com\/editor\/wp-content\/uploads\/2024\/02\/cropped-cropped-logolu.webp","width":382,"height":170,"caption":"admin"},"logo":{"@id":"https:\/\/luchonoticias.com\/editor\/#\/schema\/person\/image\/"},"sameAs":["https:\/\/www.facebook.com\/luchonoticiasneiva"],"url":"https:\/\/luchonoticias.com\/editor\/author\/admin\/"}]}},"_links":{"self":[{"href":"https:\/\/luchonoticias.com\/editor\/wp-json\/wp\/v2\/posts\/34343","targetHints":{"allow":["GET"]}}],"collection":[{"href":"https:\/\/luchonoticias.com\/editor\/wp-json\/wp\/v2\/posts"}],"about":[{"href":"https:\/\/luchonoticias.com\/editor\/wp-json\/wp\/v2\/types\/post"}],"author":[{"embeddable":true,"href":"https:\/\/luchonoticias.com\/editor\/wp-json\/wp\/v2\/users\/1"}],"replies":[{"embeddable":true,"href":"https:\/\/luchonoticias.com\/editor\/wp-json\/wp\/v2\/comments?post=34343"}],"version-history":[{"count":0,"href":"https:\/\/luchonoticias.com\/editor\/wp-json\/wp\/v2\/posts\/34343\/revisions"}],"wp:attachment":[{"href":"https:\/\/luchonoticias.com\/editor\/wp-json\/wp\/v2\/media?parent=34343"}],"wp:term":[{"taxonomy":"category","embeddable":true,"href":"https:\/\/luchonoticias.com\/editor\/wp-json\/wp\/v2\/categories?post=34343"},{"taxonomy":"post_tag","embeddable":true,"href":"https:\/\/luchonoticias.com\/editor\/wp-json\/wp\/v2\/tags?post=34343"}],"curies":[{"name":"wp","href":"https:\/\/api.w.org\/{rel}","templated":true}]}}