{"id":34349,"date":"2022-09-14T05:30:31","date_gmt":"2022-09-14T10:30:31","guid":{"rendered":"https:\/\/luchonoticias.com\/?p=34349"},"modified":"2022-09-14T05:30:31","modified_gmt":"2022-09-14T10:30:31","slug":"nueva-variedad-de-frijol-en-el-huila","status":"publish","type":"post","link":"https:\/\/luchonoticias.com\/editor\/nueva-variedad-de-frijol-en-el-huila\/","title":{"rendered":"Nueva variedad de frijol en el Huila"},"content":{"rendered":"\n<p>El Gobierno \u00abHuila Crece\u00bb, junto con aliados estrat\u00e9gicos como el Ministerio de Agricultura,&nbsp; la Federaci\u00f3n Nacional de Cultivadores de Cereales, Leguminosas y Soya \u2013 FENALCE, Agrosavia, casas de agroinsumos, y asociaciones de productores frijol de 6 municipios huilenses, particip\u00f3 en un d\u00eda de campo desarrollado en zona rural del municipio de El Pital,&nbsp; donde se hizo el lanzamiento de la&nbsp;<strong>nueva variedad de Cargamanto Huila FNL 199.&nbsp;<\/strong><\/p>\n\n\n\n<p>Esta nueva variedad de frijol desarrollada por el Centro Internacional de Agricultura Tropical \u2013 CIAT,&nbsp;<strong>tiene varias caracter\u00edsticas que lo hacen especial dentro del grupo de estas leguminosas<\/strong>, al ser resistente a enfermedades limitantes, logrando adem\u00e1s buena producci\u00f3n, buen peso, y ser muy atractivo visualmente para el mercado de productos frescos, como lo indica el ingeniero Daniel Echavarr\u00eda, Coordinador Regional Huila de Fenalce.<\/p>\n\n\n\n<p>\u201cUna de las principales bondades que tiene este frijol para el departamento del Huila, es que&nbsp;<strong>present\u00f3 una adaptabilidad agron\u00f3mica muy importante en los Municipios de El Pital y San Agust\u00edn<\/strong>, siendo tolerante a la Antracnosis que es la enfermedad limitante para el frijol a nivel nacional, a lo que se le suma que es una variedad precoz (Ciclo Fenol\u00f3gico m\u00e1s corto), y tiene buena aceptaci\u00f3n por parte de las amas de casa, y compradores del grano\u201d.<\/p>\n\n\n\n<p>Durante la liberaci\u00f3n de esta nueva semilla, donde adem\u00e1s se entregaron muestras a los participantes, el secretario t\u00e9cnico de la cadena de cereales y leguminosas del Huila, Alfonso Gait\u00e1n, celebr\u00f3 el desarrollo de esta nueva variedad, que&nbsp;<strong>tendr\u00e1 un impacto positivo en la producci\u00f3n para el departamento del Huila<\/strong>, que hoy lo mantiene a la cabeza como primer productor de frijol a nivel nacional.<\/p>\n\n\n\n<p>\u201cPara la gobernaci\u00f3n del Huila en cabeza del ingeniero, Luis Enrique Duss\u00e1n y el Secretario de Agricultura, Dilberto Trujillo, esta evento es trascendental, pues no todos los d\u00edas se crea una nueva variedad de frijol m\u00e1xime cuando es una variedad regional de nuestro departamento, tolerante a Antracnosis, de alto rendimiento, con un ciclo de producci\u00f3n un mes m\u00e1s corto que las dem\u00e1s variedades, situaci\u00f3n que va a beneficiar enormemente a los frijoleros del departamento\u201d.&nbsp;<\/p>\n","protected":false},"excerpt":{"rendered":"<p>El Gobierno \u00abHuila Crece\u00bb, junto con aliados estrat\u00e9gicos como el Ministerio de Agricultura,&nbsp; la Federaci\u00f3n Nacional de Cultivadores de Cereales, Leguminosas y Soya \u2013 FENALCE, Agrosavia, casas de agroinsumos, y asociaciones de productores frijol de 6 municipios huilenses, particip\u00f3 en un d\u00eda de campo desarrollado en zona rural del municipio de El Pital,&nbsp; donde se [&hellip;]<\/p>\n","protected":false},"author":1,"featured_media":0,"comment_status":"open","ping_status":"open","sticky":false,"template":"","format":"standard","meta":{"footnotes":""},"categories":[33],"tags":[],"class_list":["post-34349","post","type-post","status-publish","format-standard","hentry","category-huila"],"yoast_head":"<!-- This site is optimized with the Yoast SEO plugin v26.6 - https:\/\/yoast.com\/wordpress\/plugins\/seo\/ -->\n<title>Nueva variedad de frijol en el Huila -<\/title>\n<meta name=\"robots\" content=\"index, follow, max-snippet:-1, max-image-preview:large, max-video-preview:-1\" \/>\n<link rel=\"canonical\" href=\"https:\/\/luchonoticias.com\/editor\/nueva-variedad-de-frijol-en-el-huila\/\" \/>\n<meta property=\"og:locale\" content=\"es_ES\" \/>\n<meta property=\"og:type\" content=\"article\" \/>\n<meta property=\"og:title\" content=\"Nueva variedad de frijol en el Huila -\" \/>\n<meta property=\"og:url\" content=\"https:\/\/luchonoticias.com\/editor\/nueva-variedad-de-frijol-en-el-huila\/\" \/>\n<meta property=\"article:publisher\" content=\"https:\/\/www.facebook.com\/luchonoticiasneiva\" \/>\n<meta property=\"article:author\" content=\"https:\/\/www.facebook.com\/luchonoticiasneiva\" \/>\n<meta property=\"article:published_time\" content=\"2022-09-14T10:30:31+00:00\" \/>\n<meta name=\"author\" content=\"admin\" \/>\n<meta name=\"twitter:card\" content=\"summary_large_image\" \/>\n<meta name=\"twitter:label1\" content=\"Escrito por\" \/>\n\t<meta name=\"twitter:data1\" content=\"admin\" \/>\n\t<meta name=\"twitter:label2\" content=\"Tiempo de lectura\" \/>\n\t<meta name=\"twitter:data2\" content=\"2 minutos\" \/>\n<script type=\"application\/ld+json\" class=\"yoast-schema-graph\">{\"@context\":\"https:\/\/schema.org\",\"@graph\":[{\"@type\":\"Article\",\"@id\":\"https:\/\/luchonoticias.com\/editor\/nueva-variedad-de-frijol-en-el-huila\/#article\",\"isPartOf\":{\"@id\":\"https:\/\/luchonoticias.com\/editor\/nueva-variedad-de-frijol-en-el-huila\/\"},\"author\":{\"name\":\"admin\",\"@id\":\"https:\/\/luchonoticias.com\/editor\/#\/schema\/person\/7a7fd911f58561fd056dbac7b55af9cd\"},\"headline\":\"Nueva variedad de frijol en el Huila\",\"datePublished\":\"2022-09-14T10:30:31+00:00\",\"mainEntityOfPage\":{\"@id\":\"https:\/\/luchonoticias.com\/editor\/nueva-variedad-de-frijol-en-el-huila\/\"},\"wordCount\":381,\"commentCount\":0,\"publisher\":{\"@id\":\"https:\/\/luchonoticias.com\/editor\/#\/schema\/person\/7a7fd911f58561fd056dbac7b55af9cd\"},\"articleSection\":[\"Huila\"],\"inLanguage\":\"es\",\"potentialAction\":[{\"@type\":\"CommentAction\",\"name\":\"Comment\",\"target\":[\"https:\/\/luchonoticias.com\/editor\/nueva-variedad-de-frijol-en-el-huila\/#respond\"]}]},{\"@type\":\"WebPage\",\"@id\":\"https:\/\/luchonoticias.com\/editor\/nueva-variedad-de-frijol-en-el-huila\/\",\"url\":\"https:\/\/luchonoticias.com\/editor\/nueva-variedad-de-frijol-en-el-huila\/\",\"name\":\"Nueva variedad de frijol en el Huila -\",\"isPartOf\":{\"@id\":\"https:\/\/luchonoticias.com\/editor\/#website\"},\"datePublished\":\"2022-09-14T10:30:31+00:00\",\"breadcrumb\":{\"@id\":\"https:\/\/luchonoticias.com\/editor\/nueva-variedad-de-frijol-en-el-huila\/#breadcrumb\"},\"inLanguage\":\"es\",\"potentialAction\":[{\"@type\":\"ReadAction\",\"target\":[\"https:\/\/luchonoticias.com\/editor\/nueva-variedad-de-frijol-en-el-huila\/\"]}]},{\"@type\":\"BreadcrumbList\",\"@id\":\"https:\/\/luchonoticias.com\/editor\/nueva-variedad-de-frijol-en-el-huila\/#breadcrumb\",\"itemListElement\":[{\"@type\":\"ListItem\",\"position\":1,\"name\":\"Portada\",\"item\":\"https:\/\/luchonoticias.com\/editor\/\"},{\"@type\":\"ListItem\",\"position\":2,\"name\":\"Nueva variedad de frijol en el Huila\"}]},{\"@type\":\"WebSite\",\"@id\":\"https:\/\/luchonoticias.com\/editor\/#website\",\"url\":\"https:\/\/luchonoticias.com\/editor\/\",\"name\":\"\",\"description\":\"\",\"publisher\":{\"@id\":\"https:\/\/luchonoticias.com\/editor\/#\/schema\/person\/7a7fd911f58561fd056dbac7b55af9cd\"},\"potentialAction\":[{\"@type\":\"SearchAction\",\"target\":{\"@type\":\"EntryPoint\",\"urlTemplate\":\"https:\/\/luchonoticias.com\/editor\/?s={search_term_string}\"},\"query-input\":{\"@type\":\"PropertyValueSpecification\",\"valueRequired\":true,\"valueName\":\"search_term_string\"}}],\"inLanguage\":\"es\"},{\"@type\":[\"Person\",\"Organization\"],\"@id\":\"https:\/\/luchonoticias.com\/editor\/#\/schema\/person\/7a7fd911f58561fd056dbac7b55af9cd\",\"name\":\"admin\",\"image\":{\"@type\":\"ImageObject\",\"inLanguage\":\"es\",\"@id\":\"https:\/\/luchonoticias.com\/editor\/#\/schema\/person\/image\/\",\"url\":\"https:\/\/luchonoticias.com\/editor\/wp-content\/uploads\/2024\/02\/cropped-cropped-logolu.webp\",\"contentUrl\":\"https:\/\/luchonoticias.com\/editor\/wp-content\/uploads\/2024\/02\/cropped-cropped-logolu.webp\",\"width\":382,\"height\":170,\"caption\":\"admin\"},\"logo\":{\"@id\":\"https:\/\/luchonoticias.com\/editor\/#\/schema\/person\/image\/\"},\"sameAs\":[\"https:\/\/www.facebook.com\/luchonoticiasneiva\"],\"url\":\"https:\/\/luchonoticias.com\/editor\/author\/admin\/\"}]}<\/script>\n<!-- \/ Yoast SEO plugin. -->","yoast_head_json":{"title":"Nueva variedad de frijol en el Huila -","robots":{"index":"index","follow":"follow","max-snippet":"max-snippet:-1","max-image-preview":"max-image-preview:large","max-video-preview":"max-video-preview:-1"},"canonical":"https:\/\/luchonoticias.com\/editor\/nueva-variedad-de-frijol-en-el-huila\/","og_locale":"es_ES","og_type":"article","og_title":"Nueva variedad de frijol en el Huila -","og_url":"https:\/\/luchonoticias.com\/editor\/nueva-variedad-de-frijol-en-el-huila\/","article_publisher":"https:\/\/www.facebook.com\/luchonoticiasneiva","article_author":"https:\/\/www.facebook.com\/luchonoticiasneiva","article_published_time":"2022-09-14T10:30:31+00:00","author":"admin","twitter_card":"summary_large_image","twitter_misc":{"Escrito por":"admin","Tiempo de lectura":"2 minutos"},"schema":{"@context":"https:\/\/schema.org","@graph":[{"@type":"Article","@id":"https:\/\/luchonoticias.com\/editor\/nueva-variedad-de-frijol-en-el-huila\/#article","isPartOf":{"@id":"https:\/\/luchonoticias.com\/editor\/nueva-variedad-de-frijol-en-el-huila\/"},"author":{"name":"admin","@id":"https:\/\/luchonoticias.com\/editor\/#\/schema\/person\/7a7fd911f58561fd056dbac7b55af9cd"},"headline":"Nueva variedad de frijol en el Huila","datePublished":"2022-09-14T10:30:31+00:00","mainEntityOfPage":{"@id":"https:\/\/luchonoticias.com\/editor\/nueva-variedad-de-frijol-en-el-huila\/"},"wordCount":381,"commentCount":0,"publisher":{"@id":"https:\/\/luchonoticias.com\/editor\/#\/schema\/person\/7a7fd911f58561fd056dbac7b55af9cd"},"articleSection":["Huila"],"inLanguage":"es","potentialAction":[{"@type":"CommentAction","name":"Comment","target":["https:\/\/luchonoticias.com\/editor\/nueva-variedad-de-frijol-en-el-huila\/#respond"]}]},{"@type":"WebPage","@id":"https:\/\/luchonoticias.com\/editor\/nueva-variedad-de-frijol-en-el-huila\/","url":"https:\/\/luchonoticias.com\/editor\/nueva-variedad-de-frijol-en-el-huila\/","name":"Nueva variedad de frijol en el Huila -","isPartOf":{"@id":"https:\/\/luchonoticias.com\/editor\/#website"},"datePublished":"2022-09-14T10:30:31+00:00","breadcrumb":{"@id":"https:\/\/luchonoticias.com\/editor\/nueva-variedad-de-frijol-en-el-huila\/#breadcrumb"},"inLanguage":"es","potentialAction":[{"@type":"ReadAction","target":["https:\/\/luchonoticias.com\/editor\/nueva-variedad-de-frijol-en-el-huila\/"]}]},{"@type":"BreadcrumbList","@id":"https:\/\/luchonoticias.com\/editor\/nueva-variedad-de-frijol-en-el-huila\/#breadcrumb","itemListElement":[{"@type":"ListItem","position":1,"name":"Portada","item":"https:\/\/luchonoticias.com\/editor\/"},{"@type":"ListItem","position":2,"name":"Nueva variedad de frijol en el Huila"}]},{"@type":"WebSite","@id":"https:\/\/luchonoticias.com\/editor\/#website","url":"https:\/\/luchonoticias.com\/editor\/","name":"","description":"","publisher":{"@id":"https:\/\/luchonoticias.com\/editor\/#\/schema\/person\/7a7fd911f58561fd056dbac7b55af9cd"},"potentialAction":[{"@type":"SearchAction","target":{"@type":"EntryPoint","urlTemplate":"https:\/\/luchonoticias.com\/editor\/?s={search_term_string}"},"query-input":{"@type":"PropertyValueSpecification","valueRequired":true,"valueName":"search_term_string"}}],"inLanguage":"es"},{"@type":["Person","Organization"],"@id":"https:\/\/luchonoticias.com\/editor\/#\/schema\/person\/7a7fd911f58561fd056dbac7b55af9cd","name":"admin","image":{"@type":"ImageObject","inLanguage":"es","@id":"https:\/\/luchonoticias.com\/editor\/#\/schema\/person\/image\/","url":"https:\/\/luchonoticias.com\/editor\/wp-content\/uploads\/2024\/02\/cropped-cropped-logolu.webp","contentUrl":"https:\/\/luchonoticias.com\/editor\/wp-content\/uploads\/2024\/02\/cropped-cropped-logolu.webp","width":382,"height":170,"caption":"admin"},"logo":{"@id":"https:\/\/luchonoticias.com\/editor\/#\/schema\/person\/image\/"},"sameAs":["https:\/\/www.facebook.com\/luchonoticiasneiva"],"url":"https:\/\/luchonoticias.com\/editor\/author\/admin\/"}]}},"_links":{"self":[{"href":"https:\/\/luchonoticias.com\/editor\/wp-json\/wp\/v2\/posts\/34349","targetHints":{"allow":["GET"]}}],"collection":[{"href":"https:\/\/luchonoticias.com\/editor\/wp-json\/wp\/v2\/posts"}],"about":[{"href":"https:\/\/luchonoticias.com\/editor\/wp-json\/wp\/v2\/types\/post"}],"author":[{"embeddable":true,"href":"https:\/\/luchonoticias.com\/editor\/wp-json\/wp\/v2\/users\/1"}],"replies":[{"embeddable":true,"href":"https:\/\/luchonoticias.com\/editor\/wp-json\/wp\/v2\/comments?post=34349"}],"version-history":[{"count":0,"href":"https:\/\/luchonoticias.com\/editor\/wp-json\/wp\/v2\/posts\/34349\/revisions"}],"wp:attachment":[{"href":"https:\/\/luchonoticias.com\/editor\/wp-json\/wp\/v2\/media?parent=34349"}],"wp:term":[{"taxonomy":"category","embeddable":true,"href":"https:\/\/luchonoticias.com\/editor\/wp-json\/wp\/v2\/categories?post=34349"},{"taxonomy":"post_tag","embeddable":true,"href":"https:\/\/luchonoticias.com\/editor\/wp-json\/wp\/v2\/tags?post=34349"}],"curies":[{"name":"wp","href":"https:\/\/api.w.org\/{rel}","templated":true}]}}