{"id":34352,"date":"2022-09-14T06:34:39","date_gmt":"2022-09-14T11:34:39","guid":{"rendered":"https:\/\/luchonoticias.com\/?p=34352"},"modified":"2022-09-14T06:34:40","modified_gmt":"2022-09-14T11:34:40","slug":"pedimos-al-congreso-de-la-republica-no-echar-atras-ni-en-la-reforma-tributaria-ni-en-el-presupuesto-de-2023-presidente-petro","status":"publish","type":"post","link":"https:\/\/luchonoticias.com\/editor\/pedimos-al-congreso-de-la-republica-no-echar-atras-ni-en-la-reforma-tributaria-ni-en-el-presupuesto-de-2023-presidente-petro\/","title":{"rendered":"Pedimos al Congreso de La Rep\u00fablica no echar atr\u00e1s ni en la reforma tributaria, ni en el presupuesto de 2023: Presidente Petro"},"content":{"rendered":"\n<p>En un mensaje a las fuerzas progresistas del Congreso, el Presidente Gustavo Petro pidi\u00f3 este martes no dar marcha atr\u00e1s y avanzar en el logro de los objetivos propuestos en la reforma tributaria y en la modificaci\u00f3n del presupuesto nacional de 2023, con miras a cumplir los compromisos de su administraci\u00f3n con el electorado.<\/p>\n\n\n\n<p>\u201cLa intenci\u00f3n de agotarnos financiera y fiscalmente y ahogarnos, hasta ahora no ha prosperado. Y lanzamos los primeros mensajes a partir del presupuesto: si un programa de gobierno no est\u00e1 en el presupuesto, es carreta. Si el programa que hemos propuesto est\u00e1 en el presupuesto, suficientemente financiado, estamos cumpliendo al electorado\u201d, precis\u00f3.<\/p>\n\n\n\n<p>El Mandatario recalc\u00f3: \u201cSabemos lo que pasa en el Congreso de la Rep\u00fablica, y les pedimos a las fuerzas progresistas del Congreso de la Rep\u00fablica no echar atr\u00e1s ni en la reforma tributaria ni en el presupuesto\u201d.<\/p>\n\n\n\n<p><strong>Incremento de recursos en el presupuesto de 2023<\/strong><\/p>\n\n\n\n<p>En relaci\u00f3n con el presupuesto nacional de 2023 \u2014que fue presentado al Congreso por el gobierno anterior\u2014, el Presidente Petro destac\u00f3 que su administraci\u00f3n ha propuesto un incremento de 14,3 billones de pesos, recursos que se destinar\u00e1n a reforma agraria, producci\u00f3n agropecuaria y lucha contra el hambre, educaci\u00f3n superior, agua potable, sustituci\u00f3n de cultivos il\u00edcitos y salud.<\/p>\n\n\n\n<p>\u201cEsos 14,3 billones de pesos \u2014explic\u00f3 el Mandatario\u2014, que ya logramos que se aprobaran, adicionales al presupuesto presentado por el anterior gobierno, se van a destinar, en primer lugar, si lo aprueba el Congreso\u201d, de la siguiente manera:<\/p>\n\n\n\n<p>&#8211; Un incremento de 2 billones de pesos en agricultura para compra de tierras, reforma agraria e incremento de la producci\u00f3n agraria en la lucha contra el hambre.<\/p>\n\n\n\n<p>&#8211; Un incremento en 1,3 billones de pesos del presupuesto de la educaci\u00f3n superior en Colombia para construir infraestructura universitaria, comenzando en las regiones m\u00e1s excluidas, y para la gratuidad de la educaci\u00f3n superior.<\/p>\n\n\n\n<p>&#8211; Un incremento en 1 bill\u00f3n de pesos para programas de agua potable del Ministerio de Vivienda, comenzando por las regiones con mayor tasa de mortalidad por desnutrici\u00f3n infantil.<\/p>\n\n\n\n<p>&#8211; Un incremento de 1,3 billones de pesos del presupuesto para cumplir el punto del acuerdo con las Farc sobre sustituci\u00f3n voluntaria de cultivos il\u00edcitos, con pagos a las familias productoras, a trav\u00e9s del programa PNIS, \u201cobjetivos que creemos son bandera del programa de \u2018Colombia, potencia mundial de la vida\u2019\u201d.<\/p>\n\n\n\n<p>&#8211; Un incremento de 1 bill\u00f3n de pesos del presupuesto del Ministerio de Salud para comenzar el programa de construcci\u00f3n de un modelo alternativo de la Ley 100, que es el modelo preventivo en salud, con el agua, que es un determinante social en salud, y con el comienzo de contrataci\u00f3n de equipos m\u00e9dicos para ir casa a casa hasta el territorio m\u00e1s apartado.<\/p>\n\n\n\n<p>De esta manera, \u201cempezamos a cambiar el modelo de salud, volviendo la salud un derecho universal\u201d, sostuvo el Mandatario.<\/p>\n\n\n\n<p><strong>Reforma tributaria<\/strong><\/p>\n\n\n\n<p>Respecto a la reforma tributaria, el Jefe de Estado consider\u00f3 que \u201ctiene que fortalecerse\u201d y \u201cdebe ser progresiva, es decir, afectar a los que m\u00e1s tienen en Colombia\u201d, en lo cual \u201cno retrocedemos\u201d.<\/p>\n\n\n\n<p>Y agreg\u00f3 que \u201cdebe tener el monto suficiente para que Colombia no sea vulnerable a cualquier estornudo de la econom\u00eda mundial, que se puede chupar esa reforma tributaria simplemente con un alza en la tasa de inter\u00e9s en los Estados Unidos\u201d.<\/p>\n\n\n\n<p>El Presidente Petro concluy\u00f3: \u201cEsos cambios que ya est\u00e1n propuestos al presupuesto que hizo el pasado gobierno y que esperamos se aprueben en el Congreso, se complementar\u00e1n, si se aprueba la reforma tributaria, con la financiaci\u00f3n del catastro multiprop\u00f3sito; con un incremento a\u00fan mayor en agua potable; con llevar a 3 billones de pesos el incremento en educaci\u00f3n superior, con los mismos objetivos; con un incremento sustancial en la pol\u00edtica de sustituci\u00f3n de tierras para v\u00edctimas de la violencia. Y de ah\u00ed las condiciones para transitar hacia energ\u00edas limpias y hacia lograr mayores niveles de conectividad en Colombia, con lo cual creemos que estamos cumpliendo nuestro programa de gobierno\u201d.<\/p>\n\n\n\n<p>El Mandatario se refiri\u00f3 al tema durante la posesi\u00f3n de nuevos funcionarios del Gobierno Nacional: la Directora General del Departamento Administrativo para la Prosperidad Social (DPS), Cielo Elainne Rusinque Urrego; la Consejera Presidencial para la Equidad de la Mujer, Clemencia Carabal\u00ed Rodallega; la Directora del Departamento Administrativo Nacional de Estad\u00edstica (DANE), Beatriz Piedad Urdinola Contreras; el Presidente del Banco Agrario, Hernando Francisco Chica Zuccardi; el Director del Instituto Colombiano para la Evaluaci\u00f3n de la Educaci\u00f3n (ICFES), Andr\u00e9s El\u00edas Molano Flechas; la Directora General del Instituto Colombiano de Bienestar Familiar (ICBF), Concepci\u00f3n Baracaldo Aldana, y el Director General del Instituto Geogr\u00e1fico Agust\u00edn Codazzi (IGAC), Gustavo Adolfo Marulanda Morales.<\/p>\n","protected":false},"excerpt":{"rendered":"<p>En un mensaje a las fuerzas progresistas del Congreso, el Presidente Gustavo Petro pidi\u00f3 este martes no dar marcha atr\u00e1s y avanzar en el logro de los objetivos propuestos en la reforma tributaria y en la modificaci\u00f3n del presupuesto nacional de 2023, con miras a cumplir los compromisos de su administraci\u00f3n con el electorado. \u201cLa [&hellip;]<\/p>\n","protected":false},"author":1,"featured_media":0,"comment_status":"open","ping_status":"open","sticky":false,"template":"","format":"standard","meta":{"footnotes":""},"categories":[36,32],"tags":[],"class_list":["post-34352","post","type-post","status-publish","format-standard","hentry","category-destacado","category-nacional"],"yoast_head":"<!-- This site is optimized with the Yoast SEO plugin v26.6 - https:\/\/yoast.com\/wordpress\/plugins\/seo\/ -->\n<title>Pedimos al Congreso de La Rep\u00fablica no echar atr\u00e1s ni en la reforma tributaria, ni en el presupuesto de 2023: Presidente Petro -<\/title>\n<meta name=\"robots\" content=\"index, follow, max-snippet:-1, max-image-preview:large, max-video-preview:-1\" \/>\n<link rel=\"canonical\" href=\"https:\/\/luchonoticias.com\/editor\/pedimos-al-congreso-de-la-republica-no-echar-atras-ni-en-la-reforma-tributaria-ni-en-el-presupuesto-de-2023-presidente-petro\/\" \/>\n<meta property=\"og:locale\" content=\"es_ES\" \/>\n<meta property=\"og:type\" content=\"article\" \/>\n<meta property=\"og:title\" content=\"Pedimos al Congreso de La Rep\u00fablica no echar atr\u00e1s ni en la reforma tributaria, ni en el presupuesto de 2023: Presidente Petro -\" \/>\n<meta property=\"og:url\" content=\"https:\/\/luchonoticias.com\/editor\/pedimos-al-congreso-de-la-republica-no-echar-atras-ni-en-la-reforma-tributaria-ni-en-el-presupuesto-de-2023-presidente-petro\/\" \/>\n<meta property=\"article:publisher\" content=\"https:\/\/www.facebook.com\/luchonoticiasneiva\" \/>\n<meta property=\"article:author\" content=\"https:\/\/www.facebook.com\/luchonoticiasneiva\" \/>\n<meta property=\"article:published_time\" content=\"2022-09-14T11:34:39+00:00\" \/>\n<meta property=\"article:modified_time\" content=\"2022-09-14T11:34:40+00:00\" \/>\n<meta name=\"author\" content=\"admin\" \/>\n<meta name=\"twitter:card\" content=\"summary_large_image\" \/>\n<meta name=\"twitter:label1\" content=\"Escrito por\" \/>\n\t<meta name=\"twitter:data1\" content=\"admin\" \/>\n\t<meta name=\"twitter:label2\" content=\"Tiempo de lectura\" \/>\n\t<meta name=\"twitter:data2\" content=\"4 minutos\" \/>\n<script type=\"application\/ld+json\" class=\"yoast-schema-graph\">{\"@context\":\"https:\/\/schema.org\",\"@graph\":[{\"@type\":\"Article\",\"@id\":\"https:\/\/luchonoticias.com\/editor\/pedimos-al-congreso-de-la-republica-no-echar-atras-ni-en-la-reforma-tributaria-ni-en-el-presupuesto-de-2023-presidente-petro\/#article\",\"isPartOf\":{\"@id\":\"https:\/\/luchonoticias.com\/editor\/pedimos-al-congreso-de-la-republica-no-echar-atras-ni-en-la-reforma-tributaria-ni-en-el-presupuesto-de-2023-presidente-petro\/\"},\"author\":{\"name\":\"admin\",\"@id\":\"https:\/\/luchonoticias.com\/editor\/#\/schema\/person\/7a7fd911f58561fd056dbac7b55af9cd\"},\"headline\":\"Pedimos al Congreso de La Rep\u00fablica no echar atr\u00e1s ni en la reforma tributaria, ni en el presupuesto de 2023: Presidente Petro\",\"datePublished\":\"2022-09-14T11:34:39+00:00\",\"dateModified\":\"2022-09-14T11:34:40+00:00\",\"mainEntityOfPage\":{\"@id\":\"https:\/\/luchonoticias.com\/editor\/pedimos-al-congreso-de-la-republica-no-echar-atras-ni-en-la-reforma-tributaria-ni-en-el-presupuesto-de-2023-presidente-petro\/\"},\"wordCount\":823,\"commentCount\":0,\"publisher\":{\"@id\":\"https:\/\/luchonoticias.com\/editor\/#\/schema\/person\/7a7fd911f58561fd056dbac7b55af9cd\"},\"articleSection\":[\"Destacado\",\"Nacional\"],\"inLanguage\":\"es\",\"potentialAction\":[{\"@type\":\"CommentAction\",\"name\":\"Comment\",\"target\":[\"https:\/\/luchonoticias.com\/editor\/pedimos-al-congreso-de-la-republica-no-echar-atras-ni-en-la-reforma-tributaria-ni-en-el-presupuesto-de-2023-presidente-petro\/#respond\"]}]},{\"@type\":\"WebPage\",\"@id\":\"https:\/\/luchonoticias.com\/editor\/pedimos-al-congreso-de-la-republica-no-echar-atras-ni-en-la-reforma-tributaria-ni-en-el-presupuesto-de-2023-presidente-petro\/\",\"url\":\"https:\/\/luchonoticias.com\/editor\/pedimos-al-congreso-de-la-republica-no-echar-atras-ni-en-la-reforma-tributaria-ni-en-el-presupuesto-de-2023-presidente-petro\/\",\"name\":\"Pedimos al Congreso de La Rep\u00fablica no echar atr\u00e1s ni en la reforma tributaria, ni en el presupuesto de 2023: Presidente Petro -\",\"isPartOf\":{\"@id\":\"https:\/\/luchonoticias.com\/editor\/#website\"},\"datePublished\":\"2022-09-14T11:34:39+00:00\",\"dateModified\":\"2022-09-14T11:34:40+00:00\",\"breadcrumb\":{\"@id\":\"https:\/\/luchonoticias.com\/editor\/pedimos-al-congreso-de-la-republica-no-echar-atras-ni-en-la-reforma-tributaria-ni-en-el-presupuesto-de-2023-presidente-petro\/#breadcrumb\"},\"inLanguage\":\"es\",\"potentialAction\":[{\"@type\":\"ReadAction\",\"target\":[\"https:\/\/luchonoticias.com\/editor\/pedimos-al-congreso-de-la-republica-no-echar-atras-ni-en-la-reforma-tributaria-ni-en-el-presupuesto-de-2023-presidente-petro\/\"]}]},{\"@type\":\"BreadcrumbList\",\"@id\":\"https:\/\/luchonoticias.com\/editor\/pedimos-al-congreso-de-la-republica-no-echar-atras-ni-en-la-reforma-tributaria-ni-en-el-presupuesto-de-2023-presidente-petro\/#breadcrumb\",\"itemListElement\":[{\"@type\":\"ListItem\",\"position\":1,\"name\":\"Portada\",\"item\":\"https:\/\/luchonoticias.com\/editor\/\"},{\"@type\":\"ListItem\",\"position\":2,\"name\":\"Pedimos al Congreso de La Rep\u00fablica no echar atr\u00e1s ni en la reforma tributaria, ni en el presupuesto de 2023: Presidente Petro\"}]},{\"@type\":\"WebSite\",\"@id\":\"https:\/\/luchonoticias.com\/editor\/#website\",\"url\":\"https:\/\/luchonoticias.com\/editor\/\",\"name\":\"\",\"description\":\"\",\"publisher\":{\"@id\":\"https:\/\/luchonoticias.com\/editor\/#\/schema\/person\/7a7fd911f58561fd056dbac7b55af9cd\"},\"potentialAction\":[{\"@type\":\"SearchAction\",\"target\":{\"@type\":\"EntryPoint\",\"urlTemplate\":\"https:\/\/luchonoticias.com\/editor\/?s={search_term_string}\"},\"query-input\":{\"@type\":\"PropertyValueSpecification\",\"valueRequired\":true,\"valueName\":\"search_term_string\"}}],\"inLanguage\":\"es\"},{\"@type\":[\"Person\",\"Organization\"],\"@id\":\"https:\/\/luchonoticias.com\/editor\/#\/schema\/person\/7a7fd911f58561fd056dbac7b55af9cd\",\"name\":\"admin\",\"image\":{\"@type\":\"ImageObject\",\"inLanguage\":\"es\",\"@id\":\"https:\/\/luchonoticias.com\/editor\/#\/schema\/person\/image\/\",\"url\":\"https:\/\/luchonoticias.com\/editor\/wp-content\/uploads\/2024\/02\/cropped-cropped-logolu.webp\",\"contentUrl\":\"https:\/\/luchonoticias.com\/editor\/wp-content\/uploads\/2024\/02\/cropped-cropped-logolu.webp\",\"width\":382,\"height\":170,\"caption\":\"admin\"},\"logo\":{\"@id\":\"https:\/\/luchonoticias.com\/editor\/#\/schema\/person\/image\/\"},\"sameAs\":[\"https:\/\/www.facebook.com\/luchonoticiasneiva\"],\"url\":\"https:\/\/luchonoticias.com\/editor\/author\/admin\/\"}]}<\/script>\n<!-- \/ Yoast SEO plugin. -->","yoast_head_json":{"title":"Pedimos al Congreso de La Rep\u00fablica no echar atr\u00e1s ni en la reforma tributaria, ni en el presupuesto de 2023: Presidente Petro -","robots":{"index":"index","follow":"follow","max-snippet":"max-snippet:-1","max-image-preview":"max-image-preview:large","max-video-preview":"max-video-preview:-1"},"canonical":"https:\/\/luchonoticias.com\/editor\/pedimos-al-congreso-de-la-republica-no-echar-atras-ni-en-la-reforma-tributaria-ni-en-el-presupuesto-de-2023-presidente-petro\/","og_locale":"es_ES","og_type":"article","og_title":"Pedimos al Congreso de La Rep\u00fablica no echar atr\u00e1s ni en la reforma tributaria, ni en el presupuesto de 2023: Presidente Petro -","og_url":"https:\/\/luchonoticias.com\/editor\/pedimos-al-congreso-de-la-republica-no-echar-atras-ni-en-la-reforma-tributaria-ni-en-el-presupuesto-de-2023-presidente-petro\/","article_publisher":"https:\/\/www.facebook.com\/luchonoticiasneiva","article_author":"https:\/\/www.facebook.com\/luchonoticiasneiva","article_published_time":"2022-09-14T11:34:39+00:00","article_modified_time":"2022-09-14T11:34:40+00:00","author":"admin","twitter_card":"summary_large_image","twitter_misc":{"Escrito por":"admin","Tiempo de lectura":"4 minutos"},"schema":{"@context":"https:\/\/schema.org","@graph":[{"@type":"Article","@id":"https:\/\/luchonoticias.com\/editor\/pedimos-al-congreso-de-la-republica-no-echar-atras-ni-en-la-reforma-tributaria-ni-en-el-presupuesto-de-2023-presidente-petro\/#article","isPartOf":{"@id":"https:\/\/luchonoticias.com\/editor\/pedimos-al-congreso-de-la-republica-no-echar-atras-ni-en-la-reforma-tributaria-ni-en-el-presupuesto-de-2023-presidente-petro\/"},"author":{"name":"admin","@id":"https:\/\/luchonoticias.com\/editor\/#\/schema\/person\/7a7fd911f58561fd056dbac7b55af9cd"},"headline":"Pedimos al Congreso de La Rep\u00fablica no echar atr\u00e1s ni en la reforma tributaria, ni en el presupuesto de 2023: Presidente Petro","datePublished":"2022-09-14T11:34:39+00:00","dateModified":"2022-09-14T11:34:40+00:00","mainEntityOfPage":{"@id":"https:\/\/luchonoticias.com\/editor\/pedimos-al-congreso-de-la-republica-no-echar-atras-ni-en-la-reforma-tributaria-ni-en-el-presupuesto-de-2023-presidente-petro\/"},"wordCount":823,"commentCount":0,"publisher":{"@id":"https:\/\/luchonoticias.com\/editor\/#\/schema\/person\/7a7fd911f58561fd056dbac7b55af9cd"},"articleSection":["Destacado","Nacional"],"inLanguage":"es","potentialAction":[{"@type":"CommentAction","name":"Comment","target":["https:\/\/luchonoticias.com\/editor\/pedimos-al-congreso-de-la-republica-no-echar-atras-ni-en-la-reforma-tributaria-ni-en-el-presupuesto-de-2023-presidente-petro\/#respond"]}]},{"@type":"WebPage","@id":"https:\/\/luchonoticias.com\/editor\/pedimos-al-congreso-de-la-republica-no-echar-atras-ni-en-la-reforma-tributaria-ni-en-el-presupuesto-de-2023-presidente-petro\/","url":"https:\/\/luchonoticias.com\/editor\/pedimos-al-congreso-de-la-republica-no-echar-atras-ni-en-la-reforma-tributaria-ni-en-el-presupuesto-de-2023-presidente-petro\/","name":"Pedimos al Congreso de La Rep\u00fablica no echar atr\u00e1s ni en la reforma tributaria, ni en el presupuesto de 2023: Presidente Petro -","isPartOf":{"@id":"https:\/\/luchonoticias.com\/editor\/#website"},"datePublished":"2022-09-14T11:34:39+00:00","dateModified":"2022-09-14T11:34:40+00:00","breadcrumb":{"@id":"https:\/\/luchonoticias.com\/editor\/pedimos-al-congreso-de-la-republica-no-echar-atras-ni-en-la-reforma-tributaria-ni-en-el-presupuesto-de-2023-presidente-petro\/#breadcrumb"},"inLanguage":"es","potentialAction":[{"@type":"ReadAction","target":["https:\/\/luchonoticias.com\/editor\/pedimos-al-congreso-de-la-republica-no-echar-atras-ni-en-la-reforma-tributaria-ni-en-el-presupuesto-de-2023-presidente-petro\/"]}]},{"@type":"BreadcrumbList","@id":"https:\/\/luchonoticias.com\/editor\/pedimos-al-congreso-de-la-republica-no-echar-atras-ni-en-la-reforma-tributaria-ni-en-el-presupuesto-de-2023-presidente-petro\/#breadcrumb","itemListElement":[{"@type":"ListItem","position":1,"name":"Portada","item":"https:\/\/luchonoticias.com\/editor\/"},{"@type":"ListItem","position":2,"name":"Pedimos al Congreso de La Rep\u00fablica no echar atr\u00e1s ni en la reforma tributaria, ni en el presupuesto de 2023: Presidente Petro"}]},{"@type":"WebSite","@id":"https:\/\/luchonoticias.com\/editor\/#website","url":"https:\/\/luchonoticias.com\/editor\/","name":"","description":"","publisher":{"@id":"https:\/\/luchonoticias.com\/editor\/#\/schema\/person\/7a7fd911f58561fd056dbac7b55af9cd"},"potentialAction":[{"@type":"SearchAction","target":{"@type":"EntryPoint","urlTemplate":"https:\/\/luchonoticias.com\/editor\/?s={search_term_string}"},"query-input":{"@type":"PropertyValueSpecification","valueRequired":true,"valueName":"search_term_string"}}],"inLanguage":"es"},{"@type":["Person","Organization"],"@id":"https:\/\/luchonoticias.com\/editor\/#\/schema\/person\/7a7fd911f58561fd056dbac7b55af9cd","name":"admin","image":{"@type":"ImageObject","inLanguage":"es","@id":"https:\/\/luchonoticias.com\/editor\/#\/schema\/person\/image\/","url":"https:\/\/luchonoticias.com\/editor\/wp-content\/uploads\/2024\/02\/cropped-cropped-logolu.webp","contentUrl":"https:\/\/luchonoticias.com\/editor\/wp-content\/uploads\/2024\/02\/cropped-cropped-logolu.webp","width":382,"height":170,"caption":"admin"},"logo":{"@id":"https:\/\/luchonoticias.com\/editor\/#\/schema\/person\/image\/"},"sameAs":["https:\/\/www.facebook.com\/luchonoticiasneiva"],"url":"https:\/\/luchonoticias.com\/editor\/author\/admin\/"}]}},"_links":{"self":[{"href":"https:\/\/luchonoticias.com\/editor\/wp-json\/wp\/v2\/posts\/34352","targetHints":{"allow":["GET"]}}],"collection":[{"href":"https:\/\/luchonoticias.com\/editor\/wp-json\/wp\/v2\/posts"}],"about":[{"href":"https:\/\/luchonoticias.com\/editor\/wp-json\/wp\/v2\/types\/post"}],"author":[{"embeddable":true,"href":"https:\/\/luchonoticias.com\/editor\/wp-json\/wp\/v2\/users\/1"}],"replies":[{"embeddable":true,"href":"https:\/\/luchonoticias.com\/editor\/wp-json\/wp\/v2\/comments?post=34352"}],"version-history":[{"count":0,"href":"https:\/\/luchonoticias.com\/editor\/wp-json\/wp\/v2\/posts\/34352\/revisions"}],"wp:attachment":[{"href":"https:\/\/luchonoticias.com\/editor\/wp-json\/wp\/v2\/media?parent=34352"}],"wp:term":[{"taxonomy":"category","embeddable":true,"href":"https:\/\/luchonoticias.com\/editor\/wp-json\/wp\/v2\/categories?post=34352"},{"taxonomy":"post_tag","embeddable":true,"href":"https:\/\/luchonoticias.com\/editor\/wp-json\/wp\/v2\/tags?post=34352"}],"curies":[{"name":"wp","href":"https:\/\/api.w.org\/{rel}","templated":true}]}}