{"id":34444,"date":"2022-09-15T05:01:18","date_gmt":"2022-09-15T10:01:18","guid":{"rendered":"https:\/\/luchonoticias.com\/?p=34444"},"modified":"2022-09-15T05:01:19","modified_gmt":"2022-09-15T10:01:19","slug":"arranco-la-segunda-feria-empresarial-en-salud-y-aliados-comerciales-en-neiva","status":"publish","type":"post","link":"https:\/\/luchonoticias.com\/editor\/arranco-la-segunda-feria-empresarial-en-salud-y-aliados-comerciales-en-neiva\/","title":{"rendered":"Arranc\u00f3 la Segunda Feria Empresarial en Salud y Aliados Comerciales en Neiva"},"content":{"rendered":"\n<p>Inici\u00f3 la Segunda Feria Empresarial en Salud y Aliados Comerciales, un evento organizado por la Administraci\u00f3n Municipal, a trav\u00e9s de la Secretar\u00eda de Competitividad, en alianza con el Grupo Empresarial Previred.<\/p>\n\n\n\n<p>Esta feria se estar\u00e1 desarrollando los d\u00edas 14, 15 y 16 de septiembre en la Plazoleta de la Alcald\u00eda de Neiva, en donde 90 empresas del sector salud participan en esta vitrina para promocionar y ofertar sus servicios a los neivanos.<\/p>\n\n\n\n<figure class=\"wp-block-gallery has-nested-images columns-default is-cropped wp-block-gallery-1 is-layout-flex wp-block-gallery-is-layout-flex\">\n<figure class=\"wp-block-image size-large\"><img decoding=\"async\" data-id=\"34449\" src=\"https:\/\/luchonoticias.com\/wp-content\/uploads\/2022\/09\/WhatsApp-Image-2022-09-14-at-8.28.36-PM-1024x768.jpeg\" alt=\"\" class=\"wp-image-34449\"\/><\/figure>\n\n\n\n<figure class=\"wp-block-image size-large\"><img decoding=\"async\" data-id=\"34448\" src=\"https:\/\/luchonoticias.com\/wp-content\/uploads\/2022\/09\/WhatsApp-Image-2022-09-14-at-8.28.35-PM-1024x768.jpeg\" alt=\"\" class=\"wp-image-34448\"\/><\/figure>\n\n\n\n<figure class=\"wp-block-image size-large\"><img decoding=\"async\" data-id=\"34450\" src=\"https:\/\/luchonoticias.com\/wp-content\/uploads\/2022\/09\/WhatsApp-Image-2022-09-14-at-8.28.34-PM-1-1024x768.jpeg\" alt=\"\" class=\"wp-image-34450\"\/><\/figure>\n<\/figure>\n\n\n\n<p><strong>Sector salud, un dinamizador econ\u00f3mico<\/strong><\/p>\n\n\n\n<p>De acuerdo con la secretaria de Competitividad, Maryeli P\u00e9rez Le\u00f3n, desde hace dos a\u00f1os aproximadamente la Administraci\u00f3n Municipal liderada por el alcalde de Neiva Gorky Mu\u00f1oz Calder\u00f3n, ha venido realizando estudios econ\u00f3micos que arrojan que el sector salud tiene una din\u00e1mica importante y un alto potencial en la ciudad, como eje del sur colombiano.<\/p>\n\n\n\n<p>\u201cNeiva atiende a pacientes tanto del Putumayo, Caquet\u00e1, Tolima, pero tambi\u00e9n de la ciudad de Bogot\u00e1 llegan muchos usuarios a hacer uso de servicios est\u00e9ticos, dentales y cirug\u00edas de alta complejidad\u201d, explic\u00f3 la Secretaria de Competitividad sobre la din\u00e1mica importante que genera este sector en la ciudad.<\/p>\n\n\n\n<figure class=\"wp-block-gallery has-nested-images columns-default is-cropped wp-block-gallery-2 is-layout-flex wp-block-gallery-is-layout-flex\">\n<figure class=\"wp-block-image size-large\"><img decoding=\"async\" data-id=\"34453\" src=\"https:\/\/luchonoticias.com\/wp-content\/uploads\/2022\/09\/WhatsApp-Image-2022-09-14-at-8.28.34-PM-1024x768.jpeg\" alt=\"\" class=\"wp-image-34453\"\/><\/figure>\n\n\n\n<figure class=\"wp-block-image size-large\"><img decoding=\"async\" data-id=\"34451\" src=\"https:\/\/luchonoticias.com\/wp-content\/uploads\/2022\/09\/WhatsApp-Image-2022-09-14-at-8.28.33-PM-1-1024x768.jpeg\" alt=\"\" class=\"wp-image-34451\"\/><\/figure>\n\n\n\n<figure class=\"wp-block-image size-large\"><img decoding=\"async\" data-id=\"34452\" src=\"https:\/\/luchonoticias.com\/wp-content\/uploads\/2022\/09\/WhatsApp-Image-2022-09-14-at-8.28.33-PM-1024x768.jpeg\" alt=\"\" class=\"wp-image-34452\"\/><\/figure>\n<\/figure>\n\n\n\n<p><strong>Creaci\u00f3n Cl\u00faster de Salud<\/strong><\/p>\n\n\n\n<p>Por su parte, la gerente Comercial de Previred, Diana Su\u00e1rez, expres\u00f3 que esta es una iniciativa que da un paso importante para la creaci\u00f3n de la iniciativa en Cl\u00faster de Salud, de la mano de la Alcald\u00eda de Neiva y de todas las empresas que realizan actividades econ\u00f3micas vinculadas a la cadena de valor de este sector.<\/p>\n\n\n\n<p>Su\u00e1rez, invit\u00f3 a que conozcan los servicios que se estar\u00e1n promocionando en el marco de esta Feria de la Salud, porque habr\u00e1 muchas sorpresas y beneficios que aportar\u00e1n a mejorar la calidad de vida y el bienestar de los huilenses.<\/p>\n\n\n\n<p>\u201cLos d\u00edas 15 y 16 estar\u00e1n los sectores de comercio, educaci\u00f3n y cr\u00e9dito, porque eso hace parte del complemento de salud que tenemos. Entonces, los invitamos. La apertura es a las 8:00 de la ma\u00f1ana en jornada continua hasta las 4:00 de la tarde\u201d, sostuvo la Gerente Comercial de Previred.<\/p>\n","protected":false},"excerpt":{"rendered":"<p>Inici\u00f3 la Segunda Feria Empresarial en Salud y Aliados Comerciales, un evento organizado por la Administraci\u00f3n Municipal, a trav\u00e9s de la Secretar\u00eda de Competitividad, en alianza con el Grupo Empresarial Previred. Esta feria se estar\u00e1 desarrollando los d\u00edas 14, 15 y 16 de septiembre en la Plazoleta de la Alcald\u00eda de Neiva, en donde 90 [&hellip;]<\/p>\n","protected":false},"author":1,"featured_media":0,"comment_status":"open","ping_status":"open","sticky":false,"template":"","format":"standard","meta":{"footnotes":""},"categories":[36,53],"tags":[],"class_list":["post-34444","post","type-post","status-publish","format-standard","hentry","category-destacado","category-neiva"],"yoast_head":"<!-- This site is optimized with the Yoast SEO plugin v26.6 - https:\/\/yoast.com\/wordpress\/plugins\/seo\/ -->\n<title>Arranc\u00f3 la Segunda Feria Empresarial en Salud y Aliados Comerciales en Neiva -<\/title>\n<meta name=\"robots\" content=\"index, follow, max-snippet:-1, max-image-preview:large, max-video-preview:-1\" \/>\n<link rel=\"canonical\" href=\"https:\/\/luchonoticias.com\/editor\/arranco-la-segunda-feria-empresarial-en-salud-y-aliados-comerciales-en-neiva\/\" \/>\n<meta property=\"og:locale\" content=\"es_ES\" \/>\n<meta property=\"og:type\" content=\"article\" \/>\n<meta property=\"og:title\" content=\"Arranc\u00f3 la Segunda Feria Empresarial en Salud y Aliados Comerciales en Neiva -\" \/>\n<meta property=\"og:url\" content=\"https:\/\/luchonoticias.com\/editor\/arranco-la-segunda-feria-empresarial-en-salud-y-aliados-comerciales-en-neiva\/\" \/>\n<meta property=\"article:publisher\" content=\"https:\/\/www.facebook.com\/luchonoticiasneiva\" \/>\n<meta property=\"article:author\" content=\"https:\/\/www.facebook.com\/luchonoticiasneiva\" \/>\n<meta property=\"article:published_time\" content=\"2022-09-15T10:01:18+00:00\" \/>\n<meta property=\"article:modified_time\" content=\"2022-09-15T10:01:19+00:00\" \/>\n<meta property=\"og:image\" content=\"https:\/\/luchonoticias.com\/wp-content\/uploads\/2022\/09\/WhatsApp-Image-2022-09-14-at-8.28.36-PM-1024x768.jpeg\" \/>\n<meta name=\"author\" content=\"admin\" \/>\n<meta name=\"twitter:card\" content=\"summary_large_image\" \/>\n<meta name=\"twitter:label1\" content=\"Escrito por\" \/>\n\t<meta name=\"twitter:data1\" content=\"admin\" \/>\n\t<meta name=\"twitter:label2\" content=\"Tiempo de lectura\" \/>\n\t<meta name=\"twitter:data2\" content=\"2 minutos\" \/>\n<script type=\"application\/ld+json\" class=\"yoast-schema-graph\">{\"@context\":\"https:\/\/schema.org\",\"@graph\":[{\"@type\":\"Article\",\"@id\":\"https:\/\/luchonoticias.com\/editor\/arranco-la-segunda-feria-empresarial-en-salud-y-aliados-comerciales-en-neiva\/#article\",\"isPartOf\":{\"@id\":\"https:\/\/luchonoticias.com\/editor\/arranco-la-segunda-feria-empresarial-en-salud-y-aliados-comerciales-en-neiva\/\"},\"author\":{\"name\":\"admin\",\"@id\":\"https:\/\/luchonoticias.com\/editor\/#\/schema\/person\/7a7fd911f58561fd056dbac7b55af9cd\"},\"headline\":\"Arranc\u00f3 la Segunda Feria Empresarial en Salud y Aliados Comerciales en Neiva\",\"datePublished\":\"2022-09-15T10:01:18+00:00\",\"dateModified\":\"2022-09-15T10:01:19+00:00\",\"mainEntityOfPage\":{\"@id\":\"https:\/\/luchonoticias.com\/editor\/arranco-la-segunda-feria-empresarial-en-salud-y-aliados-comerciales-en-neiva\/\"},\"wordCount\":366,\"commentCount\":0,\"publisher\":{\"@id\":\"https:\/\/luchonoticias.com\/editor\/#\/schema\/person\/7a7fd911f58561fd056dbac7b55af9cd\"},\"image\":{\"@id\":\"https:\/\/luchonoticias.com\/editor\/arranco-la-segunda-feria-empresarial-en-salud-y-aliados-comerciales-en-neiva\/#primaryimage\"},\"thumbnailUrl\":\"https:\/\/luchonoticias.com\/wp-content\/uploads\/2022\/09\/WhatsApp-Image-2022-09-14-at-8.28.36-PM-1024x768.jpeg\",\"articleSection\":[\"Destacado\",\"Neiva\"],\"inLanguage\":\"es\",\"potentialAction\":[{\"@type\":\"CommentAction\",\"name\":\"Comment\",\"target\":[\"https:\/\/luchonoticias.com\/editor\/arranco-la-segunda-feria-empresarial-en-salud-y-aliados-comerciales-en-neiva\/#respond\"]}]},{\"@type\":\"WebPage\",\"@id\":\"https:\/\/luchonoticias.com\/editor\/arranco-la-segunda-feria-empresarial-en-salud-y-aliados-comerciales-en-neiva\/\",\"url\":\"https:\/\/luchonoticias.com\/editor\/arranco-la-segunda-feria-empresarial-en-salud-y-aliados-comerciales-en-neiva\/\",\"name\":\"Arranc\u00f3 la Segunda Feria Empresarial en Salud y Aliados Comerciales en Neiva -\",\"isPartOf\":{\"@id\":\"https:\/\/luchonoticias.com\/editor\/#website\"},\"primaryImageOfPage\":{\"@id\":\"https:\/\/luchonoticias.com\/editor\/arranco-la-segunda-feria-empresarial-en-salud-y-aliados-comerciales-en-neiva\/#primaryimage\"},\"image\":{\"@id\":\"https:\/\/luchonoticias.com\/editor\/arranco-la-segunda-feria-empresarial-en-salud-y-aliados-comerciales-en-neiva\/#primaryimage\"},\"thumbnailUrl\":\"https:\/\/luchonoticias.com\/wp-content\/uploads\/2022\/09\/WhatsApp-Image-2022-09-14-at-8.28.36-PM-1024x768.jpeg\",\"datePublished\":\"2022-09-15T10:01:18+00:00\",\"dateModified\":\"2022-09-15T10:01:19+00:00\",\"breadcrumb\":{\"@id\":\"https:\/\/luchonoticias.com\/editor\/arranco-la-segunda-feria-empresarial-en-salud-y-aliados-comerciales-en-neiva\/#breadcrumb\"},\"inLanguage\":\"es\",\"potentialAction\":[{\"@type\":\"ReadAction\",\"target\":[\"https:\/\/luchonoticias.com\/editor\/arranco-la-segunda-feria-empresarial-en-salud-y-aliados-comerciales-en-neiva\/\"]}]},{\"@type\":\"ImageObject\",\"inLanguage\":\"es\",\"@id\":\"https:\/\/luchonoticias.com\/editor\/arranco-la-segunda-feria-empresarial-en-salud-y-aliados-comerciales-en-neiva\/#primaryimage\",\"url\":\"https:\/\/luchonoticias.com\/wp-content\/uploads\/2022\/09\/WhatsApp-Image-2022-09-14-at-8.28.36-PM-1024x768.jpeg\",\"contentUrl\":\"https:\/\/luchonoticias.com\/wp-content\/uploads\/2022\/09\/WhatsApp-Image-2022-09-14-at-8.28.36-PM-1024x768.jpeg\"},{\"@type\":\"BreadcrumbList\",\"@id\":\"https:\/\/luchonoticias.com\/editor\/arranco-la-segunda-feria-empresarial-en-salud-y-aliados-comerciales-en-neiva\/#breadcrumb\",\"itemListElement\":[{\"@type\":\"ListItem\",\"position\":1,\"name\":\"Portada\",\"item\":\"https:\/\/luchonoticias.com\/editor\/\"},{\"@type\":\"ListItem\",\"position\":2,\"name\":\"Arranc\u00f3 la Segunda Feria Empresarial en Salud y Aliados Comerciales en Neiva\"}]},{\"@type\":\"WebSite\",\"@id\":\"https:\/\/luchonoticias.com\/editor\/#website\",\"url\":\"https:\/\/luchonoticias.com\/editor\/\",\"name\":\"\",\"description\":\"\",\"publisher\":{\"@id\":\"https:\/\/luchonoticias.com\/editor\/#\/schema\/person\/7a7fd911f58561fd056dbac7b55af9cd\"},\"potentialAction\":[{\"@type\":\"SearchAction\",\"target\":{\"@type\":\"EntryPoint\",\"urlTemplate\":\"https:\/\/luchonoticias.com\/editor\/?s={search_term_string}\"},\"query-input\":{\"@type\":\"PropertyValueSpecification\",\"valueRequired\":true,\"valueName\":\"search_term_string\"}}],\"inLanguage\":\"es\"},{\"@type\":[\"Person\",\"Organization\"],\"@id\":\"https:\/\/luchonoticias.com\/editor\/#\/schema\/person\/7a7fd911f58561fd056dbac7b55af9cd\",\"name\":\"admin\",\"image\":{\"@type\":\"ImageObject\",\"inLanguage\":\"es\",\"@id\":\"https:\/\/luchonoticias.com\/editor\/#\/schema\/person\/image\/\",\"url\":\"https:\/\/luchonoticias.com\/editor\/wp-content\/uploads\/2024\/02\/cropped-cropped-logolu.webp\",\"contentUrl\":\"https:\/\/luchonoticias.com\/editor\/wp-content\/uploads\/2024\/02\/cropped-cropped-logolu.webp\",\"width\":382,\"height\":170,\"caption\":\"admin\"},\"logo\":{\"@id\":\"https:\/\/luchonoticias.com\/editor\/#\/schema\/person\/image\/\"},\"sameAs\":[\"https:\/\/www.facebook.com\/luchonoticiasneiva\"],\"url\":\"https:\/\/luchonoticias.com\/editor\/author\/admin\/\"}]}<\/script>\n<!-- \/ Yoast SEO plugin. -->","yoast_head_json":{"title":"Arranc\u00f3 la Segunda Feria Empresarial en Salud y Aliados Comerciales en Neiva -","robots":{"index":"index","follow":"follow","max-snippet":"max-snippet:-1","max-image-preview":"max-image-preview:large","max-video-preview":"max-video-preview:-1"},"canonical":"https:\/\/luchonoticias.com\/editor\/arranco-la-segunda-feria-empresarial-en-salud-y-aliados-comerciales-en-neiva\/","og_locale":"es_ES","og_type":"article","og_title":"Arranc\u00f3 la Segunda Feria Empresarial en Salud y Aliados Comerciales en Neiva -","og_url":"https:\/\/luchonoticias.com\/editor\/arranco-la-segunda-feria-empresarial-en-salud-y-aliados-comerciales-en-neiva\/","article_publisher":"https:\/\/www.facebook.com\/luchonoticiasneiva","article_author":"https:\/\/www.facebook.com\/luchonoticiasneiva","article_published_time":"2022-09-15T10:01:18+00:00","article_modified_time":"2022-09-15T10:01:19+00:00","og_image":[{"url":"https:\/\/luchonoticias.com\/wp-content\/uploads\/2022\/09\/WhatsApp-Image-2022-09-14-at-8.28.36-PM-1024x768.jpeg","type":"","width":"","height":""}],"author":"admin","twitter_card":"summary_large_image","twitter_misc":{"Escrito por":"admin","Tiempo de lectura":"2 minutos"},"schema":{"@context":"https:\/\/schema.org","@graph":[{"@type":"Article","@id":"https:\/\/luchonoticias.com\/editor\/arranco-la-segunda-feria-empresarial-en-salud-y-aliados-comerciales-en-neiva\/#article","isPartOf":{"@id":"https:\/\/luchonoticias.com\/editor\/arranco-la-segunda-feria-empresarial-en-salud-y-aliados-comerciales-en-neiva\/"},"author":{"name":"admin","@id":"https:\/\/luchonoticias.com\/editor\/#\/schema\/person\/7a7fd911f58561fd056dbac7b55af9cd"},"headline":"Arranc\u00f3 la Segunda Feria Empresarial en Salud y Aliados Comerciales en Neiva","datePublished":"2022-09-15T10:01:18+00:00","dateModified":"2022-09-15T10:01:19+00:00","mainEntityOfPage":{"@id":"https:\/\/luchonoticias.com\/editor\/arranco-la-segunda-feria-empresarial-en-salud-y-aliados-comerciales-en-neiva\/"},"wordCount":366,"commentCount":0,"publisher":{"@id":"https:\/\/luchonoticias.com\/editor\/#\/schema\/person\/7a7fd911f58561fd056dbac7b55af9cd"},"image":{"@id":"https:\/\/luchonoticias.com\/editor\/arranco-la-segunda-feria-empresarial-en-salud-y-aliados-comerciales-en-neiva\/#primaryimage"},"thumbnailUrl":"https:\/\/luchonoticias.com\/wp-content\/uploads\/2022\/09\/WhatsApp-Image-2022-09-14-at-8.28.36-PM-1024x768.jpeg","articleSection":["Destacado","Neiva"],"inLanguage":"es","potentialAction":[{"@type":"CommentAction","name":"Comment","target":["https:\/\/luchonoticias.com\/editor\/arranco-la-segunda-feria-empresarial-en-salud-y-aliados-comerciales-en-neiva\/#respond"]}]},{"@type":"WebPage","@id":"https:\/\/luchonoticias.com\/editor\/arranco-la-segunda-feria-empresarial-en-salud-y-aliados-comerciales-en-neiva\/","url":"https:\/\/luchonoticias.com\/editor\/arranco-la-segunda-feria-empresarial-en-salud-y-aliados-comerciales-en-neiva\/","name":"Arranc\u00f3 la Segunda Feria Empresarial en Salud y Aliados Comerciales en Neiva -","isPartOf":{"@id":"https:\/\/luchonoticias.com\/editor\/#website"},"primaryImageOfPage":{"@id":"https:\/\/luchonoticias.com\/editor\/arranco-la-segunda-feria-empresarial-en-salud-y-aliados-comerciales-en-neiva\/#primaryimage"},"image":{"@id":"https:\/\/luchonoticias.com\/editor\/arranco-la-segunda-feria-empresarial-en-salud-y-aliados-comerciales-en-neiva\/#primaryimage"},"thumbnailUrl":"https:\/\/luchonoticias.com\/wp-content\/uploads\/2022\/09\/WhatsApp-Image-2022-09-14-at-8.28.36-PM-1024x768.jpeg","datePublished":"2022-09-15T10:01:18+00:00","dateModified":"2022-09-15T10:01:19+00:00","breadcrumb":{"@id":"https:\/\/luchonoticias.com\/editor\/arranco-la-segunda-feria-empresarial-en-salud-y-aliados-comerciales-en-neiva\/#breadcrumb"},"inLanguage":"es","potentialAction":[{"@type":"ReadAction","target":["https:\/\/luchonoticias.com\/editor\/arranco-la-segunda-feria-empresarial-en-salud-y-aliados-comerciales-en-neiva\/"]}]},{"@type":"ImageObject","inLanguage":"es","@id":"https:\/\/luchonoticias.com\/editor\/arranco-la-segunda-feria-empresarial-en-salud-y-aliados-comerciales-en-neiva\/#primaryimage","url":"https:\/\/luchonoticias.com\/wp-content\/uploads\/2022\/09\/WhatsApp-Image-2022-09-14-at-8.28.36-PM-1024x768.jpeg","contentUrl":"https:\/\/luchonoticias.com\/wp-content\/uploads\/2022\/09\/WhatsApp-Image-2022-09-14-at-8.28.36-PM-1024x768.jpeg"},{"@type":"BreadcrumbList","@id":"https:\/\/luchonoticias.com\/editor\/arranco-la-segunda-feria-empresarial-en-salud-y-aliados-comerciales-en-neiva\/#breadcrumb","itemListElement":[{"@type":"ListItem","position":1,"name":"Portada","item":"https:\/\/luchonoticias.com\/editor\/"},{"@type":"ListItem","position":2,"name":"Arranc\u00f3 la Segunda Feria Empresarial en Salud y Aliados Comerciales en Neiva"}]},{"@type":"WebSite","@id":"https:\/\/luchonoticias.com\/editor\/#website","url":"https:\/\/luchonoticias.com\/editor\/","name":"","description":"","publisher":{"@id":"https:\/\/luchonoticias.com\/editor\/#\/schema\/person\/7a7fd911f58561fd056dbac7b55af9cd"},"potentialAction":[{"@type":"SearchAction","target":{"@type":"EntryPoint","urlTemplate":"https:\/\/luchonoticias.com\/editor\/?s={search_term_string}"},"query-input":{"@type":"PropertyValueSpecification","valueRequired":true,"valueName":"search_term_string"}}],"inLanguage":"es"},{"@type":["Person","Organization"],"@id":"https:\/\/luchonoticias.com\/editor\/#\/schema\/person\/7a7fd911f58561fd056dbac7b55af9cd","name":"admin","image":{"@type":"ImageObject","inLanguage":"es","@id":"https:\/\/luchonoticias.com\/editor\/#\/schema\/person\/image\/","url":"https:\/\/luchonoticias.com\/editor\/wp-content\/uploads\/2024\/02\/cropped-cropped-logolu.webp","contentUrl":"https:\/\/luchonoticias.com\/editor\/wp-content\/uploads\/2024\/02\/cropped-cropped-logolu.webp","width":382,"height":170,"caption":"admin"},"logo":{"@id":"https:\/\/luchonoticias.com\/editor\/#\/schema\/person\/image\/"},"sameAs":["https:\/\/www.facebook.com\/luchonoticiasneiva"],"url":"https:\/\/luchonoticias.com\/editor\/author\/admin\/"}]}},"_links":{"self":[{"href":"https:\/\/luchonoticias.com\/editor\/wp-json\/wp\/v2\/posts\/34444","targetHints":{"allow":["GET"]}}],"collection":[{"href":"https:\/\/luchonoticias.com\/editor\/wp-json\/wp\/v2\/posts"}],"about":[{"href":"https:\/\/luchonoticias.com\/editor\/wp-json\/wp\/v2\/types\/post"}],"author":[{"embeddable":true,"href":"https:\/\/luchonoticias.com\/editor\/wp-json\/wp\/v2\/users\/1"}],"replies":[{"embeddable":true,"href":"https:\/\/luchonoticias.com\/editor\/wp-json\/wp\/v2\/comments?post=34444"}],"version-history":[{"count":0,"href":"https:\/\/luchonoticias.com\/editor\/wp-json\/wp\/v2\/posts\/34444\/revisions"}],"wp:attachment":[{"href":"https:\/\/luchonoticias.com\/editor\/wp-json\/wp\/v2\/media?parent=34444"}],"wp:term":[{"taxonomy":"category","embeddable":true,"href":"https:\/\/luchonoticias.com\/editor\/wp-json\/wp\/v2\/categories?post=34444"},{"taxonomy":"post_tag","embeddable":true,"href":"https:\/\/luchonoticias.com\/editor\/wp-json\/wp\/v2\/tags?post=34444"}],"curies":[{"name":"wp","href":"https:\/\/api.w.org\/{rel}","templated":true}]}}