{"id":34502,"date":"2022-09-16T04:44:18","date_gmt":"2022-09-16T09:44:18","guid":{"rendered":"https:\/\/luchonoticias.com\/?p=34502"},"modified":"2022-09-16T04:44:19","modified_gmt":"2022-09-16T09:44:19","slug":"integracion-del-colegio-piaget-con-equipos-del-tolima","status":"publish","type":"post","link":"https:\/\/luchonoticias.com\/editor\/integracion-del-colegio-piaget-con-equipos-del-tolima\/","title":{"rendered":"Integraci\u00f3n del Colegio Piaget con equipos del Tolima"},"content":{"rendered":"\n<p>Como parte de la&nbsp;<strong>preparaci\u00f3n&nbsp;<\/strong>pensando en las fases departamentales de los Juegos Intercolegiados, los&nbsp;<strong>equipos de voleibol del Colegio Piaget<\/strong>&nbsp;sostuvieron una serie de fogueos en d\u00edas pasados con formaciones de Ibagu\u00e9.<\/p>\n\n\n\n<p>La entidad hizo presencia en el departamento vecino con la&nbsp;<strong>prejuvenil femenina y mini benjam\u00edn<\/strong>, mostrando buenos resultados as\u00ed como&nbsp;<strong>otorgarle m\u00e1s rodaje<\/strong>&nbsp;al proceso que se viene gestando.<\/p>\n\n\n\n<p>Finalmente el equipo&nbsp;<strong>ha solicitado el aval ante la Liga&nbsp;<\/strong>para&nbsp;<strong>representar al departamento en el interligas&nbsp;<\/strong>que se cumplir\u00e1 en noviembre en Bogot\u00e1, la idea es desarrollar microciclos con 16 jugadoras (nacidas entre 2008 y 2011) para elegir la n\u00f3mina definitiva que har\u00e1 presencia en la capital colombiana a final de a\u00f1o.<\/p>\n","protected":false},"excerpt":{"rendered":"<p>Como parte de la&nbsp;preparaci\u00f3n&nbsp;pensando en las fases departamentales de los Juegos Intercolegiados, los&nbsp;equipos de voleibol del Colegio Piaget&nbsp;sostuvieron una serie de fogueos en d\u00edas pasados con formaciones de Ibagu\u00e9. La entidad hizo presencia en el departamento vecino con la&nbsp;prejuvenil femenina y mini benjam\u00edn, mostrando buenos resultados as\u00ed como&nbsp;otorgarle m\u00e1s rodaje&nbsp;al proceso que se viene gestando. [&hellip;]<\/p>\n","protected":false},"author":1,"featured_media":0,"comment_status":"open","ping_status":"open","sticky":false,"template":"","format":"standard","meta":{"footnotes":""},"categories":[34],"tags":[],"class_list":["post-34502","post","type-post","status-publish","format-standard","hentry","category-deportes"],"yoast_head":"<!-- This site is optimized with the Yoast SEO plugin v26.6 - https:\/\/yoast.com\/wordpress\/plugins\/seo\/ -->\n<title>Integraci\u00f3n del Colegio Piaget con equipos del Tolima -<\/title>\n<meta name=\"robots\" content=\"index, follow, max-snippet:-1, max-image-preview:large, max-video-preview:-1\" \/>\n<link rel=\"canonical\" href=\"https:\/\/luchonoticias.com\/editor\/integracion-del-colegio-piaget-con-equipos-del-tolima\/\" \/>\n<meta property=\"og:locale\" content=\"es_ES\" \/>\n<meta property=\"og:type\" content=\"article\" \/>\n<meta property=\"og:title\" content=\"Integraci\u00f3n del Colegio Piaget con equipos del Tolima -\" \/>\n<meta property=\"og:url\" content=\"https:\/\/luchonoticias.com\/editor\/integracion-del-colegio-piaget-con-equipos-del-tolima\/\" \/>\n<meta property=\"article:publisher\" content=\"https:\/\/www.facebook.com\/luchonoticiasneiva\" \/>\n<meta property=\"article:author\" content=\"https:\/\/www.facebook.com\/luchonoticiasneiva\" \/>\n<meta property=\"article:published_time\" content=\"2022-09-16T09:44:18+00:00\" \/>\n<meta property=\"article:modified_time\" content=\"2022-09-16T09:44:19+00:00\" \/>\n<meta name=\"author\" content=\"admin\" \/>\n<meta name=\"twitter:card\" content=\"summary_large_image\" \/>\n<meta name=\"twitter:label1\" content=\"Escrito por\" \/>\n\t<meta name=\"twitter:data1\" content=\"admin\" \/>\n\t<meta name=\"twitter:label2\" content=\"Tiempo de lectura\" \/>\n\t<meta name=\"twitter:data2\" content=\"1 minuto\" \/>\n<script type=\"application\/ld+json\" class=\"yoast-schema-graph\">{\"@context\":\"https:\/\/schema.org\",\"@graph\":[{\"@type\":\"Article\",\"@id\":\"https:\/\/luchonoticias.com\/editor\/integracion-del-colegio-piaget-con-equipos-del-tolima\/#article\",\"isPartOf\":{\"@id\":\"https:\/\/luchonoticias.com\/editor\/integracion-del-colegio-piaget-con-equipos-del-tolima\/\"},\"author\":{\"name\":\"admin\",\"@id\":\"https:\/\/luchonoticias.com\/editor\/#\/schema\/person\/7a7fd911f58561fd056dbac7b55af9cd\"},\"headline\":\"Integraci\u00f3n del Colegio Piaget con equipos del Tolima\",\"datePublished\":\"2022-09-16T09:44:18+00:00\",\"dateModified\":\"2022-09-16T09:44:19+00:00\",\"mainEntityOfPage\":{\"@id\":\"https:\/\/luchonoticias.com\/editor\/integracion-del-colegio-piaget-con-equipos-del-tolima\/\"},\"wordCount\":138,\"commentCount\":0,\"publisher\":{\"@id\":\"https:\/\/luchonoticias.com\/editor\/#\/schema\/person\/7a7fd911f58561fd056dbac7b55af9cd\"},\"articleSection\":[\"Deportes\"],\"inLanguage\":\"es\",\"potentialAction\":[{\"@type\":\"CommentAction\",\"name\":\"Comment\",\"target\":[\"https:\/\/luchonoticias.com\/editor\/integracion-del-colegio-piaget-con-equipos-del-tolima\/#respond\"]}]},{\"@type\":\"WebPage\",\"@id\":\"https:\/\/luchonoticias.com\/editor\/integracion-del-colegio-piaget-con-equipos-del-tolima\/\",\"url\":\"https:\/\/luchonoticias.com\/editor\/integracion-del-colegio-piaget-con-equipos-del-tolima\/\",\"name\":\"Integraci\u00f3n del Colegio Piaget con equipos del Tolima -\",\"isPartOf\":{\"@id\":\"https:\/\/luchonoticias.com\/editor\/#website\"},\"datePublished\":\"2022-09-16T09:44:18+00:00\",\"dateModified\":\"2022-09-16T09:44:19+00:00\",\"breadcrumb\":{\"@id\":\"https:\/\/luchonoticias.com\/editor\/integracion-del-colegio-piaget-con-equipos-del-tolima\/#breadcrumb\"},\"inLanguage\":\"es\",\"potentialAction\":[{\"@type\":\"ReadAction\",\"target\":[\"https:\/\/luchonoticias.com\/editor\/integracion-del-colegio-piaget-con-equipos-del-tolima\/\"]}]},{\"@type\":\"BreadcrumbList\",\"@id\":\"https:\/\/luchonoticias.com\/editor\/integracion-del-colegio-piaget-con-equipos-del-tolima\/#breadcrumb\",\"itemListElement\":[{\"@type\":\"ListItem\",\"position\":1,\"name\":\"Portada\",\"item\":\"https:\/\/luchonoticias.com\/editor\/\"},{\"@type\":\"ListItem\",\"position\":2,\"name\":\"Integraci\u00f3n del Colegio Piaget con equipos del Tolima\"}]},{\"@type\":\"WebSite\",\"@id\":\"https:\/\/luchonoticias.com\/editor\/#website\",\"url\":\"https:\/\/luchonoticias.com\/editor\/\",\"name\":\"\",\"description\":\"\",\"publisher\":{\"@id\":\"https:\/\/luchonoticias.com\/editor\/#\/schema\/person\/7a7fd911f58561fd056dbac7b55af9cd\"},\"potentialAction\":[{\"@type\":\"SearchAction\",\"target\":{\"@type\":\"EntryPoint\",\"urlTemplate\":\"https:\/\/luchonoticias.com\/editor\/?s={search_term_string}\"},\"query-input\":{\"@type\":\"PropertyValueSpecification\",\"valueRequired\":true,\"valueName\":\"search_term_string\"}}],\"inLanguage\":\"es\"},{\"@type\":[\"Person\",\"Organization\"],\"@id\":\"https:\/\/luchonoticias.com\/editor\/#\/schema\/person\/7a7fd911f58561fd056dbac7b55af9cd\",\"name\":\"admin\",\"image\":{\"@type\":\"ImageObject\",\"inLanguage\":\"es\",\"@id\":\"https:\/\/luchonoticias.com\/editor\/#\/schema\/person\/image\/\",\"url\":\"https:\/\/luchonoticias.com\/editor\/wp-content\/uploads\/2024\/02\/cropped-cropped-logolu.webp\",\"contentUrl\":\"https:\/\/luchonoticias.com\/editor\/wp-content\/uploads\/2024\/02\/cropped-cropped-logolu.webp\",\"width\":382,\"height\":170,\"caption\":\"admin\"},\"logo\":{\"@id\":\"https:\/\/luchonoticias.com\/editor\/#\/schema\/person\/image\/\"},\"sameAs\":[\"https:\/\/www.facebook.com\/luchonoticiasneiva\"],\"url\":\"https:\/\/luchonoticias.com\/editor\/author\/admin\/\"}]}<\/script>\n<!-- \/ Yoast SEO plugin. -->","yoast_head_json":{"title":"Integraci\u00f3n del Colegio Piaget con equipos del Tolima -","robots":{"index":"index","follow":"follow","max-snippet":"max-snippet:-1","max-image-preview":"max-image-preview:large","max-video-preview":"max-video-preview:-1"},"canonical":"https:\/\/luchonoticias.com\/editor\/integracion-del-colegio-piaget-con-equipos-del-tolima\/","og_locale":"es_ES","og_type":"article","og_title":"Integraci\u00f3n del Colegio Piaget con equipos del Tolima -","og_url":"https:\/\/luchonoticias.com\/editor\/integracion-del-colegio-piaget-con-equipos-del-tolima\/","article_publisher":"https:\/\/www.facebook.com\/luchonoticiasneiva","article_author":"https:\/\/www.facebook.com\/luchonoticiasneiva","article_published_time":"2022-09-16T09:44:18+00:00","article_modified_time":"2022-09-16T09:44:19+00:00","author":"admin","twitter_card":"summary_large_image","twitter_misc":{"Escrito por":"admin","Tiempo de lectura":"1 minuto"},"schema":{"@context":"https:\/\/schema.org","@graph":[{"@type":"Article","@id":"https:\/\/luchonoticias.com\/editor\/integracion-del-colegio-piaget-con-equipos-del-tolima\/#article","isPartOf":{"@id":"https:\/\/luchonoticias.com\/editor\/integracion-del-colegio-piaget-con-equipos-del-tolima\/"},"author":{"name":"admin","@id":"https:\/\/luchonoticias.com\/editor\/#\/schema\/person\/7a7fd911f58561fd056dbac7b55af9cd"},"headline":"Integraci\u00f3n del Colegio Piaget con equipos del Tolima","datePublished":"2022-09-16T09:44:18+00:00","dateModified":"2022-09-16T09:44:19+00:00","mainEntityOfPage":{"@id":"https:\/\/luchonoticias.com\/editor\/integracion-del-colegio-piaget-con-equipos-del-tolima\/"},"wordCount":138,"commentCount":0,"publisher":{"@id":"https:\/\/luchonoticias.com\/editor\/#\/schema\/person\/7a7fd911f58561fd056dbac7b55af9cd"},"articleSection":["Deportes"],"inLanguage":"es","potentialAction":[{"@type":"CommentAction","name":"Comment","target":["https:\/\/luchonoticias.com\/editor\/integracion-del-colegio-piaget-con-equipos-del-tolima\/#respond"]}]},{"@type":"WebPage","@id":"https:\/\/luchonoticias.com\/editor\/integracion-del-colegio-piaget-con-equipos-del-tolima\/","url":"https:\/\/luchonoticias.com\/editor\/integracion-del-colegio-piaget-con-equipos-del-tolima\/","name":"Integraci\u00f3n del Colegio Piaget con equipos del Tolima -","isPartOf":{"@id":"https:\/\/luchonoticias.com\/editor\/#website"},"datePublished":"2022-09-16T09:44:18+00:00","dateModified":"2022-09-16T09:44:19+00:00","breadcrumb":{"@id":"https:\/\/luchonoticias.com\/editor\/integracion-del-colegio-piaget-con-equipos-del-tolima\/#breadcrumb"},"inLanguage":"es","potentialAction":[{"@type":"ReadAction","target":["https:\/\/luchonoticias.com\/editor\/integracion-del-colegio-piaget-con-equipos-del-tolima\/"]}]},{"@type":"BreadcrumbList","@id":"https:\/\/luchonoticias.com\/editor\/integracion-del-colegio-piaget-con-equipos-del-tolima\/#breadcrumb","itemListElement":[{"@type":"ListItem","position":1,"name":"Portada","item":"https:\/\/luchonoticias.com\/editor\/"},{"@type":"ListItem","position":2,"name":"Integraci\u00f3n del Colegio Piaget con equipos del Tolima"}]},{"@type":"WebSite","@id":"https:\/\/luchonoticias.com\/editor\/#website","url":"https:\/\/luchonoticias.com\/editor\/","name":"","description":"","publisher":{"@id":"https:\/\/luchonoticias.com\/editor\/#\/schema\/person\/7a7fd911f58561fd056dbac7b55af9cd"},"potentialAction":[{"@type":"SearchAction","target":{"@type":"EntryPoint","urlTemplate":"https:\/\/luchonoticias.com\/editor\/?s={search_term_string}"},"query-input":{"@type":"PropertyValueSpecification","valueRequired":true,"valueName":"search_term_string"}}],"inLanguage":"es"},{"@type":["Person","Organization"],"@id":"https:\/\/luchonoticias.com\/editor\/#\/schema\/person\/7a7fd911f58561fd056dbac7b55af9cd","name":"admin","image":{"@type":"ImageObject","inLanguage":"es","@id":"https:\/\/luchonoticias.com\/editor\/#\/schema\/person\/image\/","url":"https:\/\/luchonoticias.com\/editor\/wp-content\/uploads\/2024\/02\/cropped-cropped-logolu.webp","contentUrl":"https:\/\/luchonoticias.com\/editor\/wp-content\/uploads\/2024\/02\/cropped-cropped-logolu.webp","width":382,"height":170,"caption":"admin"},"logo":{"@id":"https:\/\/luchonoticias.com\/editor\/#\/schema\/person\/image\/"},"sameAs":["https:\/\/www.facebook.com\/luchonoticiasneiva"],"url":"https:\/\/luchonoticias.com\/editor\/author\/admin\/"}]}},"_links":{"self":[{"href":"https:\/\/luchonoticias.com\/editor\/wp-json\/wp\/v2\/posts\/34502","targetHints":{"allow":["GET"]}}],"collection":[{"href":"https:\/\/luchonoticias.com\/editor\/wp-json\/wp\/v2\/posts"}],"about":[{"href":"https:\/\/luchonoticias.com\/editor\/wp-json\/wp\/v2\/types\/post"}],"author":[{"embeddable":true,"href":"https:\/\/luchonoticias.com\/editor\/wp-json\/wp\/v2\/users\/1"}],"replies":[{"embeddable":true,"href":"https:\/\/luchonoticias.com\/editor\/wp-json\/wp\/v2\/comments?post=34502"}],"version-history":[{"count":0,"href":"https:\/\/luchonoticias.com\/editor\/wp-json\/wp\/v2\/posts\/34502\/revisions"}],"wp:attachment":[{"href":"https:\/\/luchonoticias.com\/editor\/wp-json\/wp\/v2\/media?parent=34502"}],"wp:term":[{"taxonomy":"category","embeddable":true,"href":"https:\/\/luchonoticias.com\/editor\/wp-json\/wp\/v2\/categories?post=34502"},{"taxonomy":"post_tag","embeddable":true,"href":"https:\/\/luchonoticias.com\/editor\/wp-json\/wp\/v2\/tags?post=34502"}],"curies":[{"name":"wp","href":"https:\/\/api.w.org\/{rel}","templated":true}]}}