{"id":34508,"date":"2022-09-16T04:55:25","date_gmt":"2022-09-16T09:55:25","guid":{"rendered":"https:\/\/luchonoticias.com\/?p=34508"},"modified":"2022-09-16T04:55:26","modified_gmt":"2022-09-16T09:55:26","slug":"el-deporte-se-toma-la-usco-con-sus-olimpiadas-deportivas","status":"publish","type":"post","link":"https:\/\/luchonoticias.com\/editor\/el-deporte-se-toma-la-usco-con-sus-olimpiadas-deportivas\/","title":{"rendered":"El deporte se toma la Usco con sus olimpiadas deportivas"},"content":{"rendered":"\n<p>Con un desfile inaugural por las calles de La Plata, la&nbsp;<strong>Universidad Surcolombiana&nbsp;<\/strong>viene desarrollando en esa localidad las&nbsp;<strong>olimpiadas deportivas intersedes<\/strong>, evento que ir\u00e1 hasta el d\u00eda de hoy.<\/p>\n\n\n\n<p>En estas jornadas&nbsp;<strong>participan cerca de 360 deportistas estudiantes, 90 por sede&nbsp;<\/strong>(Neiva, Garz\u00f3n, Pitalito y La Plata) en las disciplinas de f\u00fatbol masculino, baloncesto, voleibol, f\u00fatbol-sala y ajedrez masculino y femenino.<\/p>\n\n\n\n<p>De acuerdo con el ente de educaci\u00f3n superior, lo que se busca con esta clase de actividades deportivas es la de&nbsp;<strong>conformar una Selecci\u00f3n USCO con las dem\u00e1s sedes&nbsp;<\/strong>para mejorar en rendimiento deportivo y poder participar en los encuentros nacionales deportivos inter-universidades.<\/p>\n\n\n\n<p>Incluso la universidad ya ha anunciado que para el a\u00f1o entrante Neiva ser\u00e1 la sede de las competencias.<\/p>\n","protected":false},"excerpt":{"rendered":"<p>Con un desfile inaugural por las calles de La Plata, la&nbsp;Universidad Surcolombiana&nbsp;viene desarrollando en esa localidad las&nbsp;olimpiadas deportivas intersedes, evento que ir\u00e1 hasta el d\u00eda de hoy. En estas jornadas&nbsp;participan cerca de 360 deportistas estudiantes, 90 por sede&nbsp;(Neiva, Garz\u00f3n, Pitalito y La Plata) en las disciplinas de f\u00fatbol masculino, baloncesto, voleibol, f\u00fatbol-sala y ajedrez masculino [&hellip;]<\/p>\n","protected":false},"author":1,"featured_media":0,"comment_status":"open","ping_status":"open","sticky":false,"template":"","format":"standard","meta":{"footnotes":""},"categories":[34],"tags":[],"class_list":["post-34508","post","type-post","status-publish","format-standard","hentry","category-deportes"],"yoast_head":"<!-- This site is optimized with the Yoast SEO plugin v26.6 - https:\/\/yoast.com\/wordpress\/plugins\/seo\/ -->\n<title>El deporte se toma la Usco con sus olimpiadas deportivas -<\/title>\n<meta name=\"robots\" content=\"index, follow, max-snippet:-1, max-image-preview:large, max-video-preview:-1\" \/>\n<link rel=\"canonical\" href=\"https:\/\/luchonoticias.com\/editor\/el-deporte-se-toma-la-usco-con-sus-olimpiadas-deportivas\/\" \/>\n<meta property=\"og:locale\" content=\"es_ES\" \/>\n<meta property=\"og:type\" content=\"article\" \/>\n<meta property=\"og:title\" content=\"El deporte se toma la Usco con sus olimpiadas deportivas -\" \/>\n<meta property=\"og:url\" content=\"https:\/\/luchonoticias.com\/editor\/el-deporte-se-toma-la-usco-con-sus-olimpiadas-deportivas\/\" \/>\n<meta property=\"article:publisher\" content=\"https:\/\/www.facebook.com\/luchonoticiasneiva\" \/>\n<meta property=\"article:author\" content=\"https:\/\/www.facebook.com\/luchonoticiasneiva\" \/>\n<meta property=\"article:published_time\" content=\"2022-09-16T09:55:25+00:00\" \/>\n<meta property=\"article:modified_time\" content=\"2022-09-16T09:55:26+00:00\" \/>\n<meta name=\"author\" content=\"admin\" \/>\n<meta name=\"twitter:card\" content=\"summary_large_image\" \/>\n<meta name=\"twitter:label1\" content=\"Escrito por\" \/>\n\t<meta name=\"twitter:data1\" content=\"admin\" \/>\n\t<meta name=\"twitter:label2\" content=\"Tiempo de lectura\" \/>\n\t<meta name=\"twitter:data2\" content=\"1 minuto\" \/>\n<script type=\"application\/ld+json\" class=\"yoast-schema-graph\">{\"@context\":\"https:\/\/schema.org\",\"@graph\":[{\"@type\":\"Article\",\"@id\":\"https:\/\/luchonoticias.com\/editor\/el-deporte-se-toma-la-usco-con-sus-olimpiadas-deportivas\/#article\",\"isPartOf\":{\"@id\":\"https:\/\/luchonoticias.com\/editor\/el-deporte-se-toma-la-usco-con-sus-olimpiadas-deportivas\/\"},\"author\":{\"name\":\"admin\",\"@id\":\"https:\/\/luchonoticias.com\/editor\/#\/schema\/person\/7a7fd911f58561fd056dbac7b55af9cd\"},\"headline\":\"El deporte se toma la Usco con sus olimpiadas deportivas\",\"datePublished\":\"2022-09-16T09:55:25+00:00\",\"dateModified\":\"2022-09-16T09:55:26+00:00\",\"mainEntityOfPage\":{\"@id\":\"https:\/\/luchonoticias.com\/editor\/el-deporte-se-toma-la-usco-con-sus-olimpiadas-deportivas\/\"},\"wordCount\":146,\"commentCount\":0,\"publisher\":{\"@id\":\"https:\/\/luchonoticias.com\/editor\/#\/schema\/person\/7a7fd911f58561fd056dbac7b55af9cd\"},\"articleSection\":[\"Deportes\"],\"inLanguage\":\"es\",\"potentialAction\":[{\"@type\":\"CommentAction\",\"name\":\"Comment\",\"target\":[\"https:\/\/luchonoticias.com\/editor\/el-deporte-se-toma-la-usco-con-sus-olimpiadas-deportivas\/#respond\"]}]},{\"@type\":\"WebPage\",\"@id\":\"https:\/\/luchonoticias.com\/editor\/el-deporte-se-toma-la-usco-con-sus-olimpiadas-deportivas\/\",\"url\":\"https:\/\/luchonoticias.com\/editor\/el-deporte-se-toma-la-usco-con-sus-olimpiadas-deportivas\/\",\"name\":\"El deporte se toma la Usco con sus olimpiadas deportivas -\",\"isPartOf\":{\"@id\":\"https:\/\/luchonoticias.com\/editor\/#website\"},\"datePublished\":\"2022-09-16T09:55:25+00:00\",\"dateModified\":\"2022-09-16T09:55:26+00:00\",\"breadcrumb\":{\"@id\":\"https:\/\/luchonoticias.com\/editor\/el-deporte-se-toma-la-usco-con-sus-olimpiadas-deportivas\/#breadcrumb\"},\"inLanguage\":\"es\",\"potentialAction\":[{\"@type\":\"ReadAction\",\"target\":[\"https:\/\/luchonoticias.com\/editor\/el-deporte-se-toma-la-usco-con-sus-olimpiadas-deportivas\/\"]}]},{\"@type\":\"BreadcrumbList\",\"@id\":\"https:\/\/luchonoticias.com\/editor\/el-deporte-se-toma-la-usco-con-sus-olimpiadas-deportivas\/#breadcrumb\",\"itemListElement\":[{\"@type\":\"ListItem\",\"position\":1,\"name\":\"Portada\",\"item\":\"https:\/\/luchonoticias.com\/editor\/\"},{\"@type\":\"ListItem\",\"position\":2,\"name\":\"El deporte se toma la Usco con sus olimpiadas deportivas\"}]},{\"@type\":\"WebSite\",\"@id\":\"https:\/\/luchonoticias.com\/editor\/#website\",\"url\":\"https:\/\/luchonoticias.com\/editor\/\",\"name\":\"\",\"description\":\"\",\"publisher\":{\"@id\":\"https:\/\/luchonoticias.com\/editor\/#\/schema\/person\/7a7fd911f58561fd056dbac7b55af9cd\"},\"potentialAction\":[{\"@type\":\"SearchAction\",\"target\":{\"@type\":\"EntryPoint\",\"urlTemplate\":\"https:\/\/luchonoticias.com\/editor\/?s={search_term_string}\"},\"query-input\":{\"@type\":\"PropertyValueSpecification\",\"valueRequired\":true,\"valueName\":\"search_term_string\"}}],\"inLanguage\":\"es\"},{\"@type\":[\"Person\",\"Organization\"],\"@id\":\"https:\/\/luchonoticias.com\/editor\/#\/schema\/person\/7a7fd911f58561fd056dbac7b55af9cd\",\"name\":\"admin\",\"image\":{\"@type\":\"ImageObject\",\"inLanguage\":\"es\",\"@id\":\"https:\/\/luchonoticias.com\/editor\/#\/schema\/person\/image\/\",\"url\":\"https:\/\/luchonoticias.com\/editor\/wp-content\/uploads\/2024\/02\/cropped-cropped-logolu.webp\",\"contentUrl\":\"https:\/\/luchonoticias.com\/editor\/wp-content\/uploads\/2024\/02\/cropped-cropped-logolu.webp\",\"width\":382,\"height\":170,\"caption\":\"admin\"},\"logo\":{\"@id\":\"https:\/\/luchonoticias.com\/editor\/#\/schema\/person\/image\/\"},\"sameAs\":[\"https:\/\/www.facebook.com\/luchonoticiasneiva\"],\"url\":\"https:\/\/luchonoticias.com\/editor\/author\/admin\/\"}]}<\/script>\n<!-- \/ Yoast SEO plugin. -->","yoast_head_json":{"title":"El deporte se toma la Usco con sus olimpiadas deportivas -","robots":{"index":"index","follow":"follow","max-snippet":"max-snippet:-1","max-image-preview":"max-image-preview:large","max-video-preview":"max-video-preview:-1"},"canonical":"https:\/\/luchonoticias.com\/editor\/el-deporte-se-toma-la-usco-con-sus-olimpiadas-deportivas\/","og_locale":"es_ES","og_type":"article","og_title":"El deporte se toma la Usco con sus olimpiadas deportivas -","og_url":"https:\/\/luchonoticias.com\/editor\/el-deporte-se-toma-la-usco-con-sus-olimpiadas-deportivas\/","article_publisher":"https:\/\/www.facebook.com\/luchonoticiasneiva","article_author":"https:\/\/www.facebook.com\/luchonoticiasneiva","article_published_time":"2022-09-16T09:55:25+00:00","article_modified_time":"2022-09-16T09:55:26+00:00","author":"admin","twitter_card":"summary_large_image","twitter_misc":{"Escrito por":"admin","Tiempo de lectura":"1 minuto"},"schema":{"@context":"https:\/\/schema.org","@graph":[{"@type":"Article","@id":"https:\/\/luchonoticias.com\/editor\/el-deporte-se-toma-la-usco-con-sus-olimpiadas-deportivas\/#article","isPartOf":{"@id":"https:\/\/luchonoticias.com\/editor\/el-deporte-se-toma-la-usco-con-sus-olimpiadas-deportivas\/"},"author":{"name":"admin","@id":"https:\/\/luchonoticias.com\/editor\/#\/schema\/person\/7a7fd911f58561fd056dbac7b55af9cd"},"headline":"El deporte se toma la Usco con sus olimpiadas deportivas","datePublished":"2022-09-16T09:55:25+00:00","dateModified":"2022-09-16T09:55:26+00:00","mainEntityOfPage":{"@id":"https:\/\/luchonoticias.com\/editor\/el-deporte-se-toma-la-usco-con-sus-olimpiadas-deportivas\/"},"wordCount":146,"commentCount":0,"publisher":{"@id":"https:\/\/luchonoticias.com\/editor\/#\/schema\/person\/7a7fd911f58561fd056dbac7b55af9cd"},"articleSection":["Deportes"],"inLanguage":"es","potentialAction":[{"@type":"CommentAction","name":"Comment","target":["https:\/\/luchonoticias.com\/editor\/el-deporte-se-toma-la-usco-con-sus-olimpiadas-deportivas\/#respond"]}]},{"@type":"WebPage","@id":"https:\/\/luchonoticias.com\/editor\/el-deporte-se-toma-la-usco-con-sus-olimpiadas-deportivas\/","url":"https:\/\/luchonoticias.com\/editor\/el-deporte-se-toma-la-usco-con-sus-olimpiadas-deportivas\/","name":"El deporte se toma la Usco con sus olimpiadas deportivas -","isPartOf":{"@id":"https:\/\/luchonoticias.com\/editor\/#website"},"datePublished":"2022-09-16T09:55:25+00:00","dateModified":"2022-09-16T09:55:26+00:00","breadcrumb":{"@id":"https:\/\/luchonoticias.com\/editor\/el-deporte-se-toma-la-usco-con-sus-olimpiadas-deportivas\/#breadcrumb"},"inLanguage":"es","potentialAction":[{"@type":"ReadAction","target":["https:\/\/luchonoticias.com\/editor\/el-deporte-se-toma-la-usco-con-sus-olimpiadas-deportivas\/"]}]},{"@type":"BreadcrumbList","@id":"https:\/\/luchonoticias.com\/editor\/el-deporte-se-toma-la-usco-con-sus-olimpiadas-deportivas\/#breadcrumb","itemListElement":[{"@type":"ListItem","position":1,"name":"Portada","item":"https:\/\/luchonoticias.com\/editor\/"},{"@type":"ListItem","position":2,"name":"El deporte se toma la Usco con sus olimpiadas deportivas"}]},{"@type":"WebSite","@id":"https:\/\/luchonoticias.com\/editor\/#website","url":"https:\/\/luchonoticias.com\/editor\/","name":"","description":"","publisher":{"@id":"https:\/\/luchonoticias.com\/editor\/#\/schema\/person\/7a7fd911f58561fd056dbac7b55af9cd"},"potentialAction":[{"@type":"SearchAction","target":{"@type":"EntryPoint","urlTemplate":"https:\/\/luchonoticias.com\/editor\/?s={search_term_string}"},"query-input":{"@type":"PropertyValueSpecification","valueRequired":true,"valueName":"search_term_string"}}],"inLanguage":"es"},{"@type":["Person","Organization"],"@id":"https:\/\/luchonoticias.com\/editor\/#\/schema\/person\/7a7fd911f58561fd056dbac7b55af9cd","name":"admin","image":{"@type":"ImageObject","inLanguage":"es","@id":"https:\/\/luchonoticias.com\/editor\/#\/schema\/person\/image\/","url":"https:\/\/luchonoticias.com\/editor\/wp-content\/uploads\/2024\/02\/cropped-cropped-logolu.webp","contentUrl":"https:\/\/luchonoticias.com\/editor\/wp-content\/uploads\/2024\/02\/cropped-cropped-logolu.webp","width":382,"height":170,"caption":"admin"},"logo":{"@id":"https:\/\/luchonoticias.com\/editor\/#\/schema\/person\/image\/"},"sameAs":["https:\/\/www.facebook.com\/luchonoticiasneiva"],"url":"https:\/\/luchonoticias.com\/editor\/author\/admin\/"}]}},"_links":{"self":[{"href":"https:\/\/luchonoticias.com\/editor\/wp-json\/wp\/v2\/posts\/34508","targetHints":{"allow":["GET"]}}],"collection":[{"href":"https:\/\/luchonoticias.com\/editor\/wp-json\/wp\/v2\/posts"}],"about":[{"href":"https:\/\/luchonoticias.com\/editor\/wp-json\/wp\/v2\/types\/post"}],"author":[{"embeddable":true,"href":"https:\/\/luchonoticias.com\/editor\/wp-json\/wp\/v2\/users\/1"}],"replies":[{"embeddable":true,"href":"https:\/\/luchonoticias.com\/editor\/wp-json\/wp\/v2\/comments?post=34508"}],"version-history":[{"count":0,"href":"https:\/\/luchonoticias.com\/editor\/wp-json\/wp\/v2\/posts\/34508\/revisions"}],"wp:attachment":[{"href":"https:\/\/luchonoticias.com\/editor\/wp-json\/wp\/v2\/media?parent=34508"}],"wp:term":[{"taxonomy":"category","embeddable":true,"href":"https:\/\/luchonoticias.com\/editor\/wp-json\/wp\/v2\/categories?post=34508"},{"taxonomy":"post_tag","embeddable":true,"href":"https:\/\/luchonoticias.com\/editor\/wp-json\/wp\/v2\/tags?post=34508"}],"curies":[{"name":"wp","href":"https:\/\/api.w.org\/{rel}","templated":true}]}}