{"id":34511,"date":"2022-09-16T06:42:20","date_gmt":"2022-09-16T11:42:20","guid":{"rendered":"https:\/\/luchonoticias.com\/?p=34511"},"modified":"2022-09-16T06:42:21","modified_gmt":"2022-09-16T11:42:21","slug":"avanzan-jornadas-de-concertacion-de-la-politica-publica-y-plan-de-educacion-ambiental","status":"publish","type":"post","link":"https:\/\/luchonoticias.com\/editor\/avanzan-jornadas-de-concertacion-de-la-politica-publica-y-plan-de-educacion-ambiental\/","title":{"rendered":"Avanzan jornadas de concertaci\u00f3n de la Pol\u00edtica P\u00fablica y Plan de Educaci\u00f3n Ambiental"},"content":{"rendered":"\n<p>Las jornadas de socializaci\u00f3n y retroalimentaci\u00f3n para la construcci\u00f3n del Plan y Pol\u00edtica P\u00fablica de Educaci\u00f3n Ambiental para el departamento, lleg\u00f3 al norte del Huila.<\/p>\n\n\n\n<p>\u00abEn una alianza con la Gobernaci\u00f3n del Huila y la CAM, se vienen desarrollando una serie de talleres en las distintas regiones del departamento para la estructuraci\u00f3n de nuestra Pol\u00edtica Departamental de Educaci\u00f3n Ambiental, un instrumento muy importante para direccionar el trabajo a futuro que hacemos en todos los territorios con comunidades, l\u00edderes ambientales, organizaciones, escuelas y colegios\u201d, explic\u00f3 Camilo Augusto Agudelo Perdomo, director General de la CAM.<\/p>\n\n\n\n<figure class=\"wp-block-gallery has-nested-images columns-default is-cropped wp-block-gallery-1 is-layout-flex wp-block-gallery-is-layout-flex\">\n<figure class=\"wp-block-image size-large\"><img decoding=\"async\" data-id=\"34515\" src=\"https:\/\/luchonoticias.com\/wp-content\/uploads\/2022\/09\/WhatsApp-Image-2022-09-15-at-5.41.28-PM-2-1024x630.jpeg\" alt=\"\" class=\"wp-image-34515\"\/><\/figure>\n\n\n\n<figure class=\"wp-block-image size-large\"><img decoding=\"async\" data-id=\"34514\" src=\"https:\/\/luchonoticias.com\/wp-content\/uploads\/2022\/09\/WhatsApp-Image-2022-09-15-at-5.41.26-PM-1024x614.jpeg\" alt=\"\" class=\"wp-image-34514\"\/><\/figure>\n<\/figure>\n\n\n\n<p>En estos talleres, desarrollados en las zonas sur, centro, occidente y norte&nbsp; del Huila, han participado rectores y docentes&nbsp; de los Proyectos Ambientales Escolares (PRAES), as\u00ed como ONG ambientales, Comit\u00e9s Interinstitucionales de Educaci\u00f3n Ambiental (CIDEA) municipales, l\u00edderes de los Proyectos Ciudadanos de Educaci\u00f3n Ambiental PROCEDAS y liderazgos ambientales del departamento.<\/p>\n\n\n\n<p>\u201cEl Huila ha avanzado de manera importante en educaci\u00f3n ambiental y ahora con el compromiso de la Gobernaci\u00f3n, la Corporaci\u00f3n y los distintos actores, tendremos un instrumento operativo de cultura ciudadana por la protecci\u00f3n del ambiente, donde todos nos veremos reflejados, y que adem\u00e1s nos permitir\u00e1 tener claros los requerimientos de financiamiento de las entidades que deben participar y la estrategia de articulaci\u00f3n, de tal manera que sea mucho m\u00e1s din\u00e1mico e integral todo el ejercicio que se hace en educaci\u00f3n ambiental\u201d, asegur\u00f3 el Director de la autoridad ambiental del Huila.\u00a0\u00a0<\/p>\n\n\n\n<figure class=\"wp-block-gallery has-nested-images columns-default is-cropped wp-block-gallery-2 is-layout-flex wp-block-gallery-is-layout-flex\">\n<figure class=\"wp-block-image size-large is-style-rounded\"><img decoding=\"async\" data-id=\"34513\" src=\"https:\/\/luchonoticias.com\/wp-content\/uploads\/2022\/09\/WhatsApp-Image-2022-09-15-at-5.41.27-PM-1024x682.jpeg\" alt=\"\" class=\"wp-image-34513\"\/><\/figure>\n<\/figure>\n\n\n\n<p><strong>Frentes a orientarse<\/strong><\/p>\n\n\n\n<p>Con respecto a la orientaci\u00f3n que debe tener esta pol\u00edtica p\u00fablica, Camilo Agudelo Perdomo indic\u00f3 que debe estar estructurada en torno a los tipos de actores que se quiere llegar, as\u00ed como a las organizaciones ambientales y a la comunidad huilense en general.<\/p>\n\n\n\n<p>\u201cDebemos llegar a todos los actores y eso requiere unos instrumentos y unas estrategias espec\u00edficas. Igualmente tener una capacidad para el buen desarrollo de las actividades en territorio y a trav\u00e9s de los proyectos de educaci\u00f3n ambiental, estos se deben convertir en estrategias para que todas las instituciones contin\u00faen generando esas capacidades en nuestros ni\u00f1os, ni\u00f1as y j\u00f3venes, y as\u00ed ellos tomen las decisiones a conciencia con el medio ambiente\u201d.<\/p>\n\n\n\n<p><strong>L\u00edneas estrat\u00e9gicas<\/strong><\/p>\n\n\n\n<p>As\u00ed mismo, el Director de la CAM se\u00f1al\u00f3 que la Pol\u00edtica de Educaci\u00f3n Ambiental debe ser transversal y abordar l\u00edneas estrat\u00e9gicas que hoy son prioridad para el departamento y el pa\u00eds como el cambio clim\u00e1tico, la protecci\u00f3n de la biodiversidad y el recurso h\u00eddrico<\/p>\n\n\n\n<p>\u201cEl Huila hoy tiene un sistema departamental de \u00e1reas protegidas s\u00f3lido, con especies muy importantes en nuestros bosques alto andino, secos tropicales y p\u00e1ramos, por lo tanto se tiene que generar una tem\u00e1tica en torno a la protecci\u00f3n del recurso h\u00eddrico que abastece nuestros acueductos y los desarrollos productivos regionales\u201d, indic\u00f3 Agudelo Perdomo.&nbsp;<\/p>\n\n\n\n<p>Dentro de las l\u00edneas que tambi\u00e9n deben ser parte de esta pol\u00edtica, seg\u00fan los resultados entregados&nbsp; en los diferentes talleres, son las relacionadas a la disminuci\u00f3n de la huella de carbono o h\u00eddrica, el uso adecuado de los recursos naturales y el uso eficiente de la energ\u00eda, de tal manera que se genere un menor impacto sobre los ecosistemas.<\/p>\n","protected":false},"excerpt":{"rendered":"<p>Las jornadas de socializaci\u00f3n y retroalimentaci\u00f3n para la construcci\u00f3n del Plan y Pol\u00edtica P\u00fablica de Educaci\u00f3n Ambiental para el departamento, lleg\u00f3 al norte del Huila. \u00abEn una alianza con la Gobernaci\u00f3n del Huila y la CAM, se vienen desarrollando una serie de talleres en las distintas regiones del departamento para la estructuraci\u00f3n de nuestra Pol\u00edtica [&hellip;]<\/p>\n","protected":false},"author":1,"featured_media":0,"comment_status":"open","ping_status":"open","sticky":false,"template":"","format":"standard","meta":{"footnotes":""},"categories":[3961,36,35],"tags":[],"class_list":["post-34511","post","type-post","status-publish","format-standard","hentry","category-comunidad","category-destacado","category-regional"],"yoast_head":"<!-- This site is optimized with the Yoast SEO plugin v26.6 - https:\/\/yoast.com\/wordpress\/plugins\/seo\/ -->\n<title>Avanzan jornadas de concertaci\u00f3n de la Pol\u00edtica P\u00fablica y Plan de Educaci\u00f3n Ambiental -<\/title>\n<meta name=\"robots\" content=\"index, follow, max-snippet:-1, max-image-preview:large, max-video-preview:-1\" \/>\n<link rel=\"canonical\" href=\"https:\/\/luchonoticias.com\/editor\/avanzan-jornadas-de-concertacion-de-la-politica-publica-y-plan-de-educacion-ambiental\/\" \/>\n<meta property=\"og:locale\" content=\"es_ES\" \/>\n<meta property=\"og:type\" content=\"article\" \/>\n<meta property=\"og:title\" content=\"Avanzan jornadas de concertaci\u00f3n de la Pol\u00edtica P\u00fablica y Plan de Educaci\u00f3n Ambiental -\" \/>\n<meta property=\"og:url\" content=\"https:\/\/luchonoticias.com\/editor\/avanzan-jornadas-de-concertacion-de-la-politica-publica-y-plan-de-educacion-ambiental\/\" \/>\n<meta property=\"article:publisher\" content=\"https:\/\/www.facebook.com\/luchonoticiasneiva\" \/>\n<meta property=\"article:author\" content=\"https:\/\/www.facebook.com\/luchonoticiasneiva\" \/>\n<meta property=\"article:published_time\" content=\"2022-09-16T11:42:20+00:00\" \/>\n<meta property=\"article:modified_time\" content=\"2022-09-16T11:42:21+00:00\" \/>\n<meta property=\"og:image\" content=\"https:\/\/luchonoticias.com\/wp-content\/uploads\/2022\/09\/WhatsApp-Image-2022-09-15-at-5.41.28-PM-2-1024x630.jpeg\" \/>\n<meta name=\"author\" content=\"admin\" \/>\n<meta name=\"twitter:card\" content=\"summary_large_image\" \/>\n<meta name=\"twitter:label1\" content=\"Escrito por\" \/>\n\t<meta name=\"twitter:data1\" content=\"admin\" \/>\n\t<meta name=\"twitter:label2\" content=\"Tiempo de lectura\" \/>\n\t<meta name=\"twitter:data2\" content=\"3 minutos\" \/>\n<script type=\"application\/ld+json\" class=\"yoast-schema-graph\">{\"@context\":\"https:\/\/schema.org\",\"@graph\":[{\"@type\":\"Article\",\"@id\":\"https:\/\/luchonoticias.com\/editor\/avanzan-jornadas-de-concertacion-de-la-politica-publica-y-plan-de-educacion-ambiental\/#article\",\"isPartOf\":{\"@id\":\"https:\/\/luchonoticias.com\/editor\/avanzan-jornadas-de-concertacion-de-la-politica-publica-y-plan-de-educacion-ambiental\/\"},\"author\":{\"name\":\"admin\",\"@id\":\"https:\/\/luchonoticias.com\/editor\/#\/schema\/person\/7a7fd911f58561fd056dbac7b55af9cd\"},\"headline\":\"Avanzan jornadas de concertaci\u00f3n de la Pol\u00edtica P\u00fablica y Plan de Educaci\u00f3n Ambiental\",\"datePublished\":\"2022-09-16T11:42:20+00:00\",\"dateModified\":\"2022-09-16T11:42:21+00:00\",\"mainEntityOfPage\":{\"@id\":\"https:\/\/luchonoticias.com\/editor\/avanzan-jornadas-de-concertacion-de-la-politica-publica-y-plan-de-educacion-ambiental\/\"},\"wordCount\":586,\"commentCount\":0,\"publisher\":{\"@id\":\"https:\/\/luchonoticias.com\/editor\/#\/schema\/person\/7a7fd911f58561fd056dbac7b55af9cd\"},\"image\":{\"@id\":\"https:\/\/luchonoticias.com\/editor\/avanzan-jornadas-de-concertacion-de-la-politica-publica-y-plan-de-educacion-ambiental\/#primaryimage\"},\"thumbnailUrl\":\"https:\/\/luchonoticias.com\/wp-content\/uploads\/2022\/09\/WhatsApp-Image-2022-09-15-at-5.41.28-PM-2-1024x630.jpeg\",\"articleSection\":[\"Comunidad\",\"Destacado\",\"Regional\"],\"inLanguage\":\"es\",\"potentialAction\":[{\"@type\":\"CommentAction\",\"name\":\"Comment\",\"target\":[\"https:\/\/luchonoticias.com\/editor\/avanzan-jornadas-de-concertacion-de-la-politica-publica-y-plan-de-educacion-ambiental\/#respond\"]}]},{\"@type\":\"WebPage\",\"@id\":\"https:\/\/luchonoticias.com\/editor\/avanzan-jornadas-de-concertacion-de-la-politica-publica-y-plan-de-educacion-ambiental\/\",\"url\":\"https:\/\/luchonoticias.com\/editor\/avanzan-jornadas-de-concertacion-de-la-politica-publica-y-plan-de-educacion-ambiental\/\",\"name\":\"Avanzan jornadas de concertaci\u00f3n de la Pol\u00edtica P\u00fablica y Plan de Educaci\u00f3n Ambiental -\",\"isPartOf\":{\"@id\":\"https:\/\/luchonoticias.com\/editor\/#website\"},\"primaryImageOfPage\":{\"@id\":\"https:\/\/luchonoticias.com\/editor\/avanzan-jornadas-de-concertacion-de-la-politica-publica-y-plan-de-educacion-ambiental\/#primaryimage\"},\"image\":{\"@id\":\"https:\/\/luchonoticias.com\/editor\/avanzan-jornadas-de-concertacion-de-la-politica-publica-y-plan-de-educacion-ambiental\/#primaryimage\"},\"thumbnailUrl\":\"https:\/\/luchonoticias.com\/wp-content\/uploads\/2022\/09\/WhatsApp-Image-2022-09-15-at-5.41.28-PM-2-1024x630.jpeg\",\"datePublished\":\"2022-09-16T11:42:20+00:00\",\"dateModified\":\"2022-09-16T11:42:21+00:00\",\"breadcrumb\":{\"@id\":\"https:\/\/luchonoticias.com\/editor\/avanzan-jornadas-de-concertacion-de-la-politica-publica-y-plan-de-educacion-ambiental\/#breadcrumb\"},\"inLanguage\":\"es\",\"potentialAction\":[{\"@type\":\"ReadAction\",\"target\":[\"https:\/\/luchonoticias.com\/editor\/avanzan-jornadas-de-concertacion-de-la-politica-publica-y-plan-de-educacion-ambiental\/\"]}]},{\"@type\":\"ImageObject\",\"inLanguage\":\"es\",\"@id\":\"https:\/\/luchonoticias.com\/editor\/avanzan-jornadas-de-concertacion-de-la-politica-publica-y-plan-de-educacion-ambiental\/#primaryimage\",\"url\":\"https:\/\/luchonoticias.com\/wp-content\/uploads\/2022\/09\/WhatsApp-Image-2022-09-15-at-5.41.28-PM-2-1024x630.jpeg\",\"contentUrl\":\"https:\/\/luchonoticias.com\/wp-content\/uploads\/2022\/09\/WhatsApp-Image-2022-09-15-at-5.41.28-PM-2-1024x630.jpeg\"},{\"@type\":\"BreadcrumbList\",\"@id\":\"https:\/\/luchonoticias.com\/editor\/avanzan-jornadas-de-concertacion-de-la-politica-publica-y-plan-de-educacion-ambiental\/#breadcrumb\",\"itemListElement\":[{\"@type\":\"ListItem\",\"position\":1,\"name\":\"Portada\",\"item\":\"https:\/\/luchonoticias.com\/editor\/\"},{\"@type\":\"ListItem\",\"position\":2,\"name\":\"Avanzan jornadas de concertaci\u00f3n de la Pol\u00edtica P\u00fablica y Plan de Educaci\u00f3n Ambiental\"}]},{\"@type\":\"WebSite\",\"@id\":\"https:\/\/luchonoticias.com\/editor\/#website\",\"url\":\"https:\/\/luchonoticias.com\/editor\/\",\"name\":\"\",\"description\":\"\",\"publisher\":{\"@id\":\"https:\/\/luchonoticias.com\/editor\/#\/schema\/person\/7a7fd911f58561fd056dbac7b55af9cd\"},\"potentialAction\":[{\"@type\":\"SearchAction\",\"target\":{\"@type\":\"EntryPoint\",\"urlTemplate\":\"https:\/\/luchonoticias.com\/editor\/?s={search_term_string}\"},\"query-input\":{\"@type\":\"PropertyValueSpecification\",\"valueRequired\":true,\"valueName\":\"search_term_string\"}}],\"inLanguage\":\"es\"},{\"@type\":[\"Person\",\"Organization\"],\"@id\":\"https:\/\/luchonoticias.com\/editor\/#\/schema\/person\/7a7fd911f58561fd056dbac7b55af9cd\",\"name\":\"admin\",\"image\":{\"@type\":\"ImageObject\",\"inLanguage\":\"es\",\"@id\":\"https:\/\/luchonoticias.com\/editor\/#\/schema\/person\/image\/\",\"url\":\"https:\/\/luchonoticias.com\/editor\/wp-content\/uploads\/2024\/02\/cropped-cropped-logolu.webp\",\"contentUrl\":\"https:\/\/luchonoticias.com\/editor\/wp-content\/uploads\/2024\/02\/cropped-cropped-logolu.webp\",\"width\":382,\"height\":170,\"caption\":\"admin\"},\"logo\":{\"@id\":\"https:\/\/luchonoticias.com\/editor\/#\/schema\/person\/image\/\"},\"sameAs\":[\"https:\/\/www.facebook.com\/luchonoticiasneiva\"],\"url\":\"https:\/\/luchonoticias.com\/editor\/author\/admin\/\"}]}<\/script>\n<!-- \/ Yoast SEO plugin. -->","yoast_head_json":{"title":"Avanzan jornadas de concertaci\u00f3n de la Pol\u00edtica P\u00fablica y Plan de Educaci\u00f3n Ambiental -","robots":{"index":"index","follow":"follow","max-snippet":"max-snippet:-1","max-image-preview":"max-image-preview:large","max-video-preview":"max-video-preview:-1"},"canonical":"https:\/\/luchonoticias.com\/editor\/avanzan-jornadas-de-concertacion-de-la-politica-publica-y-plan-de-educacion-ambiental\/","og_locale":"es_ES","og_type":"article","og_title":"Avanzan jornadas de concertaci\u00f3n de la Pol\u00edtica P\u00fablica y Plan de Educaci\u00f3n Ambiental -","og_url":"https:\/\/luchonoticias.com\/editor\/avanzan-jornadas-de-concertacion-de-la-politica-publica-y-plan-de-educacion-ambiental\/","article_publisher":"https:\/\/www.facebook.com\/luchonoticiasneiva","article_author":"https:\/\/www.facebook.com\/luchonoticiasneiva","article_published_time":"2022-09-16T11:42:20+00:00","article_modified_time":"2022-09-16T11:42:21+00:00","og_image":[{"url":"https:\/\/luchonoticias.com\/wp-content\/uploads\/2022\/09\/WhatsApp-Image-2022-09-15-at-5.41.28-PM-2-1024x630.jpeg","type":"","width":"","height":""}],"author":"admin","twitter_card":"summary_large_image","twitter_misc":{"Escrito por":"admin","Tiempo de lectura":"3 minutos"},"schema":{"@context":"https:\/\/schema.org","@graph":[{"@type":"Article","@id":"https:\/\/luchonoticias.com\/editor\/avanzan-jornadas-de-concertacion-de-la-politica-publica-y-plan-de-educacion-ambiental\/#article","isPartOf":{"@id":"https:\/\/luchonoticias.com\/editor\/avanzan-jornadas-de-concertacion-de-la-politica-publica-y-plan-de-educacion-ambiental\/"},"author":{"name":"admin","@id":"https:\/\/luchonoticias.com\/editor\/#\/schema\/person\/7a7fd911f58561fd056dbac7b55af9cd"},"headline":"Avanzan jornadas de concertaci\u00f3n de la Pol\u00edtica P\u00fablica y Plan de Educaci\u00f3n Ambiental","datePublished":"2022-09-16T11:42:20+00:00","dateModified":"2022-09-16T11:42:21+00:00","mainEntityOfPage":{"@id":"https:\/\/luchonoticias.com\/editor\/avanzan-jornadas-de-concertacion-de-la-politica-publica-y-plan-de-educacion-ambiental\/"},"wordCount":586,"commentCount":0,"publisher":{"@id":"https:\/\/luchonoticias.com\/editor\/#\/schema\/person\/7a7fd911f58561fd056dbac7b55af9cd"},"image":{"@id":"https:\/\/luchonoticias.com\/editor\/avanzan-jornadas-de-concertacion-de-la-politica-publica-y-plan-de-educacion-ambiental\/#primaryimage"},"thumbnailUrl":"https:\/\/luchonoticias.com\/wp-content\/uploads\/2022\/09\/WhatsApp-Image-2022-09-15-at-5.41.28-PM-2-1024x630.jpeg","articleSection":["Comunidad","Destacado","Regional"],"inLanguage":"es","potentialAction":[{"@type":"CommentAction","name":"Comment","target":["https:\/\/luchonoticias.com\/editor\/avanzan-jornadas-de-concertacion-de-la-politica-publica-y-plan-de-educacion-ambiental\/#respond"]}]},{"@type":"WebPage","@id":"https:\/\/luchonoticias.com\/editor\/avanzan-jornadas-de-concertacion-de-la-politica-publica-y-plan-de-educacion-ambiental\/","url":"https:\/\/luchonoticias.com\/editor\/avanzan-jornadas-de-concertacion-de-la-politica-publica-y-plan-de-educacion-ambiental\/","name":"Avanzan jornadas de concertaci\u00f3n de la Pol\u00edtica P\u00fablica y Plan de Educaci\u00f3n Ambiental -","isPartOf":{"@id":"https:\/\/luchonoticias.com\/editor\/#website"},"primaryImageOfPage":{"@id":"https:\/\/luchonoticias.com\/editor\/avanzan-jornadas-de-concertacion-de-la-politica-publica-y-plan-de-educacion-ambiental\/#primaryimage"},"image":{"@id":"https:\/\/luchonoticias.com\/editor\/avanzan-jornadas-de-concertacion-de-la-politica-publica-y-plan-de-educacion-ambiental\/#primaryimage"},"thumbnailUrl":"https:\/\/luchonoticias.com\/wp-content\/uploads\/2022\/09\/WhatsApp-Image-2022-09-15-at-5.41.28-PM-2-1024x630.jpeg","datePublished":"2022-09-16T11:42:20+00:00","dateModified":"2022-09-16T11:42:21+00:00","breadcrumb":{"@id":"https:\/\/luchonoticias.com\/editor\/avanzan-jornadas-de-concertacion-de-la-politica-publica-y-plan-de-educacion-ambiental\/#breadcrumb"},"inLanguage":"es","potentialAction":[{"@type":"ReadAction","target":["https:\/\/luchonoticias.com\/editor\/avanzan-jornadas-de-concertacion-de-la-politica-publica-y-plan-de-educacion-ambiental\/"]}]},{"@type":"ImageObject","inLanguage":"es","@id":"https:\/\/luchonoticias.com\/editor\/avanzan-jornadas-de-concertacion-de-la-politica-publica-y-plan-de-educacion-ambiental\/#primaryimage","url":"https:\/\/luchonoticias.com\/wp-content\/uploads\/2022\/09\/WhatsApp-Image-2022-09-15-at-5.41.28-PM-2-1024x630.jpeg","contentUrl":"https:\/\/luchonoticias.com\/wp-content\/uploads\/2022\/09\/WhatsApp-Image-2022-09-15-at-5.41.28-PM-2-1024x630.jpeg"},{"@type":"BreadcrumbList","@id":"https:\/\/luchonoticias.com\/editor\/avanzan-jornadas-de-concertacion-de-la-politica-publica-y-plan-de-educacion-ambiental\/#breadcrumb","itemListElement":[{"@type":"ListItem","position":1,"name":"Portada","item":"https:\/\/luchonoticias.com\/editor\/"},{"@type":"ListItem","position":2,"name":"Avanzan jornadas de concertaci\u00f3n de la Pol\u00edtica P\u00fablica y Plan de Educaci\u00f3n Ambiental"}]},{"@type":"WebSite","@id":"https:\/\/luchonoticias.com\/editor\/#website","url":"https:\/\/luchonoticias.com\/editor\/","name":"","description":"","publisher":{"@id":"https:\/\/luchonoticias.com\/editor\/#\/schema\/person\/7a7fd911f58561fd056dbac7b55af9cd"},"potentialAction":[{"@type":"SearchAction","target":{"@type":"EntryPoint","urlTemplate":"https:\/\/luchonoticias.com\/editor\/?s={search_term_string}"},"query-input":{"@type":"PropertyValueSpecification","valueRequired":true,"valueName":"search_term_string"}}],"inLanguage":"es"},{"@type":["Person","Organization"],"@id":"https:\/\/luchonoticias.com\/editor\/#\/schema\/person\/7a7fd911f58561fd056dbac7b55af9cd","name":"admin","image":{"@type":"ImageObject","inLanguage":"es","@id":"https:\/\/luchonoticias.com\/editor\/#\/schema\/person\/image\/","url":"https:\/\/luchonoticias.com\/editor\/wp-content\/uploads\/2024\/02\/cropped-cropped-logolu.webp","contentUrl":"https:\/\/luchonoticias.com\/editor\/wp-content\/uploads\/2024\/02\/cropped-cropped-logolu.webp","width":382,"height":170,"caption":"admin"},"logo":{"@id":"https:\/\/luchonoticias.com\/editor\/#\/schema\/person\/image\/"},"sameAs":["https:\/\/www.facebook.com\/luchonoticiasneiva"],"url":"https:\/\/luchonoticias.com\/editor\/author\/admin\/"}]}},"_links":{"self":[{"href":"https:\/\/luchonoticias.com\/editor\/wp-json\/wp\/v2\/posts\/34511","targetHints":{"allow":["GET"]}}],"collection":[{"href":"https:\/\/luchonoticias.com\/editor\/wp-json\/wp\/v2\/posts"}],"about":[{"href":"https:\/\/luchonoticias.com\/editor\/wp-json\/wp\/v2\/types\/post"}],"author":[{"embeddable":true,"href":"https:\/\/luchonoticias.com\/editor\/wp-json\/wp\/v2\/users\/1"}],"replies":[{"embeddable":true,"href":"https:\/\/luchonoticias.com\/editor\/wp-json\/wp\/v2\/comments?post=34511"}],"version-history":[{"count":0,"href":"https:\/\/luchonoticias.com\/editor\/wp-json\/wp\/v2\/posts\/34511\/revisions"}],"wp:attachment":[{"href":"https:\/\/luchonoticias.com\/editor\/wp-json\/wp\/v2\/media?parent=34511"}],"wp:term":[{"taxonomy":"category","embeddable":true,"href":"https:\/\/luchonoticias.com\/editor\/wp-json\/wp\/v2\/categories?post=34511"},{"taxonomy":"post_tag","embeddable":true,"href":"https:\/\/luchonoticias.com\/editor\/wp-json\/wp\/v2\/tags?post=34511"}],"curies":[{"name":"wp","href":"https:\/\/api.w.org\/{rel}","templated":true}]}}