{"id":34589,"date":"2022-09-17T05:19:55","date_gmt":"2022-09-17T10:19:55","guid":{"rendered":"https:\/\/luchonoticias.com\/?p=34589"},"modified":"2022-09-17T05:19:56","modified_gmt":"2022-09-17T10:19:56","slug":"microfutbol-huilense-tendra-doble-fecha","status":"publish","type":"post","link":"https:\/\/luchonoticias.com\/editor\/microfutbol-huilense-tendra-doble-fecha\/","title":{"rendered":"Microf\u00fatbol huilense tendr\u00e1 doble fecha"},"content":{"rendered":"\n<p>Hoy habr\u00e1 acci\u00f3n de los&nbsp;<strong>campeonatos de f\u00fatbol de sal\u00f3n<\/strong>, con doble compromiso para el departamento del&nbsp;<strong>Huila<\/strong>.<\/p>\n\n\n\n<p>En el&nbsp;<strong>campeonato masculino&nbsp;<\/strong>se jugar\u00e1n algunos enfrentamientos de los&nbsp;<strong>octavos de final<\/strong>, donde el&nbsp;<strong>Bunkers FS de Rivera<\/strong>&nbsp;(en la foto) recibir\u00e1 hoy a las 8:00 de la noche a Oca\u00f1a FDS, partidos que se desarrollar\u00e1 en el Polideportivo Principal de Rivera.<\/p>\n\n\n\n<p>Cabe resaltar que&nbsp;<strong>Faraones de Pitalito tambi\u00e9n est\u00e1 en dicha instancia<\/strong>, no obstante su&nbsp;<strong>compromiso queda aplazado<\/strong>&nbsp;por cumplir compromiso internacional en M\u00e9xico.<\/p>\n\n\n\n<p>Dos horas antes y en Candelaria (Valle), el&nbsp;<strong>Huila Futsal\u00f3n visitar\u00e1 al Alianza Sporting<\/strong>&nbsp;en juego por la&nbsp;<strong>fecha 10 del campeonato femenino<\/strong>; el equipo dirigido por Yimi Sendoy\u00e1 ha hecho adem\u00e1s gimnasia financiera para conseguir los recursos para el viaje, por lo que en d\u00edas pasados recorri\u00f3 comercios de la capital huilense para recolectar dichos dineros que le permitieran viajar, cosa que al final lograron.<\/p>\n","protected":false},"excerpt":{"rendered":"<p>Hoy habr\u00e1 acci\u00f3n de los&nbsp;campeonatos de f\u00fatbol de sal\u00f3n, con doble compromiso para el departamento del&nbsp;Huila. En el&nbsp;campeonato masculino&nbsp;se jugar\u00e1n algunos enfrentamientos de los&nbsp;octavos de final, donde el&nbsp;Bunkers FS de Rivera&nbsp;(en la foto) recibir\u00e1 hoy a las 8:00 de la noche a Oca\u00f1a FDS, partidos que se desarrollar\u00e1 en el Polideportivo Principal de Rivera. Cabe [&hellip;]<\/p>\n","protected":false},"author":1,"featured_media":0,"comment_status":"open","ping_status":"open","sticky":false,"template":"","format":"standard","meta":{"footnotes":""},"categories":[34],"tags":[],"class_list":["post-34589","post","type-post","status-publish","format-standard","hentry","category-deportes"],"yoast_head":"<!-- This site is optimized with the Yoast SEO plugin v26.6 - https:\/\/yoast.com\/wordpress\/plugins\/seo\/ -->\n<title>Microf\u00fatbol huilense tendr\u00e1 doble fecha -<\/title>\n<meta name=\"robots\" content=\"index, follow, max-snippet:-1, max-image-preview:large, max-video-preview:-1\" \/>\n<link rel=\"canonical\" href=\"https:\/\/luchonoticias.com\/editor\/microfutbol-huilense-tendra-doble-fecha\/\" \/>\n<meta property=\"og:locale\" content=\"es_ES\" \/>\n<meta property=\"og:type\" content=\"article\" \/>\n<meta property=\"og:title\" content=\"Microf\u00fatbol huilense tendr\u00e1 doble fecha -\" \/>\n<meta property=\"og:url\" content=\"https:\/\/luchonoticias.com\/editor\/microfutbol-huilense-tendra-doble-fecha\/\" \/>\n<meta property=\"article:publisher\" content=\"https:\/\/www.facebook.com\/luchonoticiasneiva\" \/>\n<meta property=\"article:author\" content=\"https:\/\/www.facebook.com\/luchonoticiasneiva\" \/>\n<meta property=\"article:published_time\" content=\"2022-09-17T10:19:55+00:00\" \/>\n<meta property=\"article:modified_time\" content=\"2022-09-17T10:19:56+00:00\" \/>\n<meta name=\"author\" content=\"admin\" \/>\n<meta name=\"twitter:card\" content=\"summary_large_image\" \/>\n<meta name=\"twitter:label1\" content=\"Escrito por\" \/>\n\t<meta name=\"twitter:data1\" content=\"admin\" \/>\n\t<meta name=\"twitter:label2\" content=\"Tiempo de lectura\" \/>\n\t<meta name=\"twitter:data2\" content=\"1 minuto\" \/>\n<script type=\"application\/ld+json\" class=\"yoast-schema-graph\">{\"@context\":\"https:\/\/schema.org\",\"@graph\":[{\"@type\":\"Article\",\"@id\":\"https:\/\/luchonoticias.com\/editor\/microfutbol-huilense-tendra-doble-fecha\/#article\",\"isPartOf\":{\"@id\":\"https:\/\/luchonoticias.com\/editor\/microfutbol-huilense-tendra-doble-fecha\/\"},\"author\":{\"name\":\"admin\",\"@id\":\"https:\/\/luchonoticias.com\/editor\/#\/schema\/person\/7a7fd911f58561fd056dbac7b55af9cd\"},\"headline\":\"Microf\u00fatbol huilense tendr\u00e1 doble fecha\",\"datePublished\":\"2022-09-17T10:19:55+00:00\",\"dateModified\":\"2022-09-17T10:19:56+00:00\",\"mainEntityOfPage\":{\"@id\":\"https:\/\/luchonoticias.com\/editor\/microfutbol-huilense-tendra-doble-fecha\/\"},\"wordCount\":177,\"commentCount\":0,\"publisher\":{\"@id\":\"https:\/\/luchonoticias.com\/editor\/#\/schema\/person\/7a7fd911f58561fd056dbac7b55af9cd\"},\"articleSection\":[\"Deportes\"],\"inLanguage\":\"es\",\"potentialAction\":[{\"@type\":\"CommentAction\",\"name\":\"Comment\",\"target\":[\"https:\/\/luchonoticias.com\/editor\/microfutbol-huilense-tendra-doble-fecha\/#respond\"]}]},{\"@type\":\"WebPage\",\"@id\":\"https:\/\/luchonoticias.com\/editor\/microfutbol-huilense-tendra-doble-fecha\/\",\"url\":\"https:\/\/luchonoticias.com\/editor\/microfutbol-huilense-tendra-doble-fecha\/\",\"name\":\"Microf\u00fatbol huilense tendr\u00e1 doble fecha -\",\"isPartOf\":{\"@id\":\"https:\/\/luchonoticias.com\/editor\/#website\"},\"datePublished\":\"2022-09-17T10:19:55+00:00\",\"dateModified\":\"2022-09-17T10:19:56+00:00\",\"breadcrumb\":{\"@id\":\"https:\/\/luchonoticias.com\/editor\/microfutbol-huilense-tendra-doble-fecha\/#breadcrumb\"},\"inLanguage\":\"es\",\"potentialAction\":[{\"@type\":\"ReadAction\",\"target\":[\"https:\/\/luchonoticias.com\/editor\/microfutbol-huilense-tendra-doble-fecha\/\"]}]},{\"@type\":\"BreadcrumbList\",\"@id\":\"https:\/\/luchonoticias.com\/editor\/microfutbol-huilense-tendra-doble-fecha\/#breadcrumb\",\"itemListElement\":[{\"@type\":\"ListItem\",\"position\":1,\"name\":\"Portada\",\"item\":\"https:\/\/luchonoticias.com\/editor\/\"},{\"@type\":\"ListItem\",\"position\":2,\"name\":\"Microf\u00fatbol huilense tendr\u00e1 doble fecha\"}]},{\"@type\":\"WebSite\",\"@id\":\"https:\/\/luchonoticias.com\/editor\/#website\",\"url\":\"https:\/\/luchonoticias.com\/editor\/\",\"name\":\"\",\"description\":\"\",\"publisher\":{\"@id\":\"https:\/\/luchonoticias.com\/editor\/#\/schema\/person\/7a7fd911f58561fd056dbac7b55af9cd\"},\"potentialAction\":[{\"@type\":\"SearchAction\",\"target\":{\"@type\":\"EntryPoint\",\"urlTemplate\":\"https:\/\/luchonoticias.com\/editor\/?s={search_term_string}\"},\"query-input\":{\"@type\":\"PropertyValueSpecification\",\"valueRequired\":true,\"valueName\":\"search_term_string\"}}],\"inLanguage\":\"es\"},{\"@type\":[\"Person\",\"Organization\"],\"@id\":\"https:\/\/luchonoticias.com\/editor\/#\/schema\/person\/7a7fd911f58561fd056dbac7b55af9cd\",\"name\":\"admin\",\"image\":{\"@type\":\"ImageObject\",\"inLanguage\":\"es\",\"@id\":\"https:\/\/luchonoticias.com\/editor\/#\/schema\/person\/image\/\",\"url\":\"https:\/\/luchonoticias.com\/editor\/wp-content\/uploads\/2024\/02\/cropped-cropped-logolu.webp\",\"contentUrl\":\"https:\/\/luchonoticias.com\/editor\/wp-content\/uploads\/2024\/02\/cropped-cropped-logolu.webp\",\"width\":382,\"height\":170,\"caption\":\"admin\"},\"logo\":{\"@id\":\"https:\/\/luchonoticias.com\/editor\/#\/schema\/person\/image\/\"},\"sameAs\":[\"https:\/\/www.facebook.com\/luchonoticiasneiva\"],\"url\":\"https:\/\/luchonoticias.com\/editor\/author\/admin\/\"}]}<\/script>\n<!-- \/ Yoast SEO plugin. -->","yoast_head_json":{"title":"Microf\u00fatbol huilense tendr\u00e1 doble fecha -","robots":{"index":"index","follow":"follow","max-snippet":"max-snippet:-1","max-image-preview":"max-image-preview:large","max-video-preview":"max-video-preview:-1"},"canonical":"https:\/\/luchonoticias.com\/editor\/microfutbol-huilense-tendra-doble-fecha\/","og_locale":"es_ES","og_type":"article","og_title":"Microf\u00fatbol huilense tendr\u00e1 doble fecha -","og_url":"https:\/\/luchonoticias.com\/editor\/microfutbol-huilense-tendra-doble-fecha\/","article_publisher":"https:\/\/www.facebook.com\/luchonoticiasneiva","article_author":"https:\/\/www.facebook.com\/luchonoticiasneiva","article_published_time":"2022-09-17T10:19:55+00:00","article_modified_time":"2022-09-17T10:19:56+00:00","author":"admin","twitter_card":"summary_large_image","twitter_misc":{"Escrito por":"admin","Tiempo de lectura":"1 minuto"},"schema":{"@context":"https:\/\/schema.org","@graph":[{"@type":"Article","@id":"https:\/\/luchonoticias.com\/editor\/microfutbol-huilense-tendra-doble-fecha\/#article","isPartOf":{"@id":"https:\/\/luchonoticias.com\/editor\/microfutbol-huilense-tendra-doble-fecha\/"},"author":{"name":"admin","@id":"https:\/\/luchonoticias.com\/editor\/#\/schema\/person\/7a7fd911f58561fd056dbac7b55af9cd"},"headline":"Microf\u00fatbol huilense tendr\u00e1 doble fecha","datePublished":"2022-09-17T10:19:55+00:00","dateModified":"2022-09-17T10:19:56+00:00","mainEntityOfPage":{"@id":"https:\/\/luchonoticias.com\/editor\/microfutbol-huilense-tendra-doble-fecha\/"},"wordCount":177,"commentCount":0,"publisher":{"@id":"https:\/\/luchonoticias.com\/editor\/#\/schema\/person\/7a7fd911f58561fd056dbac7b55af9cd"},"articleSection":["Deportes"],"inLanguage":"es","potentialAction":[{"@type":"CommentAction","name":"Comment","target":["https:\/\/luchonoticias.com\/editor\/microfutbol-huilense-tendra-doble-fecha\/#respond"]}]},{"@type":"WebPage","@id":"https:\/\/luchonoticias.com\/editor\/microfutbol-huilense-tendra-doble-fecha\/","url":"https:\/\/luchonoticias.com\/editor\/microfutbol-huilense-tendra-doble-fecha\/","name":"Microf\u00fatbol huilense tendr\u00e1 doble fecha -","isPartOf":{"@id":"https:\/\/luchonoticias.com\/editor\/#website"},"datePublished":"2022-09-17T10:19:55+00:00","dateModified":"2022-09-17T10:19:56+00:00","breadcrumb":{"@id":"https:\/\/luchonoticias.com\/editor\/microfutbol-huilense-tendra-doble-fecha\/#breadcrumb"},"inLanguage":"es","potentialAction":[{"@type":"ReadAction","target":["https:\/\/luchonoticias.com\/editor\/microfutbol-huilense-tendra-doble-fecha\/"]}]},{"@type":"BreadcrumbList","@id":"https:\/\/luchonoticias.com\/editor\/microfutbol-huilense-tendra-doble-fecha\/#breadcrumb","itemListElement":[{"@type":"ListItem","position":1,"name":"Portada","item":"https:\/\/luchonoticias.com\/editor\/"},{"@type":"ListItem","position":2,"name":"Microf\u00fatbol huilense tendr\u00e1 doble fecha"}]},{"@type":"WebSite","@id":"https:\/\/luchonoticias.com\/editor\/#website","url":"https:\/\/luchonoticias.com\/editor\/","name":"","description":"","publisher":{"@id":"https:\/\/luchonoticias.com\/editor\/#\/schema\/person\/7a7fd911f58561fd056dbac7b55af9cd"},"potentialAction":[{"@type":"SearchAction","target":{"@type":"EntryPoint","urlTemplate":"https:\/\/luchonoticias.com\/editor\/?s={search_term_string}"},"query-input":{"@type":"PropertyValueSpecification","valueRequired":true,"valueName":"search_term_string"}}],"inLanguage":"es"},{"@type":["Person","Organization"],"@id":"https:\/\/luchonoticias.com\/editor\/#\/schema\/person\/7a7fd911f58561fd056dbac7b55af9cd","name":"admin","image":{"@type":"ImageObject","inLanguage":"es","@id":"https:\/\/luchonoticias.com\/editor\/#\/schema\/person\/image\/","url":"https:\/\/luchonoticias.com\/editor\/wp-content\/uploads\/2024\/02\/cropped-cropped-logolu.webp","contentUrl":"https:\/\/luchonoticias.com\/editor\/wp-content\/uploads\/2024\/02\/cropped-cropped-logolu.webp","width":382,"height":170,"caption":"admin"},"logo":{"@id":"https:\/\/luchonoticias.com\/editor\/#\/schema\/person\/image\/"},"sameAs":["https:\/\/www.facebook.com\/luchonoticiasneiva"],"url":"https:\/\/luchonoticias.com\/editor\/author\/admin\/"}]}},"_links":{"self":[{"href":"https:\/\/luchonoticias.com\/editor\/wp-json\/wp\/v2\/posts\/34589","targetHints":{"allow":["GET"]}}],"collection":[{"href":"https:\/\/luchonoticias.com\/editor\/wp-json\/wp\/v2\/posts"}],"about":[{"href":"https:\/\/luchonoticias.com\/editor\/wp-json\/wp\/v2\/types\/post"}],"author":[{"embeddable":true,"href":"https:\/\/luchonoticias.com\/editor\/wp-json\/wp\/v2\/users\/1"}],"replies":[{"embeddable":true,"href":"https:\/\/luchonoticias.com\/editor\/wp-json\/wp\/v2\/comments?post=34589"}],"version-history":[{"count":0,"href":"https:\/\/luchonoticias.com\/editor\/wp-json\/wp\/v2\/posts\/34589\/revisions"}],"wp:attachment":[{"href":"https:\/\/luchonoticias.com\/editor\/wp-json\/wp\/v2\/media?parent=34589"}],"wp:term":[{"taxonomy":"category","embeddable":true,"href":"https:\/\/luchonoticias.com\/editor\/wp-json\/wp\/v2\/categories?post=34589"},{"taxonomy":"post_tag","embeddable":true,"href":"https:\/\/luchonoticias.com\/editor\/wp-json\/wp\/v2\/tags?post=34589"}],"curies":[{"name":"wp","href":"https:\/\/api.w.org\/{rel}","templated":true}]}}