{"id":34651,"date":"2022-09-18T08:22:11","date_gmt":"2022-09-18T13:22:11","guid":{"rendered":"https:\/\/luchonoticias.com\/?p=34651"},"modified":"2022-09-18T08:24:21","modified_gmt":"2022-09-18T13:24:21","slug":"fiscalia-imputo-cargos-alias-jota-presunto-responsable-de-una-ola-de-homicidios-en-valle-del-cauca","status":"publish","type":"post","link":"https:\/\/luchonoticias.com\/editor\/fiscalia-imputo-cargos-alias-jota-presunto-responsable-de-una-ola-de-homicidios-en-valle-del-cauca\/","title":{"rendered":"Fiscal\u00eda imput\u00f3 cargos a alias \u2018Jota\u2019, presunto responsable de una ola de homicidios en Valle del Cauca."},"content":{"rendered":"\n<p>La Fiscal\u00eda General de la Naci\u00f3n imput\u00f3 a Jhon Jaime Ram\u00edrez, alias Jota, se\u00f1alado cabecilla de la estructura Ad\u00e1n Izquierdo de las disidencias de las Farc, como presunto responsable de una ola de homicidios en Valle del Cauca.<\/p>\n\n\n\n<p>Interceptaciones a las comunicaciones de varios integrantes de la estructura criminal y otros elementos de prueba dan cuenta de varios asesinatos que habr\u00edan sido ejecutados por instrucci\u00f3n directa de alias Jota, y en atenci\u00f3n a los lineamientos definidos para ejercer control ilegal sobre algunas \u00e1reas en el sur occidente del pa\u00eds.<\/p>\n\n\n\n<p>En ese sentido, se han acreditado tres eventos distintos que dejaron cuatro v\u00edctimas. El primero, sucedi\u00f3 el 31 de julio de 2021, en la vereda Monterrey, en jurisdicci\u00f3n de Guar\u00ed. En esa oportunidad fueron asesinados dos adultos mayores de 65 y 68 a\u00f1os.<\/p>\n\n\n\n<p>Los dem\u00e1s eventos sucedieron en zona rural de Tulu\u00e1. En uno, registrado el 17 de septiembre de 2020, en el sector denominado Barrag\u00e1n, muri\u00f3 un hombre de 27 a\u00f1os; y en el otro, perpetrado el 5 de febrero de 2022, en el corregimiento Monteloro, fue asesinada una mujer a quien se\u00f1alaron equivocadamente de ser informante de las autoridades.<\/p>\n\n\n\n<p>Una fiscal de la Direcci\u00f3n Especializada contra las Organizaciones Criminales imput\u00f3 a alias Jota el delito de homicidio agravado en calidad de determinador.<\/p>\n\n\n\n<p>El procesado permanece privado de la libertad en la c\u00e1rcel de Popay\u00e1n (Cauca), luego de ser judicializado en mayo del a\u00f1o en curso, junto a otras seis personas, por concierto para delinquir, y fabricaci\u00f3n, tr\u00e1fico y porte de armas, municiones de uso restringido, de uso privativo de las Fuerzas Armadas o explosivos<\/p>\n","protected":false},"excerpt":{"rendered":"<p>La Fiscal\u00eda General de la Naci\u00f3n imput\u00f3 a Jhon Jaime Ram\u00edrez, alias Jota, se\u00f1alado cabecilla de la estructura Ad\u00e1n Izquierdo de las disidencias de las Farc, como presunto responsable de una ola de homicidios en Valle del Cauca. Interceptaciones a las comunicaciones de varios integrantes de la estructura criminal y otros elementos de prueba dan [&hellip;]<\/p>\n","protected":false},"author":1,"featured_media":0,"comment_status":"open","ping_status":"open","sticky":false,"template":"","format":"standard","meta":{"footnotes":""},"categories":[36,29],"tags":[],"class_list":["post-34651","post","type-post","status-publish","format-standard","hentry","category-destacado","category-judicial"],"yoast_head":"<!-- This site is optimized with the Yoast SEO plugin v26.6 - https:\/\/yoast.com\/wordpress\/plugins\/seo\/ -->\n<title>Fiscal\u00eda imput\u00f3 cargos a alias \u2018Jota\u2019, presunto responsable de una ola de homicidios en Valle del Cauca. -<\/title>\n<meta name=\"robots\" content=\"index, follow, max-snippet:-1, max-image-preview:large, max-video-preview:-1\" \/>\n<link rel=\"canonical\" href=\"https:\/\/luchonoticias.com\/editor\/fiscalia-imputo-cargos-alias-jota-presunto-responsable-de-una-ola-de-homicidios-en-valle-del-cauca\/\" \/>\n<meta property=\"og:locale\" content=\"es_ES\" \/>\n<meta property=\"og:type\" content=\"article\" \/>\n<meta property=\"og:title\" content=\"Fiscal\u00eda imput\u00f3 cargos a alias \u2018Jota\u2019, presunto responsable de una ola de homicidios en Valle del Cauca. -\" \/>\n<meta property=\"og:url\" content=\"https:\/\/luchonoticias.com\/editor\/fiscalia-imputo-cargos-alias-jota-presunto-responsable-de-una-ola-de-homicidios-en-valle-del-cauca\/\" \/>\n<meta property=\"article:publisher\" content=\"https:\/\/www.facebook.com\/luchonoticiasneiva\" \/>\n<meta property=\"article:author\" content=\"https:\/\/www.facebook.com\/luchonoticiasneiva\" \/>\n<meta property=\"article:published_time\" content=\"2022-09-18T13:22:11+00:00\" \/>\n<meta property=\"article:modified_time\" content=\"2022-09-18T13:24:21+00:00\" \/>\n<meta name=\"author\" content=\"admin\" \/>\n<meta name=\"twitter:card\" content=\"summary_large_image\" \/>\n<meta name=\"twitter:label1\" content=\"Escrito por\" \/>\n\t<meta name=\"twitter:data1\" content=\"admin\" \/>\n\t<meta name=\"twitter:label2\" content=\"Tiempo de lectura\" \/>\n\t<meta name=\"twitter:data2\" content=\"1 minuto\" \/>\n<script type=\"application\/ld+json\" class=\"yoast-schema-graph\">{\"@context\":\"https:\/\/schema.org\",\"@graph\":[{\"@type\":\"Article\",\"@id\":\"https:\/\/luchonoticias.com\/editor\/fiscalia-imputo-cargos-alias-jota-presunto-responsable-de-una-ola-de-homicidios-en-valle-del-cauca\/#article\",\"isPartOf\":{\"@id\":\"https:\/\/luchonoticias.com\/editor\/fiscalia-imputo-cargos-alias-jota-presunto-responsable-de-una-ola-de-homicidios-en-valle-del-cauca\/\"},\"author\":{\"name\":\"admin\",\"@id\":\"https:\/\/luchonoticias.com\/editor\/#\/schema\/person\/7a7fd911f58561fd056dbac7b55af9cd\"},\"headline\":\"Fiscal\u00eda imput\u00f3 cargos a alias \u2018Jota\u2019, presunto responsable de una ola de homicidios en Valle del Cauca.\",\"datePublished\":\"2022-09-18T13:22:11+00:00\",\"dateModified\":\"2022-09-18T13:24:21+00:00\",\"mainEntityOfPage\":{\"@id\":\"https:\/\/luchonoticias.com\/editor\/fiscalia-imputo-cargos-alias-jota-presunto-responsable-de-una-ola-de-homicidios-en-valle-del-cauca\/\"},\"wordCount\":296,\"commentCount\":0,\"publisher\":{\"@id\":\"https:\/\/luchonoticias.com\/editor\/#\/schema\/person\/7a7fd911f58561fd056dbac7b55af9cd\"},\"articleSection\":[\"Destacado\",\"Judicial\"],\"inLanguage\":\"es\",\"potentialAction\":[{\"@type\":\"CommentAction\",\"name\":\"Comment\",\"target\":[\"https:\/\/luchonoticias.com\/editor\/fiscalia-imputo-cargos-alias-jota-presunto-responsable-de-una-ola-de-homicidios-en-valle-del-cauca\/#respond\"]}]},{\"@type\":\"WebPage\",\"@id\":\"https:\/\/luchonoticias.com\/editor\/fiscalia-imputo-cargos-alias-jota-presunto-responsable-de-una-ola-de-homicidios-en-valle-del-cauca\/\",\"url\":\"https:\/\/luchonoticias.com\/editor\/fiscalia-imputo-cargos-alias-jota-presunto-responsable-de-una-ola-de-homicidios-en-valle-del-cauca\/\",\"name\":\"Fiscal\u00eda imput\u00f3 cargos a alias \u2018Jota\u2019, presunto responsable de una ola de homicidios en Valle del Cauca. -\",\"isPartOf\":{\"@id\":\"https:\/\/luchonoticias.com\/editor\/#website\"},\"datePublished\":\"2022-09-18T13:22:11+00:00\",\"dateModified\":\"2022-09-18T13:24:21+00:00\",\"breadcrumb\":{\"@id\":\"https:\/\/luchonoticias.com\/editor\/fiscalia-imputo-cargos-alias-jota-presunto-responsable-de-una-ola-de-homicidios-en-valle-del-cauca\/#breadcrumb\"},\"inLanguage\":\"es\",\"potentialAction\":[{\"@type\":\"ReadAction\",\"target\":[\"https:\/\/luchonoticias.com\/editor\/fiscalia-imputo-cargos-alias-jota-presunto-responsable-de-una-ola-de-homicidios-en-valle-del-cauca\/\"]}]},{\"@type\":\"BreadcrumbList\",\"@id\":\"https:\/\/luchonoticias.com\/editor\/fiscalia-imputo-cargos-alias-jota-presunto-responsable-de-una-ola-de-homicidios-en-valle-del-cauca\/#breadcrumb\",\"itemListElement\":[{\"@type\":\"ListItem\",\"position\":1,\"name\":\"Portada\",\"item\":\"https:\/\/luchonoticias.com\/editor\/\"},{\"@type\":\"ListItem\",\"position\":2,\"name\":\"Fiscal\u00eda imput\u00f3 cargos a alias \u2018Jota\u2019, presunto responsable de una ola de homicidios en Valle del Cauca.\"}]},{\"@type\":\"WebSite\",\"@id\":\"https:\/\/luchonoticias.com\/editor\/#website\",\"url\":\"https:\/\/luchonoticias.com\/editor\/\",\"name\":\"\",\"description\":\"\",\"publisher\":{\"@id\":\"https:\/\/luchonoticias.com\/editor\/#\/schema\/person\/7a7fd911f58561fd056dbac7b55af9cd\"},\"potentialAction\":[{\"@type\":\"SearchAction\",\"target\":{\"@type\":\"EntryPoint\",\"urlTemplate\":\"https:\/\/luchonoticias.com\/editor\/?s={search_term_string}\"},\"query-input\":{\"@type\":\"PropertyValueSpecification\",\"valueRequired\":true,\"valueName\":\"search_term_string\"}}],\"inLanguage\":\"es\"},{\"@type\":[\"Person\",\"Organization\"],\"@id\":\"https:\/\/luchonoticias.com\/editor\/#\/schema\/person\/7a7fd911f58561fd056dbac7b55af9cd\",\"name\":\"admin\",\"image\":{\"@type\":\"ImageObject\",\"inLanguage\":\"es\",\"@id\":\"https:\/\/luchonoticias.com\/editor\/#\/schema\/person\/image\/\",\"url\":\"https:\/\/luchonoticias.com\/editor\/wp-content\/uploads\/2024\/02\/cropped-cropped-logolu.webp\",\"contentUrl\":\"https:\/\/luchonoticias.com\/editor\/wp-content\/uploads\/2024\/02\/cropped-cropped-logolu.webp\",\"width\":382,\"height\":170,\"caption\":\"admin\"},\"logo\":{\"@id\":\"https:\/\/luchonoticias.com\/editor\/#\/schema\/person\/image\/\"},\"sameAs\":[\"https:\/\/www.facebook.com\/luchonoticiasneiva\"],\"url\":\"https:\/\/luchonoticias.com\/editor\/author\/admin\/\"}]}<\/script>\n<!-- \/ Yoast SEO plugin. -->","yoast_head_json":{"title":"Fiscal\u00eda imput\u00f3 cargos a alias \u2018Jota\u2019, presunto responsable de una ola de homicidios en Valle del Cauca. -","robots":{"index":"index","follow":"follow","max-snippet":"max-snippet:-1","max-image-preview":"max-image-preview:large","max-video-preview":"max-video-preview:-1"},"canonical":"https:\/\/luchonoticias.com\/editor\/fiscalia-imputo-cargos-alias-jota-presunto-responsable-de-una-ola-de-homicidios-en-valle-del-cauca\/","og_locale":"es_ES","og_type":"article","og_title":"Fiscal\u00eda imput\u00f3 cargos a alias \u2018Jota\u2019, presunto responsable de una ola de homicidios en Valle del Cauca. -","og_url":"https:\/\/luchonoticias.com\/editor\/fiscalia-imputo-cargos-alias-jota-presunto-responsable-de-una-ola-de-homicidios-en-valle-del-cauca\/","article_publisher":"https:\/\/www.facebook.com\/luchonoticiasneiva","article_author":"https:\/\/www.facebook.com\/luchonoticiasneiva","article_published_time":"2022-09-18T13:22:11+00:00","article_modified_time":"2022-09-18T13:24:21+00:00","author":"admin","twitter_card":"summary_large_image","twitter_misc":{"Escrito por":"admin","Tiempo de lectura":"1 minuto"},"schema":{"@context":"https:\/\/schema.org","@graph":[{"@type":"Article","@id":"https:\/\/luchonoticias.com\/editor\/fiscalia-imputo-cargos-alias-jota-presunto-responsable-de-una-ola-de-homicidios-en-valle-del-cauca\/#article","isPartOf":{"@id":"https:\/\/luchonoticias.com\/editor\/fiscalia-imputo-cargos-alias-jota-presunto-responsable-de-una-ola-de-homicidios-en-valle-del-cauca\/"},"author":{"name":"admin","@id":"https:\/\/luchonoticias.com\/editor\/#\/schema\/person\/7a7fd911f58561fd056dbac7b55af9cd"},"headline":"Fiscal\u00eda imput\u00f3 cargos a alias \u2018Jota\u2019, presunto responsable de una ola de homicidios en Valle del Cauca.","datePublished":"2022-09-18T13:22:11+00:00","dateModified":"2022-09-18T13:24:21+00:00","mainEntityOfPage":{"@id":"https:\/\/luchonoticias.com\/editor\/fiscalia-imputo-cargos-alias-jota-presunto-responsable-de-una-ola-de-homicidios-en-valle-del-cauca\/"},"wordCount":296,"commentCount":0,"publisher":{"@id":"https:\/\/luchonoticias.com\/editor\/#\/schema\/person\/7a7fd911f58561fd056dbac7b55af9cd"},"articleSection":["Destacado","Judicial"],"inLanguage":"es","potentialAction":[{"@type":"CommentAction","name":"Comment","target":["https:\/\/luchonoticias.com\/editor\/fiscalia-imputo-cargos-alias-jota-presunto-responsable-de-una-ola-de-homicidios-en-valle-del-cauca\/#respond"]}]},{"@type":"WebPage","@id":"https:\/\/luchonoticias.com\/editor\/fiscalia-imputo-cargos-alias-jota-presunto-responsable-de-una-ola-de-homicidios-en-valle-del-cauca\/","url":"https:\/\/luchonoticias.com\/editor\/fiscalia-imputo-cargos-alias-jota-presunto-responsable-de-una-ola-de-homicidios-en-valle-del-cauca\/","name":"Fiscal\u00eda imput\u00f3 cargos a alias \u2018Jota\u2019, presunto responsable de una ola de homicidios en Valle del Cauca. -","isPartOf":{"@id":"https:\/\/luchonoticias.com\/editor\/#website"},"datePublished":"2022-09-18T13:22:11+00:00","dateModified":"2022-09-18T13:24:21+00:00","breadcrumb":{"@id":"https:\/\/luchonoticias.com\/editor\/fiscalia-imputo-cargos-alias-jota-presunto-responsable-de-una-ola-de-homicidios-en-valle-del-cauca\/#breadcrumb"},"inLanguage":"es","potentialAction":[{"@type":"ReadAction","target":["https:\/\/luchonoticias.com\/editor\/fiscalia-imputo-cargos-alias-jota-presunto-responsable-de-una-ola-de-homicidios-en-valle-del-cauca\/"]}]},{"@type":"BreadcrumbList","@id":"https:\/\/luchonoticias.com\/editor\/fiscalia-imputo-cargos-alias-jota-presunto-responsable-de-una-ola-de-homicidios-en-valle-del-cauca\/#breadcrumb","itemListElement":[{"@type":"ListItem","position":1,"name":"Portada","item":"https:\/\/luchonoticias.com\/editor\/"},{"@type":"ListItem","position":2,"name":"Fiscal\u00eda imput\u00f3 cargos a alias \u2018Jota\u2019, presunto responsable de una ola de homicidios en Valle del Cauca."}]},{"@type":"WebSite","@id":"https:\/\/luchonoticias.com\/editor\/#website","url":"https:\/\/luchonoticias.com\/editor\/","name":"","description":"","publisher":{"@id":"https:\/\/luchonoticias.com\/editor\/#\/schema\/person\/7a7fd911f58561fd056dbac7b55af9cd"},"potentialAction":[{"@type":"SearchAction","target":{"@type":"EntryPoint","urlTemplate":"https:\/\/luchonoticias.com\/editor\/?s={search_term_string}"},"query-input":{"@type":"PropertyValueSpecification","valueRequired":true,"valueName":"search_term_string"}}],"inLanguage":"es"},{"@type":["Person","Organization"],"@id":"https:\/\/luchonoticias.com\/editor\/#\/schema\/person\/7a7fd911f58561fd056dbac7b55af9cd","name":"admin","image":{"@type":"ImageObject","inLanguage":"es","@id":"https:\/\/luchonoticias.com\/editor\/#\/schema\/person\/image\/","url":"https:\/\/luchonoticias.com\/editor\/wp-content\/uploads\/2024\/02\/cropped-cropped-logolu.webp","contentUrl":"https:\/\/luchonoticias.com\/editor\/wp-content\/uploads\/2024\/02\/cropped-cropped-logolu.webp","width":382,"height":170,"caption":"admin"},"logo":{"@id":"https:\/\/luchonoticias.com\/editor\/#\/schema\/person\/image\/"},"sameAs":["https:\/\/www.facebook.com\/luchonoticiasneiva"],"url":"https:\/\/luchonoticias.com\/editor\/author\/admin\/"}]}},"_links":{"self":[{"href":"https:\/\/luchonoticias.com\/editor\/wp-json\/wp\/v2\/posts\/34651","targetHints":{"allow":["GET"]}}],"collection":[{"href":"https:\/\/luchonoticias.com\/editor\/wp-json\/wp\/v2\/posts"}],"about":[{"href":"https:\/\/luchonoticias.com\/editor\/wp-json\/wp\/v2\/types\/post"}],"author":[{"embeddable":true,"href":"https:\/\/luchonoticias.com\/editor\/wp-json\/wp\/v2\/users\/1"}],"replies":[{"embeddable":true,"href":"https:\/\/luchonoticias.com\/editor\/wp-json\/wp\/v2\/comments?post=34651"}],"version-history":[{"count":0,"href":"https:\/\/luchonoticias.com\/editor\/wp-json\/wp\/v2\/posts\/34651\/revisions"}],"wp:attachment":[{"href":"https:\/\/luchonoticias.com\/editor\/wp-json\/wp\/v2\/media?parent=34651"}],"wp:term":[{"taxonomy":"category","embeddable":true,"href":"https:\/\/luchonoticias.com\/editor\/wp-json\/wp\/v2\/categories?post=34651"},{"taxonomy":"post_tag","embeddable":true,"href":"https:\/\/luchonoticias.com\/editor\/wp-json\/wp\/v2\/tags?post=34651"}],"curies":[{"name":"wp","href":"https:\/\/api.w.org\/{rel}","templated":true}]}}