{"id":36642,"date":"2022-10-13T04:55:37","date_gmt":"2022-10-13T09:55:37","guid":{"rendered":"https:\/\/luchonoticias.com\/?p=36642"},"modified":"2022-10-13T04:55:37","modified_gmt":"2022-10-13T09:55:37","slug":"procuraduria-solicita-plan-de-accion-para-atender-emergencia-invernal","status":"publish","type":"post","link":"https:\/\/luchonoticias.com\/editor\/procuraduria-solicita-plan-de-accion-para-atender-emergencia-invernal\/","title":{"rendered":"Procuradur\u00eda solicita plan de acci\u00f3n para atender emergencia invernal"},"content":{"rendered":"\n<p>La Procuradur\u00eda General de la Naci\u00f3n, como parte de la&nbsp;<strong>vigilancia y seguimiento que hace a la temporada invernal&nbsp;<\/strong>y al desarrollo del fen\u00f3meno de La Ni\u00f1a en el pa\u00eds, le&nbsp;<strong>solicit\u00f3 medidas urgentes a la Unidad Nacional para la Gesti\u00f3n del Riesgo de Desastres (UNGRD)<\/strong>, con el fin de que se puedan atender oportunamente las emergencias generadas por huracanes, inundaciones, remociones en masa, entre otros hechos.<\/p>\n\n\n\n<p>El ente de control reconoci\u00f3 los esfuerzos que viene realizando la UNGRD para dar a conocer, mitigar y atender desastres en todo el pa\u00eds; sin embargo, tambi\u00e9n advirti\u00f3 que&nbsp;<strong>se siguen recibiendo quejas relacionadas con las ayudas y la falta de atenci\u00f3n oportuna<\/strong>&nbsp;a requerimientos efectuados por las entidades territoriales, como la entrega de materiales y temas operativos como la asignaci\u00f3n de claves y usuarios para el diligenciamiento del EDAN y RUD.<\/p>\n\n\n\n<p>A trav\u00e9s de la Delegada para la Gesti\u00f3n y Gobernanza Territorial, hizo un llamado para que&nbsp;<strong>se establezcan canales de comunicaci\u00f3n claros entre la UNGRD, los departamentos, los municipios y las comunidades afectadas<\/strong>; y para que haya una mayor capacidad de decisi\u00f3n de los funcionarios que participen en los PMU y los consejos territoriales de gesti\u00f3n del riesgo, esto en cuanto a la intervenci\u00f3n de la UNGRD en una emergencia.<\/p>\n\n\n\n<p>De igual manera, reiter\u00f3 el compromiso de contribuir al fortalecimiento de la gesti\u00f3n del riesgo de desastres en el territorio nacional, tanto desde el nivel central como con las procuradur\u00edas regionales y provinciales, por lo que considera indispensable que se env\u00eden informes sobre las acciones que adelantar\u00e1 la UNGRD de manera subsidiaria con las entidades territoriales.<\/p>\n\n\n\n<p>La Procuradur\u00eda pidi\u00f3 participar de los Comit\u00e9s Nacionales de Gesti\u00f3n del Riesgo de Desastres (CNGRD), los PMU y espacios similares, para contribuir a la articulaci\u00f3n que debe existir entre el nivel nacional y el nivel territorial, y as\u00ed lograr soluciones concretas para la poblaci\u00f3n afectada por la emergencia. Por \u00faltimo,&nbsp;<strong>solicit\u00f3 informar cada uno de los planes de acci\u00f3n<\/strong>, indicando las acciones concretas y los tiempos que se han definido para atender, en corto plazo, las emergencias generadas por lluvias en los departamentos de Antioquia, Atl\u00e1ntico, Bol\u00edvar, Caldas, Caquet\u00e1, La Guajira, Norte de Santander, San Andr\u00e9s y Sucre.<\/p>\n\n\n\n<p>Con informaci\u00f3n y foto de la Procuradur\u00eda.<\/p>\n","protected":false},"excerpt":{"rendered":"<p>La Procuradur\u00eda General de la Naci\u00f3n, como parte de la&nbsp;vigilancia y seguimiento que hace a la temporada invernal&nbsp;y al desarrollo del fen\u00f3meno de La Ni\u00f1a en el pa\u00eds, le&nbsp;solicit\u00f3 medidas urgentes a la Unidad Nacional para la Gesti\u00f3n del Riesgo de Desastres (UNGRD), con el fin de que se puedan atender oportunamente las emergencias generadas [&hellip;]<\/p>\n","protected":false},"author":1,"featured_media":0,"comment_status":"open","ping_status":"open","sticky":false,"template":"","format":"standard","meta":{"footnotes":""},"categories":[28],"tags":[],"class_list":["post-36642","post","type-post","status-publish","format-standard","hentry","category-actualidad"],"yoast_head":"<!-- This site is optimized with the Yoast SEO plugin v26.6 - https:\/\/yoast.com\/wordpress\/plugins\/seo\/ -->\n<title>Procuradur\u00eda solicita plan de acci\u00f3n para atender emergencia invernal -<\/title>\n<meta name=\"robots\" content=\"index, follow, max-snippet:-1, max-image-preview:large, max-video-preview:-1\" \/>\n<link rel=\"canonical\" href=\"https:\/\/luchonoticias.com\/editor\/procuraduria-solicita-plan-de-accion-para-atender-emergencia-invernal\/\" \/>\n<meta property=\"og:locale\" content=\"es_ES\" \/>\n<meta property=\"og:type\" content=\"article\" \/>\n<meta property=\"og:title\" content=\"Procuradur\u00eda solicita plan de acci\u00f3n para atender emergencia invernal -\" \/>\n<meta property=\"og:url\" content=\"https:\/\/luchonoticias.com\/editor\/procuraduria-solicita-plan-de-accion-para-atender-emergencia-invernal\/\" \/>\n<meta property=\"article:publisher\" content=\"https:\/\/www.facebook.com\/luchonoticiasneiva\" \/>\n<meta property=\"article:author\" content=\"https:\/\/www.facebook.com\/luchonoticiasneiva\" \/>\n<meta property=\"article:published_time\" content=\"2022-10-13T09:55:37+00:00\" \/>\n<meta name=\"author\" content=\"admin\" \/>\n<meta name=\"twitter:card\" content=\"summary_large_image\" \/>\n<meta name=\"twitter:label1\" content=\"Escrito por\" \/>\n\t<meta name=\"twitter:data1\" content=\"admin\" \/>\n\t<meta name=\"twitter:label2\" content=\"Tiempo de lectura\" \/>\n\t<meta name=\"twitter:data2\" content=\"2 minutos\" \/>\n<script type=\"application\/ld+json\" class=\"yoast-schema-graph\">{\"@context\":\"https:\/\/schema.org\",\"@graph\":[{\"@type\":\"Article\",\"@id\":\"https:\/\/luchonoticias.com\/editor\/procuraduria-solicita-plan-de-accion-para-atender-emergencia-invernal\/#article\",\"isPartOf\":{\"@id\":\"https:\/\/luchonoticias.com\/editor\/procuraduria-solicita-plan-de-accion-para-atender-emergencia-invernal\/\"},\"author\":{\"name\":\"admin\",\"@id\":\"https:\/\/luchonoticias.com\/editor\/#\/schema\/person\/7a7fd911f58561fd056dbac7b55af9cd\"},\"headline\":\"Procuradur\u00eda solicita plan de acci\u00f3n para atender emergencia invernal\",\"datePublished\":\"2022-10-13T09:55:37+00:00\",\"mainEntityOfPage\":{\"@id\":\"https:\/\/luchonoticias.com\/editor\/procuraduria-solicita-plan-de-accion-para-atender-emergencia-invernal\/\"},\"wordCount\":418,\"commentCount\":0,\"publisher\":{\"@id\":\"https:\/\/luchonoticias.com\/editor\/#\/schema\/person\/7a7fd911f58561fd056dbac7b55af9cd\"},\"articleSection\":[\"Actualidad\"],\"inLanguage\":\"es\",\"potentialAction\":[{\"@type\":\"CommentAction\",\"name\":\"Comment\",\"target\":[\"https:\/\/luchonoticias.com\/editor\/procuraduria-solicita-plan-de-accion-para-atender-emergencia-invernal\/#respond\"]}]},{\"@type\":\"WebPage\",\"@id\":\"https:\/\/luchonoticias.com\/editor\/procuraduria-solicita-plan-de-accion-para-atender-emergencia-invernal\/\",\"url\":\"https:\/\/luchonoticias.com\/editor\/procuraduria-solicita-plan-de-accion-para-atender-emergencia-invernal\/\",\"name\":\"Procuradur\u00eda solicita plan de acci\u00f3n para atender emergencia invernal -\",\"isPartOf\":{\"@id\":\"https:\/\/luchonoticias.com\/editor\/#website\"},\"datePublished\":\"2022-10-13T09:55:37+00:00\",\"breadcrumb\":{\"@id\":\"https:\/\/luchonoticias.com\/editor\/procuraduria-solicita-plan-de-accion-para-atender-emergencia-invernal\/#breadcrumb\"},\"inLanguage\":\"es\",\"potentialAction\":[{\"@type\":\"ReadAction\",\"target\":[\"https:\/\/luchonoticias.com\/editor\/procuraduria-solicita-plan-de-accion-para-atender-emergencia-invernal\/\"]}]},{\"@type\":\"BreadcrumbList\",\"@id\":\"https:\/\/luchonoticias.com\/editor\/procuraduria-solicita-plan-de-accion-para-atender-emergencia-invernal\/#breadcrumb\",\"itemListElement\":[{\"@type\":\"ListItem\",\"position\":1,\"name\":\"Portada\",\"item\":\"https:\/\/luchonoticias.com\/editor\/\"},{\"@type\":\"ListItem\",\"position\":2,\"name\":\"Procuradur\u00eda solicita plan de acci\u00f3n para atender emergencia invernal\"}]},{\"@type\":\"WebSite\",\"@id\":\"https:\/\/luchonoticias.com\/editor\/#website\",\"url\":\"https:\/\/luchonoticias.com\/editor\/\",\"name\":\"\",\"description\":\"\",\"publisher\":{\"@id\":\"https:\/\/luchonoticias.com\/editor\/#\/schema\/person\/7a7fd911f58561fd056dbac7b55af9cd\"},\"potentialAction\":[{\"@type\":\"SearchAction\",\"target\":{\"@type\":\"EntryPoint\",\"urlTemplate\":\"https:\/\/luchonoticias.com\/editor\/?s={search_term_string}\"},\"query-input\":{\"@type\":\"PropertyValueSpecification\",\"valueRequired\":true,\"valueName\":\"search_term_string\"}}],\"inLanguage\":\"es\"},{\"@type\":[\"Person\",\"Organization\"],\"@id\":\"https:\/\/luchonoticias.com\/editor\/#\/schema\/person\/7a7fd911f58561fd056dbac7b55af9cd\",\"name\":\"admin\",\"image\":{\"@type\":\"ImageObject\",\"inLanguage\":\"es\",\"@id\":\"https:\/\/luchonoticias.com\/editor\/#\/schema\/person\/image\/\",\"url\":\"https:\/\/luchonoticias.com\/editor\/wp-content\/uploads\/2024\/02\/cropped-cropped-logolu.webp\",\"contentUrl\":\"https:\/\/luchonoticias.com\/editor\/wp-content\/uploads\/2024\/02\/cropped-cropped-logolu.webp\",\"width\":382,\"height\":170,\"caption\":\"admin\"},\"logo\":{\"@id\":\"https:\/\/luchonoticias.com\/editor\/#\/schema\/person\/image\/\"},\"sameAs\":[\"https:\/\/www.facebook.com\/luchonoticiasneiva\"],\"url\":\"https:\/\/luchonoticias.com\/editor\/author\/admin\/\"}]}<\/script>\n<!-- \/ Yoast SEO plugin. -->","yoast_head_json":{"title":"Procuradur\u00eda solicita plan de acci\u00f3n para atender emergencia invernal -","robots":{"index":"index","follow":"follow","max-snippet":"max-snippet:-1","max-image-preview":"max-image-preview:large","max-video-preview":"max-video-preview:-1"},"canonical":"https:\/\/luchonoticias.com\/editor\/procuraduria-solicita-plan-de-accion-para-atender-emergencia-invernal\/","og_locale":"es_ES","og_type":"article","og_title":"Procuradur\u00eda solicita plan de acci\u00f3n para atender emergencia invernal -","og_url":"https:\/\/luchonoticias.com\/editor\/procuraduria-solicita-plan-de-accion-para-atender-emergencia-invernal\/","article_publisher":"https:\/\/www.facebook.com\/luchonoticiasneiva","article_author":"https:\/\/www.facebook.com\/luchonoticiasneiva","article_published_time":"2022-10-13T09:55:37+00:00","author":"admin","twitter_card":"summary_large_image","twitter_misc":{"Escrito por":"admin","Tiempo de lectura":"2 minutos"},"schema":{"@context":"https:\/\/schema.org","@graph":[{"@type":"Article","@id":"https:\/\/luchonoticias.com\/editor\/procuraduria-solicita-plan-de-accion-para-atender-emergencia-invernal\/#article","isPartOf":{"@id":"https:\/\/luchonoticias.com\/editor\/procuraduria-solicita-plan-de-accion-para-atender-emergencia-invernal\/"},"author":{"name":"admin","@id":"https:\/\/luchonoticias.com\/editor\/#\/schema\/person\/7a7fd911f58561fd056dbac7b55af9cd"},"headline":"Procuradur\u00eda solicita plan de acci\u00f3n para atender emergencia invernal","datePublished":"2022-10-13T09:55:37+00:00","mainEntityOfPage":{"@id":"https:\/\/luchonoticias.com\/editor\/procuraduria-solicita-plan-de-accion-para-atender-emergencia-invernal\/"},"wordCount":418,"commentCount":0,"publisher":{"@id":"https:\/\/luchonoticias.com\/editor\/#\/schema\/person\/7a7fd911f58561fd056dbac7b55af9cd"},"articleSection":["Actualidad"],"inLanguage":"es","potentialAction":[{"@type":"CommentAction","name":"Comment","target":["https:\/\/luchonoticias.com\/editor\/procuraduria-solicita-plan-de-accion-para-atender-emergencia-invernal\/#respond"]}]},{"@type":"WebPage","@id":"https:\/\/luchonoticias.com\/editor\/procuraduria-solicita-plan-de-accion-para-atender-emergencia-invernal\/","url":"https:\/\/luchonoticias.com\/editor\/procuraduria-solicita-plan-de-accion-para-atender-emergencia-invernal\/","name":"Procuradur\u00eda solicita plan de acci\u00f3n para atender emergencia invernal -","isPartOf":{"@id":"https:\/\/luchonoticias.com\/editor\/#website"},"datePublished":"2022-10-13T09:55:37+00:00","breadcrumb":{"@id":"https:\/\/luchonoticias.com\/editor\/procuraduria-solicita-plan-de-accion-para-atender-emergencia-invernal\/#breadcrumb"},"inLanguage":"es","potentialAction":[{"@type":"ReadAction","target":["https:\/\/luchonoticias.com\/editor\/procuraduria-solicita-plan-de-accion-para-atender-emergencia-invernal\/"]}]},{"@type":"BreadcrumbList","@id":"https:\/\/luchonoticias.com\/editor\/procuraduria-solicita-plan-de-accion-para-atender-emergencia-invernal\/#breadcrumb","itemListElement":[{"@type":"ListItem","position":1,"name":"Portada","item":"https:\/\/luchonoticias.com\/editor\/"},{"@type":"ListItem","position":2,"name":"Procuradur\u00eda solicita plan de acci\u00f3n para atender emergencia invernal"}]},{"@type":"WebSite","@id":"https:\/\/luchonoticias.com\/editor\/#website","url":"https:\/\/luchonoticias.com\/editor\/","name":"","description":"","publisher":{"@id":"https:\/\/luchonoticias.com\/editor\/#\/schema\/person\/7a7fd911f58561fd056dbac7b55af9cd"},"potentialAction":[{"@type":"SearchAction","target":{"@type":"EntryPoint","urlTemplate":"https:\/\/luchonoticias.com\/editor\/?s={search_term_string}"},"query-input":{"@type":"PropertyValueSpecification","valueRequired":true,"valueName":"search_term_string"}}],"inLanguage":"es"},{"@type":["Person","Organization"],"@id":"https:\/\/luchonoticias.com\/editor\/#\/schema\/person\/7a7fd911f58561fd056dbac7b55af9cd","name":"admin","image":{"@type":"ImageObject","inLanguage":"es","@id":"https:\/\/luchonoticias.com\/editor\/#\/schema\/person\/image\/","url":"https:\/\/luchonoticias.com\/editor\/wp-content\/uploads\/2024\/02\/cropped-cropped-logolu.webp","contentUrl":"https:\/\/luchonoticias.com\/editor\/wp-content\/uploads\/2024\/02\/cropped-cropped-logolu.webp","width":382,"height":170,"caption":"admin"},"logo":{"@id":"https:\/\/luchonoticias.com\/editor\/#\/schema\/person\/image\/"},"sameAs":["https:\/\/www.facebook.com\/luchonoticiasneiva"],"url":"https:\/\/luchonoticias.com\/editor\/author\/admin\/"}]}},"_links":{"self":[{"href":"https:\/\/luchonoticias.com\/editor\/wp-json\/wp\/v2\/posts\/36642","targetHints":{"allow":["GET"]}}],"collection":[{"href":"https:\/\/luchonoticias.com\/editor\/wp-json\/wp\/v2\/posts"}],"about":[{"href":"https:\/\/luchonoticias.com\/editor\/wp-json\/wp\/v2\/types\/post"}],"author":[{"embeddable":true,"href":"https:\/\/luchonoticias.com\/editor\/wp-json\/wp\/v2\/users\/1"}],"replies":[{"embeddable":true,"href":"https:\/\/luchonoticias.com\/editor\/wp-json\/wp\/v2\/comments?post=36642"}],"version-history":[{"count":0,"href":"https:\/\/luchonoticias.com\/editor\/wp-json\/wp\/v2\/posts\/36642\/revisions"}],"wp:attachment":[{"href":"https:\/\/luchonoticias.com\/editor\/wp-json\/wp\/v2\/media?parent=36642"}],"wp:term":[{"taxonomy":"category","embeddable":true,"href":"https:\/\/luchonoticias.com\/editor\/wp-json\/wp\/v2\/categories?post=36642"},{"taxonomy":"post_tag","embeddable":true,"href":"https:\/\/luchonoticias.com\/editor\/wp-json\/wp\/v2\/tags?post=36642"}],"curies":[{"name":"wp","href":"https:\/\/api.w.org\/{rel}","templated":true}]}}