{"id":36648,"date":"2022-10-13T04:59:49","date_gmt":"2022-10-13T09:59:49","guid":{"rendered":"https:\/\/luchonoticias.com\/?p=36648"},"modified":"2022-10-13T04:59:50","modified_gmt":"2022-10-13T09:59:50","slug":"la-gran-oportunidad-de-los-productos-huilenses-en-alemania","status":"publish","type":"post","link":"https:\/\/luchonoticias.com\/editor\/la-gran-oportunidad-de-los-productos-huilenses-en-alemania\/","title":{"rendered":"La gran oportunidad de los productos huilenses en Alemania"},"content":{"rendered":"\n<p>La realizaci\u00f3n de la segunda versi\u00f3n de la&nbsp;<strong>Feria Internacional de Caf\u00e9, Cacao y Agroturismo<\/strong>&nbsp;dej\u00f3&nbsp;<strong>excelentes resultados en materia de acercamientos diplom\u00e1ticos con otros pa\u00edses<\/strong>, en l\u00edneas de cooperaci\u00f3n y de acercamiento de compradores internacionales con productores de caf\u00e9 y cacao del Huila.<\/p>\n\n\n\n<p>Fueron 13 pa\u00edses invitados, 6 embajadores, entre esos particip\u00f3 en la feria,&nbsp;<strong>Marian Schuegraf, embajadora de Alemania,<\/strong>&nbsp;adicionalmente la feria cont\u00f3 con la participaci\u00f3n de 5 c\u00e1maras binacionales.<\/p>\n\n\n\n<p>La visita de la se\u00f1ora embajadora teut\u00f3nica al Huila, en el marco de la Segunda Feria Internacional de Caf\u00e9, Cacao, Agroturismo FICCA 2022&nbsp;<strong>permiti\u00f3 dar a conocer la calidad del caf\u00e9 y cacao locales,<\/strong>&nbsp;adem\u00e1s de hacer un acercamiento de nuestros hermosos paisajes naturales y sitios tur\u00edsticos.&nbsp;<\/p>\n\n\n\n<p>\u201cA m\u00ed me parece que esta feria es muy interesante para desarrollar un mercado tambi\u00e9n para Alemania y la Uni\u00f3n Europea de productos del Huila especialmente caf\u00e9 y cacao que han producido de una manera sostenible, creo que esto es el futuro, la producci\u00f3n que respeta el medio ambiente y los derechos de los trabajadores y que todo esto sea de una manera sostenible\u201d, resalt\u00f3, Marian Schuegraf, embajadora de Alemania.&nbsp;<\/p>\n\n\n\n<p>En reuni\u00f3n del gobernador, Luis Enrique Duss\u00e1n L\u00f3pez y la se\u00f1ora embajadora de Alemania, Marian Schuegraf, dialogaron sobre<strong>&nbsp;estrategias para la creaci\u00f3n de nuevas fuentes de ingresos para peque\u00f1as y medianas empresas y la importancia de la producci\u00f3n org\u00e1nica de alimentos<\/strong>, as\u00ed lo dio a conocer la embajadora en su cuenta de Twitter, \u201cLa FICCA2022 fue una relevante exposici\u00f3n para los cultivadores de caf\u00e9\/cacao. Habl\u00e9 con el Gobernador sobre innovaciones para crear nuevas fuentes de ingresos para la PYMES, el futuro est\u00e1 en la producci\u00f3n org\u00e1nica y el ecoturismo. Y la cholupa es mi nueva fruta favorita\u201d.<\/p>\n\n\n\n<p>De igual manera se defini\u00f3 el fortalecimiento de Pymes para que puedan llegar al mercado alem\u00e1n con un fuerte enfoque en econom\u00eda circular, turismo verde, producci\u00f3n de alimentos de manera org\u00e1nica y garantizando los derechos laborales de los trabajadores del campo.<\/p>\n","protected":false},"excerpt":{"rendered":"<p>La realizaci\u00f3n de la segunda versi\u00f3n de la&nbsp;Feria Internacional de Caf\u00e9, Cacao y Agroturismo&nbsp;dej\u00f3&nbsp;excelentes resultados en materia de acercamientos diplom\u00e1ticos con otros pa\u00edses, en l\u00edneas de cooperaci\u00f3n y de acercamiento de compradores internacionales con productores de caf\u00e9 y cacao del Huila. Fueron 13 pa\u00edses invitados, 6 embajadores, entre esos particip\u00f3 en la feria,&nbsp;Marian Schuegraf, embajadora [&hellip;]<\/p>\n","protected":false},"author":1,"featured_media":0,"comment_status":"open","ping_status":"open","sticky":false,"template":"","format":"standard","meta":{"footnotes":""},"categories":[33],"tags":[],"class_list":["post-36648","post","type-post","status-publish","format-standard","hentry","category-huila"],"yoast_head":"<!-- This site is optimized with the Yoast SEO plugin v26.6 - https:\/\/yoast.com\/wordpress\/plugins\/seo\/ -->\n<title>La gran oportunidad de los productos huilenses en Alemania -<\/title>\n<meta name=\"robots\" content=\"index, follow, max-snippet:-1, max-image-preview:large, max-video-preview:-1\" \/>\n<link rel=\"canonical\" href=\"https:\/\/luchonoticias.com\/editor\/la-gran-oportunidad-de-los-productos-huilenses-en-alemania\/\" \/>\n<meta property=\"og:locale\" content=\"es_ES\" \/>\n<meta property=\"og:type\" content=\"article\" \/>\n<meta property=\"og:title\" content=\"La gran oportunidad de los productos huilenses en Alemania -\" \/>\n<meta property=\"og:url\" content=\"https:\/\/luchonoticias.com\/editor\/la-gran-oportunidad-de-los-productos-huilenses-en-alemania\/\" \/>\n<meta property=\"article:publisher\" content=\"https:\/\/www.facebook.com\/luchonoticiasneiva\" \/>\n<meta property=\"article:author\" content=\"https:\/\/www.facebook.com\/luchonoticiasneiva\" \/>\n<meta property=\"article:published_time\" content=\"2022-10-13T09:59:49+00:00\" \/>\n<meta property=\"article:modified_time\" content=\"2022-10-13T09:59:50+00:00\" \/>\n<meta name=\"author\" content=\"admin\" \/>\n<meta name=\"twitter:card\" content=\"summary_large_image\" \/>\n<meta name=\"twitter:label1\" content=\"Escrito por\" \/>\n\t<meta name=\"twitter:data1\" content=\"admin\" \/>\n\t<meta name=\"twitter:label2\" content=\"Tiempo de lectura\" \/>\n\t<meta name=\"twitter:data2\" content=\"2 minutos\" \/>\n<script type=\"application\/ld+json\" class=\"yoast-schema-graph\">{\"@context\":\"https:\/\/schema.org\",\"@graph\":[{\"@type\":\"Article\",\"@id\":\"https:\/\/luchonoticias.com\/editor\/la-gran-oportunidad-de-los-productos-huilenses-en-alemania\/#article\",\"isPartOf\":{\"@id\":\"https:\/\/luchonoticias.com\/editor\/la-gran-oportunidad-de-los-productos-huilenses-en-alemania\/\"},\"author\":{\"name\":\"admin\",\"@id\":\"https:\/\/luchonoticias.com\/editor\/#\/schema\/person\/7a7fd911f58561fd056dbac7b55af9cd\"},\"headline\":\"La gran oportunidad de los productos huilenses en Alemania\",\"datePublished\":\"2022-10-13T09:59:49+00:00\",\"dateModified\":\"2022-10-13T09:59:50+00:00\",\"mainEntityOfPage\":{\"@id\":\"https:\/\/luchonoticias.com\/editor\/la-gran-oportunidad-de-los-productos-huilenses-en-alemania\/\"},\"wordCount\":374,\"commentCount\":0,\"publisher\":{\"@id\":\"https:\/\/luchonoticias.com\/editor\/#\/schema\/person\/7a7fd911f58561fd056dbac7b55af9cd\"},\"articleSection\":[\"Huila\"],\"inLanguage\":\"es\",\"potentialAction\":[{\"@type\":\"CommentAction\",\"name\":\"Comment\",\"target\":[\"https:\/\/luchonoticias.com\/editor\/la-gran-oportunidad-de-los-productos-huilenses-en-alemania\/#respond\"]}]},{\"@type\":\"WebPage\",\"@id\":\"https:\/\/luchonoticias.com\/editor\/la-gran-oportunidad-de-los-productos-huilenses-en-alemania\/\",\"url\":\"https:\/\/luchonoticias.com\/editor\/la-gran-oportunidad-de-los-productos-huilenses-en-alemania\/\",\"name\":\"La gran oportunidad de los productos huilenses en Alemania -\",\"isPartOf\":{\"@id\":\"https:\/\/luchonoticias.com\/editor\/#website\"},\"datePublished\":\"2022-10-13T09:59:49+00:00\",\"dateModified\":\"2022-10-13T09:59:50+00:00\",\"breadcrumb\":{\"@id\":\"https:\/\/luchonoticias.com\/editor\/la-gran-oportunidad-de-los-productos-huilenses-en-alemania\/#breadcrumb\"},\"inLanguage\":\"es\",\"potentialAction\":[{\"@type\":\"ReadAction\",\"target\":[\"https:\/\/luchonoticias.com\/editor\/la-gran-oportunidad-de-los-productos-huilenses-en-alemania\/\"]}]},{\"@type\":\"BreadcrumbList\",\"@id\":\"https:\/\/luchonoticias.com\/editor\/la-gran-oportunidad-de-los-productos-huilenses-en-alemania\/#breadcrumb\",\"itemListElement\":[{\"@type\":\"ListItem\",\"position\":1,\"name\":\"Portada\",\"item\":\"https:\/\/luchonoticias.com\/editor\/\"},{\"@type\":\"ListItem\",\"position\":2,\"name\":\"La gran oportunidad de los productos huilenses en Alemania\"}]},{\"@type\":\"WebSite\",\"@id\":\"https:\/\/luchonoticias.com\/editor\/#website\",\"url\":\"https:\/\/luchonoticias.com\/editor\/\",\"name\":\"\",\"description\":\"\",\"publisher\":{\"@id\":\"https:\/\/luchonoticias.com\/editor\/#\/schema\/person\/7a7fd911f58561fd056dbac7b55af9cd\"},\"potentialAction\":[{\"@type\":\"SearchAction\",\"target\":{\"@type\":\"EntryPoint\",\"urlTemplate\":\"https:\/\/luchonoticias.com\/editor\/?s={search_term_string}\"},\"query-input\":{\"@type\":\"PropertyValueSpecification\",\"valueRequired\":true,\"valueName\":\"search_term_string\"}}],\"inLanguage\":\"es\"},{\"@type\":[\"Person\",\"Organization\"],\"@id\":\"https:\/\/luchonoticias.com\/editor\/#\/schema\/person\/7a7fd911f58561fd056dbac7b55af9cd\",\"name\":\"admin\",\"image\":{\"@type\":\"ImageObject\",\"inLanguage\":\"es\",\"@id\":\"https:\/\/luchonoticias.com\/editor\/#\/schema\/person\/image\/\",\"url\":\"https:\/\/luchonoticias.com\/editor\/wp-content\/uploads\/2024\/02\/cropped-cropped-logolu.webp\",\"contentUrl\":\"https:\/\/luchonoticias.com\/editor\/wp-content\/uploads\/2024\/02\/cropped-cropped-logolu.webp\",\"width\":382,\"height\":170,\"caption\":\"admin\"},\"logo\":{\"@id\":\"https:\/\/luchonoticias.com\/editor\/#\/schema\/person\/image\/\"},\"sameAs\":[\"https:\/\/www.facebook.com\/luchonoticiasneiva\"],\"url\":\"https:\/\/luchonoticias.com\/editor\/author\/admin\/\"}]}<\/script>\n<!-- \/ Yoast SEO plugin. -->","yoast_head_json":{"title":"La gran oportunidad de los productos huilenses en Alemania -","robots":{"index":"index","follow":"follow","max-snippet":"max-snippet:-1","max-image-preview":"max-image-preview:large","max-video-preview":"max-video-preview:-1"},"canonical":"https:\/\/luchonoticias.com\/editor\/la-gran-oportunidad-de-los-productos-huilenses-en-alemania\/","og_locale":"es_ES","og_type":"article","og_title":"La gran oportunidad de los productos huilenses en Alemania -","og_url":"https:\/\/luchonoticias.com\/editor\/la-gran-oportunidad-de-los-productos-huilenses-en-alemania\/","article_publisher":"https:\/\/www.facebook.com\/luchonoticiasneiva","article_author":"https:\/\/www.facebook.com\/luchonoticiasneiva","article_published_time":"2022-10-13T09:59:49+00:00","article_modified_time":"2022-10-13T09:59:50+00:00","author":"admin","twitter_card":"summary_large_image","twitter_misc":{"Escrito por":"admin","Tiempo de lectura":"2 minutos"},"schema":{"@context":"https:\/\/schema.org","@graph":[{"@type":"Article","@id":"https:\/\/luchonoticias.com\/editor\/la-gran-oportunidad-de-los-productos-huilenses-en-alemania\/#article","isPartOf":{"@id":"https:\/\/luchonoticias.com\/editor\/la-gran-oportunidad-de-los-productos-huilenses-en-alemania\/"},"author":{"name":"admin","@id":"https:\/\/luchonoticias.com\/editor\/#\/schema\/person\/7a7fd911f58561fd056dbac7b55af9cd"},"headline":"La gran oportunidad de los productos huilenses en Alemania","datePublished":"2022-10-13T09:59:49+00:00","dateModified":"2022-10-13T09:59:50+00:00","mainEntityOfPage":{"@id":"https:\/\/luchonoticias.com\/editor\/la-gran-oportunidad-de-los-productos-huilenses-en-alemania\/"},"wordCount":374,"commentCount":0,"publisher":{"@id":"https:\/\/luchonoticias.com\/editor\/#\/schema\/person\/7a7fd911f58561fd056dbac7b55af9cd"},"articleSection":["Huila"],"inLanguage":"es","potentialAction":[{"@type":"CommentAction","name":"Comment","target":["https:\/\/luchonoticias.com\/editor\/la-gran-oportunidad-de-los-productos-huilenses-en-alemania\/#respond"]}]},{"@type":"WebPage","@id":"https:\/\/luchonoticias.com\/editor\/la-gran-oportunidad-de-los-productos-huilenses-en-alemania\/","url":"https:\/\/luchonoticias.com\/editor\/la-gran-oportunidad-de-los-productos-huilenses-en-alemania\/","name":"La gran oportunidad de los productos huilenses en Alemania -","isPartOf":{"@id":"https:\/\/luchonoticias.com\/editor\/#website"},"datePublished":"2022-10-13T09:59:49+00:00","dateModified":"2022-10-13T09:59:50+00:00","breadcrumb":{"@id":"https:\/\/luchonoticias.com\/editor\/la-gran-oportunidad-de-los-productos-huilenses-en-alemania\/#breadcrumb"},"inLanguage":"es","potentialAction":[{"@type":"ReadAction","target":["https:\/\/luchonoticias.com\/editor\/la-gran-oportunidad-de-los-productos-huilenses-en-alemania\/"]}]},{"@type":"BreadcrumbList","@id":"https:\/\/luchonoticias.com\/editor\/la-gran-oportunidad-de-los-productos-huilenses-en-alemania\/#breadcrumb","itemListElement":[{"@type":"ListItem","position":1,"name":"Portada","item":"https:\/\/luchonoticias.com\/editor\/"},{"@type":"ListItem","position":2,"name":"La gran oportunidad de los productos huilenses en Alemania"}]},{"@type":"WebSite","@id":"https:\/\/luchonoticias.com\/editor\/#website","url":"https:\/\/luchonoticias.com\/editor\/","name":"","description":"","publisher":{"@id":"https:\/\/luchonoticias.com\/editor\/#\/schema\/person\/7a7fd911f58561fd056dbac7b55af9cd"},"potentialAction":[{"@type":"SearchAction","target":{"@type":"EntryPoint","urlTemplate":"https:\/\/luchonoticias.com\/editor\/?s={search_term_string}"},"query-input":{"@type":"PropertyValueSpecification","valueRequired":true,"valueName":"search_term_string"}}],"inLanguage":"es"},{"@type":["Person","Organization"],"@id":"https:\/\/luchonoticias.com\/editor\/#\/schema\/person\/7a7fd911f58561fd056dbac7b55af9cd","name":"admin","image":{"@type":"ImageObject","inLanguage":"es","@id":"https:\/\/luchonoticias.com\/editor\/#\/schema\/person\/image\/","url":"https:\/\/luchonoticias.com\/editor\/wp-content\/uploads\/2024\/02\/cropped-cropped-logolu.webp","contentUrl":"https:\/\/luchonoticias.com\/editor\/wp-content\/uploads\/2024\/02\/cropped-cropped-logolu.webp","width":382,"height":170,"caption":"admin"},"logo":{"@id":"https:\/\/luchonoticias.com\/editor\/#\/schema\/person\/image\/"},"sameAs":["https:\/\/www.facebook.com\/luchonoticiasneiva"],"url":"https:\/\/luchonoticias.com\/editor\/author\/admin\/"}]}},"_links":{"self":[{"href":"https:\/\/luchonoticias.com\/editor\/wp-json\/wp\/v2\/posts\/36648","targetHints":{"allow":["GET"]}}],"collection":[{"href":"https:\/\/luchonoticias.com\/editor\/wp-json\/wp\/v2\/posts"}],"about":[{"href":"https:\/\/luchonoticias.com\/editor\/wp-json\/wp\/v2\/types\/post"}],"author":[{"embeddable":true,"href":"https:\/\/luchonoticias.com\/editor\/wp-json\/wp\/v2\/users\/1"}],"replies":[{"embeddable":true,"href":"https:\/\/luchonoticias.com\/editor\/wp-json\/wp\/v2\/comments?post=36648"}],"version-history":[{"count":0,"href":"https:\/\/luchonoticias.com\/editor\/wp-json\/wp\/v2\/posts\/36648\/revisions"}],"wp:attachment":[{"href":"https:\/\/luchonoticias.com\/editor\/wp-json\/wp\/v2\/media?parent=36648"}],"wp:term":[{"taxonomy":"category","embeddable":true,"href":"https:\/\/luchonoticias.com\/editor\/wp-json\/wp\/v2\/categories?post=36648"},{"taxonomy":"post_tag","embeddable":true,"href":"https:\/\/luchonoticias.com\/editor\/wp-json\/wp\/v2\/tags?post=36648"}],"curies":[{"name":"wp","href":"https:\/\/api.w.org\/{rel}","templated":true}]}}