{"id":36651,"date":"2022-10-13T05:02:38","date_gmt":"2022-10-13T10:02:38","guid":{"rendered":"https:\/\/luchonoticias.com\/?p=36651"},"modified":"2022-10-13T05:02:42","modified_gmt":"2022-10-13T10:02:42","slug":"defensa-colombiano-interesa-a-club-italiano","status":"publish","type":"post","link":"https:\/\/luchonoticias.com\/editor\/defensa-colombiano-interesa-a-club-italiano\/","title":{"rendered":"Defensa colombiano interesa a club italiano"},"content":{"rendered":"\n<p>De acuerdo con el sitio web Calcio Mercato, el defensa colombiano&nbsp;<strong>Yerry Mina<\/strong>, el Everton ingl\u00e9s, estar\u00eda&nbsp;<strong>en los planes del Inter de Mil\u00e1n<\/strong>&nbsp;(Italia).<\/p>\n\n\n\n<p>Seg\u00fan se ha conocido, Mina est\u00e1 siendo tanteado por los italianos como&nbsp;<strong>posible recambio por el eslovaco Martin Skriniar<\/strong>&nbsp;quien podr\u00eda salir a equipos como el Par\u00eds Saint Germain.<\/p>\n\n\n\n<p>Eso s\u00ed, por ahora es solo un rumor de prensa aunque el colombiano tiene contrato hasta 2023 con el Everton y&nbsp;<strong>podr\u00eda volver a las canchas este fin de semana&nbsp;<\/strong>cuando rivalice con el Tottenham.<\/p>\n\n\n\n<p>\u201cEl perfil de Yerry Mina podr\u00eda acabar por tanto en el visor, central del Everton. El jugador colombiano, asociado repetidamente con clubes italianos, tambi\u00e9n est\u00e1 terminando su contrato con los Toffees y realmente podr\u00eda decir adi\u00f3s en enero.&nbsp;<strong>Al Inter le gustar\u00eda cerrar el trato en 10 millones de euros, pero mucho depender\u00e1 tambi\u00e9n del salario del propio ex del Barcelona<\/strong>\u201d, se\u00f1al\u00f3 el portal.<\/p>\n\n\n\n<p><\/p>\n","protected":false},"excerpt":{"rendered":"<p>De acuerdo con el sitio web Calcio Mercato, el defensa colombiano&nbsp;Yerry Mina, el Everton ingl\u00e9s, estar\u00eda&nbsp;en los planes del Inter de Mil\u00e1n&nbsp;(Italia). Seg\u00fan se ha conocido, Mina est\u00e1 siendo tanteado por los italianos como&nbsp;posible recambio por el eslovaco Martin Skriniar&nbsp;quien podr\u00eda salir a equipos como el Par\u00eds Saint Germain. Eso s\u00ed, por ahora es solo [&hellip;]<\/p>\n","protected":false},"author":1,"featured_media":0,"comment_status":"open","ping_status":"open","sticky":false,"template":"","format":"standard","meta":{"footnotes":""},"categories":[34],"tags":[],"class_list":["post-36651","post","type-post","status-publish","format-standard","hentry","category-deportes"],"yoast_head":"<!-- This site is optimized with the Yoast SEO plugin v26.6 - https:\/\/yoast.com\/wordpress\/plugins\/seo\/ -->\n<title>Defensa colombiano interesa a club italiano -<\/title>\n<meta name=\"robots\" content=\"index, follow, max-snippet:-1, max-image-preview:large, max-video-preview:-1\" \/>\n<link rel=\"canonical\" href=\"https:\/\/luchonoticias.com\/editor\/defensa-colombiano-interesa-a-club-italiano\/\" \/>\n<meta property=\"og:locale\" content=\"es_ES\" \/>\n<meta property=\"og:type\" content=\"article\" \/>\n<meta property=\"og:title\" content=\"Defensa colombiano interesa a club italiano -\" \/>\n<meta property=\"og:url\" content=\"https:\/\/luchonoticias.com\/editor\/defensa-colombiano-interesa-a-club-italiano\/\" \/>\n<meta property=\"article:publisher\" content=\"https:\/\/www.facebook.com\/luchonoticiasneiva\" \/>\n<meta property=\"article:author\" content=\"https:\/\/www.facebook.com\/luchonoticiasneiva\" \/>\n<meta property=\"article:published_time\" content=\"2022-10-13T10:02:38+00:00\" \/>\n<meta property=\"article:modified_time\" content=\"2022-10-13T10:02:42+00:00\" \/>\n<meta name=\"author\" content=\"admin\" \/>\n<meta name=\"twitter:card\" content=\"summary_large_image\" \/>\n<meta name=\"twitter:label1\" content=\"Escrito por\" \/>\n\t<meta name=\"twitter:data1\" content=\"admin\" \/>\n\t<meta name=\"twitter:label2\" content=\"Tiempo de lectura\" \/>\n\t<meta name=\"twitter:data2\" content=\"1 minuto\" \/>\n<script type=\"application\/ld+json\" class=\"yoast-schema-graph\">{\"@context\":\"https:\/\/schema.org\",\"@graph\":[{\"@type\":\"Article\",\"@id\":\"https:\/\/luchonoticias.com\/editor\/defensa-colombiano-interesa-a-club-italiano\/#article\",\"isPartOf\":{\"@id\":\"https:\/\/luchonoticias.com\/editor\/defensa-colombiano-interesa-a-club-italiano\/\"},\"author\":{\"name\":\"admin\",\"@id\":\"https:\/\/luchonoticias.com\/editor\/#\/schema\/person\/7a7fd911f58561fd056dbac7b55af9cd\"},\"headline\":\"Defensa colombiano interesa a club italiano\",\"datePublished\":\"2022-10-13T10:02:38+00:00\",\"dateModified\":\"2022-10-13T10:02:42+00:00\",\"mainEntityOfPage\":{\"@id\":\"https:\/\/luchonoticias.com\/editor\/defensa-colombiano-interesa-a-club-italiano\/\"},\"wordCount\":179,\"commentCount\":0,\"publisher\":{\"@id\":\"https:\/\/luchonoticias.com\/editor\/#\/schema\/person\/7a7fd911f58561fd056dbac7b55af9cd\"},\"articleSection\":[\"Deportes\"],\"inLanguage\":\"es\",\"potentialAction\":[{\"@type\":\"CommentAction\",\"name\":\"Comment\",\"target\":[\"https:\/\/luchonoticias.com\/editor\/defensa-colombiano-interesa-a-club-italiano\/#respond\"]}]},{\"@type\":\"WebPage\",\"@id\":\"https:\/\/luchonoticias.com\/editor\/defensa-colombiano-interesa-a-club-italiano\/\",\"url\":\"https:\/\/luchonoticias.com\/editor\/defensa-colombiano-interesa-a-club-italiano\/\",\"name\":\"Defensa colombiano interesa a club italiano -\",\"isPartOf\":{\"@id\":\"https:\/\/luchonoticias.com\/editor\/#website\"},\"datePublished\":\"2022-10-13T10:02:38+00:00\",\"dateModified\":\"2022-10-13T10:02:42+00:00\",\"breadcrumb\":{\"@id\":\"https:\/\/luchonoticias.com\/editor\/defensa-colombiano-interesa-a-club-italiano\/#breadcrumb\"},\"inLanguage\":\"es\",\"potentialAction\":[{\"@type\":\"ReadAction\",\"target\":[\"https:\/\/luchonoticias.com\/editor\/defensa-colombiano-interesa-a-club-italiano\/\"]}]},{\"@type\":\"BreadcrumbList\",\"@id\":\"https:\/\/luchonoticias.com\/editor\/defensa-colombiano-interesa-a-club-italiano\/#breadcrumb\",\"itemListElement\":[{\"@type\":\"ListItem\",\"position\":1,\"name\":\"Portada\",\"item\":\"https:\/\/luchonoticias.com\/editor\/\"},{\"@type\":\"ListItem\",\"position\":2,\"name\":\"Defensa colombiano interesa a club italiano\"}]},{\"@type\":\"WebSite\",\"@id\":\"https:\/\/luchonoticias.com\/editor\/#website\",\"url\":\"https:\/\/luchonoticias.com\/editor\/\",\"name\":\"\",\"description\":\"\",\"publisher\":{\"@id\":\"https:\/\/luchonoticias.com\/editor\/#\/schema\/person\/7a7fd911f58561fd056dbac7b55af9cd\"},\"potentialAction\":[{\"@type\":\"SearchAction\",\"target\":{\"@type\":\"EntryPoint\",\"urlTemplate\":\"https:\/\/luchonoticias.com\/editor\/?s={search_term_string}\"},\"query-input\":{\"@type\":\"PropertyValueSpecification\",\"valueRequired\":true,\"valueName\":\"search_term_string\"}}],\"inLanguage\":\"es\"},{\"@type\":[\"Person\",\"Organization\"],\"@id\":\"https:\/\/luchonoticias.com\/editor\/#\/schema\/person\/7a7fd911f58561fd056dbac7b55af9cd\",\"name\":\"admin\",\"image\":{\"@type\":\"ImageObject\",\"inLanguage\":\"es\",\"@id\":\"https:\/\/luchonoticias.com\/editor\/#\/schema\/person\/image\/\",\"url\":\"https:\/\/luchonoticias.com\/editor\/wp-content\/uploads\/2024\/02\/cropped-cropped-logolu.webp\",\"contentUrl\":\"https:\/\/luchonoticias.com\/editor\/wp-content\/uploads\/2024\/02\/cropped-cropped-logolu.webp\",\"width\":382,\"height\":170,\"caption\":\"admin\"},\"logo\":{\"@id\":\"https:\/\/luchonoticias.com\/editor\/#\/schema\/person\/image\/\"},\"sameAs\":[\"https:\/\/www.facebook.com\/luchonoticiasneiva\"],\"url\":\"https:\/\/luchonoticias.com\/editor\/author\/admin\/\"}]}<\/script>\n<!-- \/ Yoast SEO plugin. -->","yoast_head_json":{"title":"Defensa colombiano interesa a club italiano -","robots":{"index":"index","follow":"follow","max-snippet":"max-snippet:-1","max-image-preview":"max-image-preview:large","max-video-preview":"max-video-preview:-1"},"canonical":"https:\/\/luchonoticias.com\/editor\/defensa-colombiano-interesa-a-club-italiano\/","og_locale":"es_ES","og_type":"article","og_title":"Defensa colombiano interesa a club italiano -","og_url":"https:\/\/luchonoticias.com\/editor\/defensa-colombiano-interesa-a-club-italiano\/","article_publisher":"https:\/\/www.facebook.com\/luchonoticiasneiva","article_author":"https:\/\/www.facebook.com\/luchonoticiasneiva","article_published_time":"2022-10-13T10:02:38+00:00","article_modified_time":"2022-10-13T10:02:42+00:00","author":"admin","twitter_card":"summary_large_image","twitter_misc":{"Escrito por":"admin","Tiempo de lectura":"1 minuto"},"schema":{"@context":"https:\/\/schema.org","@graph":[{"@type":"Article","@id":"https:\/\/luchonoticias.com\/editor\/defensa-colombiano-interesa-a-club-italiano\/#article","isPartOf":{"@id":"https:\/\/luchonoticias.com\/editor\/defensa-colombiano-interesa-a-club-italiano\/"},"author":{"name":"admin","@id":"https:\/\/luchonoticias.com\/editor\/#\/schema\/person\/7a7fd911f58561fd056dbac7b55af9cd"},"headline":"Defensa colombiano interesa a club italiano","datePublished":"2022-10-13T10:02:38+00:00","dateModified":"2022-10-13T10:02:42+00:00","mainEntityOfPage":{"@id":"https:\/\/luchonoticias.com\/editor\/defensa-colombiano-interesa-a-club-italiano\/"},"wordCount":179,"commentCount":0,"publisher":{"@id":"https:\/\/luchonoticias.com\/editor\/#\/schema\/person\/7a7fd911f58561fd056dbac7b55af9cd"},"articleSection":["Deportes"],"inLanguage":"es","potentialAction":[{"@type":"CommentAction","name":"Comment","target":["https:\/\/luchonoticias.com\/editor\/defensa-colombiano-interesa-a-club-italiano\/#respond"]}]},{"@type":"WebPage","@id":"https:\/\/luchonoticias.com\/editor\/defensa-colombiano-interesa-a-club-italiano\/","url":"https:\/\/luchonoticias.com\/editor\/defensa-colombiano-interesa-a-club-italiano\/","name":"Defensa colombiano interesa a club italiano -","isPartOf":{"@id":"https:\/\/luchonoticias.com\/editor\/#website"},"datePublished":"2022-10-13T10:02:38+00:00","dateModified":"2022-10-13T10:02:42+00:00","breadcrumb":{"@id":"https:\/\/luchonoticias.com\/editor\/defensa-colombiano-interesa-a-club-italiano\/#breadcrumb"},"inLanguage":"es","potentialAction":[{"@type":"ReadAction","target":["https:\/\/luchonoticias.com\/editor\/defensa-colombiano-interesa-a-club-italiano\/"]}]},{"@type":"BreadcrumbList","@id":"https:\/\/luchonoticias.com\/editor\/defensa-colombiano-interesa-a-club-italiano\/#breadcrumb","itemListElement":[{"@type":"ListItem","position":1,"name":"Portada","item":"https:\/\/luchonoticias.com\/editor\/"},{"@type":"ListItem","position":2,"name":"Defensa colombiano interesa a club italiano"}]},{"@type":"WebSite","@id":"https:\/\/luchonoticias.com\/editor\/#website","url":"https:\/\/luchonoticias.com\/editor\/","name":"","description":"","publisher":{"@id":"https:\/\/luchonoticias.com\/editor\/#\/schema\/person\/7a7fd911f58561fd056dbac7b55af9cd"},"potentialAction":[{"@type":"SearchAction","target":{"@type":"EntryPoint","urlTemplate":"https:\/\/luchonoticias.com\/editor\/?s={search_term_string}"},"query-input":{"@type":"PropertyValueSpecification","valueRequired":true,"valueName":"search_term_string"}}],"inLanguage":"es"},{"@type":["Person","Organization"],"@id":"https:\/\/luchonoticias.com\/editor\/#\/schema\/person\/7a7fd911f58561fd056dbac7b55af9cd","name":"admin","image":{"@type":"ImageObject","inLanguage":"es","@id":"https:\/\/luchonoticias.com\/editor\/#\/schema\/person\/image\/","url":"https:\/\/luchonoticias.com\/editor\/wp-content\/uploads\/2024\/02\/cropped-cropped-logolu.webp","contentUrl":"https:\/\/luchonoticias.com\/editor\/wp-content\/uploads\/2024\/02\/cropped-cropped-logolu.webp","width":382,"height":170,"caption":"admin"},"logo":{"@id":"https:\/\/luchonoticias.com\/editor\/#\/schema\/person\/image\/"},"sameAs":["https:\/\/www.facebook.com\/luchonoticiasneiva"],"url":"https:\/\/luchonoticias.com\/editor\/author\/admin\/"}]}},"_links":{"self":[{"href":"https:\/\/luchonoticias.com\/editor\/wp-json\/wp\/v2\/posts\/36651","targetHints":{"allow":["GET"]}}],"collection":[{"href":"https:\/\/luchonoticias.com\/editor\/wp-json\/wp\/v2\/posts"}],"about":[{"href":"https:\/\/luchonoticias.com\/editor\/wp-json\/wp\/v2\/types\/post"}],"author":[{"embeddable":true,"href":"https:\/\/luchonoticias.com\/editor\/wp-json\/wp\/v2\/users\/1"}],"replies":[{"embeddable":true,"href":"https:\/\/luchonoticias.com\/editor\/wp-json\/wp\/v2\/comments?post=36651"}],"version-history":[{"count":0,"href":"https:\/\/luchonoticias.com\/editor\/wp-json\/wp\/v2\/posts\/36651\/revisions"}],"wp:attachment":[{"href":"https:\/\/luchonoticias.com\/editor\/wp-json\/wp\/v2\/media?parent=36651"}],"wp:term":[{"taxonomy":"category","embeddable":true,"href":"https:\/\/luchonoticias.com\/editor\/wp-json\/wp\/v2\/categories?post=36651"},{"taxonomy":"post_tag","embeddable":true,"href":"https:\/\/luchonoticias.com\/editor\/wp-json\/wp\/v2\/tags?post=36651"}],"curies":[{"name":"wp","href":"https:\/\/api.w.org\/{rel}","templated":true}]}}