{"id":36654,"date":"2022-10-13T06:34:39","date_gmt":"2022-10-13T11:34:39","guid":{"rendered":"https:\/\/luchonoticias.com\/?p=36654"},"modified":"2022-10-13T06:34:40","modified_gmt":"2022-10-13T11:34:40","slug":"masiva-participacion-en-jornada-de-siembra-por-el-dia-mundial-del-arbol","status":"publish","type":"post","link":"https:\/\/luchonoticias.com\/editor\/masiva-participacion-en-jornada-de-siembra-por-el-dia-mundial-del-arbol\/","title":{"rendered":"Masiva participaci\u00f3n en jornada de siembra por el D\u00eda Mundial del \u00c1rbol"},"content":{"rendered":"\n<p>Con el objetivo de celebrar el D\u00eda Mundial del \u00c1rbol, la Administraci\u00f3n Municipal , mediante la Secretaria de Medio Ambiente, logr\u00f3 de manera articulada realizar la siembra de 800 pl\u00e1ntulas de especies&nbsp; tales como Sam\u00e1n, Igu\u00e1, Gu\u00e1cimo , guayac\u00e1n amarillo&nbsp; y rosado,&nbsp; Gualanday, Matarrat\u00f3n y Ocobo, sobre la Zona de Protecci\u00f3n Ambiental El Curibanito, actividad a la que se vincularon tambi\u00e9n Ornato Neiva, l\u00edderes comunales y vecinos de la Comuna 5, Batall\u00f3n de Artiller\u00eda No. 9 Tenerife, Polic\u00eda Ambiental, Carabineros, las universidades Uninavarra y Corhuila, Ciudad Limpia, Farmacomercial S.A.S. y Consorcio Urbano 2020.<\/p>\n\n\n\n<p>El secretario de Medio Ambiente Hernando Duarte, mostr\u00f3 los antecedentes de esta zona de protecci\u00f3n que pretende conservar el humedal artificial El Cur\u00edbano, \u201ceste lugar fue incendiado por tierreros que trataron de invadir esta zona protegida, gracias al compromiso y la reacci\u00f3n inmediata de la comunidad y la respuesta de las entidades competentes, impedimos que esta \u00e1rea cayera en sus manos\u201d.<\/p>\n\n\n\n<figure class=\"wp-block-gallery has-nested-images columns-default is-cropped wp-block-gallery-1 is-layout-flex wp-block-gallery-is-layout-flex\">\n<figure class=\"wp-block-image size-large\"><img decoding=\"async\" data-id=\"36656\" src=\"https:\/\/luchonoticias.com\/wp-content\/uploads\/2022\/10\/WhatsApp-Image-2022-10-12-at-6.28.37-PM-1024x768.jpeg\" alt=\"\" class=\"wp-image-36656\"\/><\/figure>\n\n\n\n<figure class=\"wp-block-image size-large\"><img decoding=\"async\" data-id=\"36657\" src=\"https:\/\/luchonoticias.com\/wp-content\/uploads\/2022\/10\/WhatsApp-Image-2022-10-12-at-6.28.36-PM-1-1024x768.jpeg\" alt=\"\" class=\"wp-image-36657\"\/><\/figure>\n\n\n\n<figure class=\"wp-block-image size-large\"><img decoding=\"async\" data-id=\"36658\" src=\"https:\/\/luchonoticias.com\/wp-content\/uploads\/2022\/10\/WhatsApp-Image-2022-10-12-at-6.28.36-PM-1024x768.jpeg\" alt=\"\" class=\"wp-image-36658\"\/><\/figure>\n<\/figure>\n\n\n\n<p>La presencia significativa de ediles y presidentes de juntas de acci\u00f3n comunal, adem\u00e1s del sector privado, hicieron que esta actividad tuviera un nivel significativo alto, como lo se\u00f1al\u00f3 la edil Ana Milena D\u00edaz: \u201cHoy le doy los agradecimientos al Alcalde porque nos invit\u00f3 a ponerle granitos de amor y el coraz\u00f3n a nuestros hijos, dejando huella, sembrando un \u00e1rbol\u201d.<\/p>\n\n\n\n<p>Alianzas y el trabajo articulado<\/p>\n\n\n\n<p>El apoyo del sector privado y educativo fueron significativos en estas labores conmemorativas. El Secretario de Medio Ambiente resalt\u00f3 el trabajo mancomunado con las instituciones asistentes y enfatiz\u00f3 \u201cel llamado es a la comunidad, porque en \u00faltimas es la participaci\u00f3n ciudadana y comunitaria lo \u00fanico que garantiza la sostenibilidad, la conservaci\u00f3n, la protecci\u00f3n y la restauraci\u00f3n de \u00e1reas naturales\u201d.<\/p>\n\n\n\n<figure class=\"wp-block-image size-large\"><img decoding=\"async\" src=\"https:\/\/luchonoticias.com\/wp-content\/uploads\/2022\/10\/WhatsApp-Image-2022-10-12-at-6.28.35-PM-1-1024x768.jpeg\" alt=\"\" class=\"wp-image-36659\"\/><\/figure>\n\n\n\n<p>El compromiso ambiental, tambi\u00e9n se reconoce en el apoyo incondicional del Batall\u00f3n de Artiller\u00eda No. 9 Tenerife, as\u00ed lo manifest\u00f3 el cabo segundo Camilo Villac\u00eds Orozco: \u201cSiempre acompa\u00f1ando las labores que nos permitan fortalecer nuestro compromiso institucional y nacional con el medio ambiente y la conservaci\u00f3n del territorio\u201d.<\/p>\n\n\n\n<p>As\u00ed mismo, el Consorcio Urbano 2020, ha donado por compromiso ambiental un n\u00famero significativo de herramientas de restauraci\u00f3n y siembra a la Secretar\u00eda de Medio Ambiente con el objetivo de facilitar las labores que dicha dependencia realiza.<\/p>\n\n\n\n<p><strong>Actividades de pre\u00e1mbulo<\/strong><\/p>\n\n\n\n<p>Mediante las labores del equipo de Ornato Neiva, la recuperaci\u00f3n y restauraci\u00f3n de diferentes espacios comunes de la ciudad, jugaron un papel importante en la conmemoraci\u00f3n del D\u00eda Mundial del \u00c1rbol, embelleciendo de manera conjunta con la Secretar\u00eda de Medio Ambiente, escenarios emblem\u00e1ticos de la ciudad como los parques Santander y Leesburg, adem\u00e1s de la carrera s\u00e9ptima, v\u00eda principal de circulaci\u00f3n de la ciudad.<\/p>\n","protected":false},"excerpt":{"rendered":"<p>Con el objetivo de celebrar el D\u00eda Mundial del \u00c1rbol, la Administraci\u00f3n Municipal , mediante la Secretaria de Medio Ambiente, logr\u00f3 de manera articulada realizar la siembra de 800 pl\u00e1ntulas de especies&nbsp; tales como Sam\u00e1n, Igu\u00e1, Gu\u00e1cimo , guayac\u00e1n amarillo&nbsp; y rosado,&nbsp; Gualanday, Matarrat\u00f3n y Ocobo, sobre la Zona de Protecci\u00f3n Ambiental El Curibanito, actividad [&hellip;]<\/p>\n","protected":false},"author":1,"featured_media":0,"comment_status":"open","ping_status":"open","sticky":false,"template":"","format":"standard","meta":{"footnotes":""},"categories":[3961,36],"tags":[],"class_list":["post-36654","post","type-post","status-publish","format-standard","hentry","category-comunidad","category-destacado"],"yoast_head":"<!-- This site is optimized with the Yoast SEO plugin v26.6 - https:\/\/yoast.com\/wordpress\/plugins\/seo\/ -->\n<title>Masiva participaci\u00f3n en jornada de siembra por el D\u00eda Mundial del \u00c1rbol -<\/title>\n<meta name=\"robots\" content=\"index, follow, max-snippet:-1, max-image-preview:large, max-video-preview:-1\" \/>\n<link rel=\"canonical\" href=\"https:\/\/luchonoticias.com\/editor\/masiva-participacion-en-jornada-de-siembra-por-el-dia-mundial-del-arbol\/\" \/>\n<meta property=\"og:locale\" content=\"es_ES\" \/>\n<meta property=\"og:type\" content=\"article\" \/>\n<meta property=\"og:title\" content=\"Masiva participaci\u00f3n en jornada de siembra por el D\u00eda Mundial del \u00c1rbol -\" \/>\n<meta property=\"og:url\" content=\"https:\/\/luchonoticias.com\/editor\/masiva-participacion-en-jornada-de-siembra-por-el-dia-mundial-del-arbol\/\" \/>\n<meta property=\"article:publisher\" content=\"https:\/\/www.facebook.com\/luchonoticiasneiva\" \/>\n<meta property=\"article:author\" content=\"https:\/\/www.facebook.com\/luchonoticiasneiva\" \/>\n<meta property=\"article:published_time\" content=\"2022-10-13T11:34:39+00:00\" \/>\n<meta property=\"article:modified_time\" content=\"2022-10-13T11:34:40+00:00\" \/>\n<meta property=\"og:image\" content=\"https:\/\/luchonoticias.com\/wp-content\/uploads\/2022\/10\/WhatsApp-Image-2022-10-12-at-6.28.37-PM-1024x768.jpeg\" \/>\n<meta name=\"author\" content=\"admin\" \/>\n<meta name=\"twitter:card\" content=\"summary_large_image\" \/>\n<meta name=\"twitter:label1\" content=\"Escrito por\" \/>\n\t<meta name=\"twitter:data1\" content=\"admin\" \/>\n\t<meta name=\"twitter:label2\" content=\"Tiempo de lectura\" \/>\n\t<meta name=\"twitter:data2\" content=\"2 minutos\" \/>\n<script type=\"application\/ld+json\" class=\"yoast-schema-graph\">{\"@context\":\"https:\/\/schema.org\",\"@graph\":[{\"@type\":\"Article\",\"@id\":\"https:\/\/luchonoticias.com\/editor\/masiva-participacion-en-jornada-de-siembra-por-el-dia-mundial-del-arbol\/#article\",\"isPartOf\":{\"@id\":\"https:\/\/luchonoticias.com\/editor\/masiva-participacion-en-jornada-de-siembra-por-el-dia-mundial-del-arbol\/\"},\"author\":{\"name\":\"admin\",\"@id\":\"https:\/\/luchonoticias.com\/editor\/#\/schema\/person\/7a7fd911f58561fd056dbac7b55af9cd\"},\"headline\":\"Masiva participaci\u00f3n en jornada de siembra por el D\u00eda Mundial del \u00c1rbol\",\"datePublished\":\"2022-10-13T11:34:39+00:00\",\"dateModified\":\"2022-10-13T11:34:40+00:00\",\"mainEntityOfPage\":{\"@id\":\"https:\/\/luchonoticias.com\/editor\/masiva-participacion-en-jornada-de-siembra-por-el-dia-mundial-del-arbol\/\"},\"wordCount\":485,\"commentCount\":0,\"publisher\":{\"@id\":\"https:\/\/luchonoticias.com\/editor\/#\/schema\/person\/7a7fd911f58561fd056dbac7b55af9cd\"},\"image\":{\"@id\":\"https:\/\/luchonoticias.com\/editor\/masiva-participacion-en-jornada-de-siembra-por-el-dia-mundial-del-arbol\/#primaryimage\"},\"thumbnailUrl\":\"https:\/\/luchonoticias.com\/wp-content\/uploads\/2022\/10\/WhatsApp-Image-2022-10-12-at-6.28.37-PM-1024x768.jpeg\",\"articleSection\":[\"Comunidad\",\"Destacado\"],\"inLanguage\":\"es\",\"potentialAction\":[{\"@type\":\"CommentAction\",\"name\":\"Comment\",\"target\":[\"https:\/\/luchonoticias.com\/editor\/masiva-participacion-en-jornada-de-siembra-por-el-dia-mundial-del-arbol\/#respond\"]}]},{\"@type\":\"WebPage\",\"@id\":\"https:\/\/luchonoticias.com\/editor\/masiva-participacion-en-jornada-de-siembra-por-el-dia-mundial-del-arbol\/\",\"url\":\"https:\/\/luchonoticias.com\/editor\/masiva-participacion-en-jornada-de-siembra-por-el-dia-mundial-del-arbol\/\",\"name\":\"Masiva participaci\u00f3n en jornada de siembra por el D\u00eda Mundial del \u00c1rbol -\",\"isPartOf\":{\"@id\":\"https:\/\/luchonoticias.com\/editor\/#website\"},\"primaryImageOfPage\":{\"@id\":\"https:\/\/luchonoticias.com\/editor\/masiva-participacion-en-jornada-de-siembra-por-el-dia-mundial-del-arbol\/#primaryimage\"},\"image\":{\"@id\":\"https:\/\/luchonoticias.com\/editor\/masiva-participacion-en-jornada-de-siembra-por-el-dia-mundial-del-arbol\/#primaryimage\"},\"thumbnailUrl\":\"https:\/\/luchonoticias.com\/wp-content\/uploads\/2022\/10\/WhatsApp-Image-2022-10-12-at-6.28.37-PM-1024x768.jpeg\",\"datePublished\":\"2022-10-13T11:34:39+00:00\",\"dateModified\":\"2022-10-13T11:34:40+00:00\",\"breadcrumb\":{\"@id\":\"https:\/\/luchonoticias.com\/editor\/masiva-participacion-en-jornada-de-siembra-por-el-dia-mundial-del-arbol\/#breadcrumb\"},\"inLanguage\":\"es\",\"potentialAction\":[{\"@type\":\"ReadAction\",\"target\":[\"https:\/\/luchonoticias.com\/editor\/masiva-participacion-en-jornada-de-siembra-por-el-dia-mundial-del-arbol\/\"]}]},{\"@type\":\"ImageObject\",\"inLanguage\":\"es\",\"@id\":\"https:\/\/luchonoticias.com\/editor\/masiva-participacion-en-jornada-de-siembra-por-el-dia-mundial-del-arbol\/#primaryimage\",\"url\":\"https:\/\/luchonoticias.com\/wp-content\/uploads\/2022\/10\/WhatsApp-Image-2022-10-12-at-6.28.37-PM-1024x768.jpeg\",\"contentUrl\":\"https:\/\/luchonoticias.com\/wp-content\/uploads\/2022\/10\/WhatsApp-Image-2022-10-12-at-6.28.37-PM-1024x768.jpeg\"},{\"@type\":\"BreadcrumbList\",\"@id\":\"https:\/\/luchonoticias.com\/editor\/masiva-participacion-en-jornada-de-siembra-por-el-dia-mundial-del-arbol\/#breadcrumb\",\"itemListElement\":[{\"@type\":\"ListItem\",\"position\":1,\"name\":\"Portada\",\"item\":\"https:\/\/luchonoticias.com\/editor\/\"},{\"@type\":\"ListItem\",\"position\":2,\"name\":\"Masiva participaci\u00f3n en jornada de siembra por el D\u00eda Mundial del \u00c1rbol\"}]},{\"@type\":\"WebSite\",\"@id\":\"https:\/\/luchonoticias.com\/editor\/#website\",\"url\":\"https:\/\/luchonoticias.com\/editor\/\",\"name\":\"\",\"description\":\"\",\"publisher\":{\"@id\":\"https:\/\/luchonoticias.com\/editor\/#\/schema\/person\/7a7fd911f58561fd056dbac7b55af9cd\"},\"potentialAction\":[{\"@type\":\"SearchAction\",\"target\":{\"@type\":\"EntryPoint\",\"urlTemplate\":\"https:\/\/luchonoticias.com\/editor\/?s={search_term_string}\"},\"query-input\":{\"@type\":\"PropertyValueSpecification\",\"valueRequired\":true,\"valueName\":\"search_term_string\"}}],\"inLanguage\":\"es\"},{\"@type\":[\"Person\",\"Organization\"],\"@id\":\"https:\/\/luchonoticias.com\/editor\/#\/schema\/person\/7a7fd911f58561fd056dbac7b55af9cd\",\"name\":\"admin\",\"image\":{\"@type\":\"ImageObject\",\"inLanguage\":\"es\",\"@id\":\"https:\/\/luchonoticias.com\/editor\/#\/schema\/person\/image\/\",\"url\":\"https:\/\/luchonoticias.com\/editor\/wp-content\/uploads\/2024\/02\/cropped-cropped-logolu.webp\",\"contentUrl\":\"https:\/\/luchonoticias.com\/editor\/wp-content\/uploads\/2024\/02\/cropped-cropped-logolu.webp\",\"width\":382,\"height\":170,\"caption\":\"admin\"},\"logo\":{\"@id\":\"https:\/\/luchonoticias.com\/editor\/#\/schema\/person\/image\/\"},\"sameAs\":[\"https:\/\/www.facebook.com\/luchonoticiasneiva\"],\"url\":\"https:\/\/luchonoticias.com\/editor\/author\/admin\/\"}]}<\/script>\n<!-- \/ Yoast SEO plugin. -->","yoast_head_json":{"title":"Masiva participaci\u00f3n en jornada de siembra por el D\u00eda Mundial del \u00c1rbol -","robots":{"index":"index","follow":"follow","max-snippet":"max-snippet:-1","max-image-preview":"max-image-preview:large","max-video-preview":"max-video-preview:-1"},"canonical":"https:\/\/luchonoticias.com\/editor\/masiva-participacion-en-jornada-de-siembra-por-el-dia-mundial-del-arbol\/","og_locale":"es_ES","og_type":"article","og_title":"Masiva participaci\u00f3n en jornada de siembra por el D\u00eda Mundial del \u00c1rbol -","og_url":"https:\/\/luchonoticias.com\/editor\/masiva-participacion-en-jornada-de-siembra-por-el-dia-mundial-del-arbol\/","article_publisher":"https:\/\/www.facebook.com\/luchonoticiasneiva","article_author":"https:\/\/www.facebook.com\/luchonoticiasneiva","article_published_time":"2022-10-13T11:34:39+00:00","article_modified_time":"2022-10-13T11:34:40+00:00","og_image":[{"url":"https:\/\/luchonoticias.com\/wp-content\/uploads\/2022\/10\/WhatsApp-Image-2022-10-12-at-6.28.37-PM-1024x768.jpeg","type":"","width":"","height":""}],"author":"admin","twitter_card":"summary_large_image","twitter_misc":{"Escrito por":"admin","Tiempo de lectura":"2 minutos"},"schema":{"@context":"https:\/\/schema.org","@graph":[{"@type":"Article","@id":"https:\/\/luchonoticias.com\/editor\/masiva-participacion-en-jornada-de-siembra-por-el-dia-mundial-del-arbol\/#article","isPartOf":{"@id":"https:\/\/luchonoticias.com\/editor\/masiva-participacion-en-jornada-de-siembra-por-el-dia-mundial-del-arbol\/"},"author":{"name":"admin","@id":"https:\/\/luchonoticias.com\/editor\/#\/schema\/person\/7a7fd911f58561fd056dbac7b55af9cd"},"headline":"Masiva participaci\u00f3n en jornada de siembra por el D\u00eda Mundial del \u00c1rbol","datePublished":"2022-10-13T11:34:39+00:00","dateModified":"2022-10-13T11:34:40+00:00","mainEntityOfPage":{"@id":"https:\/\/luchonoticias.com\/editor\/masiva-participacion-en-jornada-de-siembra-por-el-dia-mundial-del-arbol\/"},"wordCount":485,"commentCount":0,"publisher":{"@id":"https:\/\/luchonoticias.com\/editor\/#\/schema\/person\/7a7fd911f58561fd056dbac7b55af9cd"},"image":{"@id":"https:\/\/luchonoticias.com\/editor\/masiva-participacion-en-jornada-de-siembra-por-el-dia-mundial-del-arbol\/#primaryimage"},"thumbnailUrl":"https:\/\/luchonoticias.com\/wp-content\/uploads\/2022\/10\/WhatsApp-Image-2022-10-12-at-6.28.37-PM-1024x768.jpeg","articleSection":["Comunidad","Destacado"],"inLanguage":"es","potentialAction":[{"@type":"CommentAction","name":"Comment","target":["https:\/\/luchonoticias.com\/editor\/masiva-participacion-en-jornada-de-siembra-por-el-dia-mundial-del-arbol\/#respond"]}]},{"@type":"WebPage","@id":"https:\/\/luchonoticias.com\/editor\/masiva-participacion-en-jornada-de-siembra-por-el-dia-mundial-del-arbol\/","url":"https:\/\/luchonoticias.com\/editor\/masiva-participacion-en-jornada-de-siembra-por-el-dia-mundial-del-arbol\/","name":"Masiva participaci\u00f3n en jornada de siembra por el D\u00eda Mundial del \u00c1rbol -","isPartOf":{"@id":"https:\/\/luchonoticias.com\/editor\/#website"},"primaryImageOfPage":{"@id":"https:\/\/luchonoticias.com\/editor\/masiva-participacion-en-jornada-de-siembra-por-el-dia-mundial-del-arbol\/#primaryimage"},"image":{"@id":"https:\/\/luchonoticias.com\/editor\/masiva-participacion-en-jornada-de-siembra-por-el-dia-mundial-del-arbol\/#primaryimage"},"thumbnailUrl":"https:\/\/luchonoticias.com\/wp-content\/uploads\/2022\/10\/WhatsApp-Image-2022-10-12-at-6.28.37-PM-1024x768.jpeg","datePublished":"2022-10-13T11:34:39+00:00","dateModified":"2022-10-13T11:34:40+00:00","breadcrumb":{"@id":"https:\/\/luchonoticias.com\/editor\/masiva-participacion-en-jornada-de-siembra-por-el-dia-mundial-del-arbol\/#breadcrumb"},"inLanguage":"es","potentialAction":[{"@type":"ReadAction","target":["https:\/\/luchonoticias.com\/editor\/masiva-participacion-en-jornada-de-siembra-por-el-dia-mundial-del-arbol\/"]}]},{"@type":"ImageObject","inLanguage":"es","@id":"https:\/\/luchonoticias.com\/editor\/masiva-participacion-en-jornada-de-siembra-por-el-dia-mundial-del-arbol\/#primaryimage","url":"https:\/\/luchonoticias.com\/wp-content\/uploads\/2022\/10\/WhatsApp-Image-2022-10-12-at-6.28.37-PM-1024x768.jpeg","contentUrl":"https:\/\/luchonoticias.com\/wp-content\/uploads\/2022\/10\/WhatsApp-Image-2022-10-12-at-6.28.37-PM-1024x768.jpeg"},{"@type":"BreadcrumbList","@id":"https:\/\/luchonoticias.com\/editor\/masiva-participacion-en-jornada-de-siembra-por-el-dia-mundial-del-arbol\/#breadcrumb","itemListElement":[{"@type":"ListItem","position":1,"name":"Portada","item":"https:\/\/luchonoticias.com\/editor\/"},{"@type":"ListItem","position":2,"name":"Masiva participaci\u00f3n en jornada de siembra por el D\u00eda Mundial del \u00c1rbol"}]},{"@type":"WebSite","@id":"https:\/\/luchonoticias.com\/editor\/#website","url":"https:\/\/luchonoticias.com\/editor\/","name":"","description":"","publisher":{"@id":"https:\/\/luchonoticias.com\/editor\/#\/schema\/person\/7a7fd911f58561fd056dbac7b55af9cd"},"potentialAction":[{"@type":"SearchAction","target":{"@type":"EntryPoint","urlTemplate":"https:\/\/luchonoticias.com\/editor\/?s={search_term_string}"},"query-input":{"@type":"PropertyValueSpecification","valueRequired":true,"valueName":"search_term_string"}}],"inLanguage":"es"},{"@type":["Person","Organization"],"@id":"https:\/\/luchonoticias.com\/editor\/#\/schema\/person\/7a7fd911f58561fd056dbac7b55af9cd","name":"admin","image":{"@type":"ImageObject","inLanguage":"es","@id":"https:\/\/luchonoticias.com\/editor\/#\/schema\/person\/image\/","url":"https:\/\/luchonoticias.com\/editor\/wp-content\/uploads\/2024\/02\/cropped-cropped-logolu.webp","contentUrl":"https:\/\/luchonoticias.com\/editor\/wp-content\/uploads\/2024\/02\/cropped-cropped-logolu.webp","width":382,"height":170,"caption":"admin"},"logo":{"@id":"https:\/\/luchonoticias.com\/editor\/#\/schema\/person\/image\/"},"sameAs":["https:\/\/www.facebook.com\/luchonoticiasneiva"],"url":"https:\/\/luchonoticias.com\/editor\/author\/admin\/"}]}},"_links":{"self":[{"href":"https:\/\/luchonoticias.com\/editor\/wp-json\/wp\/v2\/posts\/36654","targetHints":{"allow":["GET"]}}],"collection":[{"href":"https:\/\/luchonoticias.com\/editor\/wp-json\/wp\/v2\/posts"}],"about":[{"href":"https:\/\/luchonoticias.com\/editor\/wp-json\/wp\/v2\/types\/post"}],"author":[{"embeddable":true,"href":"https:\/\/luchonoticias.com\/editor\/wp-json\/wp\/v2\/users\/1"}],"replies":[{"embeddable":true,"href":"https:\/\/luchonoticias.com\/editor\/wp-json\/wp\/v2\/comments?post=36654"}],"version-history":[{"count":0,"href":"https:\/\/luchonoticias.com\/editor\/wp-json\/wp\/v2\/posts\/36654\/revisions"}],"wp:attachment":[{"href":"https:\/\/luchonoticias.com\/editor\/wp-json\/wp\/v2\/media?parent=36654"}],"wp:term":[{"taxonomy":"category","embeddable":true,"href":"https:\/\/luchonoticias.com\/editor\/wp-json\/wp\/v2\/categories?post=36654"},{"taxonomy":"post_tag","embeddable":true,"href":"https:\/\/luchonoticias.com\/editor\/wp-json\/wp\/v2\/tags?post=36654"}],"curies":[{"name":"wp","href":"https:\/\/api.w.org\/{rel}","templated":true}]}}