{"id":36677,"date":"2022-10-13T06:46:39","date_gmt":"2022-10-13T11:46:39","guid":{"rendered":"https:\/\/luchonoticias.com\/?p=36677"},"modified":"2022-10-13T06:46:40","modified_gmt":"2022-10-13T11:46:40","slug":"heroes-anonimos-llamados-bomberos-cumplieron-72-anos-al-servicio-de-los-neivanos","status":"publish","type":"post","link":"https:\/\/luchonoticias.com\/editor\/heroes-anonimos-llamados-bomberos-cumplieron-72-anos-al-servicio-de-los-neivanos\/","title":{"rendered":"H\u00e9roes an\u00f3nimos llamados Bomberos cumplieron 72 a\u00f1os al servicio de los neivanos"},"content":{"rendered":"\n<p>En su aniversario n\u00famero 72, el Cuerpo Oficial de Bomberos fue homenajeado por la Alcald\u00eda de Neiva, con un reconocimiento por su profesionalismo en la atenci\u00f3n de emergencias y control de riesgos en el municipio.<\/p>\n\n\n\n<p>El Cuerpo Oficial de Bomberos Neiva, adscrito a la Secretaria de Gesti\u00f3n del Riesgo y Desastres, actualmente cuenta con 50 unidades bomberiles con especialidades en incendios estructurales y forestales, materiales peligrosos, rescate vertical, rescate en espacios confinados, rescate en estructuras colapsadas, salvamento acu\u00e1tico, buceo y operaciones helicoportadas.<\/p>\n\n\n\n<figure class=\"wp-block-gallery has-nested-images columns-default is-cropped wp-block-gallery-1 is-layout-flex wp-block-gallery-is-layout-flex\">\n<figure class=\"wp-block-image size-large\"><img decoding=\"async\" data-id=\"36679\" src=\"https:\/\/luchonoticias.com\/wp-content\/uploads\/2022\/10\/WhatsApp-Image-2022-10-12-at-7.13.42-PM-1.jpeg\" alt=\"\" class=\"wp-image-36679\"\/><\/figure>\n\n\n\n<figure class=\"wp-block-image size-large\"><img decoding=\"async\" data-id=\"36680\" src=\"https:\/\/luchonoticias.com\/wp-content\/uploads\/2022\/10\/WhatsApp-Image-2022-10-12-at-7.13.41-PM.jpeg\" alt=\"\" class=\"wp-image-36680\"\/><\/figure>\n<\/figure>\n\n\n\n<p>\u201cMuchos neivanos tienen la concepci\u00f3n que el bombero solo combate y extingue el fuego, pero en realidad es que se comprometen en la gesti\u00f3n integral del riesgo contra incendio, los preparativos y atenci\u00f3n de rescates en todas sus modalidades. Igualmente, en la atenci\u00f3n de incidentes con materiales peligrosos, como tambi\u00e9n prestar primeros auxilios, educando a la ciudadan\u00eda para la autoprotecci\u00f3n y la atenci\u00f3n de desastres\u201d, reiter\u00f3 Armando Cabrera Rivera, secretario de Gesti\u00f3n del Riesgo.<\/p>\n\n\n\n<p>As\u00ed mismo, cuentan con una m\u00e1quina de extintores, dos m\u00e1quinas extintoras gemelas, una m\u00e1quina de desplazamiento r\u00e1pido, una para incendios forestales y un veh\u00edculo de log\u00edstica.<\/p>\n\n\n\n<figure class=\"wp-block-image size-full\"><img decoding=\"async\" src=\"https:\/\/luchonoticias.com\/wp-content\/uploads\/2022\/10\/WhatsApp-Image-2022-10-12-at-7.13.42-PM.jpeg\" alt=\"\" class=\"wp-image-36681\"\/><\/figure>\n\n\n\n<p>Es por ello, que el 10 de octubre del 2022, se resalt\u00f3 su labor diaria, que con gallard\u00eda y pudor, arriesgan sus vidas, respondiendo de una manera eficaz y oportuna todas las emergencias que se presentan en el municipio, trabajando as\u00ed, por la preservaci\u00f3n de la vida de los neivanos.<\/p>\n","protected":false},"excerpt":{"rendered":"<p>En su aniversario n\u00famero 72, el Cuerpo Oficial de Bomberos fue homenajeado por la Alcald\u00eda de Neiva, con un reconocimiento por su profesionalismo en la atenci\u00f3n de emergencias y control de riesgos en el municipio. El Cuerpo Oficial de Bomberos Neiva, adscrito a la Secretaria de Gesti\u00f3n del Riesgo y Desastres, actualmente cuenta con 50 [&hellip;]<\/p>\n","protected":false},"author":1,"featured_media":0,"comment_status":"open","ping_status":"open","sticky":false,"template":"","format":"standard","meta":{"footnotes":""},"categories":[3961,36],"tags":[],"class_list":["post-36677","post","type-post","status-publish","format-standard","hentry","category-comunidad","category-destacado"],"yoast_head":"<!-- This site is optimized with the Yoast SEO plugin v26.6 - https:\/\/yoast.com\/wordpress\/plugins\/seo\/ -->\n<title>H\u00e9roes an\u00f3nimos llamados Bomberos cumplieron 72 a\u00f1os al servicio de los neivanos -<\/title>\n<meta name=\"robots\" content=\"index, follow, max-snippet:-1, max-image-preview:large, max-video-preview:-1\" \/>\n<link rel=\"canonical\" href=\"https:\/\/luchonoticias.com\/editor\/heroes-anonimos-llamados-bomberos-cumplieron-72-anos-al-servicio-de-los-neivanos\/\" \/>\n<meta property=\"og:locale\" content=\"es_ES\" \/>\n<meta property=\"og:type\" content=\"article\" \/>\n<meta property=\"og:title\" content=\"H\u00e9roes an\u00f3nimos llamados Bomberos cumplieron 72 a\u00f1os al servicio de los neivanos -\" \/>\n<meta property=\"og:url\" content=\"https:\/\/luchonoticias.com\/editor\/heroes-anonimos-llamados-bomberos-cumplieron-72-anos-al-servicio-de-los-neivanos\/\" \/>\n<meta property=\"article:publisher\" content=\"https:\/\/www.facebook.com\/luchonoticiasneiva\" \/>\n<meta property=\"article:author\" content=\"https:\/\/www.facebook.com\/luchonoticiasneiva\" \/>\n<meta property=\"article:published_time\" content=\"2022-10-13T11:46:39+00:00\" \/>\n<meta property=\"article:modified_time\" content=\"2022-10-13T11:46:40+00:00\" \/>\n<meta property=\"og:image\" content=\"https:\/\/luchonoticias.com\/wp-content\/uploads\/2022\/10\/WhatsApp-Image-2022-10-12-at-7.13.42-PM-1.jpeg\" \/>\n<meta name=\"author\" content=\"admin\" \/>\n<meta name=\"twitter:card\" content=\"summary_large_image\" \/>\n<meta name=\"twitter:label1\" content=\"Escrito por\" \/>\n\t<meta name=\"twitter:data1\" content=\"admin\" \/>\n\t<meta name=\"twitter:label2\" content=\"Tiempo de lectura\" \/>\n\t<meta name=\"twitter:data2\" content=\"1 minuto\" \/>\n<script type=\"application\/ld+json\" class=\"yoast-schema-graph\">{\"@context\":\"https:\/\/schema.org\",\"@graph\":[{\"@type\":\"Article\",\"@id\":\"https:\/\/luchonoticias.com\/editor\/heroes-anonimos-llamados-bomberos-cumplieron-72-anos-al-servicio-de-los-neivanos\/#article\",\"isPartOf\":{\"@id\":\"https:\/\/luchonoticias.com\/editor\/heroes-anonimos-llamados-bomberos-cumplieron-72-anos-al-servicio-de-los-neivanos\/\"},\"author\":{\"name\":\"admin\",\"@id\":\"https:\/\/luchonoticias.com\/editor\/#\/schema\/person\/7a7fd911f58561fd056dbac7b55af9cd\"},\"headline\":\"H\u00e9roes an\u00f3nimos llamados Bomberos cumplieron 72 a\u00f1os al servicio de los neivanos\",\"datePublished\":\"2022-10-13T11:46:39+00:00\",\"dateModified\":\"2022-10-13T11:46:40+00:00\",\"mainEntityOfPage\":{\"@id\":\"https:\/\/luchonoticias.com\/editor\/heroes-anonimos-llamados-bomberos-cumplieron-72-anos-al-servicio-de-los-neivanos\/\"},\"wordCount\":264,\"commentCount\":0,\"publisher\":{\"@id\":\"https:\/\/luchonoticias.com\/editor\/#\/schema\/person\/7a7fd911f58561fd056dbac7b55af9cd\"},\"image\":{\"@id\":\"https:\/\/luchonoticias.com\/editor\/heroes-anonimos-llamados-bomberos-cumplieron-72-anos-al-servicio-de-los-neivanos\/#primaryimage\"},\"thumbnailUrl\":\"https:\/\/luchonoticias.com\/wp-content\/uploads\/2022\/10\/WhatsApp-Image-2022-10-12-at-7.13.42-PM-1.jpeg\",\"articleSection\":[\"Comunidad\",\"Destacado\"],\"inLanguage\":\"es\",\"potentialAction\":[{\"@type\":\"CommentAction\",\"name\":\"Comment\",\"target\":[\"https:\/\/luchonoticias.com\/editor\/heroes-anonimos-llamados-bomberos-cumplieron-72-anos-al-servicio-de-los-neivanos\/#respond\"]}]},{\"@type\":\"WebPage\",\"@id\":\"https:\/\/luchonoticias.com\/editor\/heroes-anonimos-llamados-bomberos-cumplieron-72-anos-al-servicio-de-los-neivanos\/\",\"url\":\"https:\/\/luchonoticias.com\/editor\/heroes-anonimos-llamados-bomberos-cumplieron-72-anos-al-servicio-de-los-neivanos\/\",\"name\":\"H\u00e9roes an\u00f3nimos llamados Bomberos cumplieron 72 a\u00f1os al servicio de los neivanos -\",\"isPartOf\":{\"@id\":\"https:\/\/luchonoticias.com\/editor\/#website\"},\"primaryImageOfPage\":{\"@id\":\"https:\/\/luchonoticias.com\/editor\/heroes-anonimos-llamados-bomberos-cumplieron-72-anos-al-servicio-de-los-neivanos\/#primaryimage\"},\"image\":{\"@id\":\"https:\/\/luchonoticias.com\/editor\/heroes-anonimos-llamados-bomberos-cumplieron-72-anos-al-servicio-de-los-neivanos\/#primaryimage\"},\"thumbnailUrl\":\"https:\/\/luchonoticias.com\/wp-content\/uploads\/2022\/10\/WhatsApp-Image-2022-10-12-at-7.13.42-PM-1.jpeg\",\"datePublished\":\"2022-10-13T11:46:39+00:00\",\"dateModified\":\"2022-10-13T11:46:40+00:00\",\"breadcrumb\":{\"@id\":\"https:\/\/luchonoticias.com\/editor\/heroes-anonimos-llamados-bomberos-cumplieron-72-anos-al-servicio-de-los-neivanos\/#breadcrumb\"},\"inLanguage\":\"es\",\"potentialAction\":[{\"@type\":\"ReadAction\",\"target\":[\"https:\/\/luchonoticias.com\/editor\/heroes-anonimos-llamados-bomberos-cumplieron-72-anos-al-servicio-de-los-neivanos\/\"]}]},{\"@type\":\"ImageObject\",\"inLanguage\":\"es\",\"@id\":\"https:\/\/luchonoticias.com\/editor\/heroes-anonimos-llamados-bomberos-cumplieron-72-anos-al-servicio-de-los-neivanos\/#primaryimage\",\"url\":\"https:\/\/luchonoticias.com\/wp-content\/uploads\/2022\/10\/WhatsApp-Image-2022-10-12-at-7.13.42-PM-1.jpeg\",\"contentUrl\":\"https:\/\/luchonoticias.com\/wp-content\/uploads\/2022\/10\/WhatsApp-Image-2022-10-12-at-7.13.42-PM-1.jpeg\"},{\"@type\":\"BreadcrumbList\",\"@id\":\"https:\/\/luchonoticias.com\/editor\/heroes-anonimos-llamados-bomberos-cumplieron-72-anos-al-servicio-de-los-neivanos\/#breadcrumb\",\"itemListElement\":[{\"@type\":\"ListItem\",\"position\":1,\"name\":\"Portada\",\"item\":\"https:\/\/luchonoticias.com\/editor\/\"},{\"@type\":\"ListItem\",\"position\":2,\"name\":\"H\u00e9roes an\u00f3nimos llamados Bomberos cumplieron 72 a\u00f1os al servicio de los neivanos\"}]},{\"@type\":\"WebSite\",\"@id\":\"https:\/\/luchonoticias.com\/editor\/#website\",\"url\":\"https:\/\/luchonoticias.com\/editor\/\",\"name\":\"\",\"description\":\"\",\"publisher\":{\"@id\":\"https:\/\/luchonoticias.com\/editor\/#\/schema\/person\/7a7fd911f58561fd056dbac7b55af9cd\"},\"potentialAction\":[{\"@type\":\"SearchAction\",\"target\":{\"@type\":\"EntryPoint\",\"urlTemplate\":\"https:\/\/luchonoticias.com\/editor\/?s={search_term_string}\"},\"query-input\":{\"@type\":\"PropertyValueSpecification\",\"valueRequired\":true,\"valueName\":\"search_term_string\"}}],\"inLanguage\":\"es\"},{\"@type\":[\"Person\",\"Organization\"],\"@id\":\"https:\/\/luchonoticias.com\/editor\/#\/schema\/person\/7a7fd911f58561fd056dbac7b55af9cd\",\"name\":\"admin\",\"image\":{\"@type\":\"ImageObject\",\"inLanguage\":\"es\",\"@id\":\"https:\/\/luchonoticias.com\/editor\/#\/schema\/person\/image\/\",\"url\":\"https:\/\/luchonoticias.com\/editor\/wp-content\/uploads\/2024\/02\/cropped-cropped-logolu.webp\",\"contentUrl\":\"https:\/\/luchonoticias.com\/editor\/wp-content\/uploads\/2024\/02\/cropped-cropped-logolu.webp\",\"width\":382,\"height\":170,\"caption\":\"admin\"},\"logo\":{\"@id\":\"https:\/\/luchonoticias.com\/editor\/#\/schema\/person\/image\/\"},\"sameAs\":[\"https:\/\/www.facebook.com\/luchonoticiasneiva\"],\"url\":\"https:\/\/luchonoticias.com\/editor\/author\/admin\/\"}]}<\/script>\n<!-- \/ Yoast SEO plugin. -->","yoast_head_json":{"title":"H\u00e9roes an\u00f3nimos llamados Bomberos cumplieron 72 a\u00f1os al servicio de los neivanos -","robots":{"index":"index","follow":"follow","max-snippet":"max-snippet:-1","max-image-preview":"max-image-preview:large","max-video-preview":"max-video-preview:-1"},"canonical":"https:\/\/luchonoticias.com\/editor\/heroes-anonimos-llamados-bomberos-cumplieron-72-anos-al-servicio-de-los-neivanos\/","og_locale":"es_ES","og_type":"article","og_title":"H\u00e9roes an\u00f3nimos llamados Bomberos cumplieron 72 a\u00f1os al servicio de los neivanos -","og_url":"https:\/\/luchonoticias.com\/editor\/heroes-anonimos-llamados-bomberos-cumplieron-72-anos-al-servicio-de-los-neivanos\/","article_publisher":"https:\/\/www.facebook.com\/luchonoticiasneiva","article_author":"https:\/\/www.facebook.com\/luchonoticiasneiva","article_published_time":"2022-10-13T11:46:39+00:00","article_modified_time":"2022-10-13T11:46:40+00:00","og_image":[{"url":"https:\/\/luchonoticias.com\/wp-content\/uploads\/2022\/10\/WhatsApp-Image-2022-10-12-at-7.13.42-PM-1.jpeg","type":"","width":"","height":""}],"author":"admin","twitter_card":"summary_large_image","twitter_misc":{"Escrito por":"admin","Tiempo de lectura":"1 minuto"},"schema":{"@context":"https:\/\/schema.org","@graph":[{"@type":"Article","@id":"https:\/\/luchonoticias.com\/editor\/heroes-anonimos-llamados-bomberos-cumplieron-72-anos-al-servicio-de-los-neivanos\/#article","isPartOf":{"@id":"https:\/\/luchonoticias.com\/editor\/heroes-anonimos-llamados-bomberos-cumplieron-72-anos-al-servicio-de-los-neivanos\/"},"author":{"name":"admin","@id":"https:\/\/luchonoticias.com\/editor\/#\/schema\/person\/7a7fd911f58561fd056dbac7b55af9cd"},"headline":"H\u00e9roes an\u00f3nimos llamados Bomberos cumplieron 72 a\u00f1os al servicio de los neivanos","datePublished":"2022-10-13T11:46:39+00:00","dateModified":"2022-10-13T11:46:40+00:00","mainEntityOfPage":{"@id":"https:\/\/luchonoticias.com\/editor\/heroes-anonimos-llamados-bomberos-cumplieron-72-anos-al-servicio-de-los-neivanos\/"},"wordCount":264,"commentCount":0,"publisher":{"@id":"https:\/\/luchonoticias.com\/editor\/#\/schema\/person\/7a7fd911f58561fd056dbac7b55af9cd"},"image":{"@id":"https:\/\/luchonoticias.com\/editor\/heroes-anonimos-llamados-bomberos-cumplieron-72-anos-al-servicio-de-los-neivanos\/#primaryimage"},"thumbnailUrl":"https:\/\/luchonoticias.com\/wp-content\/uploads\/2022\/10\/WhatsApp-Image-2022-10-12-at-7.13.42-PM-1.jpeg","articleSection":["Comunidad","Destacado"],"inLanguage":"es","potentialAction":[{"@type":"CommentAction","name":"Comment","target":["https:\/\/luchonoticias.com\/editor\/heroes-anonimos-llamados-bomberos-cumplieron-72-anos-al-servicio-de-los-neivanos\/#respond"]}]},{"@type":"WebPage","@id":"https:\/\/luchonoticias.com\/editor\/heroes-anonimos-llamados-bomberos-cumplieron-72-anos-al-servicio-de-los-neivanos\/","url":"https:\/\/luchonoticias.com\/editor\/heroes-anonimos-llamados-bomberos-cumplieron-72-anos-al-servicio-de-los-neivanos\/","name":"H\u00e9roes an\u00f3nimos llamados Bomberos cumplieron 72 a\u00f1os al servicio de los neivanos -","isPartOf":{"@id":"https:\/\/luchonoticias.com\/editor\/#website"},"primaryImageOfPage":{"@id":"https:\/\/luchonoticias.com\/editor\/heroes-anonimos-llamados-bomberos-cumplieron-72-anos-al-servicio-de-los-neivanos\/#primaryimage"},"image":{"@id":"https:\/\/luchonoticias.com\/editor\/heroes-anonimos-llamados-bomberos-cumplieron-72-anos-al-servicio-de-los-neivanos\/#primaryimage"},"thumbnailUrl":"https:\/\/luchonoticias.com\/wp-content\/uploads\/2022\/10\/WhatsApp-Image-2022-10-12-at-7.13.42-PM-1.jpeg","datePublished":"2022-10-13T11:46:39+00:00","dateModified":"2022-10-13T11:46:40+00:00","breadcrumb":{"@id":"https:\/\/luchonoticias.com\/editor\/heroes-anonimos-llamados-bomberos-cumplieron-72-anos-al-servicio-de-los-neivanos\/#breadcrumb"},"inLanguage":"es","potentialAction":[{"@type":"ReadAction","target":["https:\/\/luchonoticias.com\/editor\/heroes-anonimos-llamados-bomberos-cumplieron-72-anos-al-servicio-de-los-neivanos\/"]}]},{"@type":"ImageObject","inLanguage":"es","@id":"https:\/\/luchonoticias.com\/editor\/heroes-anonimos-llamados-bomberos-cumplieron-72-anos-al-servicio-de-los-neivanos\/#primaryimage","url":"https:\/\/luchonoticias.com\/wp-content\/uploads\/2022\/10\/WhatsApp-Image-2022-10-12-at-7.13.42-PM-1.jpeg","contentUrl":"https:\/\/luchonoticias.com\/wp-content\/uploads\/2022\/10\/WhatsApp-Image-2022-10-12-at-7.13.42-PM-1.jpeg"},{"@type":"BreadcrumbList","@id":"https:\/\/luchonoticias.com\/editor\/heroes-anonimos-llamados-bomberos-cumplieron-72-anos-al-servicio-de-los-neivanos\/#breadcrumb","itemListElement":[{"@type":"ListItem","position":1,"name":"Portada","item":"https:\/\/luchonoticias.com\/editor\/"},{"@type":"ListItem","position":2,"name":"H\u00e9roes an\u00f3nimos llamados Bomberos cumplieron 72 a\u00f1os al servicio de los neivanos"}]},{"@type":"WebSite","@id":"https:\/\/luchonoticias.com\/editor\/#website","url":"https:\/\/luchonoticias.com\/editor\/","name":"","description":"","publisher":{"@id":"https:\/\/luchonoticias.com\/editor\/#\/schema\/person\/7a7fd911f58561fd056dbac7b55af9cd"},"potentialAction":[{"@type":"SearchAction","target":{"@type":"EntryPoint","urlTemplate":"https:\/\/luchonoticias.com\/editor\/?s={search_term_string}"},"query-input":{"@type":"PropertyValueSpecification","valueRequired":true,"valueName":"search_term_string"}}],"inLanguage":"es"},{"@type":["Person","Organization"],"@id":"https:\/\/luchonoticias.com\/editor\/#\/schema\/person\/7a7fd911f58561fd056dbac7b55af9cd","name":"admin","image":{"@type":"ImageObject","inLanguage":"es","@id":"https:\/\/luchonoticias.com\/editor\/#\/schema\/person\/image\/","url":"https:\/\/luchonoticias.com\/editor\/wp-content\/uploads\/2024\/02\/cropped-cropped-logolu.webp","contentUrl":"https:\/\/luchonoticias.com\/editor\/wp-content\/uploads\/2024\/02\/cropped-cropped-logolu.webp","width":382,"height":170,"caption":"admin"},"logo":{"@id":"https:\/\/luchonoticias.com\/editor\/#\/schema\/person\/image\/"},"sameAs":["https:\/\/www.facebook.com\/luchonoticiasneiva"],"url":"https:\/\/luchonoticias.com\/editor\/author\/admin\/"}]}},"_links":{"self":[{"href":"https:\/\/luchonoticias.com\/editor\/wp-json\/wp\/v2\/posts\/36677","targetHints":{"allow":["GET"]}}],"collection":[{"href":"https:\/\/luchonoticias.com\/editor\/wp-json\/wp\/v2\/posts"}],"about":[{"href":"https:\/\/luchonoticias.com\/editor\/wp-json\/wp\/v2\/types\/post"}],"author":[{"embeddable":true,"href":"https:\/\/luchonoticias.com\/editor\/wp-json\/wp\/v2\/users\/1"}],"replies":[{"embeddable":true,"href":"https:\/\/luchonoticias.com\/editor\/wp-json\/wp\/v2\/comments?post=36677"}],"version-history":[{"count":0,"href":"https:\/\/luchonoticias.com\/editor\/wp-json\/wp\/v2\/posts\/36677\/revisions"}],"wp:attachment":[{"href":"https:\/\/luchonoticias.com\/editor\/wp-json\/wp\/v2\/media?parent=36677"}],"wp:term":[{"taxonomy":"category","embeddable":true,"href":"https:\/\/luchonoticias.com\/editor\/wp-json\/wp\/v2\/categories?post=36677"},{"taxonomy":"post_tag","embeddable":true,"href":"https:\/\/luchonoticias.com\/editor\/wp-json\/wp\/v2\/tags?post=36677"}],"curies":[{"name":"wp","href":"https:\/\/api.w.org\/{rel}","templated":true}]}}