{"id":36683,"date":"2022-10-13T06:48:50","date_gmt":"2022-10-13T11:48:50","guid":{"rendered":"https:\/\/luchonoticias.com\/?p=36683"},"modified":"2022-10-13T06:48:51","modified_gmt":"2022-10-13T11:48:51","slug":"policia-conmemoro-el-dia-de-la-raza-en-compania-de-ninos-y-ninas-de-neiva","status":"publish","type":"post","link":"https:\/\/luchonoticias.com\/editor\/policia-conmemoro-el-dia-de-la-raza-en-compania-de-ninos-y-ninas-de-neiva\/","title":{"rendered":"Polic\u00eda conmemor\u00f3 el D\u00eda de La Raza, en compa\u00f1\u00eda de ni\u00f1os y ni\u00f1as de Neiva."},"content":{"rendered":"\n<p>La Polic\u00eda Metropolitana de Neiva a trav\u00e9s de su grupo de Protecci\u00f3n a la Infancia y Adolescencia, llegaron hasta la comuna 3, con el fin de conmemorar el D\u00eda de la Raza.<\/p>\n\n\n\n<p>As\u00ed las cosas, nuestros uniformados llegaron hasta el asentamiento bajo Tenerife, donde con Padres de familia, ni\u00f1os, ni\u00f1as y adolescentes, desplegaron un sin n\u00famero de actividades recreativas y de sano esparcimiento, con el fin de potenciar sus capacidades mentales y motrices, en pro de un desarrollo emocional asertivo, que permita aprender de la diversidad \u00e9tnica y cultural.<\/p>\n\n\n\n<figure class=\"wp-block-gallery has-nested-images columns-default is-cropped wp-block-gallery-1 is-layout-flex wp-block-gallery-is-layout-flex\">\n<figure class=\"wp-block-image size-large\"><img decoding=\"async\" data-id=\"36687\" src=\"https:\/\/luchonoticias.com\/wp-content\/uploads\/2022\/10\/WhatsApp-Image-2022-10-12-at-7.23.10-PM.jpeg\" alt=\"\" class=\"wp-image-36687\"\/><\/figure>\n\n\n\n<figure class=\"wp-block-image size-large\"><img decoding=\"async\" data-id=\"36686\" src=\"https:\/\/luchonoticias.com\/wp-content\/uploads\/2022\/10\/WhatsApp-Image-2022-10-12-at-7.23.09-PM.jpeg\" alt=\"\" class=\"wp-image-36686\"\/><\/figure>\n\n\n\n<figure class=\"wp-block-image size-large\"><img decoding=\"async\" data-id=\"36685\" src=\"https:\/\/luchonoticias.com\/wp-content\/uploads\/2022\/10\/WhatsApp-Image-2022-10-12-at-7.22.43-PM.jpeg\" alt=\"\" class=\"wp-image-36685\"\/><\/figure>\n<\/figure>\n\n\n\n<p>Adicionalmente, a trav\u00e9s del fortalecimiento de los juegos tradicionales, resaltamos el respeto por el otro, el amor por nuestros hermanos y el trabajo por la igualdad de derechos.<\/p>\n\n\n\n<p>La Polic\u00eda Nacional recuerda que la protecci\u00f3n integral de la ni\u00f1ez es una responsabilidad de todos; por lo cual invita a denunciar cualquier tipo de abuso de nuestros ni\u00f1os, ni\u00f1as y adolescentes a las l\u00edneas 123 de la Polic\u00eda y 141 del ICBF.<\/p>\n","protected":false},"excerpt":{"rendered":"<p>La Polic\u00eda Metropolitana de Neiva a trav\u00e9s de su grupo de Protecci\u00f3n a la Infancia y Adolescencia, llegaron hasta la comuna 3, con el fin de conmemorar el D\u00eda de la Raza. As\u00ed las cosas, nuestros uniformados llegaron hasta el asentamiento bajo Tenerife, donde con Padres de familia, ni\u00f1os, ni\u00f1as y adolescentes, desplegaron un sin [&hellip;]<\/p>\n","protected":false},"author":1,"featured_media":0,"comment_status":"open","ping_status":"open","sticky":false,"template":"","format":"standard","meta":{"footnotes":""},"categories":[3961,36],"tags":[],"class_list":["post-36683","post","type-post","status-publish","format-standard","hentry","category-comunidad","category-destacado"],"yoast_head":"<!-- This site is optimized with the Yoast SEO plugin v26.6 - https:\/\/yoast.com\/wordpress\/plugins\/seo\/ -->\n<title>Polic\u00eda conmemor\u00f3 el D\u00eda de La Raza, en compa\u00f1\u00eda de ni\u00f1os y ni\u00f1as de Neiva. -<\/title>\n<meta name=\"robots\" content=\"index, follow, max-snippet:-1, max-image-preview:large, max-video-preview:-1\" \/>\n<link rel=\"canonical\" href=\"https:\/\/luchonoticias.com\/editor\/policia-conmemoro-el-dia-de-la-raza-en-compania-de-ninos-y-ninas-de-neiva\/\" \/>\n<meta property=\"og:locale\" content=\"es_ES\" \/>\n<meta property=\"og:type\" content=\"article\" \/>\n<meta property=\"og:title\" content=\"Polic\u00eda conmemor\u00f3 el D\u00eda de La Raza, en compa\u00f1\u00eda de ni\u00f1os y ni\u00f1as de Neiva. -\" \/>\n<meta property=\"og:url\" content=\"https:\/\/luchonoticias.com\/editor\/policia-conmemoro-el-dia-de-la-raza-en-compania-de-ninos-y-ninas-de-neiva\/\" \/>\n<meta property=\"article:publisher\" content=\"https:\/\/www.facebook.com\/luchonoticiasneiva\" \/>\n<meta property=\"article:author\" content=\"https:\/\/www.facebook.com\/luchonoticiasneiva\" \/>\n<meta property=\"article:published_time\" content=\"2022-10-13T11:48:50+00:00\" \/>\n<meta property=\"article:modified_time\" content=\"2022-10-13T11:48:51+00:00\" \/>\n<meta property=\"og:image\" content=\"https:\/\/luchonoticias.com\/wp-content\/uploads\/2022\/10\/WhatsApp-Image-2022-10-12-at-7.23.10-PM.jpeg\" \/>\n<meta name=\"author\" content=\"admin\" \/>\n<meta name=\"twitter:card\" content=\"summary_large_image\" \/>\n<meta name=\"twitter:label1\" content=\"Escrito por\" \/>\n\t<meta name=\"twitter:data1\" content=\"admin\" \/>\n\t<meta name=\"twitter:label2\" content=\"Tiempo de lectura\" \/>\n\t<meta name=\"twitter:data2\" content=\"1 minuto\" \/>\n<script type=\"application\/ld+json\" class=\"yoast-schema-graph\">{\"@context\":\"https:\/\/schema.org\",\"@graph\":[{\"@type\":\"Article\",\"@id\":\"https:\/\/luchonoticias.com\/editor\/policia-conmemoro-el-dia-de-la-raza-en-compania-de-ninos-y-ninas-de-neiva\/#article\",\"isPartOf\":{\"@id\":\"https:\/\/luchonoticias.com\/editor\/policia-conmemoro-el-dia-de-la-raza-en-compania-de-ninos-y-ninas-de-neiva\/\"},\"author\":{\"name\":\"admin\",\"@id\":\"https:\/\/luchonoticias.com\/editor\/#\/schema\/person\/7a7fd911f58561fd056dbac7b55af9cd\"},\"headline\":\"Polic\u00eda conmemor\u00f3 el D\u00eda de La Raza, en compa\u00f1\u00eda de ni\u00f1os y ni\u00f1as de Neiva.\",\"datePublished\":\"2022-10-13T11:48:50+00:00\",\"dateModified\":\"2022-10-13T11:48:51+00:00\",\"mainEntityOfPage\":{\"@id\":\"https:\/\/luchonoticias.com\/editor\/policia-conmemoro-el-dia-de-la-raza-en-compania-de-ninos-y-ninas-de-neiva\/\"},\"wordCount\":192,\"commentCount\":0,\"publisher\":{\"@id\":\"https:\/\/luchonoticias.com\/editor\/#\/schema\/person\/7a7fd911f58561fd056dbac7b55af9cd\"},\"image\":{\"@id\":\"https:\/\/luchonoticias.com\/editor\/policia-conmemoro-el-dia-de-la-raza-en-compania-de-ninos-y-ninas-de-neiva\/#primaryimage\"},\"thumbnailUrl\":\"https:\/\/luchonoticias.com\/wp-content\/uploads\/2022\/10\/WhatsApp-Image-2022-10-12-at-7.23.10-PM.jpeg\",\"articleSection\":[\"Comunidad\",\"Destacado\"],\"inLanguage\":\"es\",\"potentialAction\":[{\"@type\":\"CommentAction\",\"name\":\"Comment\",\"target\":[\"https:\/\/luchonoticias.com\/editor\/policia-conmemoro-el-dia-de-la-raza-en-compania-de-ninos-y-ninas-de-neiva\/#respond\"]}]},{\"@type\":\"WebPage\",\"@id\":\"https:\/\/luchonoticias.com\/editor\/policia-conmemoro-el-dia-de-la-raza-en-compania-de-ninos-y-ninas-de-neiva\/\",\"url\":\"https:\/\/luchonoticias.com\/editor\/policia-conmemoro-el-dia-de-la-raza-en-compania-de-ninos-y-ninas-de-neiva\/\",\"name\":\"Polic\u00eda conmemor\u00f3 el D\u00eda de La Raza, en compa\u00f1\u00eda de ni\u00f1os y ni\u00f1as de Neiva. -\",\"isPartOf\":{\"@id\":\"https:\/\/luchonoticias.com\/editor\/#website\"},\"primaryImageOfPage\":{\"@id\":\"https:\/\/luchonoticias.com\/editor\/policia-conmemoro-el-dia-de-la-raza-en-compania-de-ninos-y-ninas-de-neiva\/#primaryimage\"},\"image\":{\"@id\":\"https:\/\/luchonoticias.com\/editor\/policia-conmemoro-el-dia-de-la-raza-en-compania-de-ninos-y-ninas-de-neiva\/#primaryimage\"},\"thumbnailUrl\":\"https:\/\/luchonoticias.com\/wp-content\/uploads\/2022\/10\/WhatsApp-Image-2022-10-12-at-7.23.10-PM.jpeg\",\"datePublished\":\"2022-10-13T11:48:50+00:00\",\"dateModified\":\"2022-10-13T11:48:51+00:00\",\"breadcrumb\":{\"@id\":\"https:\/\/luchonoticias.com\/editor\/policia-conmemoro-el-dia-de-la-raza-en-compania-de-ninos-y-ninas-de-neiva\/#breadcrumb\"},\"inLanguage\":\"es\",\"potentialAction\":[{\"@type\":\"ReadAction\",\"target\":[\"https:\/\/luchonoticias.com\/editor\/policia-conmemoro-el-dia-de-la-raza-en-compania-de-ninos-y-ninas-de-neiva\/\"]}]},{\"@type\":\"ImageObject\",\"inLanguage\":\"es\",\"@id\":\"https:\/\/luchonoticias.com\/editor\/policia-conmemoro-el-dia-de-la-raza-en-compania-de-ninos-y-ninas-de-neiva\/#primaryimage\",\"url\":\"https:\/\/luchonoticias.com\/wp-content\/uploads\/2022\/10\/WhatsApp-Image-2022-10-12-at-7.23.10-PM.jpeg\",\"contentUrl\":\"https:\/\/luchonoticias.com\/wp-content\/uploads\/2022\/10\/WhatsApp-Image-2022-10-12-at-7.23.10-PM.jpeg\"},{\"@type\":\"BreadcrumbList\",\"@id\":\"https:\/\/luchonoticias.com\/editor\/policia-conmemoro-el-dia-de-la-raza-en-compania-de-ninos-y-ninas-de-neiva\/#breadcrumb\",\"itemListElement\":[{\"@type\":\"ListItem\",\"position\":1,\"name\":\"Portada\",\"item\":\"https:\/\/luchonoticias.com\/editor\/\"},{\"@type\":\"ListItem\",\"position\":2,\"name\":\"Polic\u00eda conmemor\u00f3 el D\u00eda de La Raza, en compa\u00f1\u00eda de ni\u00f1os y ni\u00f1as de Neiva.\"}]},{\"@type\":\"WebSite\",\"@id\":\"https:\/\/luchonoticias.com\/editor\/#website\",\"url\":\"https:\/\/luchonoticias.com\/editor\/\",\"name\":\"\",\"description\":\"\",\"publisher\":{\"@id\":\"https:\/\/luchonoticias.com\/editor\/#\/schema\/person\/7a7fd911f58561fd056dbac7b55af9cd\"},\"potentialAction\":[{\"@type\":\"SearchAction\",\"target\":{\"@type\":\"EntryPoint\",\"urlTemplate\":\"https:\/\/luchonoticias.com\/editor\/?s={search_term_string}\"},\"query-input\":{\"@type\":\"PropertyValueSpecification\",\"valueRequired\":true,\"valueName\":\"search_term_string\"}}],\"inLanguage\":\"es\"},{\"@type\":[\"Person\",\"Organization\"],\"@id\":\"https:\/\/luchonoticias.com\/editor\/#\/schema\/person\/7a7fd911f58561fd056dbac7b55af9cd\",\"name\":\"admin\",\"image\":{\"@type\":\"ImageObject\",\"inLanguage\":\"es\",\"@id\":\"https:\/\/luchonoticias.com\/editor\/#\/schema\/person\/image\/\",\"url\":\"https:\/\/luchonoticias.com\/editor\/wp-content\/uploads\/2024\/02\/cropped-cropped-logolu.webp\",\"contentUrl\":\"https:\/\/luchonoticias.com\/editor\/wp-content\/uploads\/2024\/02\/cropped-cropped-logolu.webp\",\"width\":382,\"height\":170,\"caption\":\"admin\"},\"logo\":{\"@id\":\"https:\/\/luchonoticias.com\/editor\/#\/schema\/person\/image\/\"},\"sameAs\":[\"https:\/\/www.facebook.com\/luchonoticiasneiva\"],\"url\":\"https:\/\/luchonoticias.com\/editor\/author\/admin\/\"}]}<\/script>\n<!-- \/ Yoast SEO plugin. -->","yoast_head_json":{"title":"Polic\u00eda conmemor\u00f3 el D\u00eda de La Raza, en compa\u00f1\u00eda de ni\u00f1os y ni\u00f1as de Neiva. -","robots":{"index":"index","follow":"follow","max-snippet":"max-snippet:-1","max-image-preview":"max-image-preview:large","max-video-preview":"max-video-preview:-1"},"canonical":"https:\/\/luchonoticias.com\/editor\/policia-conmemoro-el-dia-de-la-raza-en-compania-de-ninos-y-ninas-de-neiva\/","og_locale":"es_ES","og_type":"article","og_title":"Polic\u00eda conmemor\u00f3 el D\u00eda de La Raza, en compa\u00f1\u00eda de ni\u00f1os y ni\u00f1as de Neiva. -","og_url":"https:\/\/luchonoticias.com\/editor\/policia-conmemoro-el-dia-de-la-raza-en-compania-de-ninos-y-ninas-de-neiva\/","article_publisher":"https:\/\/www.facebook.com\/luchonoticiasneiva","article_author":"https:\/\/www.facebook.com\/luchonoticiasneiva","article_published_time":"2022-10-13T11:48:50+00:00","article_modified_time":"2022-10-13T11:48:51+00:00","og_image":[{"url":"https:\/\/luchonoticias.com\/wp-content\/uploads\/2022\/10\/WhatsApp-Image-2022-10-12-at-7.23.10-PM.jpeg","type":"","width":"","height":""}],"author":"admin","twitter_card":"summary_large_image","twitter_misc":{"Escrito por":"admin","Tiempo de lectura":"1 minuto"},"schema":{"@context":"https:\/\/schema.org","@graph":[{"@type":"Article","@id":"https:\/\/luchonoticias.com\/editor\/policia-conmemoro-el-dia-de-la-raza-en-compania-de-ninos-y-ninas-de-neiva\/#article","isPartOf":{"@id":"https:\/\/luchonoticias.com\/editor\/policia-conmemoro-el-dia-de-la-raza-en-compania-de-ninos-y-ninas-de-neiva\/"},"author":{"name":"admin","@id":"https:\/\/luchonoticias.com\/editor\/#\/schema\/person\/7a7fd911f58561fd056dbac7b55af9cd"},"headline":"Polic\u00eda conmemor\u00f3 el D\u00eda de La Raza, en compa\u00f1\u00eda de ni\u00f1os y ni\u00f1as de Neiva.","datePublished":"2022-10-13T11:48:50+00:00","dateModified":"2022-10-13T11:48:51+00:00","mainEntityOfPage":{"@id":"https:\/\/luchonoticias.com\/editor\/policia-conmemoro-el-dia-de-la-raza-en-compania-de-ninos-y-ninas-de-neiva\/"},"wordCount":192,"commentCount":0,"publisher":{"@id":"https:\/\/luchonoticias.com\/editor\/#\/schema\/person\/7a7fd911f58561fd056dbac7b55af9cd"},"image":{"@id":"https:\/\/luchonoticias.com\/editor\/policia-conmemoro-el-dia-de-la-raza-en-compania-de-ninos-y-ninas-de-neiva\/#primaryimage"},"thumbnailUrl":"https:\/\/luchonoticias.com\/wp-content\/uploads\/2022\/10\/WhatsApp-Image-2022-10-12-at-7.23.10-PM.jpeg","articleSection":["Comunidad","Destacado"],"inLanguage":"es","potentialAction":[{"@type":"CommentAction","name":"Comment","target":["https:\/\/luchonoticias.com\/editor\/policia-conmemoro-el-dia-de-la-raza-en-compania-de-ninos-y-ninas-de-neiva\/#respond"]}]},{"@type":"WebPage","@id":"https:\/\/luchonoticias.com\/editor\/policia-conmemoro-el-dia-de-la-raza-en-compania-de-ninos-y-ninas-de-neiva\/","url":"https:\/\/luchonoticias.com\/editor\/policia-conmemoro-el-dia-de-la-raza-en-compania-de-ninos-y-ninas-de-neiva\/","name":"Polic\u00eda conmemor\u00f3 el D\u00eda de La Raza, en compa\u00f1\u00eda de ni\u00f1os y ni\u00f1as de Neiva. -","isPartOf":{"@id":"https:\/\/luchonoticias.com\/editor\/#website"},"primaryImageOfPage":{"@id":"https:\/\/luchonoticias.com\/editor\/policia-conmemoro-el-dia-de-la-raza-en-compania-de-ninos-y-ninas-de-neiva\/#primaryimage"},"image":{"@id":"https:\/\/luchonoticias.com\/editor\/policia-conmemoro-el-dia-de-la-raza-en-compania-de-ninos-y-ninas-de-neiva\/#primaryimage"},"thumbnailUrl":"https:\/\/luchonoticias.com\/wp-content\/uploads\/2022\/10\/WhatsApp-Image-2022-10-12-at-7.23.10-PM.jpeg","datePublished":"2022-10-13T11:48:50+00:00","dateModified":"2022-10-13T11:48:51+00:00","breadcrumb":{"@id":"https:\/\/luchonoticias.com\/editor\/policia-conmemoro-el-dia-de-la-raza-en-compania-de-ninos-y-ninas-de-neiva\/#breadcrumb"},"inLanguage":"es","potentialAction":[{"@type":"ReadAction","target":["https:\/\/luchonoticias.com\/editor\/policia-conmemoro-el-dia-de-la-raza-en-compania-de-ninos-y-ninas-de-neiva\/"]}]},{"@type":"ImageObject","inLanguage":"es","@id":"https:\/\/luchonoticias.com\/editor\/policia-conmemoro-el-dia-de-la-raza-en-compania-de-ninos-y-ninas-de-neiva\/#primaryimage","url":"https:\/\/luchonoticias.com\/wp-content\/uploads\/2022\/10\/WhatsApp-Image-2022-10-12-at-7.23.10-PM.jpeg","contentUrl":"https:\/\/luchonoticias.com\/wp-content\/uploads\/2022\/10\/WhatsApp-Image-2022-10-12-at-7.23.10-PM.jpeg"},{"@type":"BreadcrumbList","@id":"https:\/\/luchonoticias.com\/editor\/policia-conmemoro-el-dia-de-la-raza-en-compania-de-ninos-y-ninas-de-neiva\/#breadcrumb","itemListElement":[{"@type":"ListItem","position":1,"name":"Portada","item":"https:\/\/luchonoticias.com\/editor\/"},{"@type":"ListItem","position":2,"name":"Polic\u00eda conmemor\u00f3 el D\u00eda de La Raza, en compa\u00f1\u00eda de ni\u00f1os y ni\u00f1as de Neiva."}]},{"@type":"WebSite","@id":"https:\/\/luchonoticias.com\/editor\/#website","url":"https:\/\/luchonoticias.com\/editor\/","name":"","description":"","publisher":{"@id":"https:\/\/luchonoticias.com\/editor\/#\/schema\/person\/7a7fd911f58561fd056dbac7b55af9cd"},"potentialAction":[{"@type":"SearchAction","target":{"@type":"EntryPoint","urlTemplate":"https:\/\/luchonoticias.com\/editor\/?s={search_term_string}"},"query-input":{"@type":"PropertyValueSpecification","valueRequired":true,"valueName":"search_term_string"}}],"inLanguage":"es"},{"@type":["Person","Organization"],"@id":"https:\/\/luchonoticias.com\/editor\/#\/schema\/person\/7a7fd911f58561fd056dbac7b55af9cd","name":"admin","image":{"@type":"ImageObject","inLanguage":"es","@id":"https:\/\/luchonoticias.com\/editor\/#\/schema\/person\/image\/","url":"https:\/\/luchonoticias.com\/editor\/wp-content\/uploads\/2024\/02\/cropped-cropped-logolu.webp","contentUrl":"https:\/\/luchonoticias.com\/editor\/wp-content\/uploads\/2024\/02\/cropped-cropped-logolu.webp","width":382,"height":170,"caption":"admin"},"logo":{"@id":"https:\/\/luchonoticias.com\/editor\/#\/schema\/person\/image\/"},"sameAs":["https:\/\/www.facebook.com\/luchonoticiasneiva"],"url":"https:\/\/luchonoticias.com\/editor\/author\/admin\/"}]}},"_links":{"self":[{"href":"https:\/\/luchonoticias.com\/editor\/wp-json\/wp\/v2\/posts\/36683","targetHints":{"allow":["GET"]}}],"collection":[{"href":"https:\/\/luchonoticias.com\/editor\/wp-json\/wp\/v2\/posts"}],"about":[{"href":"https:\/\/luchonoticias.com\/editor\/wp-json\/wp\/v2\/types\/post"}],"author":[{"embeddable":true,"href":"https:\/\/luchonoticias.com\/editor\/wp-json\/wp\/v2\/users\/1"}],"replies":[{"embeddable":true,"href":"https:\/\/luchonoticias.com\/editor\/wp-json\/wp\/v2\/comments?post=36683"}],"version-history":[{"count":0,"href":"https:\/\/luchonoticias.com\/editor\/wp-json\/wp\/v2\/posts\/36683\/revisions"}],"wp:attachment":[{"href":"https:\/\/luchonoticias.com\/editor\/wp-json\/wp\/v2\/media?parent=36683"}],"wp:term":[{"taxonomy":"category","embeddable":true,"href":"https:\/\/luchonoticias.com\/editor\/wp-json\/wp\/v2\/categories?post=36683"},{"taxonomy":"post_tag","embeddable":true,"href":"https:\/\/luchonoticias.com\/editor\/wp-json\/wp\/v2\/tags?post=36683"}],"curies":[{"name":"wp","href":"https:\/\/api.w.org\/{rel}","templated":true}]}}