{"id":36689,"date":"2022-10-13T06:52:08","date_gmt":"2022-10-13T11:52:08","guid":{"rendered":"https:\/\/luchonoticias.com\/?p=36689"},"modified":"2022-10-13T06:52:09","modified_gmt":"2022-10-13T11:52:09","slug":"en-estos-cuatro-anos-tenemos-que-cambiar-lo-que-no-hemos-podido-en-500-gustavo-petro","status":"publish","type":"post","link":"https:\/\/luchonoticias.com\/editor\/en-estos-cuatro-anos-tenemos-que-cambiar-lo-que-no-hemos-podido-en-500-gustavo-petro\/","title":{"rendered":"En estos cuatro a\u00f1os tenemos que cambiar lo que no hemos podido en 500: Gustavo Petro"},"content":{"rendered":"\n<p>\u201c\u00bfPor qu\u00e9 no pensamos que en estos cuatro a\u00f1os tenemos que cambiar lo que no hemos podido cambiar en 500 a\u00f1os? \u00bfPor qu\u00e9 no pensar que, entonces, lo que hay es que construir una paz caucana para salir a construir el movimiento social de Colombia y de Am\u00e9rica Latina?\u201d.<\/p>\n\n\n\n<p>Con estos interrogantes, durante la clausura de la Minga Pol\u00edtica y Cultural por la Defensa de la Vida, el Territorio y la Paz, el Presidente Gustavo Petro hizo este mi\u00e9rcoles un llamado a la unidad de las comunidades del Cauca, para que se constituyan en ejemplo de cambio en Colombia y conseguir la paz.<\/p>\n\n\n\n<p>\u201c\u00bfNo ser\u00e1 que en las din\u00e1micas de confrontaci\u00f3n locales, que yo s\u00e9 que incluso son entre ind\u00edgenas o, m\u00e1s all\u00e1, entre el pueblo mismo, se nos puede ir los segundos, los minutos de la historia, que nos impidan afrontar con eficacia la opci\u00f3n de que este Gobierno popular pueda realizar las reformas a profundidad que necesita el cambio de la historia?\u201d, se\u00f1al\u00f3 el Jefe de Estado.<\/p>\n\n\n\n<figure class=\"wp-block-gallery has-nested-images columns-default is-cropped wp-block-gallery-1 is-layout-flex wp-block-gallery-is-layout-flex\">\n<figure class=\"wp-block-image size-large\"><img decoding=\"async\" data-id=\"36691\" src=\"https:\/\/luchonoticias.com\/wp-content\/uploads\/2022\/10\/WhatsApp-Image-2022-10-12-at-8.11.29-PM-1024x682.jpeg\" alt=\"\" class=\"wp-image-36691\"\/><\/figure>\n<\/figure>\n\n\n\n<p>En el evento, celebrado en la vereda El Pintal, en Caldono, territorio ancestral del pueblo kwet kina, el Mandatario enfatiz\u00f3 que \u201cla violencia fue la manera en donde el pueblo colombiano perdi\u00f3 la oportunidad de la transformaci\u00f3n hist\u00f3rica. A\u00fan hoy pululan por el Cauca los grupos armados matando, all\u00e1 al ind\u00edgena y aqu\u00ed al negro, y all\u00e1 a la negra y all\u00e1 al descendiente de la paz, y all\u00e1 al que dej\u00f3 las armas y aqu\u00ed al que se atraves\u00f3 con un rezo, quiz\u00e1s, en una iglesia.\u201d<\/p>\n\n\n\n<p>En ese sentido, consider\u00f3 que \u201cesa violencia que pulula, no solo en el Cauca sino en muchas partes de Colombia, es la manera de distraer sanguinariamente al pueblo para que no se unifique en pos de cambiar la historia de Colombia. La violencia es nuestro principal enemigo. La paz es el camino que puede producir la transformaci\u00f3n profunda de la historia de Colombia\u201d.<\/p>\n\n\n\n<p>Al respecto destac\u00f3 que \u201cel triunfo es la paz. Es concitar, lo digo, seducir a las mayor\u00edas nacionales para ubicar exactamente las cosas que hay que cambiar, hacerlo con eficacia y lograrlo\u201d.<\/p>\n\n\n\n<figure class=\"wp-block-gallery has-nested-images columns-default is-cropped wp-block-gallery-2 is-layout-flex wp-block-gallery-is-layout-flex\">\n<figure class=\"wp-block-image size-large\"><img decoding=\"async\" data-id=\"36692\" src=\"https:\/\/luchonoticias.com\/wp-content\/uploads\/2022\/10\/WhatsApp-Image-2022-10-12-at-6.53.35-PM-1-1024x682.jpeg\" alt=\"\" class=\"wp-image-36692\"\/><\/figure>\n<\/figure>\n\n\n\n<p>El Presidente resalt\u00f3 tambi\u00e9n la convocatoria que ha hecho el Gobierno a las comunidades para construir el Plan de Desarrollo: \u201cLo que estamos diciendo es que es el pueblo el que manda, que no es el Presidente, que no son sus ministros, que el Congreso de la Rep\u00fablica tendr\u00e1 que aceptar que ese proyecto se vuelva ley\u201d.<\/p>\n\n\n\n<p>Por \u00faltimo, se\u00f1al\u00f3 que \u201cesa paz social inter\u00e9tnica en el Cauca tiene un objetivo pol\u00edtico y social, y es que este acumulado de organizaci\u00f3n popular, este acumulado de sabidur\u00edas milenarias se pueda proyectar al conjunto de la naci\u00f3n para que Colombia sea como el Cauca: popular, organizada socialmente; para que el movimiento social de Colombia, en toda su diversidad, desde all\u00e1 al norte de La Guajira hasta Leticia, pueda presionar al Gobierno del Cambio, pueda presionar al Estado, pueda defenderlo, pueda conducirlo a hacer las transformaciones de Colombia\u201d.<\/p>\n","protected":false},"excerpt":{"rendered":"<p>\u201c\u00bfPor qu\u00e9 no pensamos que en estos cuatro a\u00f1os tenemos que cambiar lo que no hemos podido cambiar en 500 a\u00f1os? \u00bfPor qu\u00e9 no pensar que, entonces, lo que hay es que construir una paz caucana para salir a construir el movimiento social de Colombia y de Am\u00e9rica Latina?\u201d. Con estos interrogantes, durante la clausura [&hellip;]<\/p>\n","protected":false},"author":1,"featured_media":0,"comment_status":"open","ping_status":"open","sticky":false,"template":"","format":"standard","meta":{"footnotes":""},"categories":[36,32],"tags":[],"class_list":["post-36689","post","type-post","status-publish","format-standard","hentry","category-destacado","category-nacional"],"yoast_head":"<!-- This site is optimized with the Yoast SEO plugin v26.6 - https:\/\/yoast.com\/wordpress\/plugins\/seo\/ -->\n<title>En estos cuatro a\u00f1os tenemos que cambiar lo que no hemos podido en 500: Gustavo Petro -<\/title>\n<meta name=\"robots\" content=\"index, follow, max-snippet:-1, max-image-preview:large, max-video-preview:-1\" \/>\n<link rel=\"canonical\" href=\"https:\/\/luchonoticias.com\/editor\/en-estos-cuatro-anos-tenemos-que-cambiar-lo-que-no-hemos-podido-en-500-gustavo-petro\/\" \/>\n<meta property=\"og:locale\" content=\"es_ES\" \/>\n<meta property=\"og:type\" content=\"article\" \/>\n<meta property=\"og:title\" content=\"En estos cuatro a\u00f1os tenemos que cambiar lo que no hemos podido en 500: Gustavo Petro -\" \/>\n<meta property=\"og:url\" content=\"https:\/\/luchonoticias.com\/editor\/en-estos-cuatro-anos-tenemos-que-cambiar-lo-que-no-hemos-podido-en-500-gustavo-petro\/\" \/>\n<meta property=\"article:publisher\" content=\"https:\/\/www.facebook.com\/luchonoticiasneiva\" \/>\n<meta property=\"article:author\" content=\"https:\/\/www.facebook.com\/luchonoticiasneiva\" \/>\n<meta property=\"article:published_time\" content=\"2022-10-13T11:52:08+00:00\" \/>\n<meta property=\"article:modified_time\" content=\"2022-10-13T11:52:09+00:00\" \/>\n<meta property=\"og:image\" content=\"https:\/\/luchonoticias.com\/wp-content\/uploads\/2022\/10\/WhatsApp-Image-2022-10-12-at-8.11.29-PM-1024x682.jpeg\" \/>\n<meta name=\"author\" content=\"admin\" \/>\n<meta name=\"twitter:card\" content=\"summary_large_image\" \/>\n<meta name=\"twitter:label1\" content=\"Escrito por\" \/>\n\t<meta name=\"twitter:data1\" content=\"admin\" \/>\n\t<meta name=\"twitter:label2\" content=\"Tiempo de lectura\" \/>\n\t<meta name=\"twitter:data2\" content=\"3 minutos\" \/>\n<script type=\"application\/ld+json\" class=\"yoast-schema-graph\">{\"@context\":\"https:\/\/schema.org\",\"@graph\":[{\"@type\":\"Article\",\"@id\":\"https:\/\/luchonoticias.com\/editor\/en-estos-cuatro-anos-tenemos-que-cambiar-lo-que-no-hemos-podido-en-500-gustavo-petro\/#article\",\"isPartOf\":{\"@id\":\"https:\/\/luchonoticias.com\/editor\/en-estos-cuatro-anos-tenemos-que-cambiar-lo-que-no-hemos-podido-en-500-gustavo-petro\/\"},\"author\":{\"name\":\"admin\",\"@id\":\"https:\/\/luchonoticias.com\/editor\/#\/schema\/person\/7a7fd911f58561fd056dbac7b55af9cd\"},\"headline\":\"En estos cuatro a\u00f1os tenemos que cambiar lo que no hemos podido en 500: Gustavo Petro\",\"datePublished\":\"2022-10-13T11:52:08+00:00\",\"dateModified\":\"2022-10-13T11:52:09+00:00\",\"mainEntityOfPage\":{\"@id\":\"https:\/\/luchonoticias.com\/editor\/en-estos-cuatro-anos-tenemos-que-cambiar-lo-que-no-hemos-podido-en-500-gustavo-petro\/\"},\"wordCount\":537,\"commentCount\":0,\"publisher\":{\"@id\":\"https:\/\/luchonoticias.com\/editor\/#\/schema\/person\/7a7fd911f58561fd056dbac7b55af9cd\"},\"image\":{\"@id\":\"https:\/\/luchonoticias.com\/editor\/en-estos-cuatro-anos-tenemos-que-cambiar-lo-que-no-hemos-podido-en-500-gustavo-petro\/#primaryimage\"},\"thumbnailUrl\":\"https:\/\/luchonoticias.com\/wp-content\/uploads\/2022\/10\/WhatsApp-Image-2022-10-12-at-8.11.29-PM-1024x682.jpeg\",\"articleSection\":[\"Destacado\",\"Nacional\"],\"inLanguage\":\"es\",\"potentialAction\":[{\"@type\":\"CommentAction\",\"name\":\"Comment\",\"target\":[\"https:\/\/luchonoticias.com\/editor\/en-estos-cuatro-anos-tenemos-que-cambiar-lo-que-no-hemos-podido-en-500-gustavo-petro\/#respond\"]}]},{\"@type\":\"WebPage\",\"@id\":\"https:\/\/luchonoticias.com\/editor\/en-estos-cuatro-anos-tenemos-que-cambiar-lo-que-no-hemos-podido-en-500-gustavo-petro\/\",\"url\":\"https:\/\/luchonoticias.com\/editor\/en-estos-cuatro-anos-tenemos-que-cambiar-lo-que-no-hemos-podido-en-500-gustavo-petro\/\",\"name\":\"En estos cuatro a\u00f1os tenemos que cambiar lo que no hemos podido en 500: Gustavo Petro -\",\"isPartOf\":{\"@id\":\"https:\/\/luchonoticias.com\/editor\/#website\"},\"primaryImageOfPage\":{\"@id\":\"https:\/\/luchonoticias.com\/editor\/en-estos-cuatro-anos-tenemos-que-cambiar-lo-que-no-hemos-podido-en-500-gustavo-petro\/#primaryimage\"},\"image\":{\"@id\":\"https:\/\/luchonoticias.com\/editor\/en-estos-cuatro-anos-tenemos-que-cambiar-lo-que-no-hemos-podido-en-500-gustavo-petro\/#primaryimage\"},\"thumbnailUrl\":\"https:\/\/luchonoticias.com\/wp-content\/uploads\/2022\/10\/WhatsApp-Image-2022-10-12-at-8.11.29-PM-1024x682.jpeg\",\"datePublished\":\"2022-10-13T11:52:08+00:00\",\"dateModified\":\"2022-10-13T11:52:09+00:00\",\"breadcrumb\":{\"@id\":\"https:\/\/luchonoticias.com\/editor\/en-estos-cuatro-anos-tenemos-que-cambiar-lo-que-no-hemos-podido-en-500-gustavo-petro\/#breadcrumb\"},\"inLanguage\":\"es\",\"potentialAction\":[{\"@type\":\"ReadAction\",\"target\":[\"https:\/\/luchonoticias.com\/editor\/en-estos-cuatro-anos-tenemos-que-cambiar-lo-que-no-hemos-podido-en-500-gustavo-petro\/\"]}]},{\"@type\":\"ImageObject\",\"inLanguage\":\"es\",\"@id\":\"https:\/\/luchonoticias.com\/editor\/en-estos-cuatro-anos-tenemos-que-cambiar-lo-que-no-hemos-podido-en-500-gustavo-petro\/#primaryimage\",\"url\":\"https:\/\/luchonoticias.com\/wp-content\/uploads\/2022\/10\/WhatsApp-Image-2022-10-12-at-8.11.29-PM-1024x682.jpeg\",\"contentUrl\":\"https:\/\/luchonoticias.com\/wp-content\/uploads\/2022\/10\/WhatsApp-Image-2022-10-12-at-8.11.29-PM-1024x682.jpeg\"},{\"@type\":\"BreadcrumbList\",\"@id\":\"https:\/\/luchonoticias.com\/editor\/en-estos-cuatro-anos-tenemos-que-cambiar-lo-que-no-hemos-podido-en-500-gustavo-petro\/#breadcrumb\",\"itemListElement\":[{\"@type\":\"ListItem\",\"position\":1,\"name\":\"Portada\",\"item\":\"https:\/\/luchonoticias.com\/editor\/\"},{\"@type\":\"ListItem\",\"position\":2,\"name\":\"En estos cuatro a\u00f1os tenemos que cambiar lo que no hemos podido en 500: Gustavo Petro\"}]},{\"@type\":\"WebSite\",\"@id\":\"https:\/\/luchonoticias.com\/editor\/#website\",\"url\":\"https:\/\/luchonoticias.com\/editor\/\",\"name\":\"\",\"description\":\"\",\"publisher\":{\"@id\":\"https:\/\/luchonoticias.com\/editor\/#\/schema\/person\/7a7fd911f58561fd056dbac7b55af9cd\"},\"potentialAction\":[{\"@type\":\"SearchAction\",\"target\":{\"@type\":\"EntryPoint\",\"urlTemplate\":\"https:\/\/luchonoticias.com\/editor\/?s={search_term_string}\"},\"query-input\":{\"@type\":\"PropertyValueSpecification\",\"valueRequired\":true,\"valueName\":\"search_term_string\"}}],\"inLanguage\":\"es\"},{\"@type\":[\"Person\",\"Organization\"],\"@id\":\"https:\/\/luchonoticias.com\/editor\/#\/schema\/person\/7a7fd911f58561fd056dbac7b55af9cd\",\"name\":\"admin\",\"image\":{\"@type\":\"ImageObject\",\"inLanguage\":\"es\",\"@id\":\"https:\/\/luchonoticias.com\/editor\/#\/schema\/person\/image\/\",\"url\":\"https:\/\/luchonoticias.com\/editor\/wp-content\/uploads\/2024\/02\/cropped-cropped-logolu.webp\",\"contentUrl\":\"https:\/\/luchonoticias.com\/editor\/wp-content\/uploads\/2024\/02\/cropped-cropped-logolu.webp\",\"width\":382,\"height\":170,\"caption\":\"admin\"},\"logo\":{\"@id\":\"https:\/\/luchonoticias.com\/editor\/#\/schema\/person\/image\/\"},\"sameAs\":[\"https:\/\/www.facebook.com\/luchonoticiasneiva\"],\"url\":\"https:\/\/luchonoticias.com\/editor\/author\/admin\/\"}]}<\/script>\n<!-- \/ Yoast SEO plugin. -->","yoast_head_json":{"title":"En estos cuatro a\u00f1os tenemos que cambiar lo que no hemos podido en 500: Gustavo Petro -","robots":{"index":"index","follow":"follow","max-snippet":"max-snippet:-1","max-image-preview":"max-image-preview:large","max-video-preview":"max-video-preview:-1"},"canonical":"https:\/\/luchonoticias.com\/editor\/en-estos-cuatro-anos-tenemos-que-cambiar-lo-que-no-hemos-podido-en-500-gustavo-petro\/","og_locale":"es_ES","og_type":"article","og_title":"En estos cuatro a\u00f1os tenemos que cambiar lo que no hemos podido en 500: Gustavo Petro -","og_url":"https:\/\/luchonoticias.com\/editor\/en-estos-cuatro-anos-tenemos-que-cambiar-lo-que-no-hemos-podido-en-500-gustavo-petro\/","article_publisher":"https:\/\/www.facebook.com\/luchonoticiasneiva","article_author":"https:\/\/www.facebook.com\/luchonoticiasneiva","article_published_time":"2022-10-13T11:52:08+00:00","article_modified_time":"2022-10-13T11:52:09+00:00","og_image":[{"url":"https:\/\/luchonoticias.com\/wp-content\/uploads\/2022\/10\/WhatsApp-Image-2022-10-12-at-8.11.29-PM-1024x682.jpeg","type":"","width":"","height":""}],"author":"admin","twitter_card":"summary_large_image","twitter_misc":{"Escrito por":"admin","Tiempo de lectura":"3 minutos"},"schema":{"@context":"https:\/\/schema.org","@graph":[{"@type":"Article","@id":"https:\/\/luchonoticias.com\/editor\/en-estos-cuatro-anos-tenemos-que-cambiar-lo-que-no-hemos-podido-en-500-gustavo-petro\/#article","isPartOf":{"@id":"https:\/\/luchonoticias.com\/editor\/en-estos-cuatro-anos-tenemos-que-cambiar-lo-que-no-hemos-podido-en-500-gustavo-petro\/"},"author":{"name":"admin","@id":"https:\/\/luchonoticias.com\/editor\/#\/schema\/person\/7a7fd911f58561fd056dbac7b55af9cd"},"headline":"En estos cuatro a\u00f1os tenemos que cambiar lo que no hemos podido en 500: Gustavo Petro","datePublished":"2022-10-13T11:52:08+00:00","dateModified":"2022-10-13T11:52:09+00:00","mainEntityOfPage":{"@id":"https:\/\/luchonoticias.com\/editor\/en-estos-cuatro-anos-tenemos-que-cambiar-lo-que-no-hemos-podido-en-500-gustavo-petro\/"},"wordCount":537,"commentCount":0,"publisher":{"@id":"https:\/\/luchonoticias.com\/editor\/#\/schema\/person\/7a7fd911f58561fd056dbac7b55af9cd"},"image":{"@id":"https:\/\/luchonoticias.com\/editor\/en-estos-cuatro-anos-tenemos-que-cambiar-lo-que-no-hemos-podido-en-500-gustavo-petro\/#primaryimage"},"thumbnailUrl":"https:\/\/luchonoticias.com\/wp-content\/uploads\/2022\/10\/WhatsApp-Image-2022-10-12-at-8.11.29-PM-1024x682.jpeg","articleSection":["Destacado","Nacional"],"inLanguage":"es","potentialAction":[{"@type":"CommentAction","name":"Comment","target":["https:\/\/luchonoticias.com\/editor\/en-estos-cuatro-anos-tenemos-que-cambiar-lo-que-no-hemos-podido-en-500-gustavo-petro\/#respond"]}]},{"@type":"WebPage","@id":"https:\/\/luchonoticias.com\/editor\/en-estos-cuatro-anos-tenemos-que-cambiar-lo-que-no-hemos-podido-en-500-gustavo-petro\/","url":"https:\/\/luchonoticias.com\/editor\/en-estos-cuatro-anos-tenemos-que-cambiar-lo-que-no-hemos-podido-en-500-gustavo-petro\/","name":"En estos cuatro a\u00f1os tenemos que cambiar lo que no hemos podido en 500: Gustavo Petro -","isPartOf":{"@id":"https:\/\/luchonoticias.com\/editor\/#website"},"primaryImageOfPage":{"@id":"https:\/\/luchonoticias.com\/editor\/en-estos-cuatro-anos-tenemos-que-cambiar-lo-que-no-hemos-podido-en-500-gustavo-petro\/#primaryimage"},"image":{"@id":"https:\/\/luchonoticias.com\/editor\/en-estos-cuatro-anos-tenemos-que-cambiar-lo-que-no-hemos-podido-en-500-gustavo-petro\/#primaryimage"},"thumbnailUrl":"https:\/\/luchonoticias.com\/wp-content\/uploads\/2022\/10\/WhatsApp-Image-2022-10-12-at-8.11.29-PM-1024x682.jpeg","datePublished":"2022-10-13T11:52:08+00:00","dateModified":"2022-10-13T11:52:09+00:00","breadcrumb":{"@id":"https:\/\/luchonoticias.com\/editor\/en-estos-cuatro-anos-tenemos-que-cambiar-lo-que-no-hemos-podido-en-500-gustavo-petro\/#breadcrumb"},"inLanguage":"es","potentialAction":[{"@type":"ReadAction","target":["https:\/\/luchonoticias.com\/editor\/en-estos-cuatro-anos-tenemos-que-cambiar-lo-que-no-hemos-podido-en-500-gustavo-petro\/"]}]},{"@type":"ImageObject","inLanguage":"es","@id":"https:\/\/luchonoticias.com\/editor\/en-estos-cuatro-anos-tenemos-que-cambiar-lo-que-no-hemos-podido-en-500-gustavo-petro\/#primaryimage","url":"https:\/\/luchonoticias.com\/wp-content\/uploads\/2022\/10\/WhatsApp-Image-2022-10-12-at-8.11.29-PM-1024x682.jpeg","contentUrl":"https:\/\/luchonoticias.com\/wp-content\/uploads\/2022\/10\/WhatsApp-Image-2022-10-12-at-8.11.29-PM-1024x682.jpeg"},{"@type":"BreadcrumbList","@id":"https:\/\/luchonoticias.com\/editor\/en-estos-cuatro-anos-tenemos-que-cambiar-lo-que-no-hemos-podido-en-500-gustavo-petro\/#breadcrumb","itemListElement":[{"@type":"ListItem","position":1,"name":"Portada","item":"https:\/\/luchonoticias.com\/editor\/"},{"@type":"ListItem","position":2,"name":"En estos cuatro a\u00f1os tenemos que cambiar lo que no hemos podido en 500: Gustavo Petro"}]},{"@type":"WebSite","@id":"https:\/\/luchonoticias.com\/editor\/#website","url":"https:\/\/luchonoticias.com\/editor\/","name":"","description":"","publisher":{"@id":"https:\/\/luchonoticias.com\/editor\/#\/schema\/person\/7a7fd911f58561fd056dbac7b55af9cd"},"potentialAction":[{"@type":"SearchAction","target":{"@type":"EntryPoint","urlTemplate":"https:\/\/luchonoticias.com\/editor\/?s={search_term_string}"},"query-input":{"@type":"PropertyValueSpecification","valueRequired":true,"valueName":"search_term_string"}}],"inLanguage":"es"},{"@type":["Person","Organization"],"@id":"https:\/\/luchonoticias.com\/editor\/#\/schema\/person\/7a7fd911f58561fd056dbac7b55af9cd","name":"admin","image":{"@type":"ImageObject","inLanguage":"es","@id":"https:\/\/luchonoticias.com\/editor\/#\/schema\/person\/image\/","url":"https:\/\/luchonoticias.com\/editor\/wp-content\/uploads\/2024\/02\/cropped-cropped-logolu.webp","contentUrl":"https:\/\/luchonoticias.com\/editor\/wp-content\/uploads\/2024\/02\/cropped-cropped-logolu.webp","width":382,"height":170,"caption":"admin"},"logo":{"@id":"https:\/\/luchonoticias.com\/editor\/#\/schema\/person\/image\/"},"sameAs":["https:\/\/www.facebook.com\/luchonoticiasneiva"],"url":"https:\/\/luchonoticias.com\/editor\/author\/admin\/"}]}},"_links":{"self":[{"href":"https:\/\/luchonoticias.com\/editor\/wp-json\/wp\/v2\/posts\/36689","targetHints":{"allow":["GET"]}}],"collection":[{"href":"https:\/\/luchonoticias.com\/editor\/wp-json\/wp\/v2\/posts"}],"about":[{"href":"https:\/\/luchonoticias.com\/editor\/wp-json\/wp\/v2\/types\/post"}],"author":[{"embeddable":true,"href":"https:\/\/luchonoticias.com\/editor\/wp-json\/wp\/v2\/users\/1"}],"replies":[{"embeddable":true,"href":"https:\/\/luchonoticias.com\/editor\/wp-json\/wp\/v2\/comments?post=36689"}],"version-history":[{"count":0,"href":"https:\/\/luchonoticias.com\/editor\/wp-json\/wp\/v2\/posts\/36689\/revisions"}],"wp:attachment":[{"href":"https:\/\/luchonoticias.com\/editor\/wp-json\/wp\/v2\/media?parent=36689"}],"wp:term":[{"taxonomy":"category","embeddable":true,"href":"https:\/\/luchonoticias.com\/editor\/wp-json\/wp\/v2\/categories?post=36689"},{"taxonomy":"post_tag","embeddable":true,"href":"https:\/\/luchonoticias.com\/editor\/wp-json\/wp\/v2\/tags?post=36689"}],"curies":[{"name":"wp","href":"https:\/\/api.w.org\/{rel}","templated":true}]}}