{"id":36731,"date":"2022-10-13T17:50:54","date_gmt":"2022-10-13T22:50:54","guid":{"rendered":"https:\/\/luchonoticias.com\/?p=36731"},"modified":"2022-10-14T16:12:27","modified_gmt":"2022-10-14T21:12:27","slug":"capturado-en-la-via-isnos-popayan-llevando-en-su-equipaje-mas-30-kilos-de-marihuana","status":"publish","type":"post","link":"https:\/\/luchonoticias.com\/editor\/capturado-en-la-via-isnos-popayan-llevando-en-su-equipaje-mas-30-kilos-de-marihuana\/","title":{"rendered":"Capturado en la v\u00eda Isnos &#8211; Popay\u00e1n llevando en su equipaje m\u00e1s 30 kilos de marihuana"},"content":{"rendered":"\n<p>En los planes de prevenci\u00f3n y control que vienen adelantando uniformados del Departamento de Polic\u00eda Huila y la Novena Brigada sobre zonas lim\u00edtrofes del Departamento, para prevenir el trasporte de elementos prohibidos o sustancias il\u00edcitas, fue capturado un hombre en la v\u00eda Isnos \u2013 Popay\u00e1n, moviliz\u00e1ndose como pasajero de un bus de servicio p\u00fablico, transportando consigo 30 kilos de marihuana en dos cajas de cart\u00f3n.&nbsp;&nbsp;&nbsp;&nbsp;&nbsp;&nbsp;&nbsp;<\/p>\n\n\n\n<p>\u201cEl capturado identificado como Duberlin Agust\u00edn Dagua Mesa de 24 a\u00f1os de edad, pretend\u00eda llegar con el alijo muy presuntamente hasta Pitalito, para su posterior dosificaci\u00f3n y distribuci\u00f3n en distintos barrios de esa municipalidad\u201d, revelaron las autoridades a la opini\u00f3n p\u00fablica.<\/p>\n\n\n\n<p>Asimismo, fuentes oficiales relevaron que Rosero Luna fue presentado ante las autoridades competentes, como presunto responsable del delito de tr\u00e1fico, fabricaci\u00f3n o porte de estupefacientes y se encuentra a espera que le definan su situaci\u00f3n jur\u00eddica.&nbsp;&nbsp;<\/p>\n","protected":false},"excerpt":{"rendered":"<p>En los planes de prevenci\u00f3n y control que vienen adelantando uniformados del Departamento de Polic\u00eda Huila y la Novena Brigada sobre zonas lim\u00edtrofes del Departamento, para prevenir el trasporte de elementos prohibidos o sustancias il\u00edcitas, fue capturado un hombre en la v\u00eda Isnos \u2013 Popay\u00e1n, moviliz\u00e1ndose como pasajero de un bus de servicio p\u00fablico, transportando [&hellip;]<\/p>\n","protected":false},"author":1,"featured_media":0,"comment_status":"open","ping_status":"open","sticky":false,"template":"","format":"standard","meta":{"footnotes":""},"categories":[36,29],"tags":[],"class_list":["post-36731","post","type-post","status-publish","format-standard","hentry","category-destacado","category-judicial"],"yoast_head":"<!-- This site is optimized with the Yoast SEO plugin v26.6 - https:\/\/yoast.com\/wordpress\/plugins\/seo\/ -->\n<title>Capturado en la v\u00eda Isnos - Popay\u00e1n llevando en su equipaje m\u00e1s 30 kilos de marihuana -<\/title>\n<meta name=\"robots\" content=\"index, follow, max-snippet:-1, max-image-preview:large, max-video-preview:-1\" \/>\n<link rel=\"canonical\" href=\"https:\/\/luchonoticias.com\/editor\/capturado-en-la-via-isnos-popayan-llevando-en-su-equipaje-mas-30-kilos-de-marihuana\/\" \/>\n<meta property=\"og:locale\" content=\"es_ES\" \/>\n<meta property=\"og:type\" content=\"article\" \/>\n<meta property=\"og:title\" content=\"Capturado en la v\u00eda Isnos - Popay\u00e1n llevando en su equipaje m\u00e1s 30 kilos de marihuana -\" \/>\n<meta property=\"og:url\" content=\"https:\/\/luchonoticias.com\/editor\/capturado-en-la-via-isnos-popayan-llevando-en-su-equipaje-mas-30-kilos-de-marihuana\/\" \/>\n<meta property=\"article:publisher\" content=\"https:\/\/www.facebook.com\/luchonoticiasneiva\" \/>\n<meta property=\"article:author\" content=\"https:\/\/www.facebook.com\/luchonoticiasneiva\" \/>\n<meta property=\"article:published_time\" content=\"2022-10-13T22:50:54+00:00\" \/>\n<meta property=\"article:modified_time\" content=\"2022-10-14T21:12:27+00:00\" \/>\n<meta name=\"author\" content=\"admin\" \/>\n<meta name=\"twitter:card\" content=\"summary_large_image\" \/>\n<meta name=\"twitter:label1\" content=\"Escrito por\" \/>\n\t<meta name=\"twitter:data1\" content=\"admin\" \/>\n\t<meta name=\"twitter:label2\" content=\"Tiempo de lectura\" \/>\n\t<meta name=\"twitter:data2\" content=\"1 minuto\" \/>\n<script type=\"application\/ld+json\" class=\"yoast-schema-graph\">{\"@context\":\"https:\/\/schema.org\",\"@graph\":[{\"@type\":\"Article\",\"@id\":\"https:\/\/luchonoticias.com\/editor\/capturado-en-la-via-isnos-popayan-llevando-en-su-equipaje-mas-30-kilos-de-marihuana\/#article\",\"isPartOf\":{\"@id\":\"https:\/\/luchonoticias.com\/editor\/capturado-en-la-via-isnos-popayan-llevando-en-su-equipaje-mas-30-kilos-de-marihuana\/\"},\"author\":{\"name\":\"admin\",\"@id\":\"https:\/\/luchonoticias.com\/editor\/#\/schema\/person\/7a7fd911f58561fd056dbac7b55af9cd\"},\"headline\":\"Capturado en la v\u00eda Isnos &#8211; Popay\u00e1n llevando en su equipaje m\u00e1s 30 kilos de marihuana\",\"datePublished\":\"2022-10-13T22:50:54+00:00\",\"dateModified\":\"2022-10-14T21:12:27+00:00\",\"mainEntityOfPage\":{\"@id\":\"https:\/\/luchonoticias.com\/editor\/capturado-en-la-via-isnos-popayan-llevando-en-su-equipaje-mas-30-kilos-de-marihuana\/\"},\"wordCount\":186,\"commentCount\":0,\"publisher\":{\"@id\":\"https:\/\/luchonoticias.com\/editor\/#\/schema\/person\/7a7fd911f58561fd056dbac7b55af9cd\"},\"articleSection\":[\"Destacado\",\"Judicial\"],\"inLanguage\":\"es\",\"potentialAction\":[{\"@type\":\"CommentAction\",\"name\":\"Comment\",\"target\":[\"https:\/\/luchonoticias.com\/editor\/capturado-en-la-via-isnos-popayan-llevando-en-su-equipaje-mas-30-kilos-de-marihuana\/#respond\"]}]},{\"@type\":\"WebPage\",\"@id\":\"https:\/\/luchonoticias.com\/editor\/capturado-en-la-via-isnos-popayan-llevando-en-su-equipaje-mas-30-kilos-de-marihuana\/\",\"url\":\"https:\/\/luchonoticias.com\/editor\/capturado-en-la-via-isnos-popayan-llevando-en-su-equipaje-mas-30-kilos-de-marihuana\/\",\"name\":\"Capturado en la v\u00eda Isnos - Popay\u00e1n llevando en su equipaje m\u00e1s 30 kilos de marihuana -\",\"isPartOf\":{\"@id\":\"https:\/\/luchonoticias.com\/editor\/#website\"},\"datePublished\":\"2022-10-13T22:50:54+00:00\",\"dateModified\":\"2022-10-14T21:12:27+00:00\",\"breadcrumb\":{\"@id\":\"https:\/\/luchonoticias.com\/editor\/capturado-en-la-via-isnos-popayan-llevando-en-su-equipaje-mas-30-kilos-de-marihuana\/#breadcrumb\"},\"inLanguage\":\"es\",\"potentialAction\":[{\"@type\":\"ReadAction\",\"target\":[\"https:\/\/luchonoticias.com\/editor\/capturado-en-la-via-isnos-popayan-llevando-en-su-equipaje-mas-30-kilos-de-marihuana\/\"]}]},{\"@type\":\"BreadcrumbList\",\"@id\":\"https:\/\/luchonoticias.com\/editor\/capturado-en-la-via-isnos-popayan-llevando-en-su-equipaje-mas-30-kilos-de-marihuana\/#breadcrumb\",\"itemListElement\":[{\"@type\":\"ListItem\",\"position\":1,\"name\":\"Portada\",\"item\":\"https:\/\/luchonoticias.com\/editor\/\"},{\"@type\":\"ListItem\",\"position\":2,\"name\":\"Capturado en la v\u00eda Isnos &#8211; Popay\u00e1n llevando en su equipaje m\u00e1s 30 kilos de marihuana\"}]},{\"@type\":\"WebSite\",\"@id\":\"https:\/\/luchonoticias.com\/editor\/#website\",\"url\":\"https:\/\/luchonoticias.com\/editor\/\",\"name\":\"\",\"description\":\"\",\"publisher\":{\"@id\":\"https:\/\/luchonoticias.com\/editor\/#\/schema\/person\/7a7fd911f58561fd056dbac7b55af9cd\"},\"potentialAction\":[{\"@type\":\"SearchAction\",\"target\":{\"@type\":\"EntryPoint\",\"urlTemplate\":\"https:\/\/luchonoticias.com\/editor\/?s={search_term_string}\"},\"query-input\":{\"@type\":\"PropertyValueSpecification\",\"valueRequired\":true,\"valueName\":\"search_term_string\"}}],\"inLanguage\":\"es\"},{\"@type\":[\"Person\",\"Organization\"],\"@id\":\"https:\/\/luchonoticias.com\/editor\/#\/schema\/person\/7a7fd911f58561fd056dbac7b55af9cd\",\"name\":\"admin\",\"image\":{\"@type\":\"ImageObject\",\"inLanguage\":\"es\",\"@id\":\"https:\/\/luchonoticias.com\/editor\/#\/schema\/person\/image\/\",\"url\":\"https:\/\/luchonoticias.com\/editor\/wp-content\/uploads\/2024\/02\/cropped-cropped-logolu.webp\",\"contentUrl\":\"https:\/\/luchonoticias.com\/editor\/wp-content\/uploads\/2024\/02\/cropped-cropped-logolu.webp\",\"width\":382,\"height\":170,\"caption\":\"admin\"},\"logo\":{\"@id\":\"https:\/\/luchonoticias.com\/editor\/#\/schema\/person\/image\/\"},\"sameAs\":[\"https:\/\/www.facebook.com\/luchonoticiasneiva\"],\"url\":\"https:\/\/luchonoticias.com\/editor\/author\/admin\/\"}]}<\/script>\n<!-- \/ Yoast SEO plugin. -->","yoast_head_json":{"title":"Capturado en la v\u00eda Isnos - Popay\u00e1n llevando en su equipaje m\u00e1s 30 kilos de marihuana -","robots":{"index":"index","follow":"follow","max-snippet":"max-snippet:-1","max-image-preview":"max-image-preview:large","max-video-preview":"max-video-preview:-1"},"canonical":"https:\/\/luchonoticias.com\/editor\/capturado-en-la-via-isnos-popayan-llevando-en-su-equipaje-mas-30-kilos-de-marihuana\/","og_locale":"es_ES","og_type":"article","og_title":"Capturado en la v\u00eda Isnos - Popay\u00e1n llevando en su equipaje m\u00e1s 30 kilos de marihuana -","og_url":"https:\/\/luchonoticias.com\/editor\/capturado-en-la-via-isnos-popayan-llevando-en-su-equipaje-mas-30-kilos-de-marihuana\/","article_publisher":"https:\/\/www.facebook.com\/luchonoticiasneiva","article_author":"https:\/\/www.facebook.com\/luchonoticiasneiva","article_published_time":"2022-10-13T22:50:54+00:00","article_modified_time":"2022-10-14T21:12:27+00:00","author":"admin","twitter_card":"summary_large_image","twitter_misc":{"Escrito por":"admin","Tiempo de lectura":"1 minuto"},"schema":{"@context":"https:\/\/schema.org","@graph":[{"@type":"Article","@id":"https:\/\/luchonoticias.com\/editor\/capturado-en-la-via-isnos-popayan-llevando-en-su-equipaje-mas-30-kilos-de-marihuana\/#article","isPartOf":{"@id":"https:\/\/luchonoticias.com\/editor\/capturado-en-la-via-isnos-popayan-llevando-en-su-equipaje-mas-30-kilos-de-marihuana\/"},"author":{"name":"admin","@id":"https:\/\/luchonoticias.com\/editor\/#\/schema\/person\/7a7fd911f58561fd056dbac7b55af9cd"},"headline":"Capturado en la v\u00eda Isnos &#8211; Popay\u00e1n llevando en su equipaje m\u00e1s 30 kilos de marihuana","datePublished":"2022-10-13T22:50:54+00:00","dateModified":"2022-10-14T21:12:27+00:00","mainEntityOfPage":{"@id":"https:\/\/luchonoticias.com\/editor\/capturado-en-la-via-isnos-popayan-llevando-en-su-equipaje-mas-30-kilos-de-marihuana\/"},"wordCount":186,"commentCount":0,"publisher":{"@id":"https:\/\/luchonoticias.com\/editor\/#\/schema\/person\/7a7fd911f58561fd056dbac7b55af9cd"},"articleSection":["Destacado","Judicial"],"inLanguage":"es","potentialAction":[{"@type":"CommentAction","name":"Comment","target":["https:\/\/luchonoticias.com\/editor\/capturado-en-la-via-isnos-popayan-llevando-en-su-equipaje-mas-30-kilos-de-marihuana\/#respond"]}]},{"@type":"WebPage","@id":"https:\/\/luchonoticias.com\/editor\/capturado-en-la-via-isnos-popayan-llevando-en-su-equipaje-mas-30-kilos-de-marihuana\/","url":"https:\/\/luchonoticias.com\/editor\/capturado-en-la-via-isnos-popayan-llevando-en-su-equipaje-mas-30-kilos-de-marihuana\/","name":"Capturado en la v\u00eda Isnos - Popay\u00e1n llevando en su equipaje m\u00e1s 30 kilos de marihuana -","isPartOf":{"@id":"https:\/\/luchonoticias.com\/editor\/#website"},"datePublished":"2022-10-13T22:50:54+00:00","dateModified":"2022-10-14T21:12:27+00:00","breadcrumb":{"@id":"https:\/\/luchonoticias.com\/editor\/capturado-en-la-via-isnos-popayan-llevando-en-su-equipaje-mas-30-kilos-de-marihuana\/#breadcrumb"},"inLanguage":"es","potentialAction":[{"@type":"ReadAction","target":["https:\/\/luchonoticias.com\/editor\/capturado-en-la-via-isnos-popayan-llevando-en-su-equipaje-mas-30-kilos-de-marihuana\/"]}]},{"@type":"BreadcrumbList","@id":"https:\/\/luchonoticias.com\/editor\/capturado-en-la-via-isnos-popayan-llevando-en-su-equipaje-mas-30-kilos-de-marihuana\/#breadcrumb","itemListElement":[{"@type":"ListItem","position":1,"name":"Portada","item":"https:\/\/luchonoticias.com\/editor\/"},{"@type":"ListItem","position":2,"name":"Capturado en la v\u00eda Isnos &#8211; Popay\u00e1n llevando en su equipaje m\u00e1s 30 kilos de marihuana"}]},{"@type":"WebSite","@id":"https:\/\/luchonoticias.com\/editor\/#website","url":"https:\/\/luchonoticias.com\/editor\/","name":"","description":"","publisher":{"@id":"https:\/\/luchonoticias.com\/editor\/#\/schema\/person\/7a7fd911f58561fd056dbac7b55af9cd"},"potentialAction":[{"@type":"SearchAction","target":{"@type":"EntryPoint","urlTemplate":"https:\/\/luchonoticias.com\/editor\/?s={search_term_string}"},"query-input":{"@type":"PropertyValueSpecification","valueRequired":true,"valueName":"search_term_string"}}],"inLanguage":"es"},{"@type":["Person","Organization"],"@id":"https:\/\/luchonoticias.com\/editor\/#\/schema\/person\/7a7fd911f58561fd056dbac7b55af9cd","name":"admin","image":{"@type":"ImageObject","inLanguage":"es","@id":"https:\/\/luchonoticias.com\/editor\/#\/schema\/person\/image\/","url":"https:\/\/luchonoticias.com\/editor\/wp-content\/uploads\/2024\/02\/cropped-cropped-logolu.webp","contentUrl":"https:\/\/luchonoticias.com\/editor\/wp-content\/uploads\/2024\/02\/cropped-cropped-logolu.webp","width":382,"height":170,"caption":"admin"},"logo":{"@id":"https:\/\/luchonoticias.com\/editor\/#\/schema\/person\/image\/"},"sameAs":["https:\/\/www.facebook.com\/luchonoticiasneiva"],"url":"https:\/\/luchonoticias.com\/editor\/author\/admin\/"}]}},"_links":{"self":[{"href":"https:\/\/luchonoticias.com\/editor\/wp-json\/wp\/v2\/posts\/36731","targetHints":{"allow":["GET"]}}],"collection":[{"href":"https:\/\/luchonoticias.com\/editor\/wp-json\/wp\/v2\/posts"}],"about":[{"href":"https:\/\/luchonoticias.com\/editor\/wp-json\/wp\/v2\/types\/post"}],"author":[{"embeddable":true,"href":"https:\/\/luchonoticias.com\/editor\/wp-json\/wp\/v2\/users\/1"}],"replies":[{"embeddable":true,"href":"https:\/\/luchonoticias.com\/editor\/wp-json\/wp\/v2\/comments?post=36731"}],"version-history":[{"count":0,"href":"https:\/\/luchonoticias.com\/editor\/wp-json\/wp\/v2\/posts\/36731\/revisions"}],"wp:attachment":[{"href":"https:\/\/luchonoticias.com\/editor\/wp-json\/wp\/v2\/media?parent=36731"}],"wp:term":[{"taxonomy":"category","embeddable":true,"href":"https:\/\/luchonoticias.com\/editor\/wp-json\/wp\/v2\/categories?post=36731"},{"taxonomy":"post_tag","embeddable":true,"href":"https:\/\/luchonoticias.com\/editor\/wp-json\/wp\/v2\/tags?post=36731"}],"curies":[{"name":"wp","href":"https:\/\/api.w.org\/{rel}","templated":true}]}}