{"id":36747,"date":"2022-10-14T04:39:58","date_gmt":"2022-10-14T09:39:58","guid":{"rendered":"https:\/\/luchonoticias.com\/?p=36747"},"modified":"2022-10-14T04:39:59","modified_gmt":"2022-10-14T09:39:59","slug":"gobernacion-busca-fortalecer-la-accion-comunal","status":"publish","type":"post","link":"https:\/\/luchonoticias.com\/editor\/gobernacion-busca-fortalecer-la-accion-comunal\/","title":{"rendered":"Gobernaci\u00f3n busca fortalecer la acci\u00f3n comunal"},"content":{"rendered":"\n<p>Para el gobierno departamental, la&nbsp;<strong>Acci\u00f3n Comunal&nbsp;<\/strong>representa un pilar fundamental para el desarrollo del Huila.<\/p>\n\n\n\n<p>Es por ello que desde la secretar\u00eda de gobierno y desarrollo comunitario se ha&nbsp;<strong>respaldado el apoyo log\u00edstico en transporte e inscripci\u00f3n de 20 delegados de la Federaci\u00f3n Comunal del Huila,<\/strong>&nbsp;para participar en el&nbsp;<strong>XXIX Congreso Nacional de Acci\u00f3n Comunal,<\/strong>&nbsp;llevado a cabo en C\u00facuta, durante los d\u00edas 20 al 24 de julio de 2022, con un presupuesto asignado de diez millones en cumplimiento de la Ordenanza No. 030 de 2019 por la cual&nbsp;<strong>se adopta la pol\u00edtica de&nbsp;la acci\u00f3n comunal para el Huila.<\/strong>&nbsp;Al igual que dando cumplimiento a lo acordado entre la Federaci\u00f3n Comunal del Huila y la Secretar\u00eda de Gobierno Departamental, ya que se hab\u00eda acordado de mutuo acuerdo, que este gobierno apoyar\u00eda a la federaci\u00f3n en la participaci\u00f3n en un solo evento nacional de los que se desarrollar\u00edan durante la vigencia 2022.<\/p>\n\n\n\n<p>Adicionalmente, con el prop\u00f3sito de fortalecer la Juntas de Acci\u00f3n Comunal del departamento, la&nbsp;<strong>Gobernaci\u00f3n del Huila desarroll\u00f3 el proyecto \u201cFortalecimiento de las organizaciones comunales de primer grado,<\/strong>&nbsp;para la reactivaci\u00f3n econ\u00f3mica \u2013 Banco Comunal Huila Crece\u201d, el cual busc\u00f3 a trav\u00e9s del sistema general de regal\u00edas garantizar la inversi\u00f3n social de recursos que contribuyan con la reactivaci\u00f3n econ\u00f3mica del departamento mediante el servicio de la promoci\u00f3n de la participaci\u00f3n ciudadana en la ejecuci\u00f3n de diferentes iniciativas sostenibles y lideradas por las comunidades.<\/p>\n\n\n\n<p>\u201cUn total de 303 iniciativas fueron presentadas por las Juntas de Acci\u00f3n Comunal y Juntas de Vivienda Comunitaria dentro de la convocatoria que adelant\u00f3 la Gobernaci\u00f3n del Huila a trav\u00e9s del programa Banco de Oportunidades \u2018Huila Crece\u2019, con el fin de apoyar el trabajo comunitario y liderazgo social de este sector en el departamento\u201d, se\u00f1al\u00f3 la secretaria de Gobierno, Tania Pe\u00f1afiel.<\/p>\n\n\n\n<p>Esta iniciativa de la Gobernaci\u00f3n del Huila cont\u00f3 con una inversi\u00f3n de $3.000 millones, con el fin de&nbsp;<strong>potenciar el trabajo comunitario<\/strong>&nbsp;que permita planear, organizar, ejecutar y evaluar de manera responsable la labor que adelanta los l\u00edderes de este sector en cada uno de sus municipios.<\/p>\n","protected":false},"excerpt":{"rendered":"<p>Para el gobierno departamental, la&nbsp;Acci\u00f3n Comunal&nbsp;representa un pilar fundamental para el desarrollo del Huila. Es por ello que desde la secretar\u00eda de gobierno y desarrollo comunitario se ha&nbsp;respaldado el apoyo log\u00edstico en transporte e inscripci\u00f3n de 20 delegados de la Federaci\u00f3n Comunal del Huila,&nbsp;para participar en el&nbsp;XXIX Congreso Nacional de Acci\u00f3n Comunal,&nbsp;llevado a cabo en [&hellip;]<\/p>\n","protected":false},"author":1,"featured_media":0,"comment_status":"open","ping_status":"open","sticky":false,"template":"","format":"standard","meta":{"footnotes":""},"categories":[33],"tags":[],"class_list":["post-36747","post","type-post","status-publish","format-standard","hentry","category-huila"],"yoast_head":"<!-- This site is optimized with the Yoast SEO plugin v26.6 - https:\/\/yoast.com\/wordpress\/plugins\/seo\/ -->\n<title>Gobernaci\u00f3n busca fortalecer la acci\u00f3n comunal -<\/title>\n<meta name=\"robots\" content=\"index, follow, max-snippet:-1, max-image-preview:large, max-video-preview:-1\" \/>\n<link rel=\"canonical\" href=\"https:\/\/luchonoticias.com\/editor\/gobernacion-busca-fortalecer-la-accion-comunal\/\" \/>\n<meta property=\"og:locale\" content=\"es_ES\" \/>\n<meta property=\"og:type\" content=\"article\" \/>\n<meta property=\"og:title\" content=\"Gobernaci\u00f3n busca fortalecer la acci\u00f3n comunal -\" \/>\n<meta property=\"og:url\" content=\"https:\/\/luchonoticias.com\/editor\/gobernacion-busca-fortalecer-la-accion-comunal\/\" \/>\n<meta property=\"article:publisher\" content=\"https:\/\/www.facebook.com\/luchonoticiasneiva\" \/>\n<meta property=\"article:author\" content=\"https:\/\/www.facebook.com\/luchonoticiasneiva\" \/>\n<meta property=\"article:published_time\" content=\"2022-10-14T09:39:58+00:00\" \/>\n<meta property=\"article:modified_time\" content=\"2022-10-14T09:39:59+00:00\" \/>\n<meta name=\"author\" content=\"admin\" \/>\n<meta name=\"twitter:card\" content=\"summary_large_image\" \/>\n<meta name=\"twitter:label1\" content=\"Escrito por\" \/>\n\t<meta name=\"twitter:data1\" content=\"admin\" \/>\n\t<meta name=\"twitter:label2\" content=\"Tiempo de lectura\" \/>\n\t<meta name=\"twitter:data2\" content=\"2 minutos\" \/>\n<script type=\"application\/ld+json\" class=\"yoast-schema-graph\">{\"@context\":\"https:\/\/schema.org\",\"@graph\":[{\"@type\":\"Article\",\"@id\":\"https:\/\/luchonoticias.com\/editor\/gobernacion-busca-fortalecer-la-accion-comunal\/#article\",\"isPartOf\":{\"@id\":\"https:\/\/luchonoticias.com\/editor\/gobernacion-busca-fortalecer-la-accion-comunal\/\"},\"author\":{\"name\":\"admin\",\"@id\":\"https:\/\/luchonoticias.com\/editor\/#\/schema\/person\/7a7fd911f58561fd056dbac7b55af9cd\"},\"headline\":\"Gobernaci\u00f3n busca fortalecer la acci\u00f3n comunal\",\"datePublished\":\"2022-10-14T09:39:58+00:00\",\"dateModified\":\"2022-10-14T09:39:59+00:00\",\"mainEntityOfPage\":{\"@id\":\"https:\/\/luchonoticias.com\/editor\/gobernacion-busca-fortalecer-la-accion-comunal\/\"},\"wordCount\":394,\"commentCount\":0,\"publisher\":{\"@id\":\"https:\/\/luchonoticias.com\/editor\/#\/schema\/person\/7a7fd911f58561fd056dbac7b55af9cd\"},\"articleSection\":[\"Huila\"],\"inLanguage\":\"es\",\"potentialAction\":[{\"@type\":\"CommentAction\",\"name\":\"Comment\",\"target\":[\"https:\/\/luchonoticias.com\/editor\/gobernacion-busca-fortalecer-la-accion-comunal\/#respond\"]}]},{\"@type\":\"WebPage\",\"@id\":\"https:\/\/luchonoticias.com\/editor\/gobernacion-busca-fortalecer-la-accion-comunal\/\",\"url\":\"https:\/\/luchonoticias.com\/editor\/gobernacion-busca-fortalecer-la-accion-comunal\/\",\"name\":\"Gobernaci\u00f3n busca fortalecer la acci\u00f3n comunal -\",\"isPartOf\":{\"@id\":\"https:\/\/luchonoticias.com\/editor\/#website\"},\"datePublished\":\"2022-10-14T09:39:58+00:00\",\"dateModified\":\"2022-10-14T09:39:59+00:00\",\"breadcrumb\":{\"@id\":\"https:\/\/luchonoticias.com\/editor\/gobernacion-busca-fortalecer-la-accion-comunal\/#breadcrumb\"},\"inLanguage\":\"es\",\"potentialAction\":[{\"@type\":\"ReadAction\",\"target\":[\"https:\/\/luchonoticias.com\/editor\/gobernacion-busca-fortalecer-la-accion-comunal\/\"]}]},{\"@type\":\"BreadcrumbList\",\"@id\":\"https:\/\/luchonoticias.com\/editor\/gobernacion-busca-fortalecer-la-accion-comunal\/#breadcrumb\",\"itemListElement\":[{\"@type\":\"ListItem\",\"position\":1,\"name\":\"Portada\",\"item\":\"https:\/\/luchonoticias.com\/editor\/\"},{\"@type\":\"ListItem\",\"position\":2,\"name\":\"Gobernaci\u00f3n busca fortalecer la acci\u00f3n comunal\"}]},{\"@type\":\"WebSite\",\"@id\":\"https:\/\/luchonoticias.com\/editor\/#website\",\"url\":\"https:\/\/luchonoticias.com\/editor\/\",\"name\":\"\",\"description\":\"\",\"publisher\":{\"@id\":\"https:\/\/luchonoticias.com\/editor\/#\/schema\/person\/7a7fd911f58561fd056dbac7b55af9cd\"},\"potentialAction\":[{\"@type\":\"SearchAction\",\"target\":{\"@type\":\"EntryPoint\",\"urlTemplate\":\"https:\/\/luchonoticias.com\/editor\/?s={search_term_string}\"},\"query-input\":{\"@type\":\"PropertyValueSpecification\",\"valueRequired\":true,\"valueName\":\"search_term_string\"}}],\"inLanguage\":\"es\"},{\"@type\":[\"Person\",\"Organization\"],\"@id\":\"https:\/\/luchonoticias.com\/editor\/#\/schema\/person\/7a7fd911f58561fd056dbac7b55af9cd\",\"name\":\"admin\",\"image\":{\"@type\":\"ImageObject\",\"inLanguage\":\"es\",\"@id\":\"https:\/\/luchonoticias.com\/editor\/#\/schema\/person\/image\/\",\"url\":\"https:\/\/luchonoticias.com\/editor\/wp-content\/uploads\/2024\/02\/cropped-cropped-logolu.webp\",\"contentUrl\":\"https:\/\/luchonoticias.com\/editor\/wp-content\/uploads\/2024\/02\/cropped-cropped-logolu.webp\",\"width\":382,\"height\":170,\"caption\":\"admin\"},\"logo\":{\"@id\":\"https:\/\/luchonoticias.com\/editor\/#\/schema\/person\/image\/\"},\"sameAs\":[\"https:\/\/www.facebook.com\/luchonoticiasneiva\"],\"url\":\"https:\/\/luchonoticias.com\/editor\/author\/admin\/\"}]}<\/script>\n<!-- \/ Yoast SEO plugin. -->","yoast_head_json":{"title":"Gobernaci\u00f3n busca fortalecer la acci\u00f3n comunal -","robots":{"index":"index","follow":"follow","max-snippet":"max-snippet:-1","max-image-preview":"max-image-preview:large","max-video-preview":"max-video-preview:-1"},"canonical":"https:\/\/luchonoticias.com\/editor\/gobernacion-busca-fortalecer-la-accion-comunal\/","og_locale":"es_ES","og_type":"article","og_title":"Gobernaci\u00f3n busca fortalecer la acci\u00f3n comunal -","og_url":"https:\/\/luchonoticias.com\/editor\/gobernacion-busca-fortalecer-la-accion-comunal\/","article_publisher":"https:\/\/www.facebook.com\/luchonoticiasneiva","article_author":"https:\/\/www.facebook.com\/luchonoticiasneiva","article_published_time":"2022-10-14T09:39:58+00:00","article_modified_time":"2022-10-14T09:39:59+00:00","author":"admin","twitter_card":"summary_large_image","twitter_misc":{"Escrito por":"admin","Tiempo de lectura":"2 minutos"},"schema":{"@context":"https:\/\/schema.org","@graph":[{"@type":"Article","@id":"https:\/\/luchonoticias.com\/editor\/gobernacion-busca-fortalecer-la-accion-comunal\/#article","isPartOf":{"@id":"https:\/\/luchonoticias.com\/editor\/gobernacion-busca-fortalecer-la-accion-comunal\/"},"author":{"name":"admin","@id":"https:\/\/luchonoticias.com\/editor\/#\/schema\/person\/7a7fd911f58561fd056dbac7b55af9cd"},"headline":"Gobernaci\u00f3n busca fortalecer la acci\u00f3n comunal","datePublished":"2022-10-14T09:39:58+00:00","dateModified":"2022-10-14T09:39:59+00:00","mainEntityOfPage":{"@id":"https:\/\/luchonoticias.com\/editor\/gobernacion-busca-fortalecer-la-accion-comunal\/"},"wordCount":394,"commentCount":0,"publisher":{"@id":"https:\/\/luchonoticias.com\/editor\/#\/schema\/person\/7a7fd911f58561fd056dbac7b55af9cd"},"articleSection":["Huila"],"inLanguage":"es","potentialAction":[{"@type":"CommentAction","name":"Comment","target":["https:\/\/luchonoticias.com\/editor\/gobernacion-busca-fortalecer-la-accion-comunal\/#respond"]}]},{"@type":"WebPage","@id":"https:\/\/luchonoticias.com\/editor\/gobernacion-busca-fortalecer-la-accion-comunal\/","url":"https:\/\/luchonoticias.com\/editor\/gobernacion-busca-fortalecer-la-accion-comunal\/","name":"Gobernaci\u00f3n busca fortalecer la acci\u00f3n comunal -","isPartOf":{"@id":"https:\/\/luchonoticias.com\/editor\/#website"},"datePublished":"2022-10-14T09:39:58+00:00","dateModified":"2022-10-14T09:39:59+00:00","breadcrumb":{"@id":"https:\/\/luchonoticias.com\/editor\/gobernacion-busca-fortalecer-la-accion-comunal\/#breadcrumb"},"inLanguage":"es","potentialAction":[{"@type":"ReadAction","target":["https:\/\/luchonoticias.com\/editor\/gobernacion-busca-fortalecer-la-accion-comunal\/"]}]},{"@type":"BreadcrumbList","@id":"https:\/\/luchonoticias.com\/editor\/gobernacion-busca-fortalecer-la-accion-comunal\/#breadcrumb","itemListElement":[{"@type":"ListItem","position":1,"name":"Portada","item":"https:\/\/luchonoticias.com\/editor\/"},{"@type":"ListItem","position":2,"name":"Gobernaci\u00f3n busca fortalecer la acci\u00f3n comunal"}]},{"@type":"WebSite","@id":"https:\/\/luchonoticias.com\/editor\/#website","url":"https:\/\/luchonoticias.com\/editor\/","name":"","description":"","publisher":{"@id":"https:\/\/luchonoticias.com\/editor\/#\/schema\/person\/7a7fd911f58561fd056dbac7b55af9cd"},"potentialAction":[{"@type":"SearchAction","target":{"@type":"EntryPoint","urlTemplate":"https:\/\/luchonoticias.com\/editor\/?s={search_term_string}"},"query-input":{"@type":"PropertyValueSpecification","valueRequired":true,"valueName":"search_term_string"}}],"inLanguage":"es"},{"@type":["Person","Organization"],"@id":"https:\/\/luchonoticias.com\/editor\/#\/schema\/person\/7a7fd911f58561fd056dbac7b55af9cd","name":"admin","image":{"@type":"ImageObject","inLanguage":"es","@id":"https:\/\/luchonoticias.com\/editor\/#\/schema\/person\/image\/","url":"https:\/\/luchonoticias.com\/editor\/wp-content\/uploads\/2024\/02\/cropped-cropped-logolu.webp","contentUrl":"https:\/\/luchonoticias.com\/editor\/wp-content\/uploads\/2024\/02\/cropped-cropped-logolu.webp","width":382,"height":170,"caption":"admin"},"logo":{"@id":"https:\/\/luchonoticias.com\/editor\/#\/schema\/person\/image\/"},"sameAs":["https:\/\/www.facebook.com\/luchonoticiasneiva"],"url":"https:\/\/luchonoticias.com\/editor\/author\/admin\/"}]}},"_links":{"self":[{"href":"https:\/\/luchonoticias.com\/editor\/wp-json\/wp\/v2\/posts\/36747","targetHints":{"allow":["GET"]}}],"collection":[{"href":"https:\/\/luchonoticias.com\/editor\/wp-json\/wp\/v2\/posts"}],"about":[{"href":"https:\/\/luchonoticias.com\/editor\/wp-json\/wp\/v2\/types\/post"}],"author":[{"embeddable":true,"href":"https:\/\/luchonoticias.com\/editor\/wp-json\/wp\/v2\/users\/1"}],"replies":[{"embeddable":true,"href":"https:\/\/luchonoticias.com\/editor\/wp-json\/wp\/v2\/comments?post=36747"}],"version-history":[{"count":0,"href":"https:\/\/luchonoticias.com\/editor\/wp-json\/wp\/v2\/posts\/36747\/revisions"}],"wp:attachment":[{"href":"https:\/\/luchonoticias.com\/editor\/wp-json\/wp\/v2\/media?parent=36747"}],"wp:term":[{"taxonomy":"category","embeddable":true,"href":"https:\/\/luchonoticias.com\/editor\/wp-json\/wp\/v2\/categories?post=36747"},{"taxonomy":"post_tag","embeddable":true,"href":"https:\/\/luchonoticias.com\/editor\/wp-json\/wp\/v2\/tags?post=36747"}],"curies":[{"name":"wp","href":"https:\/\/api.w.org\/{rel}","templated":true}]}}