{"id":36755,"date":"2022-10-14T04:46:22","date_gmt":"2022-10-14T09:46:22","guid":{"rendered":"https:\/\/luchonoticias.com\/?p=36755"},"modified":"2022-10-14T04:46:23","modified_gmt":"2022-10-14T09:46:23","slug":"socializacion-de-iniciativa-para-fortalecer-el-turismo","status":"publish","type":"post","link":"https:\/\/luchonoticias.com\/editor\/socializacion-de-iniciativa-para-fortalecer-el-turismo\/","title":{"rendered":"Socializaci\u00f3n de iniciativa para fortalecer el turismo"},"content":{"rendered":"\n<p>Ante la Asamblea Departamental, la secretaria de Cultura y Turismo Departamental, Nelcy Tovar, dio a conocer el&nbsp;<strong>cr\u00e9dito de m\u00e1s de $500 millones<\/strong>&nbsp;que ser\u00e1n&nbsp;<strong>destinados para la promoci\u00f3n Tur\u00edstica del Huila<\/strong>, un Para\u00edso por Descubrir.<\/p>\n\n\n\n<p>Una gran inversi\u00f3n del&nbsp;Gobierno Departamental \u201cHuila Crece\u201d que lidera el ingeniero, Luis Enrique Duss\u00e1n L\u00f3pez, a trav\u00e9s del posicionamiento tur\u00edstico en uno de los lugares m\u00e1s estrat\u00e9gicos como son los aeropuertos, salas de cine y el intercambio de saberes en la concepci\u00f3n y operaci\u00f3n del servicio tur\u00edstico.&nbsp;<\/p>\n\n\n\n<p>\u201cAnte la Asamblea Departamental socializamos la a<strong>probaci\u00f3n del cr\u00e9dito para realizar campa\u00f1as de promoci\u00f3n del destino en el componente de turismo de nuestra secretaria<\/strong>, mencionando que son $500 millones, los cuales van a dirigirse para la realizaci\u00f3n de piezas digitales que van a publicitarse en las pantallas de los aeropuertos de nuestro pa\u00eds ,salas de cine m\u00e1s importantes y finalmente&nbsp;<strong>se van a realizar&nbsp;unas misiones en ciudades del pa\u00eds&nbsp;<\/strong>en donde con operadores&nbsp;tur\u00edsticos haremos la promoci\u00f3n de los destinos del departamento del Huila y la rueda de negocio a fin de fortalecer todo el trabajo que se viene haciendo con las agencias de turismo de nuestro departamento\u201d, inform\u00f3 Nelcy Tovar, secretar\u00eda de Cultura y Turismo&nbsp; Departamental.<\/p>\n\n\n\n<p>\u201cEl valor ser\u00e1 de $500 millones, gracias a la disposici\u00f3n del se\u00f1or gobernador con el sector tur\u00edstico que ha recibido un importante aporte para desarrollar o promocionar todo este componente que conocemos y le apuesta de manera importante a la reactivaci\u00f3n econ\u00f3mica\u00bb, a\u00f1adi\u00f3 Tovar.<\/p>\n\n\n\n<p>Este proyecto tendr\u00e1 como objetivo&nbsp;<strong>implementar estrategias de comercializaci\u00f3n de la oferta tur\u00edstica del Huila&nbsp;<\/strong>en los mercados nacionales e internacionales buscando promocionar el destino \u00abHUILA UN PARA\u00cdSO POR DESCUBRIR\u00bb, como destino tur\u00edstico sostenible reconociendo su oferta multicultural, representado en productos y servicios competitivos y sostenibles con participaci\u00f3n de los diferentes actores del turismo.<\/p>\n\n\n\n<p>Se beneficiar\u00e1n 1.024 prestadores de servicio legalmente constituidos que conforman la cadena de valor del Departamento al igual que los actores indirectos como son los restaurantes, gestores culturales, artesanos y comercio en general.<\/p>\n","protected":false},"excerpt":{"rendered":"<p>Ante la Asamblea Departamental, la secretaria de Cultura y Turismo Departamental, Nelcy Tovar, dio a conocer el&nbsp;cr\u00e9dito de m\u00e1s de $500 millones&nbsp;que ser\u00e1n&nbsp;destinados para la promoci\u00f3n Tur\u00edstica del Huila, un Para\u00edso por Descubrir. Una gran inversi\u00f3n del&nbsp;Gobierno Departamental \u201cHuila Crece\u201d que lidera el ingeniero, Luis Enrique Duss\u00e1n L\u00f3pez, a trav\u00e9s del posicionamiento tur\u00edstico en uno [&hellip;]<\/p>\n","protected":false},"author":1,"featured_media":0,"comment_status":"open","ping_status":"open","sticky":false,"template":"","format":"standard","meta":{"footnotes":""},"categories":[34],"tags":[],"class_list":["post-36755","post","type-post","status-publish","format-standard","hentry","category-deportes"],"yoast_head":"<!-- This site is optimized with the Yoast SEO plugin v26.6 - https:\/\/yoast.com\/wordpress\/plugins\/seo\/ -->\n<title>Socializaci\u00f3n de iniciativa para fortalecer el turismo -<\/title>\n<meta name=\"robots\" content=\"index, follow, max-snippet:-1, max-image-preview:large, max-video-preview:-1\" \/>\n<link rel=\"canonical\" href=\"https:\/\/luchonoticias.com\/editor\/socializacion-de-iniciativa-para-fortalecer-el-turismo\/\" \/>\n<meta property=\"og:locale\" content=\"es_ES\" \/>\n<meta property=\"og:type\" content=\"article\" \/>\n<meta property=\"og:title\" content=\"Socializaci\u00f3n de iniciativa para fortalecer el turismo -\" \/>\n<meta property=\"og:url\" content=\"https:\/\/luchonoticias.com\/editor\/socializacion-de-iniciativa-para-fortalecer-el-turismo\/\" \/>\n<meta property=\"article:publisher\" content=\"https:\/\/www.facebook.com\/luchonoticiasneiva\" \/>\n<meta property=\"article:author\" content=\"https:\/\/www.facebook.com\/luchonoticiasneiva\" \/>\n<meta property=\"article:published_time\" content=\"2022-10-14T09:46:22+00:00\" \/>\n<meta property=\"article:modified_time\" content=\"2022-10-14T09:46:23+00:00\" \/>\n<meta name=\"author\" content=\"admin\" \/>\n<meta name=\"twitter:card\" content=\"summary_large_image\" \/>\n<meta name=\"twitter:label1\" content=\"Escrito por\" \/>\n\t<meta name=\"twitter:data1\" content=\"admin\" \/>\n\t<meta name=\"twitter:label2\" content=\"Tiempo de lectura\" \/>\n\t<meta name=\"twitter:data2\" content=\"2 minutos\" \/>\n<script type=\"application\/ld+json\" class=\"yoast-schema-graph\">{\"@context\":\"https:\/\/schema.org\",\"@graph\":[{\"@type\":\"Article\",\"@id\":\"https:\/\/luchonoticias.com\/editor\/socializacion-de-iniciativa-para-fortalecer-el-turismo\/#article\",\"isPartOf\":{\"@id\":\"https:\/\/luchonoticias.com\/editor\/socializacion-de-iniciativa-para-fortalecer-el-turismo\/\"},\"author\":{\"name\":\"admin\",\"@id\":\"https:\/\/luchonoticias.com\/editor\/#\/schema\/person\/7a7fd911f58561fd056dbac7b55af9cd\"},\"headline\":\"Socializaci\u00f3n de iniciativa para fortalecer el turismo\",\"datePublished\":\"2022-10-14T09:46:22+00:00\",\"dateModified\":\"2022-10-14T09:46:23+00:00\",\"mainEntityOfPage\":{\"@id\":\"https:\/\/luchonoticias.com\/editor\/socializacion-de-iniciativa-para-fortalecer-el-turismo\/\"},\"wordCount\":388,\"commentCount\":0,\"publisher\":{\"@id\":\"https:\/\/luchonoticias.com\/editor\/#\/schema\/person\/7a7fd911f58561fd056dbac7b55af9cd\"},\"articleSection\":[\"Deportes\"],\"inLanguage\":\"es\",\"potentialAction\":[{\"@type\":\"CommentAction\",\"name\":\"Comment\",\"target\":[\"https:\/\/luchonoticias.com\/editor\/socializacion-de-iniciativa-para-fortalecer-el-turismo\/#respond\"]}]},{\"@type\":\"WebPage\",\"@id\":\"https:\/\/luchonoticias.com\/editor\/socializacion-de-iniciativa-para-fortalecer-el-turismo\/\",\"url\":\"https:\/\/luchonoticias.com\/editor\/socializacion-de-iniciativa-para-fortalecer-el-turismo\/\",\"name\":\"Socializaci\u00f3n de iniciativa para fortalecer el turismo -\",\"isPartOf\":{\"@id\":\"https:\/\/luchonoticias.com\/editor\/#website\"},\"datePublished\":\"2022-10-14T09:46:22+00:00\",\"dateModified\":\"2022-10-14T09:46:23+00:00\",\"breadcrumb\":{\"@id\":\"https:\/\/luchonoticias.com\/editor\/socializacion-de-iniciativa-para-fortalecer-el-turismo\/#breadcrumb\"},\"inLanguage\":\"es\",\"potentialAction\":[{\"@type\":\"ReadAction\",\"target\":[\"https:\/\/luchonoticias.com\/editor\/socializacion-de-iniciativa-para-fortalecer-el-turismo\/\"]}]},{\"@type\":\"BreadcrumbList\",\"@id\":\"https:\/\/luchonoticias.com\/editor\/socializacion-de-iniciativa-para-fortalecer-el-turismo\/#breadcrumb\",\"itemListElement\":[{\"@type\":\"ListItem\",\"position\":1,\"name\":\"Portada\",\"item\":\"https:\/\/luchonoticias.com\/editor\/\"},{\"@type\":\"ListItem\",\"position\":2,\"name\":\"Socializaci\u00f3n de iniciativa para fortalecer el turismo\"}]},{\"@type\":\"WebSite\",\"@id\":\"https:\/\/luchonoticias.com\/editor\/#website\",\"url\":\"https:\/\/luchonoticias.com\/editor\/\",\"name\":\"\",\"description\":\"\",\"publisher\":{\"@id\":\"https:\/\/luchonoticias.com\/editor\/#\/schema\/person\/7a7fd911f58561fd056dbac7b55af9cd\"},\"potentialAction\":[{\"@type\":\"SearchAction\",\"target\":{\"@type\":\"EntryPoint\",\"urlTemplate\":\"https:\/\/luchonoticias.com\/editor\/?s={search_term_string}\"},\"query-input\":{\"@type\":\"PropertyValueSpecification\",\"valueRequired\":true,\"valueName\":\"search_term_string\"}}],\"inLanguage\":\"es\"},{\"@type\":[\"Person\",\"Organization\"],\"@id\":\"https:\/\/luchonoticias.com\/editor\/#\/schema\/person\/7a7fd911f58561fd056dbac7b55af9cd\",\"name\":\"admin\",\"image\":{\"@type\":\"ImageObject\",\"inLanguage\":\"es\",\"@id\":\"https:\/\/luchonoticias.com\/editor\/#\/schema\/person\/image\/\",\"url\":\"https:\/\/luchonoticias.com\/editor\/wp-content\/uploads\/2024\/02\/cropped-cropped-logolu.webp\",\"contentUrl\":\"https:\/\/luchonoticias.com\/editor\/wp-content\/uploads\/2024\/02\/cropped-cropped-logolu.webp\",\"width\":382,\"height\":170,\"caption\":\"admin\"},\"logo\":{\"@id\":\"https:\/\/luchonoticias.com\/editor\/#\/schema\/person\/image\/\"},\"sameAs\":[\"https:\/\/www.facebook.com\/luchonoticiasneiva\"],\"url\":\"https:\/\/luchonoticias.com\/editor\/author\/admin\/\"}]}<\/script>\n<!-- \/ Yoast SEO plugin. -->","yoast_head_json":{"title":"Socializaci\u00f3n de iniciativa para fortalecer el turismo -","robots":{"index":"index","follow":"follow","max-snippet":"max-snippet:-1","max-image-preview":"max-image-preview:large","max-video-preview":"max-video-preview:-1"},"canonical":"https:\/\/luchonoticias.com\/editor\/socializacion-de-iniciativa-para-fortalecer-el-turismo\/","og_locale":"es_ES","og_type":"article","og_title":"Socializaci\u00f3n de iniciativa para fortalecer el turismo -","og_url":"https:\/\/luchonoticias.com\/editor\/socializacion-de-iniciativa-para-fortalecer-el-turismo\/","article_publisher":"https:\/\/www.facebook.com\/luchonoticiasneiva","article_author":"https:\/\/www.facebook.com\/luchonoticiasneiva","article_published_time":"2022-10-14T09:46:22+00:00","article_modified_time":"2022-10-14T09:46:23+00:00","author":"admin","twitter_card":"summary_large_image","twitter_misc":{"Escrito por":"admin","Tiempo de lectura":"2 minutos"},"schema":{"@context":"https:\/\/schema.org","@graph":[{"@type":"Article","@id":"https:\/\/luchonoticias.com\/editor\/socializacion-de-iniciativa-para-fortalecer-el-turismo\/#article","isPartOf":{"@id":"https:\/\/luchonoticias.com\/editor\/socializacion-de-iniciativa-para-fortalecer-el-turismo\/"},"author":{"name":"admin","@id":"https:\/\/luchonoticias.com\/editor\/#\/schema\/person\/7a7fd911f58561fd056dbac7b55af9cd"},"headline":"Socializaci\u00f3n de iniciativa para fortalecer el turismo","datePublished":"2022-10-14T09:46:22+00:00","dateModified":"2022-10-14T09:46:23+00:00","mainEntityOfPage":{"@id":"https:\/\/luchonoticias.com\/editor\/socializacion-de-iniciativa-para-fortalecer-el-turismo\/"},"wordCount":388,"commentCount":0,"publisher":{"@id":"https:\/\/luchonoticias.com\/editor\/#\/schema\/person\/7a7fd911f58561fd056dbac7b55af9cd"},"articleSection":["Deportes"],"inLanguage":"es","potentialAction":[{"@type":"CommentAction","name":"Comment","target":["https:\/\/luchonoticias.com\/editor\/socializacion-de-iniciativa-para-fortalecer-el-turismo\/#respond"]}]},{"@type":"WebPage","@id":"https:\/\/luchonoticias.com\/editor\/socializacion-de-iniciativa-para-fortalecer-el-turismo\/","url":"https:\/\/luchonoticias.com\/editor\/socializacion-de-iniciativa-para-fortalecer-el-turismo\/","name":"Socializaci\u00f3n de iniciativa para fortalecer el turismo -","isPartOf":{"@id":"https:\/\/luchonoticias.com\/editor\/#website"},"datePublished":"2022-10-14T09:46:22+00:00","dateModified":"2022-10-14T09:46:23+00:00","breadcrumb":{"@id":"https:\/\/luchonoticias.com\/editor\/socializacion-de-iniciativa-para-fortalecer-el-turismo\/#breadcrumb"},"inLanguage":"es","potentialAction":[{"@type":"ReadAction","target":["https:\/\/luchonoticias.com\/editor\/socializacion-de-iniciativa-para-fortalecer-el-turismo\/"]}]},{"@type":"BreadcrumbList","@id":"https:\/\/luchonoticias.com\/editor\/socializacion-de-iniciativa-para-fortalecer-el-turismo\/#breadcrumb","itemListElement":[{"@type":"ListItem","position":1,"name":"Portada","item":"https:\/\/luchonoticias.com\/editor\/"},{"@type":"ListItem","position":2,"name":"Socializaci\u00f3n de iniciativa para fortalecer el turismo"}]},{"@type":"WebSite","@id":"https:\/\/luchonoticias.com\/editor\/#website","url":"https:\/\/luchonoticias.com\/editor\/","name":"","description":"","publisher":{"@id":"https:\/\/luchonoticias.com\/editor\/#\/schema\/person\/7a7fd911f58561fd056dbac7b55af9cd"},"potentialAction":[{"@type":"SearchAction","target":{"@type":"EntryPoint","urlTemplate":"https:\/\/luchonoticias.com\/editor\/?s={search_term_string}"},"query-input":{"@type":"PropertyValueSpecification","valueRequired":true,"valueName":"search_term_string"}}],"inLanguage":"es"},{"@type":["Person","Organization"],"@id":"https:\/\/luchonoticias.com\/editor\/#\/schema\/person\/7a7fd911f58561fd056dbac7b55af9cd","name":"admin","image":{"@type":"ImageObject","inLanguage":"es","@id":"https:\/\/luchonoticias.com\/editor\/#\/schema\/person\/image\/","url":"https:\/\/luchonoticias.com\/editor\/wp-content\/uploads\/2024\/02\/cropped-cropped-logolu.webp","contentUrl":"https:\/\/luchonoticias.com\/editor\/wp-content\/uploads\/2024\/02\/cropped-cropped-logolu.webp","width":382,"height":170,"caption":"admin"},"logo":{"@id":"https:\/\/luchonoticias.com\/editor\/#\/schema\/person\/image\/"},"sameAs":["https:\/\/www.facebook.com\/luchonoticiasneiva"],"url":"https:\/\/luchonoticias.com\/editor\/author\/admin\/"}]}},"_links":{"self":[{"href":"https:\/\/luchonoticias.com\/editor\/wp-json\/wp\/v2\/posts\/36755","targetHints":{"allow":["GET"]}}],"collection":[{"href":"https:\/\/luchonoticias.com\/editor\/wp-json\/wp\/v2\/posts"}],"about":[{"href":"https:\/\/luchonoticias.com\/editor\/wp-json\/wp\/v2\/types\/post"}],"author":[{"embeddable":true,"href":"https:\/\/luchonoticias.com\/editor\/wp-json\/wp\/v2\/users\/1"}],"replies":[{"embeddable":true,"href":"https:\/\/luchonoticias.com\/editor\/wp-json\/wp\/v2\/comments?post=36755"}],"version-history":[{"count":0,"href":"https:\/\/luchonoticias.com\/editor\/wp-json\/wp\/v2\/posts\/36755\/revisions"}],"wp:attachment":[{"href":"https:\/\/luchonoticias.com\/editor\/wp-json\/wp\/v2\/media?parent=36755"}],"wp:term":[{"taxonomy":"category","embeddable":true,"href":"https:\/\/luchonoticias.com\/editor\/wp-json\/wp\/v2\/categories?post=36755"},{"taxonomy":"post_tag","embeddable":true,"href":"https:\/\/luchonoticias.com\/editor\/wp-json\/wp\/v2\/tags?post=36755"}],"curies":[{"name":"wp","href":"https:\/\/api.w.org\/{rel}","templated":true}]}}