{"id":36758,"date":"2022-10-14T04:50:15","date_gmt":"2022-10-14T09:50:15","guid":{"rendered":"https:\/\/luchonoticias.com\/?p=36758"},"modified":"2022-10-14T04:50:16","modified_gmt":"2022-10-14T09:50:16","slug":"colombia-tiene-mas-que-asegurada-la-segunda-plaza-en-los-juegos-suramericanos","status":"publish","type":"post","link":"https:\/\/luchonoticias.com\/editor\/colombia-tiene-mas-que-asegurada-la-segunda-plaza-en-los-juegos-suramericanos\/","title":{"rendered":"Colombia tiene m\u00e1s que asegurada la segunda plaza en los Juegos Suramericanos"},"content":{"rendered":"\n<p>El&nbsp;<strong>segundo lugar de los XII Juegos Suramericanos<\/strong>&nbsp;hace rato lo tiene asegurado Colombia, pero cada vez le da m\u00e1s brillo gracias a jornadas memorables como la decimotercera, en la que&nbsp;<strong>los atletas entonaron en 11 ocasiones el himno nacional<\/strong>.<\/p>\n\n\n\n<p>En efecto, de las\u00a0<strong>32 medallas conseguidas la jornada del pasado jueves<\/strong>, 11 fueron de oro, mientras se lograron 9 platas y 12 bronces. En total, la delegaci\u00f3n nacional suma 220 metales (64 oros, 71 platas y 85 bronces).<br><br>La jornada empez\u00f3 con\u00a0<strong>r\u00e9cord suramericano y consagraci\u00f3n, gracias a Flor Denis Ruiz<\/strong>, quien en el lanzamiento de jabalina se impuso con un registro de 62.97, superando a la brasile\u00f1a Jucilene de Lima (62.42) y a la ecuatoriana Juleisy Angulo (61.10).<\/p>\n\n\n\n<p>El j\u00fabilo tricolor continu\u00f3 con mucha precisi\u00f3n.\u00a0<strong>Juan Sebasti\u00e1n Rivera,<\/strong>\u00a0en la prueba de pistola de aire 10m del tiro deportivo, se subi\u00f3 a lo m\u00e1s alto del podio y de paso asegur\u00f3 cupo para los Panamericanos de Santiago 2023.<\/p>\n\n\n\n<p>En la&nbsp;<strong>gimnasia<\/strong>, Colombia volvi\u00f3 a tener su \u00c1ngel. Hern\u00e1ndez en trampol\u00edn individual, tal cual lo hiciera en los Bolivarianos de Valledupar, estuvo intratable y le dej\u00f3 la plata a Castro Rayan, de Brasil.<\/p>\n\n\n\n<p>El&nbsp;<strong>atletismo&nbsp;<\/strong>volver\u00eda a decir presente con Evelis Aguilar, quien con una marca de 51.90 en los 400 metros femenino, hizo dorado su pecho. Martina Weil, hija de la medallista ol\u00edmpica, Ximena Restrepo, fue segunda y le dio el subt\u00edtulo a Chile.&nbsp;<\/p>\n\n\n\n<p>De nuevo el\u00a0<strong>ciclismo de pista aport\u00f3 t\u00edtulos<\/strong>. En la velocidad equipos mujeres, con Juliana Gaviria, Valeria Cardozo y Yarli Mosquera, el vel\u00f3dromo se ti\u00f1\u00f3 de amarillo, azul y rojo. Mucho m\u00e1s con el oro de Lina Marcela Hern\u00e1ndez en el \u00d3mnium y el de Rub\u00e9n Murillo en velocidad individual.<\/p>\n\n\n\n<p>El&nbsp;<strong>squash&nbsp;<\/strong>no se qued\u00f3 atr\u00e1s y en dobles femenino (Andrea Soria y Luc\u00eda Bautista), masculino (Andr\u00e9s Herrera y Juan Camilo Vargas) y mixto (Luc\u00eda Bautista y Ronald Palomino), celebr\u00f3 por triplicado.<br><br>Para cerrar una gran jornada, Colombia dio otro golpe de autoridad con el boxeador, Jos\u00e9 Manuel Vi\u00e1fara, quien en los 63.5 kilogramos super\u00f3 en la final al uruguayo Javier Alejandro Cardozo.<\/p>\n\n\n\n<p>Con informaci\u00f3n y foto del Ministerio del Deporte.<\/p>\n","protected":false},"excerpt":{"rendered":"<p>El&nbsp;segundo lugar de los XII Juegos Suramericanos&nbsp;hace rato lo tiene asegurado Colombia, pero cada vez le da m\u00e1s brillo gracias a jornadas memorables como la decimotercera, en la que&nbsp;los atletas entonaron en 11 ocasiones el himno nacional. En efecto, de las\u00a032 medallas conseguidas la jornada del pasado jueves, 11 fueron de oro, mientras se lograron [&hellip;]<\/p>\n","protected":false},"author":1,"featured_media":0,"comment_status":"open","ping_status":"open","sticky":false,"template":"","format":"standard","meta":{"footnotes":""},"categories":[34],"tags":[],"class_list":["post-36758","post","type-post","status-publish","format-standard","hentry","category-deportes"],"yoast_head":"<!-- This site is optimized with the Yoast SEO plugin v26.6 - https:\/\/yoast.com\/wordpress\/plugins\/seo\/ -->\n<title>Colombia tiene m\u00e1s que asegurada la segunda plaza en los Juegos Suramericanos -<\/title>\n<meta name=\"robots\" content=\"index, follow, max-snippet:-1, max-image-preview:large, max-video-preview:-1\" \/>\n<link rel=\"canonical\" href=\"https:\/\/luchonoticias.com\/editor\/colombia-tiene-mas-que-asegurada-la-segunda-plaza-en-los-juegos-suramericanos\/\" \/>\n<meta property=\"og:locale\" content=\"es_ES\" \/>\n<meta property=\"og:type\" content=\"article\" \/>\n<meta property=\"og:title\" content=\"Colombia tiene m\u00e1s que asegurada la segunda plaza en los Juegos Suramericanos -\" \/>\n<meta property=\"og:url\" content=\"https:\/\/luchonoticias.com\/editor\/colombia-tiene-mas-que-asegurada-la-segunda-plaza-en-los-juegos-suramericanos\/\" \/>\n<meta property=\"article:publisher\" content=\"https:\/\/www.facebook.com\/luchonoticiasneiva\" \/>\n<meta property=\"article:author\" content=\"https:\/\/www.facebook.com\/luchonoticiasneiva\" \/>\n<meta property=\"article:published_time\" content=\"2022-10-14T09:50:15+00:00\" \/>\n<meta property=\"article:modified_time\" content=\"2022-10-14T09:50:16+00:00\" \/>\n<meta name=\"author\" content=\"admin\" \/>\n<meta name=\"twitter:card\" content=\"summary_large_image\" \/>\n<meta name=\"twitter:label1\" content=\"Escrito por\" \/>\n\t<meta name=\"twitter:data1\" content=\"admin\" \/>\n\t<meta name=\"twitter:label2\" content=\"Tiempo de lectura\" \/>\n\t<meta name=\"twitter:data2\" content=\"2 minutos\" \/>\n<script type=\"application\/ld+json\" class=\"yoast-schema-graph\">{\"@context\":\"https:\/\/schema.org\",\"@graph\":[{\"@type\":\"Article\",\"@id\":\"https:\/\/luchonoticias.com\/editor\/colombia-tiene-mas-que-asegurada-la-segunda-plaza-en-los-juegos-suramericanos\/#article\",\"isPartOf\":{\"@id\":\"https:\/\/luchonoticias.com\/editor\/colombia-tiene-mas-que-asegurada-la-segunda-plaza-en-los-juegos-suramericanos\/\"},\"author\":{\"name\":\"admin\",\"@id\":\"https:\/\/luchonoticias.com\/editor\/#\/schema\/person\/7a7fd911f58561fd056dbac7b55af9cd\"},\"headline\":\"Colombia tiene m\u00e1s que asegurada la segunda plaza en los Juegos Suramericanos\",\"datePublished\":\"2022-10-14T09:50:15+00:00\",\"dateModified\":\"2022-10-14T09:50:16+00:00\",\"mainEntityOfPage\":{\"@id\":\"https:\/\/luchonoticias.com\/editor\/colombia-tiene-mas-que-asegurada-la-segunda-plaza-en-los-juegos-suramericanos\/\"},\"wordCount\":388,\"commentCount\":0,\"publisher\":{\"@id\":\"https:\/\/luchonoticias.com\/editor\/#\/schema\/person\/7a7fd911f58561fd056dbac7b55af9cd\"},\"articleSection\":[\"Deportes\"],\"inLanguage\":\"es\",\"potentialAction\":[{\"@type\":\"CommentAction\",\"name\":\"Comment\",\"target\":[\"https:\/\/luchonoticias.com\/editor\/colombia-tiene-mas-que-asegurada-la-segunda-plaza-en-los-juegos-suramericanos\/#respond\"]}]},{\"@type\":\"WebPage\",\"@id\":\"https:\/\/luchonoticias.com\/editor\/colombia-tiene-mas-que-asegurada-la-segunda-plaza-en-los-juegos-suramericanos\/\",\"url\":\"https:\/\/luchonoticias.com\/editor\/colombia-tiene-mas-que-asegurada-la-segunda-plaza-en-los-juegos-suramericanos\/\",\"name\":\"Colombia tiene m\u00e1s que asegurada la segunda plaza en los Juegos Suramericanos -\",\"isPartOf\":{\"@id\":\"https:\/\/luchonoticias.com\/editor\/#website\"},\"datePublished\":\"2022-10-14T09:50:15+00:00\",\"dateModified\":\"2022-10-14T09:50:16+00:00\",\"breadcrumb\":{\"@id\":\"https:\/\/luchonoticias.com\/editor\/colombia-tiene-mas-que-asegurada-la-segunda-plaza-en-los-juegos-suramericanos\/#breadcrumb\"},\"inLanguage\":\"es\",\"potentialAction\":[{\"@type\":\"ReadAction\",\"target\":[\"https:\/\/luchonoticias.com\/editor\/colombia-tiene-mas-que-asegurada-la-segunda-plaza-en-los-juegos-suramericanos\/\"]}]},{\"@type\":\"BreadcrumbList\",\"@id\":\"https:\/\/luchonoticias.com\/editor\/colombia-tiene-mas-que-asegurada-la-segunda-plaza-en-los-juegos-suramericanos\/#breadcrumb\",\"itemListElement\":[{\"@type\":\"ListItem\",\"position\":1,\"name\":\"Portada\",\"item\":\"https:\/\/luchonoticias.com\/editor\/\"},{\"@type\":\"ListItem\",\"position\":2,\"name\":\"Colombia tiene m\u00e1s que asegurada la segunda plaza en los Juegos Suramericanos\"}]},{\"@type\":\"WebSite\",\"@id\":\"https:\/\/luchonoticias.com\/editor\/#website\",\"url\":\"https:\/\/luchonoticias.com\/editor\/\",\"name\":\"\",\"description\":\"\",\"publisher\":{\"@id\":\"https:\/\/luchonoticias.com\/editor\/#\/schema\/person\/7a7fd911f58561fd056dbac7b55af9cd\"},\"potentialAction\":[{\"@type\":\"SearchAction\",\"target\":{\"@type\":\"EntryPoint\",\"urlTemplate\":\"https:\/\/luchonoticias.com\/editor\/?s={search_term_string}\"},\"query-input\":{\"@type\":\"PropertyValueSpecification\",\"valueRequired\":true,\"valueName\":\"search_term_string\"}}],\"inLanguage\":\"es\"},{\"@type\":[\"Person\",\"Organization\"],\"@id\":\"https:\/\/luchonoticias.com\/editor\/#\/schema\/person\/7a7fd911f58561fd056dbac7b55af9cd\",\"name\":\"admin\",\"image\":{\"@type\":\"ImageObject\",\"inLanguage\":\"es\",\"@id\":\"https:\/\/luchonoticias.com\/editor\/#\/schema\/person\/image\/\",\"url\":\"https:\/\/luchonoticias.com\/editor\/wp-content\/uploads\/2024\/02\/cropped-cropped-logolu.webp\",\"contentUrl\":\"https:\/\/luchonoticias.com\/editor\/wp-content\/uploads\/2024\/02\/cropped-cropped-logolu.webp\",\"width\":382,\"height\":170,\"caption\":\"admin\"},\"logo\":{\"@id\":\"https:\/\/luchonoticias.com\/editor\/#\/schema\/person\/image\/\"},\"sameAs\":[\"https:\/\/www.facebook.com\/luchonoticiasneiva\"],\"url\":\"https:\/\/luchonoticias.com\/editor\/author\/admin\/\"}]}<\/script>\n<!-- \/ Yoast SEO plugin. -->","yoast_head_json":{"title":"Colombia tiene m\u00e1s que asegurada la segunda plaza en los Juegos Suramericanos -","robots":{"index":"index","follow":"follow","max-snippet":"max-snippet:-1","max-image-preview":"max-image-preview:large","max-video-preview":"max-video-preview:-1"},"canonical":"https:\/\/luchonoticias.com\/editor\/colombia-tiene-mas-que-asegurada-la-segunda-plaza-en-los-juegos-suramericanos\/","og_locale":"es_ES","og_type":"article","og_title":"Colombia tiene m\u00e1s que asegurada la segunda plaza en los Juegos Suramericanos -","og_url":"https:\/\/luchonoticias.com\/editor\/colombia-tiene-mas-que-asegurada-la-segunda-plaza-en-los-juegos-suramericanos\/","article_publisher":"https:\/\/www.facebook.com\/luchonoticiasneiva","article_author":"https:\/\/www.facebook.com\/luchonoticiasneiva","article_published_time":"2022-10-14T09:50:15+00:00","article_modified_time":"2022-10-14T09:50:16+00:00","author":"admin","twitter_card":"summary_large_image","twitter_misc":{"Escrito por":"admin","Tiempo de lectura":"2 minutos"},"schema":{"@context":"https:\/\/schema.org","@graph":[{"@type":"Article","@id":"https:\/\/luchonoticias.com\/editor\/colombia-tiene-mas-que-asegurada-la-segunda-plaza-en-los-juegos-suramericanos\/#article","isPartOf":{"@id":"https:\/\/luchonoticias.com\/editor\/colombia-tiene-mas-que-asegurada-la-segunda-plaza-en-los-juegos-suramericanos\/"},"author":{"name":"admin","@id":"https:\/\/luchonoticias.com\/editor\/#\/schema\/person\/7a7fd911f58561fd056dbac7b55af9cd"},"headline":"Colombia tiene m\u00e1s que asegurada la segunda plaza en los Juegos Suramericanos","datePublished":"2022-10-14T09:50:15+00:00","dateModified":"2022-10-14T09:50:16+00:00","mainEntityOfPage":{"@id":"https:\/\/luchonoticias.com\/editor\/colombia-tiene-mas-que-asegurada-la-segunda-plaza-en-los-juegos-suramericanos\/"},"wordCount":388,"commentCount":0,"publisher":{"@id":"https:\/\/luchonoticias.com\/editor\/#\/schema\/person\/7a7fd911f58561fd056dbac7b55af9cd"},"articleSection":["Deportes"],"inLanguage":"es","potentialAction":[{"@type":"CommentAction","name":"Comment","target":["https:\/\/luchonoticias.com\/editor\/colombia-tiene-mas-que-asegurada-la-segunda-plaza-en-los-juegos-suramericanos\/#respond"]}]},{"@type":"WebPage","@id":"https:\/\/luchonoticias.com\/editor\/colombia-tiene-mas-que-asegurada-la-segunda-plaza-en-los-juegos-suramericanos\/","url":"https:\/\/luchonoticias.com\/editor\/colombia-tiene-mas-que-asegurada-la-segunda-plaza-en-los-juegos-suramericanos\/","name":"Colombia tiene m\u00e1s que asegurada la segunda plaza en los Juegos Suramericanos -","isPartOf":{"@id":"https:\/\/luchonoticias.com\/editor\/#website"},"datePublished":"2022-10-14T09:50:15+00:00","dateModified":"2022-10-14T09:50:16+00:00","breadcrumb":{"@id":"https:\/\/luchonoticias.com\/editor\/colombia-tiene-mas-que-asegurada-la-segunda-plaza-en-los-juegos-suramericanos\/#breadcrumb"},"inLanguage":"es","potentialAction":[{"@type":"ReadAction","target":["https:\/\/luchonoticias.com\/editor\/colombia-tiene-mas-que-asegurada-la-segunda-plaza-en-los-juegos-suramericanos\/"]}]},{"@type":"BreadcrumbList","@id":"https:\/\/luchonoticias.com\/editor\/colombia-tiene-mas-que-asegurada-la-segunda-plaza-en-los-juegos-suramericanos\/#breadcrumb","itemListElement":[{"@type":"ListItem","position":1,"name":"Portada","item":"https:\/\/luchonoticias.com\/editor\/"},{"@type":"ListItem","position":2,"name":"Colombia tiene m\u00e1s que asegurada la segunda plaza en los Juegos Suramericanos"}]},{"@type":"WebSite","@id":"https:\/\/luchonoticias.com\/editor\/#website","url":"https:\/\/luchonoticias.com\/editor\/","name":"","description":"","publisher":{"@id":"https:\/\/luchonoticias.com\/editor\/#\/schema\/person\/7a7fd911f58561fd056dbac7b55af9cd"},"potentialAction":[{"@type":"SearchAction","target":{"@type":"EntryPoint","urlTemplate":"https:\/\/luchonoticias.com\/editor\/?s={search_term_string}"},"query-input":{"@type":"PropertyValueSpecification","valueRequired":true,"valueName":"search_term_string"}}],"inLanguage":"es"},{"@type":["Person","Organization"],"@id":"https:\/\/luchonoticias.com\/editor\/#\/schema\/person\/7a7fd911f58561fd056dbac7b55af9cd","name":"admin","image":{"@type":"ImageObject","inLanguage":"es","@id":"https:\/\/luchonoticias.com\/editor\/#\/schema\/person\/image\/","url":"https:\/\/luchonoticias.com\/editor\/wp-content\/uploads\/2024\/02\/cropped-cropped-logolu.webp","contentUrl":"https:\/\/luchonoticias.com\/editor\/wp-content\/uploads\/2024\/02\/cropped-cropped-logolu.webp","width":382,"height":170,"caption":"admin"},"logo":{"@id":"https:\/\/luchonoticias.com\/editor\/#\/schema\/person\/image\/"},"sameAs":["https:\/\/www.facebook.com\/luchonoticiasneiva"],"url":"https:\/\/luchonoticias.com\/editor\/author\/admin\/"}]}},"_links":{"self":[{"href":"https:\/\/luchonoticias.com\/editor\/wp-json\/wp\/v2\/posts\/36758","targetHints":{"allow":["GET"]}}],"collection":[{"href":"https:\/\/luchonoticias.com\/editor\/wp-json\/wp\/v2\/posts"}],"about":[{"href":"https:\/\/luchonoticias.com\/editor\/wp-json\/wp\/v2\/types\/post"}],"author":[{"embeddable":true,"href":"https:\/\/luchonoticias.com\/editor\/wp-json\/wp\/v2\/users\/1"}],"replies":[{"embeddable":true,"href":"https:\/\/luchonoticias.com\/editor\/wp-json\/wp\/v2\/comments?post=36758"}],"version-history":[{"count":0,"href":"https:\/\/luchonoticias.com\/editor\/wp-json\/wp\/v2\/posts\/36758\/revisions"}],"wp:attachment":[{"href":"https:\/\/luchonoticias.com\/editor\/wp-json\/wp\/v2\/media?parent=36758"}],"wp:term":[{"taxonomy":"category","embeddable":true,"href":"https:\/\/luchonoticias.com\/editor\/wp-json\/wp\/v2\/categories?post=36758"},{"taxonomy":"post_tag","embeddable":true,"href":"https:\/\/luchonoticias.com\/editor\/wp-json\/wp\/v2\/tags?post=36758"}],"curies":[{"name":"wp","href":"https:\/\/api.w.org\/{rel}","templated":true}]}}