{"id":36790,"date":"2022-10-14T06:50:25","date_gmt":"2022-10-14T11:50:25","guid":{"rendered":"https:\/\/luchonoticias.com\/?p=36790"},"modified":"2022-10-14T06:50:26","modified_gmt":"2022-10-14T11:50:26","slug":"secretaria-de-salud-capacito-a-vendedores-de-carne-de-mercaneiva","status":"publish","type":"post","link":"https:\/\/luchonoticias.com\/editor\/secretaria-de-salud-capacito-a-vendedores-de-carne-de-mercaneiva\/","title":{"rendered":"Secretar\u00eda de Salud capacit\u00f3 a vendedores de carne de Mercaneiva"},"content":{"rendered":"\n<p>Cerca de 40 comerciantes que se dedican a la venta de carne en Mercaneiva acudieron al llamado que les hizo la Administraci\u00f3n Municipal para que recibieran la capacitaci\u00f3n en el manejo y conservaci\u00f3n de este producto, vital en la canasta familiar de los neivanos y, que por tradici\u00f3n gran cantidad de gente acude hasta este sitio para adquirirlo.<\/p>\n\n\n\n<p>La capacitaci\u00f3n que fue dictada por t\u00e9cnicos en Salud P\u00fablica, de la Secretar\u00eda de Salud de Neiva, incluy\u00f3 temas como el origen de los animales que se sacrifican, el lugar donde se debe realizar el sacrificio, la conservaci\u00f3n de la cadena de fr\u00edo, el transporte y todo lo relacionado con los cuidados que se deben tener con la carne, bien sea de res o de cerdo hasta llegar al consumidor final.<\/p>\n\n\n\n<figure class=\"wp-block-image size-large\"><img decoding=\"async\" src=\"https:\/\/luchonoticias.com\/wp-content\/uploads\/2022\/10\/WhatsApp-Image-2022-10-13-at-6.12.21-PM-1024x768.jpeg\" alt=\"\" class=\"wp-image-36792\"\/><\/figure>\n\n\n\n<p>\u201cPor orden de nuestro alcalde Gorky Mu\u00f1oz Calder\u00f3n, estamos realizando la capacitaci\u00f3n para todas las personas que venden carne en Mercaneiva con el fin de que tengan un buen manejo de este producto, que conozcan la cadena de fr\u00edo que deben utilizar para que el producto se conserve en \u00f3ptimas condiciones. Hay personas que desconocen muchas cosas y por ello no han podido acceder a los certificados que los acreditan para vender carne, con esta capacitaci\u00f3n est\u00e1n en condiciones de presentar la documentaci\u00f3n requerida y sacar el certificado\u201d, expres\u00f3 la secretaria de Salud de Neiva, Georgina Ramos Fl\u00f3rez.<\/p>\n\n\n\n<p>Por su parte los comerciantes agradecieron que la Administraci\u00f3n Municipal se fije en la problem\u00e1tica que viven para poder vender la carne en Mercaneiva y los capacite para que con idoneidad puedan adquirir los certificados, manejar los productos con los protocolos que se exigen y as\u00ed cuidar tambi\u00e9n de la salud de los neivanos.<\/p>\n\n\n\n<p>\u201cLa verdad es que esta es una oportunidad de recibir la orientaci\u00f3n por parte de la Secretar\u00eda de Salud Municipal que desde todo punto de vista nos beneficia. En mi caso conozco muy bien la parte legal, pero hay cosas en materia de salud que se desconocen\u201d, se\u00f1al\u00f3 el comerciante de carne Mario Linares.<\/p>\n\n\n\n<figure class=\"wp-block-image size-large\"><img decoding=\"async\" src=\"https:\/\/luchonoticias.com\/wp-content\/uploads\/2022\/10\/WhatsApp-Image-2022-10-13-at-6.12.22-PM-1-1024x768.jpeg\" alt=\"\" class=\"wp-image-36793\"\/><\/figure>\n\n\n\n<p>\u201cLa capacitaci\u00f3n nos ense\u00f1a c\u00f3mo debemos trabajar en nuestros locales, algo que beneficia al consumidor y nos beneficia a nosotros tambi\u00e9n. Conociendo lo que debemos hacer podemos conservar nuestros locales de la manera adecuada y con certificado para poder trabajar con total tranquilidad\u201d, anot\u00f3 la comerciante Paola V\u00e1squez.<\/p>\n","protected":false},"excerpt":{"rendered":"<p>Cerca de 40 comerciantes que se dedican a la venta de carne en Mercaneiva acudieron al llamado que les hizo la Administraci\u00f3n Municipal para que recibieran la capacitaci\u00f3n en el manejo y conservaci\u00f3n de este producto, vital en la canasta familiar de los neivanos y, que por tradici\u00f3n gran cantidad de gente acude hasta este [&hellip;]<\/p>\n","protected":false},"author":1,"featured_media":0,"comment_status":"open","ping_status":"open","sticky":false,"template":"","format":"standard","meta":{"footnotes":""},"categories":[36,31],"tags":[],"class_list":["post-36790","post","type-post","status-publish","format-standard","hentry","category-destacado","category-local"],"yoast_head":"<!-- This site is optimized with the Yoast SEO plugin v26.6 - https:\/\/yoast.com\/wordpress\/plugins\/seo\/ -->\n<title>Secretar\u00eda de Salud capacit\u00f3 a vendedores de carne de Mercaneiva -<\/title>\n<meta name=\"robots\" content=\"index, follow, max-snippet:-1, max-image-preview:large, max-video-preview:-1\" \/>\n<link rel=\"canonical\" href=\"https:\/\/luchonoticias.com\/editor\/secretaria-de-salud-capacito-a-vendedores-de-carne-de-mercaneiva\/\" \/>\n<meta property=\"og:locale\" content=\"es_ES\" \/>\n<meta property=\"og:type\" content=\"article\" \/>\n<meta property=\"og:title\" content=\"Secretar\u00eda de Salud capacit\u00f3 a vendedores de carne de Mercaneiva -\" \/>\n<meta property=\"og:url\" content=\"https:\/\/luchonoticias.com\/editor\/secretaria-de-salud-capacito-a-vendedores-de-carne-de-mercaneiva\/\" \/>\n<meta property=\"article:publisher\" content=\"https:\/\/www.facebook.com\/luchonoticiasneiva\" \/>\n<meta property=\"article:author\" content=\"https:\/\/www.facebook.com\/luchonoticiasneiva\" \/>\n<meta property=\"article:published_time\" content=\"2022-10-14T11:50:25+00:00\" \/>\n<meta property=\"article:modified_time\" content=\"2022-10-14T11:50:26+00:00\" \/>\n<meta property=\"og:image\" content=\"https:\/\/luchonoticias.com\/wp-content\/uploads\/2022\/10\/WhatsApp-Image-2022-10-13-at-6.12.21-PM-1024x768.jpeg\" \/>\n<meta name=\"author\" content=\"admin\" \/>\n<meta name=\"twitter:card\" content=\"summary_large_image\" \/>\n<meta name=\"twitter:label1\" content=\"Escrito por\" \/>\n\t<meta name=\"twitter:data1\" content=\"admin\" \/>\n\t<meta name=\"twitter:label2\" content=\"Tiempo de lectura\" \/>\n\t<meta name=\"twitter:data2\" content=\"2 minutos\" \/>\n<script type=\"application\/ld+json\" class=\"yoast-schema-graph\">{\"@context\":\"https:\/\/schema.org\",\"@graph\":[{\"@type\":\"Article\",\"@id\":\"https:\/\/luchonoticias.com\/editor\/secretaria-de-salud-capacito-a-vendedores-de-carne-de-mercaneiva\/#article\",\"isPartOf\":{\"@id\":\"https:\/\/luchonoticias.com\/editor\/secretaria-de-salud-capacito-a-vendedores-de-carne-de-mercaneiva\/\"},\"author\":{\"name\":\"admin\",\"@id\":\"https:\/\/luchonoticias.com\/editor\/#\/schema\/person\/7a7fd911f58561fd056dbac7b55af9cd\"},\"headline\":\"Secretar\u00eda de Salud capacit\u00f3 a vendedores de carne de Mercaneiva\",\"datePublished\":\"2022-10-14T11:50:25+00:00\",\"dateModified\":\"2022-10-14T11:50:26+00:00\",\"mainEntityOfPage\":{\"@id\":\"https:\/\/luchonoticias.com\/editor\/secretaria-de-salud-capacito-a-vendedores-de-carne-de-mercaneiva\/\"},\"wordCount\":422,\"commentCount\":0,\"publisher\":{\"@id\":\"https:\/\/luchonoticias.com\/editor\/#\/schema\/person\/7a7fd911f58561fd056dbac7b55af9cd\"},\"image\":{\"@id\":\"https:\/\/luchonoticias.com\/editor\/secretaria-de-salud-capacito-a-vendedores-de-carne-de-mercaneiva\/#primaryimage\"},\"thumbnailUrl\":\"https:\/\/luchonoticias.com\/wp-content\/uploads\/2022\/10\/WhatsApp-Image-2022-10-13-at-6.12.21-PM-1024x768.jpeg\",\"articleSection\":[\"Destacado\",\"Local\"],\"inLanguage\":\"es\",\"potentialAction\":[{\"@type\":\"CommentAction\",\"name\":\"Comment\",\"target\":[\"https:\/\/luchonoticias.com\/editor\/secretaria-de-salud-capacito-a-vendedores-de-carne-de-mercaneiva\/#respond\"]}]},{\"@type\":\"WebPage\",\"@id\":\"https:\/\/luchonoticias.com\/editor\/secretaria-de-salud-capacito-a-vendedores-de-carne-de-mercaneiva\/\",\"url\":\"https:\/\/luchonoticias.com\/editor\/secretaria-de-salud-capacito-a-vendedores-de-carne-de-mercaneiva\/\",\"name\":\"Secretar\u00eda de Salud capacit\u00f3 a vendedores de carne de Mercaneiva -\",\"isPartOf\":{\"@id\":\"https:\/\/luchonoticias.com\/editor\/#website\"},\"primaryImageOfPage\":{\"@id\":\"https:\/\/luchonoticias.com\/editor\/secretaria-de-salud-capacito-a-vendedores-de-carne-de-mercaneiva\/#primaryimage\"},\"image\":{\"@id\":\"https:\/\/luchonoticias.com\/editor\/secretaria-de-salud-capacito-a-vendedores-de-carne-de-mercaneiva\/#primaryimage\"},\"thumbnailUrl\":\"https:\/\/luchonoticias.com\/wp-content\/uploads\/2022\/10\/WhatsApp-Image-2022-10-13-at-6.12.21-PM-1024x768.jpeg\",\"datePublished\":\"2022-10-14T11:50:25+00:00\",\"dateModified\":\"2022-10-14T11:50:26+00:00\",\"breadcrumb\":{\"@id\":\"https:\/\/luchonoticias.com\/editor\/secretaria-de-salud-capacito-a-vendedores-de-carne-de-mercaneiva\/#breadcrumb\"},\"inLanguage\":\"es\",\"potentialAction\":[{\"@type\":\"ReadAction\",\"target\":[\"https:\/\/luchonoticias.com\/editor\/secretaria-de-salud-capacito-a-vendedores-de-carne-de-mercaneiva\/\"]}]},{\"@type\":\"ImageObject\",\"inLanguage\":\"es\",\"@id\":\"https:\/\/luchonoticias.com\/editor\/secretaria-de-salud-capacito-a-vendedores-de-carne-de-mercaneiva\/#primaryimage\",\"url\":\"https:\/\/luchonoticias.com\/wp-content\/uploads\/2022\/10\/WhatsApp-Image-2022-10-13-at-6.12.21-PM-1024x768.jpeg\",\"contentUrl\":\"https:\/\/luchonoticias.com\/wp-content\/uploads\/2022\/10\/WhatsApp-Image-2022-10-13-at-6.12.21-PM-1024x768.jpeg\"},{\"@type\":\"BreadcrumbList\",\"@id\":\"https:\/\/luchonoticias.com\/editor\/secretaria-de-salud-capacito-a-vendedores-de-carne-de-mercaneiva\/#breadcrumb\",\"itemListElement\":[{\"@type\":\"ListItem\",\"position\":1,\"name\":\"Portada\",\"item\":\"https:\/\/luchonoticias.com\/editor\/\"},{\"@type\":\"ListItem\",\"position\":2,\"name\":\"Secretar\u00eda de Salud capacit\u00f3 a vendedores de carne de Mercaneiva\"}]},{\"@type\":\"WebSite\",\"@id\":\"https:\/\/luchonoticias.com\/editor\/#website\",\"url\":\"https:\/\/luchonoticias.com\/editor\/\",\"name\":\"\",\"description\":\"\",\"publisher\":{\"@id\":\"https:\/\/luchonoticias.com\/editor\/#\/schema\/person\/7a7fd911f58561fd056dbac7b55af9cd\"},\"potentialAction\":[{\"@type\":\"SearchAction\",\"target\":{\"@type\":\"EntryPoint\",\"urlTemplate\":\"https:\/\/luchonoticias.com\/editor\/?s={search_term_string}\"},\"query-input\":{\"@type\":\"PropertyValueSpecification\",\"valueRequired\":true,\"valueName\":\"search_term_string\"}}],\"inLanguage\":\"es\"},{\"@type\":[\"Person\",\"Organization\"],\"@id\":\"https:\/\/luchonoticias.com\/editor\/#\/schema\/person\/7a7fd911f58561fd056dbac7b55af9cd\",\"name\":\"admin\",\"image\":{\"@type\":\"ImageObject\",\"inLanguage\":\"es\",\"@id\":\"https:\/\/luchonoticias.com\/editor\/#\/schema\/person\/image\/\",\"url\":\"https:\/\/luchonoticias.com\/editor\/wp-content\/uploads\/2024\/02\/cropped-cropped-logolu.webp\",\"contentUrl\":\"https:\/\/luchonoticias.com\/editor\/wp-content\/uploads\/2024\/02\/cropped-cropped-logolu.webp\",\"width\":382,\"height\":170,\"caption\":\"admin\"},\"logo\":{\"@id\":\"https:\/\/luchonoticias.com\/editor\/#\/schema\/person\/image\/\"},\"sameAs\":[\"https:\/\/www.facebook.com\/luchonoticiasneiva\"],\"url\":\"https:\/\/luchonoticias.com\/editor\/author\/admin\/\"}]}<\/script>\n<!-- \/ Yoast SEO plugin. -->","yoast_head_json":{"title":"Secretar\u00eda de Salud capacit\u00f3 a vendedores de carne de Mercaneiva -","robots":{"index":"index","follow":"follow","max-snippet":"max-snippet:-1","max-image-preview":"max-image-preview:large","max-video-preview":"max-video-preview:-1"},"canonical":"https:\/\/luchonoticias.com\/editor\/secretaria-de-salud-capacito-a-vendedores-de-carne-de-mercaneiva\/","og_locale":"es_ES","og_type":"article","og_title":"Secretar\u00eda de Salud capacit\u00f3 a vendedores de carne de Mercaneiva -","og_url":"https:\/\/luchonoticias.com\/editor\/secretaria-de-salud-capacito-a-vendedores-de-carne-de-mercaneiva\/","article_publisher":"https:\/\/www.facebook.com\/luchonoticiasneiva","article_author":"https:\/\/www.facebook.com\/luchonoticiasneiva","article_published_time":"2022-10-14T11:50:25+00:00","article_modified_time":"2022-10-14T11:50:26+00:00","og_image":[{"url":"https:\/\/luchonoticias.com\/wp-content\/uploads\/2022\/10\/WhatsApp-Image-2022-10-13-at-6.12.21-PM-1024x768.jpeg","type":"","width":"","height":""}],"author":"admin","twitter_card":"summary_large_image","twitter_misc":{"Escrito por":"admin","Tiempo de lectura":"2 minutos"},"schema":{"@context":"https:\/\/schema.org","@graph":[{"@type":"Article","@id":"https:\/\/luchonoticias.com\/editor\/secretaria-de-salud-capacito-a-vendedores-de-carne-de-mercaneiva\/#article","isPartOf":{"@id":"https:\/\/luchonoticias.com\/editor\/secretaria-de-salud-capacito-a-vendedores-de-carne-de-mercaneiva\/"},"author":{"name":"admin","@id":"https:\/\/luchonoticias.com\/editor\/#\/schema\/person\/7a7fd911f58561fd056dbac7b55af9cd"},"headline":"Secretar\u00eda de Salud capacit\u00f3 a vendedores de carne de Mercaneiva","datePublished":"2022-10-14T11:50:25+00:00","dateModified":"2022-10-14T11:50:26+00:00","mainEntityOfPage":{"@id":"https:\/\/luchonoticias.com\/editor\/secretaria-de-salud-capacito-a-vendedores-de-carne-de-mercaneiva\/"},"wordCount":422,"commentCount":0,"publisher":{"@id":"https:\/\/luchonoticias.com\/editor\/#\/schema\/person\/7a7fd911f58561fd056dbac7b55af9cd"},"image":{"@id":"https:\/\/luchonoticias.com\/editor\/secretaria-de-salud-capacito-a-vendedores-de-carne-de-mercaneiva\/#primaryimage"},"thumbnailUrl":"https:\/\/luchonoticias.com\/wp-content\/uploads\/2022\/10\/WhatsApp-Image-2022-10-13-at-6.12.21-PM-1024x768.jpeg","articleSection":["Destacado","Local"],"inLanguage":"es","potentialAction":[{"@type":"CommentAction","name":"Comment","target":["https:\/\/luchonoticias.com\/editor\/secretaria-de-salud-capacito-a-vendedores-de-carne-de-mercaneiva\/#respond"]}]},{"@type":"WebPage","@id":"https:\/\/luchonoticias.com\/editor\/secretaria-de-salud-capacito-a-vendedores-de-carne-de-mercaneiva\/","url":"https:\/\/luchonoticias.com\/editor\/secretaria-de-salud-capacito-a-vendedores-de-carne-de-mercaneiva\/","name":"Secretar\u00eda de Salud capacit\u00f3 a vendedores de carne de Mercaneiva -","isPartOf":{"@id":"https:\/\/luchonoticias.com\/editor\/#website"},"primaryImageOfPage":{"@id":"https:\/\/luchonoticias.com\/editor\/secretaria-de-salud-capacito-a-vendedores-de-carne-de-mercaneiva\/#primaryimage"},"image":{"@id":"https:\/\/luchonoticias.com\/editor\/secretaria-de-salud-capacito-a-vendedores-de-carne-de-mercaneiva\/#primaryimage"},"thumbnailUrl":"https:\/\/luchonoticias.com\/wp-content\/uploads\/2022\/10\/WhatsApp-Image-2022-10-13-at-6.12.21-PM-1024x768.jpeg","datePublished":"2022-10-14T11:50:25+00:00","dateModified":"2022-10-14T11:50:26+00:00","breadcrumb":{"@id":"https:\/\/luchonoticias.com\/editor\/secretaria-de-salud-capacito-a-vendedores-de-carne-de-mercaneiva\/#breadcrumb"},"inLanguage":"es","potentialAction":[{"@type":"ReadAction","target":["https:\/\/luchonoticias.com\/editor\/secretaria-de-salud-capacito-a-vendedores-de-carne-de-mercaneiva\/"]}]},{"@type":"ImageObject","inLanguage":"es","@id":"https:\/\/luchonoticias.com\/editor\/secretaria-de-salud-capacito-a-vendedores-de-carne-de-mercaneiva\/#primaryimage","url":"https:\/\/luchonoticias.com\/wp-content\/uploads\/2022\/10\/WhatsApp-Image-2022-10-13-at-6.12.21-PM-1024x768.jpeg","contentUrl":"https:\/\/luchonoticias.com\/wp-content\/uploads\/2022\/10\/WhatsApp-Image-2022-10-13-at-6.12.21-PM-1024x768.jpeg"},{"@type":"BreadcrumbList","@id":"https:\/\/luchonoticias.com\/editor\/secretaria-de-salud-capacito-a-vendedores-de-carne-de-mercaneiva\/#breadcrumb","itemListElement":[{"@type":"ListItem","position":1,"name":"Portada","item":"https:\/\/luchonoticias.com\/editor\/"},{"@type":"ListItem","position":2,"name":"Secretar\u00eda de Salud capacit\u00f3 a vendedores de carne de Mercaneiva"}]},{"@type":"WebSite","@id":"https:\/\/luchonoticias.com\/editor\/#website","url":"https:\/\/luchonoticias.com\/editor\/","name":"","description":"","publisher":{"@id":"https:\/\/luchonoticias.com\/editor\/#\/schema\/person\/7a7fd911f58561fd056dbac7b55af9cd"},"potentialAction":[{"@type":"SearchAction","target":{"@type":"EntryPoint","urlTemplate":"https:\/\/luchonoticias.com\/editor\/?s={search_term_string}"},"query-input":{"@type":"PropertyValueSpecification","valueRequired":true,"valueName":"search_term_string"}}],"inLanguage":"es"},{"@type":["Person","Organization"],"@id":"https:\/\/luchonoticias.com\/editor\/#\/schema\/person\/7a7fd911f58561fd056dbac7b55af9cd","name":"admin","image":{"@type":"ImageObject","inLanguage":"es","@id":"https:\/\/luchonoticias.com\/editor\/#\/schema\/person\/image\/","url":"https:\/\/luchonoticias.com\/editor\/wp-content\/uploads\/2024\/02\/cropped-cropped-logolu.webp","contentUrl":"https:\/\/luchonoticias.com\/editor\/wp-content\/uploads\/2024\/02\/cropped-cropped-logolu.webp","width":382,"height":170,"caption":"admin"},"logo":{"@id":"https:\/\/luchonoticias.com\/editor\/#\/schema\/person\/image\/"},"sameAs":["https:\/\/www.facebook.com\/luchonoticiasneiva"],"url":"https:\/\/luchonoticias.com\/editor\/author\/admin\/"}]}},"_links":{"self":[{"href":"https:\/\/luchonoticias.com\/editor\/wp-json\/wp\/v2\/posts\/36790","targetHints":{"allow":["GET"]}}],"collection":[{"href":"https:\/\/luchonoticias.com\/editor\/wp-json\/wp\/v2\/posts"}],"about":[{"href":"https:\/\/luchonoticias.com\/editor\/wp-json\/wp\/v2\/types\/post"}],"author":[{"embeddable":true,"href":"https:\/\/luchonoticias.com\/editor\/wp-json\/wp\/v2\/users\/1"}],"replies":[{"embeddable":true,"href":"https:\/\/luchonoticias.com\/editor\/wp-json\/wp\/v2\/comments?post=36790"}],"version-history":[{"count":0,"href":"https:\/\/luchonoticias.com\/editor\/wp-json\/wp\/v2\/posts\/36790\/revisions"}],"wp:attachment":[{"href":"https:\/\/luchonoticias.com\/editor\/wp-json\/wp\/v2\/media?parent=36790"}],"wp:term":[{"taxonomy":"category","embeddable":true,"href":"https:\/\/luchonoticias.com\/editor\/wp-json\/wp\/v2\/categories?post=36790"},{"taxonomy":"post_tag","embeddable":true,"href":"https:\/\/luchonoticias.com\/editor\/wp-json\/wp\/v2\/tags?post=36790"}],"curies":[{"name":"wp","href":"https:\/\/api.w.org\/{rel}","templated":true}]}}