{"id":36853,"date":"2022-10-15T05:33:24","date_gmt":"2022-10-15T10:33:24","guid":{"rendered":"https:\/\/luchonoticias.com\/?p=36853"},"modified":"2022-10-15T05:33:25","modified_gmt":"2022-10-15T10:33:25","slug":"capacitaciones-en-pitalito-sobre-actividad-fisica","status":"publish","type":"post","link":"https:\/\/luchonoticias.com\/editor\/capacitaciones-en-pitalito-sobre-actividad-fisica\/","title":{"rendered":"Capacitaciones en Pitalito sobre actividad f\u00edsica"},"content":{"rendered":"\n<p>Por estos d\u00edas el&nbsp;<strong>Instituto de Cultura, Recreaci\u00f3n y Deportes de Pitalito,<\/strong>&nbsp;viene impulsando una serie de&nbsp;<strong>talleres&nbsp;<\/strong>a todas las personas que trabajan con la&nbsp;<strong>actividad f\u00edsica<\/strong>.<\/p>\n\n\n\n<p>Las jornadas, que&nbsp;<strong>se cumplen todos los s\u00e1bados<\/strong>, tienen como objetivo, que los participantes&nbsp;<strong>aprendan a dirigir&nbsp;<\/strong>en diferentes modalidades de la actividad f\u00edsica como gimnasia aer\u00f3bica, m\u00e9trica muscular o m\u00e9todos para aprender a dirigir alguna sesi\u00f3n.<\/p>\n\n\n\n<p>Dichos talleres se cumplen&nbsp;<strong>en el Centro Cultural H\u00e9ctor Polan\u00eda S\u00e1nchez<\/strong>&nbsp;y se cumplen desde las 7:00 de la ma\u00f1ana.<\/p>\n","protected":false},"excerpt":{"rendered":"<p>Por estos d\u00edas el&nbsp;Instituto de Cultura, Recreaci\u00f3n y Deportes de Pitalito,&nbsp;viene impulsando una serie de&nbsp;talleres&nbsp;a todas las personas que trabajan con la&nbsp;actividad f\u00edsica. Las jornadas, que&nbsp;se cumplen todos los s\u00e1bados, tienen como objetivo, que los participantes&nbsp;aprendan a dirigir&nbsp;en diferentes modalidades de la actividad f\u00edsica como gimnasia aer\u00f3bica, m\u00e9trica muscular o m\u00e9todos para aprender a dirigir [&hellip;]<\/p>\n","protected":false},"author":1,"featured_media":0,"comment_status":"open","ping_status":"open","sticky":false,"template":"","format":"standard","meta":{"footnotes":""},"categories":[34],"tags":[],"class_list":["post-36853","post","type-post","status-publish","format-standard","hentry","category-deportes"],"yoast_head":"<!-- This site is optimized with the Yoast SEO plugin v26.6 - https:\/\/yoast.com\/wordpress\/plugins\/seo\/ -->\n<title>Capacitaciones en Pitalito sobre actividad f\u00edsica -<\/title>\n<meta name=\"robots\" content=\"index, follow, max-snippet:-1, max-image-preview:large, max-video-preview:-1\" \/>\n<link rel=\"canonical\" href=\"https:\/\/luchonoticias.com\/editor\/capacitaciones-en-pitalito-sobre-actividad-fisica\/\" \/>\n<meta property=\"og:locale\" content=\"es_ES\" \/>\n<meta property=\"og:type\" content=\"article\" \/>\n<meta property=\"og:title\" content=\"Capacitaciones en Pitalito sobre actividad f\u00edsica -\" \/>\n<meta property=\"og:url\" content=\"https:\/\/luchonoticias.com\/editor\/capacitaciones-en-pitalito-sobre-actividad-fisica\/\" \/>\n<meta property=\"article:publisher\" content=\"https:\/\/www.facebook.com\/luchonoticiasneiva\" \/>\n<meta property=\"article:author\" content=\"https:\/\/www.facebook.com\/luchonoticiasneiva\" \/>\n<meta property=\"article:published_time\" content=\"2022-10-15T10:33:24+00:00\" \/>\n<meta property=\"article:modified_time\" content=\"2022-10-15T10:33:25+00:00\" \/>\n<meta name=\"author\" content=\"admin\" \/>\n<meta name=\"twitter:card\" content=\"summary_large_image\" \/>\n<meta name=\"twitter:label1\" content=\"Escrito por\" \/>\n\t<meta name=\"twitter:data1\" content=\"admin\" \/>\n\t<meta name=\"twitter:label2\" content=\"Tiempo de lectura\" \/>\n\t<meta name=\"twitter:data2\" content=\"1 minuto\" \/>\n<script type=\"application\/ld+json\" class=\"yoast-schema-graph\">{\"@context\":\"https:\/\/schema.org\",\"@graph\":[{\"@type\":\"Article\",\"@id\":\"https:\/\/luchonoticias.com\/editor\/capacitaciones-en-pitalito-sobre-actividad-fisica\/#article\",\"isPartOf\":{\"@id\":\"https:\/\/luchonoticias.com\/editor\/capacitaciones-en-pitalito-sobre-actividad-fisica\/\"},\"author\":{\"name\":\"admin\",\"@id\":\"https:\/\/luchonoticias.com\/editor\/#\/schema\/person\/7a7fd911f58561fd056dbac7b55af9cd\"},\"headline\":\"Capacitaciones en Pitalito sobre actividad f\u00edsica\",\"datePublished\":\"2022-10-15T10:33:24+00:00\",\"dateModified\":\"2022-10-15T10:33:25+00:00\",\"mainEntityOfPage\":{\"@id\":\"https:\/\/luchonoticias.com\/editor\/capacitaciones-en-pitalito-sobre-actividad-fisica\/\"},\"wordCount\":114,\"commentCount\":0,\"publisher\":{\"@id\":\"https:\/\/luchonoticias.com\/editor\/#\/schema\/person\/7a7fd911f58561fd056dbac7b55af9cd\"},\"articleSection\":[\"Deportes\"],\"inLanguage\":\"es\",\"potentialAction\":[{\"@type\":\"CommentAction\",\"name\":\"Comment\",\"target\":[\"https:\/\/luchonoticias.com\/editor\/capacitaciones-en-pitalito-sobre-actividad-fisica\/#respond\"]}]},{\"@type\":\"WebPage\",\"@id\":\"https:\/\/luchonoticias.com\/editor\/capacitaciones-en-pitalito-sobre-actividad-fisica\/\",\"url\":\"https:\/\/luchonoticias.com\/editor\/capacitaciones-en-pitalito-sobre-actividad-fisica\/\",\"name\":\"Capacitaciones en Pitalito sobre actividad f\u00edsica -\",\"isPartOf\":{\"@id\":\"https:\/\/luchonoticias.com\/editor\/#website\"},\"datePublished\":\"2022-10-15T10:33:24+00:00\",\"dateModified\":\"2022-10-15T10:33:25+00:00\",\"breadcrumb\":{\"@id\":\"https:\/\/luchonoticias.com\/editor\/capacitaciones-en-pitalito-sobre-actividad-fisica\/#breadcrumb\"},\"inLanguage\":\"es\",\"potentialAction\":[{\"@type\":\"ReadAction\",\"target\":[\"https:\/\/luchonoticias.com\/editor\/capacitaciones-en-pitalito-sobre-actividad-fisica\/\"]}]},{\"@type\":\"BreadcrumbList\",\"@id\":\"https:\/\/luchonoticias.com\/editor\/capacitaciones-en-pitalito-sobre-actividad-fisica\/#breadcrumb\",\"itemListElement\":[{\"@type\":\"ListItem\",\"position\":1,\"name\":\"Portada\",\"item\":\"https:\/\/luchonoticias.com\/editor\/\"},{\"@type\":\"ListItem\",\"position\":2,\"name\":\"Capacitaciones en Pitalito sobre actividad f\u00edsica\"}]},{\"@type\":\"WebSite\",\"@id\":\"https:\/\/luchonoticias.com\/editor\/#website\",\"url\":\"https:\/\/luchonoticias.com\/editor\/\",\"name\":\"\",\"description\":\"\",\"publisher\":{\"@id\":\"https:\/\/luchonoticias.com\/editor\/#\/schema\/person\/7a7fd911f58561fd056dbac7b55af9cd\"},\"potentialAction\":[{\"@type\":\"SearchAction\",\"target\":{\"@type\":\"EntryPoint\",\"urlTemplate\":\"https:\/\/luchonoticias.com\/editor\/?s={search_term_string}\"},\"query-input\":{\"@type\":\"PropertyValueSpecification\",\"valueRequired\":true,\"valueName\":\"search_term_string\"}}],\"inLanguage\":\"es\"},{\"@type\":[\"Person\",\"Organization\"],\"@id\":\"https:\/\/luchonoticias.com\/editor\/#\/schema\/person\/7a7fd911f58561fd056dbac7b55af9cd\",\"name\":\"admin\",\"image\":{\"@type\":\"ImageObject\",\"inLanguage\":\"es\",\"@id\":\"https:\/\/luchonoticias.com\/editor\/#\/schema\/person\/image\/\",\"url\":\"https:\/\/luchonoticias.com\/editor\/wp-content\/uploads\/2024\/02\/cropped-cropped-logolu.webp\",\"contentUrl\":\"https:\/\/luchonoticias.com\/editor\/wp-content\/uploads\/2024\/02\/cropped-cropped-logolu.webp\",\"width\":382,\"height\":170,\"caption\":\"admin\"},\"logo\":{\"@id\":\"https:\/\/luchonoticias.com\/editor\/#\/schema\/person\/image\/\"},\"sameAs\":[\"https:\/\/www.facebook.com\/luchonoticiasneiva\"],\"url\":\"https:\/\/luchonoticias.com\/editor\/author\/admin\/\"}]}<\/script>\n<!-- \/ Yoast SEO plugin. -->","yoast_head_json":{"title":"Capacitaciones en Pitalito sobre actividad f\u00edsica -","robots":{"index":"index","follow":"follow","max-snippet":"max-snippet:-1","max-image-preview":"max-image-preview:large","max-video-preview":"max-video-preview:-1"},"canonical":"https:\/\/luchonoticias.com\/editor\/capacitaciones-en-pitalito-sobre-actividad-fisica\/","og_locale":"es_ES","og_type":"article","og_title":"Capacitaciones en Pitalito sobre actividad f\u00edsica -","og_url":"https:\/\/luchonoticias.com\/editor\/capacitaciones-en-pitalito-sobre-actividad-fisica\/","article_publisher":"https:\/\/www.facebook.com\/luchonoticiasneiva","article_author":"https:\/\/www.facebook.com\/luchonoticiasneiva","article_published_time":"2022-10-15T10:33:24+00:00","article_modified_time":"2022-10-15T10:33:25+00:00","author":"admin","twitter_card":"summary_large_image","twitter_misc":{"Escrito por":"admin","Tiempo de lectura":"1 minuto"},"schema":{"@context":"https:\/\/schema.org","@graph":[{"@type":"Article","@id":"https:\/\/luchonoticias.com\/editor\/capacitaciones-en-pitalito-sobre-actividad-fisica\/#article","isPartOf":{"@id":"https:\/\/luchonoticias.com\/editor\/capacitaciones-en-pitalito-sobre-actividad-fisica\/"},"author":{"name":"admin","@id":"https:\/\/luchonoticias.com\/editor\/#\/schema\/person\/7a7fd911f58561fd056dbac7b55af9cd"},"headline":"Capacitaciones en Pitalito sobre actividad f\u00edsica","datePublished":"2022-10-15T10:33:24+00:00","dateModified":"2022-10-15T10:33:25+00:00","mainEntityOfPage":{"@id":"https:\/\/luchonoticias.com\/editor\/capacitaciones-en-pitalito-sobre-actividad-fisica\/"},"wordCount":114,"commentCount":0,"publisher":{"@id":"https:\/\/luchonoticias.com\/editor\/#\/schema\/person\/7a7fd911f58561fd056dbac7b55af9cd"},"articleSection":["Deportes"],"inLanguage":"es","potentialAction":[{"@type":"CommentAction","name":"Comment","target":["https:\/\/luchonoticias.com\/editor\/capacitaciones-en-pitalito-sobre-actividad-fisica\/#respond"]}]},{"@type":"WebPage","@id":"https:\/\/luchonoticias.com\/editor\/capacitaciones-en-pitalito-sobre-actividad-fisica\/","url":"https:\/\/luchonoticias.com\/editor\/capacitaciones-en-pitalito-sobre-actividad-fisica\/","name":"Capacitaciones en Pitalito sobre actividad f\u00edsica -","isPartOf":{"@id":"https:\/\/luchonoticias.com\/editor\/#website"},"datePublished":"2022-10-15T10:33:24+00:00","dateModified":"2022-10-15T10:33:25+00:00","breadcrumb":{"@id":"https:\/\/luchonoticias.com\/editor\/capacitaciones-en-pitalito-sobre-actividad-fisica\/#breadcrumb"},"inLanguage":"es","potentialAction":[{"@type":"ReadAction","target":["https:\/\/luchonoticias.com\/editor\/capacitaciones-en-pitalito-sobre-actividad-fisica\/"]}]},{"@type":"BreadcrumbList","@id":"https:\/\/luchonoticias.com\/editor\/capacitaciones-en-pitalito-sobre-actividad-fisica\/#breadcrumb","itemListElement":[{"@type":"ListItem","position":1,"name":"Portada","item":"https:\/\/luchonoticias.com\/editor\/"},{"@type":"ListItem","position":2,"name":"Capacitaciones en Pitalito sobre actividad f\u00edsica"}]},{"@type":"WebSite","@id":"https:\/\/luchonoticias.com\/editor\/#website","url":"https:\/\/luchonoticias.com\/editor\/","name":"","description":"","publisher":{"@id":"https:\/\/luchonoticias.com\/editor\/#\/schema\/person\/7a7fd911f58561fd056dbac7b55af9cd"},"potentialAction":[{"@type":"SearchAction","target":{"@type":"EntryPoint","urlTemplate":"https:\/\/luchonoticias.com\/editor\/?s={search_term_string}"},"query-input":{"@type":"PropertyValueSpecification","valueRequired":true,"valueName":"search_term_string"}}],"inLanguage":"es"},{"@type":["Person","Organization"],"@id":"https:\/\/luchonoticias.com\/editor\/#\/schema\/person\/7a7fd911f58561fd056dbac7b55af9cd","name":"admin","image":{"@type":"ImageObject","inLanguage":"es","@id":"https:\/\/luchonoticias.com\/editor\/#\/schema\/person\/image\/","url":"https:\/\/luchonoticias.com\/editor\/wp-content\/uploads\/2024\/02\/cropped-cropped-logolu.webp","contentUrl":"https:\/\/luchonoticias.com\/editor\/wp-content\/uploads\/2024\/02\/cropped-cropped-logolu.webp","width":382,"height":170,"caption":"admin"},"logo":{"@id":"https:\/\/luchonoticias.com\/editor\/#\/schema\/person\/image\/"},"sameAs":["https:\/\/www.facebook.com\/luchonoticiasneiva"],"url":"https:\/\/luchonoticias.com\/editor\/author\/admin\/"}]}},"_links":{"self":[{"href":"https:\/\/luchonoticias.com\/editor\/wp-json\/wp\/v2\/posts\/36853","targetHints":{"allow":["GET"]}}],"collection":[{"href":"https:\/\/luchonoticias.com\/editor\/wp-json\/wp\/v2\/posts"}],"about":[{"href":"https:\/\/luchonoticias.com\/editor\/wp-json\/wp\/v2\/types\/post"}],"author":[{"embeddable":true,"href":"https:\/\/luchonoticias.com\/editor\/wp-json\/wp\/v2\/users\/1"}],"replies":[{"embeddable":true,"href":"https:\/\/luchonoticias.com\/editor\/wp-json\/wp\/v2\/comments?post=36853"}],"version-history":[{"count":0,"href":"https:\/\/luchonoticias.com\/editor\/wp-json\/wp\/v2\/posts\/36853\/revisions"}],"wp:attachment":[{"href":"https:\/\/luchonoticias.com\/editor\/wp-json\/wp\/v2\/media?parent=36853"}],"wp:term":[{"taxonomy":"category","embeddable":true,"href":"https:\/\/luchonoticias.com\/editor\/wp-json\/wp\/v2\/categories?post=36853"},{"taxonomy":"post_tag","embeddable":true,"href":"https:\/\/luchonoticias.com\/editor\/wp-json\/wp\/v2\/tags?post=36853"}],"curies":[{"name":"wp","href":"https:\/\/api.w.org\/{rel}","templated":true}]}}