{"id":36859,"date":"2022-10-15T08:24:23","date_gmt":"2022-10-15T13:24:23","guid":{"rendered":"https:\/\/luchonoticias.com\/?p=36859"},"modified":"2022-10-15T08:24:23","modified_gmt":"2022-10-15T13:24:23","slug":"setp-ampliara-la-carrera-septima-y-el-puente-del-rio-del-oro","status":"publish","type":"post","link":"https:\/\/luchonoticias.com\/editor\/setp-ampliara-la-carrera-septima-y-el-puente-del-rio-del-oro\/","title":{"rendered":"SETP ampliar\u00e1 la carrera s\u00e9ptima y el puente del R\u00edo del Oro"},"content":{"rendered":"\n<p>Con el prop\u00f3sito de ampliar la carrera S\u00e9ptima y el puente vehicular que pasa sobre el r\u00edo del Oro a tres carriles, el Sistema Estrat\u00e9gico de Transporte P\u00fablico de Neiva, SETP, se encuentra adelantando los estudios t\u00e9cnicos y dise\u00f1os en este sector. El nuevo carril ser\u00eda para el uso de los buses del Sistema.<\/p>\n\n\n\n<figure class=\"wp-block-image size-large is-style-rounded\"><img decoding=\"async\" src=\"https:\/\/luchonoticias.com\/wp-content\/uploads\/2022\/10\/WhatsApp-Image-2022-10-14-at-6.41.28-PM-1-1024x576.jpeg\" alt=\"\" class=\"wp-image-36861\"\/><\/figure>\n\n\n\n<p>\u201cEsto con el fin de dar continuidad al perfil vial y garantizar que el eje principal para la movilidad y el transporte p\u00fablico de la ciudad como lo es la carrera S\u00e9ptima, goce de tres carriles continuos desde la Avenida 26, hasta la glorieta principal del Terminal de Transportes\u201d, indic\u00f3 el gerente del SETP, Faiber Sandoval Cumbe.<\/p>\n\n\n\n<figure class=\"wp-block-gallery has-nested-images columns-default is-cropped wp-block-gallery-1 is-layout-flex wp-block-gallery-is-layout-flex\">\n<figure class=\"wp-block-image size-large\"><img decoding=\"async\" data-id=\"36863\" src=\"https:\/\/luchonoticias.com\/wp-content\/uploads\/2022\/10\/WhatsApp-Image-2022-10-14-at-6.41.29-PM-1024x646.jpeg\" alt=\"\" class=\"wp-image-36863\"\/><\/figure>\n\n\n\n<figure class=\"wp-block-image size-large\"><img decoding=\"async\" data-id=\"36862\" src=\"https:\/\/luchonoticias.com\/wp-content\/uploads\/2022\/10\/WhatsApp-Image-2022-10-14-at-6.41.28-PM-1024x576.jpeg\" alt=\"\" class=\"wp-image-36862\"\/><\/figure>\n<\/figure>\n\n\n\n<p>La estructura mencionada, fue construida hacia el a\u00f1o 1991 por lo que carece de estudios t\u00e9cnicos que permitan conocer si \u00e9sta aguanta la ampliaci\u00f3n o es necesario demolerla, esto se esclarecer\u00e1 en esta primera etapa de consultor\u00eda con el Consorcio EYD SETP, que socializ\u00f3 los primeros resultados con el equipo del Sistema Estrat\u00e9gico.<\/p>\n\n\n\n<p>Sandoval Cumbe agreg\u00f3 que en la presente vigencia se espera obtener los estudios t\u00e9cnicos a detalle de tal forma que, en el primer semestre del a\u00f1o 2023, se inici\u00e9 la etapa contractual de este proyecto que busca mejorar sustancialmente la movilidad en esta zona de la ciudad.<\/p>\n","protected":false},"excerpt":{"rendered":"<p>Con el prop\u00f3sito de ampliar la carrera S\u00e9ptima y el puente vehicular que pasa sobre el r\u00edo del Oro a tres carriles, el Sistema Estrat\u00e9gico de Transporte P\u00fablico de Neiva, SETP, se encuentra adelantando los estudios t\u00e9cnicos y dise\u00f1os en este sector. El nuevo carril ser\u00eda para el uso de los buses del Sistema. \u201cEsto [&hellip;]<\/p>\n","protected":false},"author":1,"featured_media":0,"comment_status":"open","ping_status":"open","sticky":false,"template":"","format":"standard","meta":{"footnotes":""},"categories":[36,53],"tags":[],"class_list":["post-36859","post","type-post","status-publish","format-standard","hentry","category-destacado","category-neiva"],"yoast_head":"<!-- This site is optimized with the Yoast SEO plugin v26.6 - https:\/\/yoast.com\/wordpress\/plugins\/seo\/ -->\n<title>SETP ampliar\u00e1 la carrera s\u00e9ptima y el puente del R\u00edo del Oro -<\/title>\n<meta name=\"robots\" content=\"index, follow, max-snippet:-1, max-image-preview:large, max-video-preview:-1\" \/>\n<link rel=\"canonical\" href=\"https:\/\/luchonoticias.com\/editor\/setp-ampliara-la-carrera-septima-y-el-puente-del-rio-del-oro\/\" \/>\n<meta property=\"og:locale\" content=\"es_ES\" \/>\n<meta property=\"og:type\" content=\"article\" \/>\n<meta property=\"og:title\" content=\"SETP ampliar\u00e1 la carrera s\u00e9ptima y el puente del R\u00edo del Oro -\" \/>\n<meta property=\"og:url\" content=\"https:\/\/luchonoticias.com\/editor\/setp-ampliara-la-carrera-septima-y-el-puente-del-rio-del-oro\/\" \/>\n<meta property=\"article:publisher\" content=\"https:\/\/www.facebook.com\/luchonoticiasneiva\" \/>\n<meta property=\"article:author\" content=\"https:\/\/www.facebook.com\/luchonoticiasneiva\" \/>\n<meta property=\"article:published_time\" content=\"2022-10-15T13:24:23+00:00\" \/>\n<meta property=\"og:image\" content=\"https:\/\/luchonoticias.com\/wp-content\/uploads\/2022\/10\/WhatsApp-Image-2022-10-14-at-6.41.28-PM-1-1024x576.jpeg\" \/>\n<meta name=\"author\" content=\"admin\" \/>\n<meta name=\"twitter:card\" content=\"summary_large_image\" \/>\n<meta name=\"twitter:label1\" content=\"Escrito por\" \/>\n\t<meta name=\"twitter:data1\" content=\"admin\" \/>\n\t<meta name=\"twitter:label2\" content=\"Tiempo de lectura\" \/>\n\t<meta name=\"twitter:data2\" content=\"1 minuto\" \/>\n<script type=\"application\/ld+json\" class=\"yoast-schema-graph\">{\"@context\":\"https:\/\/schema.org\",\"@graph\":[{\"@type\":\"Article\",\"@id\":\"https:\/\/luchonoticias.com\/editor\/setp-ampliara-la-carrera-septima-y-el-puente-del-rio-del-oro\/#article\",\"isPartOf\":{\"@id\":\"https:\/\/luchonoticias.com\/editor\/setp-ampliara-la-carrera-septima-y-el-puente-del-rio-del-oro\/\"},\"author\":{\"name\":\"admin\",\"@id\":\"https:\/\/luchonoticias.com\/editor\/#\/schema\/person\/7a7fd911f58561fd056dbac7b55af9cd\"},\"headline\":\"SETP ampliar\u00e1 la carrera s\u00e9ptima y el puente del R\u00edo del Oro\",\"datePublished\":\"2022-10-15T13:24:23+00:00\",\"mainEntityOfPage\":{\"@id\":\"https:\/\/luchonoticias.com\/editor\/setp-ampliara-la-carrera-septima-y-el-puente-del-rio-del-oro\/\"},\"wordCount\":239,\"commentCount\":0,\"publisher\":{\"@id\":\"https:\/\/luchonoticias.com\/editor\/#\/schema\/person\/7a7fd911f58561fd056dbac7b55af9cd\"},\"image\":{\"@id\":\"https:\/\/luchonoticias.com\/editor\/setp-ampliara-la-carrera-septima-y-el-puente-del-rio-del-oro\/#primaryimage\"},\"thumbnailUrl\":\"https:\/\/luchonoticias.com\/wp-content\/uploads\/2022\/10\/WhatsApp-Image-2022-10-14-at-6.41.28-PM-1-1024x576.jpeg\",\"articleSection\":[\"Destacado\",\"Neiva\"],\"inLanguage\":\"es\",\"potentialAction\":[{\"@type\":\"CommentAction\",\"name\":\"Comment\",\"target\":[\"https:\/\/luchonoticias.com\/editor\/setp-ampliara-la-carrera-septima-y-el-puente-del-rio-del-oro\/#respond\"]}]},{\"@type\":\"WebPage\",\"@id\":\"https:\/\/luchonoticias.com\/editor\/setp-ampliara-la-carrera-septima-y-el-puente-del-rio-del-oro\/\",\"url\":\"https:\/\/luchonoticias.com\/editor\/setp-ampliara-la-carrera-septima-y-el-puente-del-rio-del-oro\/\",\"name\":\"SETP ampliar\u00e1 la carrera s\u00e9ptima y el puente del R\u00edo del Oro -\",\"isPartOf\":{\"@id\":\"https:\/\/luchonoticias.com\/editor\/#website\"},\"primaryImageOfPage\":{\"@id\":\"https:\/\/luchonoticias.com\/editor\/setp-ampliara-la-carrera-septima-y-el-puente-del-rio-del-oro\/#primaryimage\"},\"image\":{\"@id\":\"https:\/\/luchonoticias.com\/editor\/setp-ampliara-la-carrera-septima-y-el-puente-del-rio-del-oro\/#primaryimage\"},\"thumbnailUrl\":\"https:\/\/luchonoticias.com\/wp-content\/uploads\/2022\/10\/WhatsApp-Image-2022-10-14-at-6.41.28-PM-1-1024x576.jpeg\",\"datePublished\":\"2022-10-15T13:24:23+00:00\",\"breadcrumb\":{\"@id\":\"https:\/\/luchonoticias.com\/editor\/setp-ampliara-la-carrera-septima-y-el-puente-del-rio-del-oro\/#breadcrumb\"},\"inLanguage\":\"es\",\"potentialAction\":[{\"@type\":\"ReadAction\",\"target\":[\"https:\/\/luchonoticias.com\/editor\/setp-ampliara-la-carrera-septima-y-el-puente-del-rio-del-oro\/\"]}]},{\"@type\":\"ImageObject\",\"inLanguage\":\"es\",\"@id\":\"https:\/\/luchonoticias.com\/editor\/setp-ampliara-la-carrera-septima-y-el-puente-del-rio-del-oro\/#primaryimage\",\"url\":\"https:\/\/luchonoticias.com\/wp-content\/uploads\/2022\/10\/WhatsApp-Image-2022-10-14-at-6.41.28-PM-1-1024x576.jpeg\",\"contentUrl\":\"https:\/\/luchonoticias.com\/wp-content\/uploads\/2022\/10\/WhatsApp-Image-2022-10-14-at-6.41.28-PM-1-1024x576.jpeg\"},{\"@type\":\"BreadcrumbList\",\"@id\":\"https:\/\/luchonoticias.com\/editor\/setp-ampliara-la-carrera-septima-y-el-puente-del-rio-del-oro\/#breadcrumb\",\"itemListElement\":[{\"@type\":\"ListItem\",\"position\":1,\"name\":\"Portada\",\"item\":\"https:\/\/luchonoticias.com\/editor\/\"},{\"@type\":\"ListItem\",\"position\":2,\"name\":\"SETP ampliar\u00e1 la carrera s\u00e9ptima y el puente del R\u00edo del Oro\"}]},{\"@type\":\"WebSite\",\"@id\":\"https:\/\/luchonoticias.com\/editor\/#website\",\"url\":\"https:\/\/luchonoticias.com\/editor\/\",\"name\":\"\",\"description\":\"\",\"publisher\":{\"@id\":\"https:\/\/luchonoticias.com\/editor\/#\/schema\/person\/7a7fd911f58561fd056dbac7b55af9cd\"},\"potentialAction\":[{\"@type\":\"SearchAction\",\"target\":{\"@type\":\"EntryPoint\",\"urlTemplate\":\"https:\/\/luchonoticias.com\/editor\/?s={search_term_string}\"},\"query-input\":{\"@type\":\"PropertyValueSpecification\",\"valueRequired\":true,\"valueName\":\"search_term_string\"}}],\"inLanguage\":\"es\"},{\"@type\":[\"Person\",\"Organization\"],\"@id\":\"https:\/\/luchonoticias.com\/editor\/#\/schema\/person\/7a7fd911f58561fd056dbac7b55af9cd\",\"name\":\"admin\",\"image\":{\"@type\":\"ImageObject\",\"inLanguage\":\"es\",\"@id\":\"https:\/\/luchonoticias.com\/editor\/#\/schema\/person\/image\/\",\"url\":\"https:\/\/luchonoticias.com\/editor\/wp-content\/uploads\/2024\/02\/cropped-cropped-logolu.webp\",\"contentUrl\":\"https:\/\/luchonoticias.com\/editor\/wp-content\/uploads\/2024\/02\/cropped-cropped-logolu.webp\",\"width\":382,\"height\":170,\"caption\":\"admin\"},\"logo\":{\"@id\":\"https:\/\/luchonoticias.com\/editor\/#\/schema\/person\/image\/\"},\"sameAs\":[\"https:\/\/www.facebook.com\/luchonoticiasneiva\"],\"url\":\"https:\/\/luchonoticias.com\/editor\/author\/admin\/\"}]}<\/script>\n<!-- \/ Yoast SEO plugin. -->","yoast_head_json":{"title":"SETP ampliar\u00e1 la carrera s\u00e9ptima y el puente del R\u00edo del Oro -","robots":{"index":"index","follow":"follow","max-snippet":"max-snippet:-1","max-image-preview":"max-image-preview:large","max-video-preview":"max-video-preview:-1"},"canonical":"https:\/\/luchonoticias.com\/editor\/setp-ampliara-la-carrera-septima-y-el-puente-del-rio-del-oro\/","og_locale":"es_ES","og_type":"article","og_title":"SETP ampliar\u00e1 la carrera s\u00e9ptima y el puente del R\u00edo del Oro -","og_url":"https:\/\/luchonoticias.com\/editor\/setp-ampliara-la-carrera-septima-y-el-puente-del-rio-del-oro\/","article_publisher":"https:\/\/www.facebook.com\/luchonoticiasneiva","article_author":"https:\/\/www.facebook.com\/luchonoticiasneiva","article_published_time":"2022-10-15T13:24:23+00:00","og_image":[{"url":"https:\/\/luchonoticias.com\/wp-content\/uploads\/2022\/10\/WhatsApp-Image-2022-10-14-at-6.41.28-PM-1-1024x576.jpeg","type":"","width":"","height":""}],"author":"admin","twitter_card":"summary_large_image","twitter_misc":{"Escrito por":"admin","Tiempo de lectura":"1 minuto"},"schema":{"@context":"https:\/\/schema.org","@graph":[{"@type":"Article","@id":"https:\/\/luchonoticias.com\/editor\/setp-ampliara-la-carrera-septima-y-el-puente-del-rio-del-oro\/#article","isPartOf":{"@id":"https:\/\/luchonoticias.com\/editor\/setp-ampliara-la-carrera-septima-y-el-puente-del-rio-del-oro\/"},"author":{"name":"admin","@id":"https:\/\/luchonoticias.com\/editor\/#\/schema\/person\/7a7fd911f58561fd056dbac7b55af9cd"},"headline":"SETP ampliar\u00e1 la carrera s\u00e9ptima y el puente del R\u00edo del Oro","datePublished":"2022-10-15T13:24:23+00:00","mainEntityOfPage":{"@id":"https:\/\/luchonoticias.com\/editor\/setp-ampliara-la-carrera-septima-y-el-puente-del-rio-del-oro\/"},"wordCount":239,"commentCount":0,"publisher":{"@id":"https:\/\/luchonoticias.com\/editor\/#\/schema\/person\/7a7fd911f58561fd056dbac7b55af9cd"},"image":{"@id":"https:\/\/luchonoticias.com\/editor\/setp-ampliara-la-carrera-septima-y-el-puente-del-rio-del-oro\/#primaryimage"},"thumbnailUrl":"https:\/\/luchonoticias.com\/wp-content\/uploads\/2022\/10\/WhatsApp-Image-2022-10-14-at-6.41.28-PM-1-1024x576.jpeg","articleSection":["Destacado","Neiva"],"inLanguage":"es","potentialAction":[{"@type":"CommentAction","name":"Comment","target":["https:\/\/luchonoticias.com\/editor\/setp-ampliara-la-carrera-septima-y-el-puente-del-rio-del-oro\/#respond"]}]},{"@type":"WebPage","@id":"https:\/\/luchonoticias.com\/editor\/setp-ampliara-la-carrera-septima-y-el-puente-del-rio-del-oro\/","url":"https:\/\/luchonoticias.com\/editor\/setp-ampliara-la-carrera-septima-y-el-puente-del-rio-del-oro\/","name":"SETP ampliar\u00e1 la carrera s\u00e9ptima y el puente del R\u00edo del Oro -","isPartOf":{"@id":"https:\/\/luchonoticias.com\/editor\/#website"},"primaryImageOfPage":{"@id":"https:\/\/luchonoticias.com\/editor\/setp-ampliara-la-carrera-septima-y-el-puente-del-rio-del-oro\/#primaryimage"},"image":{"@id":"https:\/\/luchonoticias.com\/editor\/setp-ampliara-la-carrera-septima-y-el-puente-del-rio-del-oro\/#primaryimage"},"thumbnailUrl":"https:\/\/luchonoticias.com\/wp-content\/uploads\/2022\/10\/WhatsApp-Image-2022-10-14-at-6.41.28-PM-1-1024x576.jpeg","datePublished":"2022-10-15T13:24:23+00:00","breadcrumb":{"@id":"https:\/\/luchonoticias.com\/editor\/setp-ampliara-la-carrera-septima-y-el-puente-del-rio-del-oro\/#breadcrumb"},"inLanguage":"es","potentialAction":[{"@type":"ReadAction","target":["https:\/\/luchonoticias.com\/editor\/setp-ampliara-la-carrera-septima-y-el-puente-del-rio-del-oro\/"]}]},{"@type":"ImageObject","inLanguage":"es","@id":"https:\/\/luchonoticias.com\/editor\/setp-ampliara-la-carrera-septima-y-el-puente-del-rio-del-oro\/#primaryimage","url":"https:\/\/luchonoticias.com\/wp-content\/uploads\/2022\/10\/WhatsApp-Image-2022-10-14-at-6.41.28-PM-1-1024x576.jpeg","contentUrl":"https:\/\/luchonoticias.com\/wp-content\/uploads\/2022\/10\/WhatsApp-Image-2022-10-14-at-6.41.28-PM-1-1024x576.jpeg"},{"@type":"BreadcrumbList","@id":"https:\/\/luchonoticias.com\/editor\/setp-ampliara-la-carrera-septima-y-el-puente-del-rio-del-oro\/#breadcrumb","itemListElement":[{"@type":"ListItem","position":1,"name":"Portada","item":"https:\/\/luchonoticias.com\/editor\/"},{"@type":"ListItem","position":2,"name":"SETP ampliar\u00e1 la carrera s\u00e9ptima y el puente del R\u00edo del Oro"}]},{"@type":"WebSite","@id":"https:\/\/luchonoticias.com\/editor\/#website","url":"https:\/\/luchonoticias.com\/editor\/","name":"","description":"","publisher":{"@id":"https:\/\/luchonoticias.com\/editor\/#\/schema\/person\/7a7fd911f58561fd056dbac7b55af9cd"},"potentialAction":[{"@type":"SearchAction","target":{"@type":"EntryPoint","urlTemplate":"https:\/\/luchonoticias.com\/editor\/?s={search_term_string}"},"query-input":{"@type":"PropertyValueSpecification","valueRequired":true,"valueName":"search_term_string"}}],"inLanguage":"es"},{"@type":["Person","Organization"],"@id":"https:\/\/luchonoticias.com\/editor\/#\/schema\/person\/7a7fd911f58561fd056dbac7b55af9cd","name":"admin","image":{"@type":"ImageObject","inLanguage":"es","@id":"https:\/\/luchonoticias.com\/editor\/#\/schema\/person\/image\/","url":"https:\/\/luchonoticias.com\/editor\/wp-content\/uploads\/2024\/02\/cropped-cropped-logolu.webp","contentUrl":"https:\/\/luchonoticias.com\/editor\/wp-content\/uploads\/2024\/02\/cropped-cropped-logolu.webp","width":382,"height":170,"caption":"admin"},"logo":{"@id":"https:\/\/luchonoticias.com\/editor\/#\/schema\/person\/image\/"},"sameAs":["https:\/\/www.facebook.com\/luchonoticiasneiva"],"url":"https:\/\/luchonoticias.com\/editor\/author\/admin\/"}]}},"_links":{"self":[{"href":"https:\/\/luchonoticias.com\/editor\/wp-json\/wp\/v2\/posts\/36859","targetHints":{"allow":["GET"]}}],"collection":[{"href":"https:\/\/luchonoticias.com\/editor\/wp-json\/wp\/v2\/posts"}],"about":[{"href":"https:\/\/luchonoticias.com\/editor\/wp-json\/wp\/v2\/types\/post"}],"author":[{"embeddable":true,"href":"https:\/\/luchonoticias.com\/editor\/wp-json\/wp\/v2\/users\/1"}],"replies":[{"embeddable":true,"href":"https:\/\/luchonoticias.com\/editor\/wp-json\/wp\/v2\/comments?post=36859"}],"version-history":[{"count":0,"href":"https:\/\/luchonoticias.com\/editor\/wp-json\/wp\/v2\/posts\/36859\/revisions"}],"wp:attachment":[{"href":"https:\/\/luchonoticias.com\/editor\/wp-json\/wp\/v2\/media?parent=36859"}],"wp:term":[{"taxonomy":"category","embeddable":true,"href":"https:\/\/luchonoticias.com\/editor\/wp-json\/wp\/v2\/categories?post=36859"},{"taxonomy":"post_tag","embeddable":true,"href":"https:\/\/luchonoticias.com\/editor\/wp-json\/wp\/v2\/tags?post=36859"}],"curies":[{"name":"wp","href":"https:\/\/api.w.org\/{rel}","templated":true}]}}