{"id":36880,"date":"2022-10-15T08:33:03","date_gmt":"2022-10-15T13:33:03","guid":{"rendered":"https:\/\/luchonoticias.com\/?p=36880"},"modified":"2022-10-15T08:33:04","modified_gmt":"2022-10-15T13:33:04","slug":"alcaldia-de-neiva-continua-trabajando-por-los-derechos-de-la-mujer","status":"publish","type":"post","link":"https:\/\/luchonoticias.com\/editor\/alcaldia-de-neiva-continua-trabajando-por-los-derechos-de-la-mujer\/","title":{"rendered":"Alcald\u00eda de Neiva contin\u00faa\u00a0 trabajando por los derechos de la mujer"},"content":{"rendered":"\n<p>En la Casa Empoderadora de la Mujer se llev\u00f3 a cabo la Rendici\u00f3n de Cuentas de la Pol\u00edtica P\u00fablica de la Mujer y Equidad de G\u00e9nero, establecida desde el a\u00f1o 2017 por el acuerdo 024, dirigida a garantizar los derechos de todas las mujeres que habitan el municipio de Neiva, tanto de la zona urbana como de la zona rural y contempla al Consejo Comunitario de Mujeres de Neiva como la organizaci\u00f3n que representa todos los sectores de mujeres que habitan el municipio siendo una instancia de participaci\u00f3n garante del cumplimiento de la pol\u00edtica.<\/p>\n\n\n\n<figure class=\"wp-block-gallery has-nested-images columns-default is-cropped wp-block-gallery-1 is-layout-flex wp-block-gallery-is-layout-flex\">\n<figure class=\"wp-block-image size-large\"><img decoding=\"async\" data-id=\"36883\" src=\"https:\/\/luchonoticias.com\/wp-content\/uploads\/2022\/10\/WhatsApp-Image-2022-10-14-at-7.19.45-PM-2-1024x682.jpeg\" alt=\"\" class=\"wp-image-36883\"\/><\/figure>\n\n\n\n<figure class=\"wp-block-image size-large\"><img decoding=\"async\" data-id=\"36882\" src=\"https:\/\/luchonoticias.com\/wp-content\/uploads\/2022\/10\/WhatsApp-Image-2022-10-14-at-7.19.45-PM-1024x682.jpeg\" alt=\"\" class=\"wp-image-36882\"\/><\/figure>\n<\/figure>\n\n\n\n<p>La audiencia estuvo a cargo de Adriana Caicedo, secretaria de la Mujer, Infancia y Adolescencia, quien dio a conocer el trabajo que han venido realizando desde esta dependencia con el objetivo de resaltar a la mujer neivana.<\/p>\n\n\n\n<p>\u201cPor delegaci\u00f3n de nuestro alcalde Gorky Mu\u00f1oz Calder\u00f3n, hemos realizado la Audiencia P\u00fablica de Rendici\u00f3n de Cuentas del Programa Mujer y Equidad de G\u00e9nero de la Pol\u00edtica P\u00fablica, en el cual dimos un balance de las diferentes acciones que se realizan con el Consejo Comunitario de Mujeres, con la presidentas de los Clubes de Amas de Casas y todas las acciones que se realizan desde la Comisi\u00f3n Intersectorial\u201d, sostuvo la funcionaria.<\/p>\n\n\n\n<p>Con el prop\u00f3sito de dialogar con los grupos de inter\u00e9s para la implementaci\u00f3n de la Pol\u00edtica P\u00fablica de Mujer y Equidad de G\u00e9nero, establecieron diferentes espacios de participaci\u00f3n ciudadana para la construcci\u00f3n y puesta en marcha de la estrategia de rendici\u00f3n de cuentas llamada \u2018Mujeres Protagonistas\u2019, estrategia que const\u00f3 de espacios de di\u00e1logo con la comunidad referentes al desarrollo, ejecuci\u00f3n y concertaci\u00f3n de compromisos para el cumplimiento de la pol\u00edtica p\u00fablica.<\/p>\n\n\n\n<p>\u201cDesde la Secretar\u00eda de la Mujer, Infancia y Adolescencia hacemos parte de la l\u00ednea estrat\u00e9gica de desarrollo social en el cual desde la Secretar\u00eda tenemos nueve metas de producto, seis de primera infancia, infancia adolescencia, una de diversidad sexual, dos del programa Mujer y Equidad de G\u00e9nero, hoy dimos unas cifras de las inversiones que ha realizado la presente Administraci\u00f3n y decirles que vamos a seguir trabajando en el empoderamiento de la mujer neivana\u201d, dijo la Secretaria.<\/p>\n\n\n\n<figure class=\"wp-block-gallery has-nested-images columns-default is-cropped wp-block-gallery-2 is-layout-flex wp-block-gallery-is-layout-flex\">\n<figure class=\"wp-block-image size-large\"><img decoding=\"async\" data-id=\"36884\" src=\"https:\/\/luchonoticias.com\/wp-content\/uploads\/2022\/10\/WhatsApp-Image-2022-10-14-at-7.19.45-PM-1-1024x682.jpeg\" alt=\"\" class=\"wp-image-36884\"\/><\/figure>\n\n\n\n<figure class=\"wp-block-image size-large\"><img decoding=\"async\" data-id=\"36885\" src=\"https:\/\/luchonoticias.com\/wp-content\/uploads\/2022\/10\/WhatsApp-Image-2022-10-14-at-7.19.44-PM-1024x682.jpeg\" alt=\"\" class=\"wp-image-36885\"\/><\/figure>\n<\/figure>\n\n\n\n<p>En este espacio dieron a conocer el trabajo que han realizado durante esta vigencia en todas las comunas y corregimientos de Neiva en pro a la mujer, a su vez expusieron los retos que tienen para la vigencia 2023, los cuales son: fortalecer la casa Empoderadora para la mujer neivana, constituy\u00e9ndola como un espacio de articulaci\u00f3n para el empoderamiento personal, econ\u00f3mico y productivo de las mujeres. Realizar las gestiones necesarias para que Neiva cuente con casa refugio y seguir articulando esfuerzos para disminuir los \u00edndices de violencia en el municipio. Y por \u00faltimo, dar funcionamiento al fondo de financiamiento para la mujer rural.<\/p>\n","protected":false},"excerpt":{"rendered":"<p>En la Casa Empoderadora de la Mujer se llev\u00f3 a cabo la Rendici\u00f3n de Cuentas de la Pol\u00edtica P\u00fablica de la Mujer y Equidad de G\u00e9nero, establecida desde el a\u00f1o 2017 por el acuerdo 024, dirigida a garantizar los derechos de todas las mujeres que habitan el municipio de Neiva, tanto de la zona urbana [&hellip;]<\/p>\n","protected":false},"author":1,"featured_media":0,"comment_status":"open","ping_status":"open","sticky":false,"template":"","format":"standard","meta":{"footnotes":""},"categories":[36,53],"tags":[],"class_list":["post-36880","post","type-post","status-publish","format-standard","hentry","category-destacado","category-neiva"],"yoast_head":"<!-- This site is optimized with the Yoast SEO plugin v26.6 - https:\/\/yoast.com\/wordpress\/plugins\/seo\/ -->\n<title>Alcald\u00eda de Neiva contin\u00faa\u00a0 trabajando por los derechos de la mujer -<\/title>\n<meta name=\"robots\" content=\"index, follow, max-snippet:-1, max-image-preview:large, max-video-preview:-1\" \/>\n<link rel=\"canonical\" href=\"https:\/\/luchonoticias.com\/editor\/alcaldia-de-neiva-continua-trabajando-por-los-derechos-de-la-mujer\/\" \/>\n<meta property=\"og:locale\" content=\"es_ES\" \/>\n<meta property=\"og:type\" content=\"article\" \/>\n<meta property=\"og:title\" content=\"Alcald\u00eda de Neiva contin\u00faa\u00a0 trabajando por los derechos de la mujer -\" \/>\n<meta property=\"og:url\" content=\"https:\/\/luchonoticias.com\/editor\/alcaldia-de-neiva-continua-trabajando-por-los-derechos-de-la-mujer\/\" \/>\n<meta property=\"article:publisher\" content=\"https:\/\/www.facebook.com\/luchonoticiasneiva\" \/>\n<meta property=\"article:author\" content=\"https:\/\/www.facebook.com\/luchonoticiasneiva\" \/>\n<meta property=\"article:published_time\" content=\"2022-10-15T13:33:03+00:00\" \/>\n<meta property=\"article:modified_time\" content=\"2022-10-15T13:33:04+00:00\" \/>\n<meta property=\"og:image\" content=\"https:\/\/luchonoticias.com\/wp-content\/uploads\/2022\/10\/WhatsApp-Image-2022-10-14-at-7.19.45-PM-2-1024x682.jpeg\" \/>\n<meta name=\"author\" content=\"admin\" \/>\n<meta name=\"twitter:card\" content=\"summary_large_image\" \/>\n<meta name=\"twitter:label1\" content=\"Escrito por\" \/>\n\t<meta name=\"twitter:data1\" content=\"admin\" \/>\n\t<meta name=\"twitter:label2\" content=\"Tiempo de lectura\" \/>\n\t<meta name=\"twitter:data2\" content=\"2 minutos\" \/>\n<script type=\"application\/ld+json\" class=\"yoast-schema-graph\">{\"@context\":\"https:\/\/schema.org\",\"@graph\":[{\"@type\":\"Article\",\"@id\":\"https:\/\/luchonoticias.com\/editor\/alcaldia-de-neiva-continua-trabajando-por-los-derechos-de-la-mujer\/#article\",\"isPartOf\":{\"@id\":\"https:\/\/luchonoticias.com\/editor\/alcaldia-de-neiva-continua-trabajando-por-los-derechos-de-la-mujer\/\"},\"author\":{\"name\":\"admin\",\"@id\":\"https:\/\/luchonoticias.com\/editor\/#\/schema\/person\/7a7fd911f58561fd056dbac7b55af9cd\"},\"headline\":\"Alcald\u00eda de Neiva contin\u00faa\u00a0 trabajando por los derechos de la mujer\",\"datePublished\":\"2022-10-15T13:33:03+00:00\",\"dateModified\":\"2022-10-15T13:33:04+00:00\",\"mainEntityOfPage\":{\"@id\":\"https:\/\/luchonoticias.com\/editor\/alcaldia-de-neiva-continua-trabajando-por-los-derechos-de-la-mujer\/\"},\"wordCount\":503,\"commentCount\":0,\"publisher\":{\"@id\":\"https:\/\/luchonoticias.com\/editor\/#\/schema\/person\/7a7fd911f58561fd056dbac7b55af9cd\"},\"image\":{\"@id\":\"https:\/\/luchonoticias.com\/editor\/alcaldia-de-neiva-continua-trabajando-por-los-derechos-de-la-mujer\/#primaryimage\"},\"thumbnailUrl\":\"https:\/\/luchonoticias.com\/wp-content\/uploads\/2022\/10\/WhatsApp-Image-2022-10-14-at-7.19.45-PM-2-1024x682.jpeg\",\"articleSection\":[\"Destacado\",\"Neiva\"],\"inLanguage\":\"es\",\"potentialAction\":[{\"@type\":\"CommentAction\",\"name\":\"Comment\",\"target\":[\"https:\/\/luchonoticias.com\/editor\/alcaldia-de-neiva-continua-trabajando-por-los-derechos-de-la-mujer\/#respond\"]}]},{\"@type\":\"WebPage\",\"@id\":\"https:\/\/luchonoticias.com\/editor\/alcaldia-de-neiva-continua-trabajando-por-los-derechos-de-la-mujer\/\",\"url\":\"https:\/\/luchonoticias.com\/editor\/alcaldia-de-neiva-continua-trabajando-por-los-derechos-de-la-mujer\/\",\"name\":\"Alcald\u00eda de Neiva contin\u00faa\u00a0 trabajando por los derechos de la mujer -\",\"isPartOf\":{\"@id\":\"https:\/\/luchonoticias.com\/editor\/#website\"},\"primaryImageOfPage\":{\"@id\":\"https:\/\/luchonoticias.com\/editor\/alcaldia-de-neiva-continua-trabajando-por-los-derechos-de-la-mujer\/#primaryimage\"},\"image\":{\"@id\":\"https:\/\/luchonoticias.com\/editor\/alcaldia-de-neiva-continua-trabajando-por-los-derechos-de-la-mujer\/#primaryimage\"},\"thumbnailUrl\":\"https:\/\/luchonoticias.com\/wp-content\/uploads\/2022\/10\/WhatsApp-Image-2022-10-14-at-7.19.45-PM-2-1024x682.jpeg\",\"datePublished\":\"2022-10-15T13:33:03+00:00\",\"dateModified\":\"2022-10-15T13:33:04+00:00\",\"breadcrumb\":{\"@id\":\"https:\/\/luchonoticias.com\/editor\/alcaldia-de-neiva-continua-trabajando-por-los-derechos-de-la-mujer\/#breadcrumb\"},\"inLanguage\":\"es\",\"potentialAction\":[{\"@type\":\"ReadAction\",\"target\":[\"https:\/\/luchonoticias.com\/editor\/alcaldia-de-neiva-continua-trabajando-por-los-derechos-de-la-mujer\/\"]}]},{\"@type\":\"ImageObject\",\"inLanguage\":\"es\",\"@id\":\"https:\/\/luchonoticias.com\/editor\/alcaldia-de-neiva-continua-trabajando-por-los-derechos-de-la-mujer\/#primaryimage\",\"url\":\"https:\/\/luchonoticias.com\/wp-content\/uploads\/2022\/10\/WhatsApp-Image-2022-10-14-at-7.19.45-PM-2-1024x682.jpeg\",\"contentUrl\":\"https:\/\/luchonoticias.com\/wp-content\/uploads\/2022\/10\/WhatsApp-Image-2022-10-14-at-7.19.45-PM-2-1024x682.jpeg\"},{\"@type\":\"BreadcrumbList\",\"@id\":\"https:\/\/luchonoticias.com\/editor\/alcaldia-de-neiva-continua-trabajando-por-los-derechos-de-la-mujer\/#breadcrumb\",\"itemListElement\":[{\"@type\":\"ListItem\",\"position\":1,\"name\":\"Portada\",\"item\":\"https:\/\/luchonoticias.com\/editor\/\"},{\"@type\":\"ListItem\",\"position\":2,\"name\":\"Alcald\u00eda de Neiva contin\u00faa\u00a0 trabajando por los derechos de la mujer\"}]},{\"@type\":\"WebSite\",\"@id\":\"https:\/\/luchonoticias.com\/editor\/#website\",\"url\":\"https:\/\/luchonoticias.com\/editor\/\",\"name\":\"\",\"description\":\"\",\"publisher\":{\"@id\":\"https:\/\/luchonoticias.com\/editor\/#\/schema\/person\/7a7fd911f58561fd056dbac7b55af9cd\"},\"potentialAction\":[{\"@type\":\"SearchAction\",\"target\":{\"@type\":\"EntryPoint\",\"urlTemplate\":\"https:\/\/luchonoticias.com\/editor\/?s={search_term_string}\"},\"query-input\":{\"@type\":\"PropertyValueSpecification\",\"valueRequired\":true,\"valueName\":\"search_term_string\"}}],\"inLanguage\":\"es\"},{\"@type\":[\"Person\",\"Organization\"],\"@id\":\"https:\/\/luchonoticias.com\/editor\/#\/schema\/person\/7a7fd911f58561fd056dbac7b55af9cd\",\"name\":\"admin\",\"image\":{\"@type\":\"ImageObject\",\"inLanguage\":\"es\",\"@id\":\"https:\/\/luchonoticias.com\/editor\/#\/schema\/person\/image\/\",\"url\":\"https:\/\/luchonoticias.com\/editor\/wp-content\/uploads\/2024\/02\/cropped-cropped-logolu.webp\",\"contentUrl\":\"https:\/\/luchonoticias.com\/editor\/wp-content\/uploads\/2024\/02\/cropped-cropped-logolu.webp\",\"width\":382,\"height\":170,\"caption\":\"admin\"},\"logo\":{\"@id\":\"https:\/\/luchonoticias.com\/editor\/#\/schema\/person\/image\/\"},\"sameAs\":[\"https:\/\/www.facebook.com\/luchonoticiasneiva\"],\"url\":\"https:\/\/luchonoticias.com\/editor\/author\/admin\/\"}]}<\/script>\n<!-- \/ Yoast SEO plugin. -->","yoast_head_json":{"title":"Alcald\u00eda de Neiva contin\u00faa\u00a0 trabajando por los derechos de la mujer -","robots":{"index":"index","follow":"follow","max-snippet":"max-snippet:-1","max-image-preview":"max-image-preview:large","max-video-preview":"max-video-preview:-1"},"canonical":"https:\/\/luchonoticias.com\/editor\/alcaldia-de-neiva-continua-trabajando-por-los-derechos-de-la-mujer\/","og_locale":"es_ES","og_type":"article","og_title":"Alcald\u00eda de Neiva contin\u00faa\u00a0 trabajando por los derechos de la mujer -","og_url":"https:\/\/luchonoticias.com\/editor\/alcaldia-de-neiva-continua-trabajando-por-los-derechos-de-la-mujer\/","article_publisher":"https:\/\/www.facebook.com\/luchonoticiasneiva","article_author":"https:\/\/www.facebook.com\/luchonoticiasneiva","article_published_time":"2022-10-15T13:33:03+00:00","article_modified_time":"2022-10-15T13:33:04+00:00","og_image":[{"url":"https:\/\/luchonoticias.com\/wp-content\/uploads\/2022\/10\/WhatsApp-Image-2022-10-14-at-7.19.45-PM-2-1024x682.jpeg","type":"","width":"","height":""}],"author":"admin","twitter_card":"summary_large_image","twitter_misc":{"Escrito por":"admin","Tiempo de lectura":"2 minutos"},"schema":{"@context":"https:\/\/schema.org","@graph":[{"@type":"Article","@id":"https:\/\/luchonoticias.com\/editor\/alcaldia-de-neiva-continua-trabajando-por-los-derechos-de-la-mujer\/#article","isPartOf":{"@id":"https:\/\/luchonoticias.com\/editor\/alcaldia-de-neiva-continua-trabajando-por-los-derechos-de-la-mujer\/"},"author":{"name":"admin","@id":"https:\/\/luchonoticias.com\/editor\/#\/schema\/person\/7a7fd911f58561fd056dbac7b55af9cd"},"headline":"Alcald\u00eda de Neiva contin\u00faa\u00a0 trabajando por los derechos de la mujer","datePublished":"2022-10-15T13:33:03+00:00","dateModified":"2022-10-15T13:33:04+00:00","mainEntityOfPage":{"@id":"https:\/\/luchonoticias.com\/editor\/alcaldia-de-neiva-continua-trabajando-por-los-derechos-de-la-mujer\/"},"wordCount":503,"commentCount":0,"publisher":{"@id":"https:\/\/luchonoticias.com\/editor\/#\/schema\/person\/7a7fd911f58561fd056dbac7b55af9cd"},"image":{"@id":"https:\/\/luchonoticias.com\/editor\/alcaldia-de-neiva-continua-trabajando-por-los-derechos-de-la-mujer\/#primaryimage"},"thumbnailUrl":"https:\/\/luchonoticias.com\/wp-content\/uploads\/2022\/10\/WhatsApp-Image-2022-10-14-at-7.19.45-PM-2-1024x682.jpeg","articleSection":["Destacado","Neiva"],"inLanguage":"es","potentialAction":[{"@type":"CommentAction","name":"Comment","target":["https:\/\/luchonoticias.com\/editor\/alcaldia-de-neiva-continua-trabajando-por-los-derechos-de-la-mujer\/#respond"]}]},{"@type":"WebPage","@id":"https:\/\/luchonoticias.com\/editor\/alcaldia-de-neiva-continua-trabajando-por-los-derechos-de-la-mujer\/","url":"https:\/\/luchonoticias.com\/editor\/alcaldia-de-neiva-continua-trabajando-por-los-derechos-de-la-mujer\/","name":"Alcald\u00eda de Neiva contin\u00faa\u00a0 trabajando por los derechos de la mujer -","isPartOf":{"@id":"https:\/\/luchonoticias.com\/editor\/#website"},"primaryImageOfPage":{"@id":"https:\/\/luchonoticias.com\/editor\/alcaldia-de-neiva-continua-trabajando-por-los-derechos-de-la-mujer\/#primaryimage"},"image":{"@id":"https:\/\/luchonoticias.com\/editor\/alcaldia-de-neiva-continua-trabajando-por-los-derechos-de-la-mujer\/#primaryimage"},"thumbnailUrl":"https:\/\/luchonoticias.com\/wp-content\/uploads\/2022\/10\/WhatsApp-Image-2022-10-14-at-7.19.45-PM-2-1024x682.jpeg","datePublished":"2022-10-15T13:33:03+00:00","dateModified":"2022-10-15T13:33:04+00:00","breadcrumb":{"@id":"https:\/\/luchonoticias.com\/editor\/alcaldia-de-neiva-continua-trabajando-por-los-derechos-de-la-mujer\/#breadcrumb"},"inLanguage":"es","potentialAction":[{"@type":"ReadAction","target":["https:\/\/luchonoticias.com\/editor\/alcaldia-de-neiva-continua-trabajando-por-los-derechos-de-la-mujer\/"]}]},{"@type":"ImageObject","inLanguage":"es","@id":"https:\/\/luchonoticias.com\/editor\/alcaldia-de-neiva-continua-trabajando-por-los-derechos-de-la-mujer\/#primaryimage","url":"https:\/\/luchonoticias.com\/wp-content\/uploads\/2022\/10\/WhatsApp-Image-2022-10-14-at-7.19.45-PM-2-1024x682.jpeg","contentUrl":"https:\/\/luchonoticias.com\/wp-content\/uploads\/2022\/10\/WhatsApp-Image-2022-10-14-at-7.19.45-PM-2-1024x682.jpeg"},{"@type":"BreadcrumbList","@id":"https:\/\/luchonoticias.com\/editor\/alcaldia-de-neiva-continua-trabajando-por-los-derechos-de-la-mujer\/#breadcrumb","itemListElement":[{"@type":"ListItem","position":1,"name":"Portada","item":"https:\/\/luchonoticias.com\/editor\/"},{"@type":"ListItem","position":2,"name":"Alcald\u00eda de Neiva contin\u00faa\u00a0 trabajando por los derechos de la mujer"}]},{"@type":"WebSite","@id":"https:\/\/luchonoticias.com\/editor\/#website","url":"https:\/\/luchonoticias.com\/editor\/","name":"","description":"","publisher":{"@id":"https:\/\/luchonoticias.com\/editor\/#\/schema\/person\/7a7fd911f58561fd056dbac7b55af9cd"},"potentialAction":[{"@type":"SearchAction","target":{"@type":"EntryPoint","urlTemplate":"https:\/\/luchonoticias.com\/editor\/?s={search_term_string}"},"query-input":{"@type":"PropertyValueSpecification","valueRequired":true,"valueName":"search_term_string"}}],"inLanguage":"es"},{"@type":["Person","Organization"],"@id":"https:\/\/luchonoticias.com\/editor\/#\/schema\/person\/7a7fd911f58561fd056dbac7b55af9cd","name":"admin","image":{"@type":"ImageObject","inLanguage":"es","@id":"https:\/\/luchonoticias.com\/editor\/#\/schema\/person\/image\/","url":"https:\/\/luchonoticias.com\/editor\/wp-content\/uploads\/2024\/02\/cropped-cropped-logolu.webp","contentUrl":"https:\/\/luchonoticias.com\/editor\/wp-content\/uploads\/2024\/02\/cropped-cropped-logolu.webp","width":382,"height":170,"caption":"admin"},"logo":{"@id":"https:\/\/luchonoticias.com\/editor\/#\/schema\/person\/image\/"},"sameAs":["https:\/\/www.facebook.com\/luchonoticiasneiva"],"url":"https:\/\/luchonoticias.com\/editor\/author\/admin\/"}]}},"_links":{"self":[{"href":"https:\/\/luchonoticias.com\/editor\/wp-json\/wp\/v2\/posts\/36880","targetHints":{"allow":["GET"]}}],"collection":[{"href":"https:\/\/luchonoticias.com\/editor\/wp-json\/wp\/v2\/posts"}],"about":[{"href":"https:\/\/luchonoticias.com\/editor\/wp-json\/wp\/v2\/types\/post"}],"author":[{"embeddable":true,"href":"https:\/\/luchonoticias.com\/editor\/wp-json\/wp\/v2\/users\/1"}],"replies":[{"embeddable":true,"href":"https:\/\/luchonoticias.com\/editor\/wp-json\/wp\/v2\/comments?post=36880"}],"version-history":[{"count":0,"href":"https:\/\/luchonoticias.com\/editor\/wp-json\/wp\/v2\/posts\/36880\/revisions"}],"wp:attachment":[{"href":"https:\/\/luchonoticias.com\/editor\/wp-json\/wp\/v2\/media?parent=36880"}],"wp:term":[{"taxonomy":"category","embeddable":true,"href":"https:\/\/luchonoticias.com\/editor\/wp-json\/wp\/v2\/categories?post=36880"},{"taxonomy":"post_tag","embeddable":true,"href":"https:\/\/luchonoticias.com\/editor\/wp-json\/wp\/v2\/tags?post=36880"}],"curies":[{"name":"wp","href":"https:\/\/api.w.org\/{rel}","templated":true}]}}