{"id":36916,"date":"2022-10-16T06:32:42","date_gmt":"2022-10-16T11:32:42","guid":{"rendered":"https:\/\/luchonoticias.com\/?p=36916"},"modified":"2022-10-16T06:32:43","modified_gmt":"2022-10-16T11:32:43","slug":"transformaciones-para-construir-a-colombia-como-una-potencia-mundial-de-la-vida-petro","status":"publish","type":"post","link":"https:\/\/luchonoticias.com\/editor\/transformaciones-para-construir-a-colombia-como-una-potencia-mundial-de-la-vida-petro\/","title":{"rendered":"Transformaciones para construir a Colombia como una potencia mundial de la vida: Petro"},"content":{"rendered":"\n<p>Gustavo Petro, durante la instalaci\u00f3n de los Di\u00e1logos Regionales Vinculantes en Cali revel\u00f3 que, si el triunfo electoral de junio determin\u00f3 por voluntad popular que se instaurara un Gobierno del Cambio, cambio que entonces tiene que ver con transformaciones en el orden de la pol\u00edtica social, de la pol\u00edtica ambiental y de la pol\u00edtica econ\u00f3mica, entre otros;<\/p>\n\n\n\n<p>\u201cTiene que ver con c\u00f3mo transformar el esquema productivo del pa\u00eds, de un mundo extractivista ligado a la econom\u00eda f\u00f3sil de los hidrocarburos, hacia un mundo productivo en donde la econom\u00eda popular pueda vibrar de nuevo. De poder, tanto en la ciudad, como en el campo, que se pueda volver a hablar de una reforma agraria para quintuplicar, si se puede, los esfuerzos del Gobierno por producir alimentos en Colombia y por lograr que esa inmensa desigualdad social que existe tanto en el mundo rural, sobre todo, como en el mundo urbano, puedan disminuir sustancialmente.\u201d, expres\u00f3 el mandatario de los colombianos.<\/p>\n\n\n\n<figure class=\"wp-block-gallery has-nested-images columns-default is-cropped wp-block-gallery-1 is-layout-flex wp-block-gallery-is-layout-flex\">\n<figure class=\"wp-block-image size-large\"><img decoding=\"async\" data-id=\"36918\" src=\"https:\/\/luchonoticias.com\/wp-content\/uploads\/2022\/10\/WhatsApp-Image-2022-10-15-at-5.18.21-PM.jpeg\" alt=\"\" class=\"wp-image-36918\"\/><\/figure>\n\n\n\n<figure class=\"wp-block-image size-large\"><img decoding=\"async\" data-id=\"36920\" src=\"https:\/\/luchonoticias.com\/wp-content\/uploads\/2022\/10\/WhatsApp-Image-2022-10-15-at-5.18.20-PM-3.jpeg\" alt=\"\" class=\"wp-image-36920\"\/><\/figure>\n\n\n\n<figure class=\"wp-block-image size-large\"><img decoding=\"async\" data-id=\"36919\" src=\"https:\/\/luchonoticias.com\/wp-content\/uploads\/2022\/10\/WhatsApp-Image-2022-10-15-at-5.18.20-PM-2.jpeg\" alt=\"\" class=\"wp-image-36919\"\/><\/figure>\n<\/figure>\n\n\n\n<p><strong>Cambios del modelo neoliberal<\/strong><\/p>\n\n\n\n<p>Asimismo, el presidente manifest\u00f3 que las transformaciones que tienen que ver entonces con la justicia social, tiene que ver entonces con superar un modelo de d\u00e9cadas en Colombia, repetido en todo el mundo, al que llaman neoliberalismo, y que ya no le da respuestas a la humanidad.<\/p>\n\n\n\n<p>\u201cAl contrario, ha llevado a la humanidad, como quiz\u00e1s nunca antes en su historia como especie, al borde de la extinci\u00f3n, que los cient\u00edficos ya hablan apenas de uno o dos siglos si no hacemos nada ahora. Cambios que tienen que ver entonces con la justicia ambiental, cambios que tienen que ver entonces con la posibilidad de construir de manera definitiva la paz de Colombia.<\/p>\n\n\n\n<figure class=\"wp-block-gallery has-nested-images columns-default is-cropped wp-block-gallery-2 is-layout-flex wp-block-gallery-is-layout-flex\">\n<figure class=\"wp-block-image size-large\"><img decoding=\"async\" data-id=\"36922\" src=\"https:\/\/luchonoticias.com\/wp-content\/uploads\/2022\/10\/WhatsApp-Image-2022-10-15-at-5.18.20-PM-1.jpeg\" alt=\"\" class=\"wp-image-36922\"\/><\/figure>\n\n\n\n<figure class=\"wp-block-image size-large\"><img decoding=\"async\" data-id=\"36923\" src=\"https:\/\/luchonoticias.com\/wp-content\/uploads\/2022\/10\/WhatsApp-Image-2022-10-15-at-5.18.20-PM-1024x683.jpeg\" alt=\"\" class=\"wp-image-36923\"\/><\/figure>\n\n\n\n<figure class=\"wp-block-image size-large\"><img decoding=\"async\" data-id=\"36921\" src=\"https:\/\/luchonoticias.com\/wp-content\/uploads\/2022\/10\/WhatsApp-Image-2022-10-15-at-5.18.19-PM-1.jpeg\" alt=\"\" class=\"wp-image-36921\"\/><\/figure>\n<\/figure>\n\n\n\n<p>Transformaciones que indudablemente tienen resistencias y que provendr\u00e1n, sobre todo, de quienes han gobernado a Colombia en los \u00faltimos dos siglos, llen\u00e1ndose de privilegios, llen\u00e1ndose de acumulados, de dineros, de fortunas extra\u00eddas precisamente de la injusticia social, de la injusticia ambiental, de la econom\u00eda f\u00f3sil, que no da m\u00e1s, y finalmente de la violencia misma, perpetua, de la guerra de Colombia\u201d, asever\u00f3 Petro.<\/p>\n\n\n\n<p><strong>Invitaci\u00f3n a la poblaci\u00f3n a las calles y plazas p\u00fablicas<\/strong><\/p>\n\n\n\n<p>Adicionalmente, el Presidente Gustavo Petro, dio a conocer que el actual mandato no es un gobierno encerrado y convoca a la poblaci\u00f3n a las calles, a las plazas p\u00fablicas, para que sea posible un verdadero cambio.<\/p>\n\n\n\n<p>\u201cNo es un conjunto de t\u00e9cnicos, por muy brillantes que sean, los que pueden producir la magia del cambio en Colombia. La \u00fanica manera de lograrlo \u2013y ese es el sentido de mi presencia aqu\u00ed y de estas palabras, ante todos y todas ustedes\u2013 es convocando a la poblaci\u00f3n a las calles, a las plazas p\u00fablicas. Es logrando de nuevo que multitudes, como hace unos meses, puedan salir a lo largo y a lo ancho de Colombia, puedan cubrir todo el territorio nacional. Pero esta vez no para elegir un candidato, un nombre de una persona; esta vez, para construir colectivamente el pa\u00eds que queremos. S\u00f3lo participando en la calle, solo ganando el espacio de la multitud, es que es posible el cambio. Solo el pueblo puede producirlo en realidad.<\/p>\n\n\n\n<figure class=\"wp-block-gallery has-nested-images columns-default is-cropped wp-block-gallery-3 is-layout-flex wp-block-gallery-is-layout-flex\">\n<figure class=\"wp-block-image size-large\"><img decoding=\"async\" data-id=\"36924\" src=\"https:\/\/luchonoticias.com\/wp-content\/uploads\/2022\/10\/WhatsApp-Image-2022-10-15-at-5.18.18-PM.jpeg\" alt=\"\" class=\"wp-image-36924\"\/><\/figure>\n\n\n\n<figure class=\"wp-block-image size-large\"><img decoding=\"async\" data-id=\"36925\" src=\"https:\/\/luchonoticias.com\/wp-content\/uploads\/2022\/10\/WhatsApp-Image-2022-10-15-at-4.18.19-PM.jpeg\" alt=\"\" class=\"wp-image-36925\"\/><\/figure>\n\n\n\n<figure class=\"wp-block-image size-large\"><img decoding=\"async\" data-id=\"36927\" src=\"https:\/\/luchonoticias.com\/wp-content\/uploads\/2022\/10\/WhatsApp-Image-2022-10-15-at-4.18.18-PM.jpeg\" alt=\"\" class=\"wp-image-36927\"\/><\/figure>\n\n\n\n<figure class=\"wp-block-image size-large\"><img decoding=\"async\" data-id=\"36926\" src=\"https:\/\/luchonoticias.com\/wp-content\/uploads\/2022\/10\/WhatsApp-Image-2022-10-15-at-4.18.17-PM.jpeg\" alt=\"\" class=\"wp-image-36926\"\/><\/figure>\n<\/figure>\n\n\n\n<p><strong>Paz sin apellidos<\/strong><\/p>\n\n\n\n<p>Finalmente, Gustavo Petro expres\u00f3 que su plan de trabajo es un dise\u00f1o que, si nos va bien, podr\u00eda conducir de la mano del Comisionado de Paz (Danilo Rueda), en medio de la movilizaci\u00f3n popular y haciendo del territorio una conquista de las decisiones de la gente misma, la mal llamada, en mi opini\u00f3n, Paz Total.<\/p>\n\n\n\n<p>\u201cLo que queremos es la paz sin apellido. Esa es la verdadera paz. Y es en ese clima y en ese ambiente que desatamos desde el d\u00eda de hoy que podr\u00edamos construir los mecanismos concretos de la enorme desmovilizaci\u00f3n de la violencia y el de la guerra, y quiz\u00e1s el paso hacia una era en realidad que pueda llevarnos a los que llam\u00e1bamos en la campa\u00f1a una era de paz. Paz sin apellidos. Queremos millones de personas dise\u00f1ando el pa\u00eds. Queremos millones de personas siendo las due\u00f1as de Colombia, due\u00f1as del poder, due\u00f1as de la pol\u00edtica, due\u00f1as del que hacer. Lo que queremos es una Colombia de los colombianos y de las colombianas. Y creo que este camino es el camino de la justicia social y de la paz, el camino que nos acerca a hacer de Colombia una potencia mundial de la vida\u201d, concluy\u00f3.<\/p>\n","protected":false},"excerpt":{"rendered":"<p>Gustavo Petro, durante la instalaci\u00f3n de los Di\u00e1logos Regionales Vinculantes en Cali revel\u00f3 que, si el triunfo electoral de junio determin\u00f3 por voluntad popular que se instaurara un Gobierno del Cambio, cambio que entonces tiene que ver con transformaciones en el orden de la pol\u00edtica social, de la pol\u00edtica ambiental y de la pol\u00edtica econ\u00f3mica, [&hellip;]<\/p>\n","protected":false},"author":1,"featured_media":0,"comment_status":"open","ping_status":"open","sticky":false,"template":"","format":"standard","meta":{"footnotes":""},"categories":[36,32],"tags":[],"class_list":["post-36916","post","type-post","status-publish","format-standard","hentry","category-destacado","category-nacional"],"yoast_head":"<!-- This site is optimized with the Yoast SEO plugin v26.6 - https:\/\/yoast.com\/wordpress\/plugins\/seo\/ -->\n<title>Transformaciones para construir a Colombia como una potencia mundial de la vida: Petro -<\/title>\n<meta name=\"robots\" content=\"index, follow, max-snippet:-1, max-image-preview:large, max-video-preview:-1\" \/>\n<link rel=\"canonical\" href=\"https:\/\/luchonoticias.com\/editor\/transformaciones-para-construir-a-colombia-como-una-potencia-mundial-de-la-vida-petro\/\" \/>\n<meta property=\"og:locale\" content=\"es_ES\" \/>\n<meta property=\"og:type\" content=\"article\" \/>\n<meta property=\"og:title\" content=\"Transformaciones para construir a Colombia como una potencia mundial de la vida: Petro -\" \/>\n<meta property=\"og:url\" content=\"https:\/\/luchonoticias.com\/editor\/transformaciones-para-construir-a-colombia-como-una-potencia-mundial-de-la-vida-petro\/\" \/>\n<meta property=\"article:publisher\" content=\"https:\/\/www.facebook.com\/luchonoticiasneiva\" \/>\n<meta property=\"article:author\" content=\"https:\/\/www.facebook.com\/luchonoticiasneiva\" \/>\n<meta property=\"article:published_time\" content=\"2022-10-16T11:32:42+00:00\" \/>\n<meta property=\"article:modified_time\" content=\"2022-10-16T11:32:43+00:00\" \/>\n<meta property=\"og:image\" content=\"https:\/\/luchonoticias.com\/wp-content\/uploads\/2022\/10\/WhatsApp-Image-2022-10-15-at-5.18.21-PM.jpeg\" \/>\n<meta name=\"author\" content=\"admin\" \/>\n<meta name=\"twitter:card\" content=\"summary_large_image\" \/>\n<meta name=\"twitter:label1\" content=\"Escrito por\" \/>\n\t<meta name=\"twitter:data1\" content=\"admin\" \/>\n\t<meta name=\"twitter:label2\" content=\"Tiempo de lectura\" \/>\n\t<meta name=\"twitter:data2\" content=\"4 minutos\" \/>\n<script type=\"application\/ld+json\" class=\"yoast-schema-graph\">{\"@context\":\"https:\/\/schema.org\",\"@graph\":[{\"@type\":\"Article\",\"@id\":\"https:\/\/luchonoticias.com\/editor\/transformaciones-para-construir-a-colombia-como-una-potencia-mundial-de-la-vida-petro\/#article\",\"isPartOf\":{\"@id\":\"https:\/\/luchonoticias.com\/editor\/transformaciones-para-construir-a-colombia-como-una-potencia-mundial-de-la-vida-petro\/\"},\"author\":{\"name\":\"admin\",\"@id\":\"https:\/\/luchonoticias.com\/editor\/#\/schema\/person\/7a7fd911f58561fd056dbac7b55af9cd\"},\"headline\":\"Transformaciones para construir a Colombia como una potencia mundial de la vida: Petro\",\"datePublished\":\"2022-10-16T11:32:42+00:00\",\"dateModified\":\"2022-10-16T11:32:43+00:00\",\"mainEntityOfPage\":{\"@id\":\"https:\/\/luchonoticias.com\/editor\/transformaciones-para-construir-a-colombia-como-una-potencia-mundial-de-la-vida-petro\/\"},\"wordCount\":778,\"commentCount\":0,\"publisher\":{\"@id\":\"https:\/\/luchonoticias.com\/editor\/#\/schema\/person\/7a7fd911f58561fd056dbac7b55af9cd\"},\"image\":{\"@id\":\"https:\/\/luchonoticias.com\/editor\/transformaciones-para-construir-a-colombia-como-una-potencia-mundial-de-la-vida-petro\/#primaryimage\"},\"thumbnailUrl\":\"https:\/\/luchonoticias.com\/wp-content\/uploads\/2022\/10\/WhatsApp-Image-2022-10-15-at-5.18.21-PM.jpeg\",\"articleSection\":[\"Destacado\",\"Nacional\"],\"inLanguage\":\"es\",\"potentialAction\":[{\"@type\":\"CommentAction\",\"name\":\"Comment\",\"target\":[\"https:\/\/luchonoticias.com\/editor\/transformaciones-para-construir-a-colombia-como-una-potencia-mundial-de-la-vida-petro\/#respond\"]}]},{\"@type\":\"WebPage\",\"@id\":\"https:\/\/luchonoticias.com\/editor\/transformaciones-para-construir-a-colombia-como-una-potencia-mundial-de-la-vida-petro\/\",\"url\":\"https:\/\/luchonoticias.com\/editor\/transformaciones-para-construir-a-colombia-como-una-potencia-mundial-de-la-vida-petro\/\",\"name\":\"Transformaciones para construir a Colombia como una potencia mundial de la vida: Petro -\",\"isPartOf\":{\"@id\":\"https:\/\/luchonoticias.com\/editor\/#website\"},\"primaryImageOfPage\":{\"@id\":\"https:\/\/luchonoticias.com\/editor\/transformaciones-para-construir-a-colombia-como-una-potencia-mundial-de-la-vida-petro\/#primaryimage\"},\"image\":{\"@id\":\"https:\/\/luchonoticias.com\/editor\/transformaciones-para-construir-a-colombia-como-una-potencia-mundial-de-la-vida-petro\/#primaryimage\"},\"thumbnailUrl\":\"https:\/\/luchonoticias.com\/wp-content\/uploads\/2022\/10\/WhatsApp-Image-2022-10-15-at-5.18.21-PM.jpeg\",\"datePublished\":\"2022-10-16T11:32:42+00:00\",\"dateModified\":\"2022-10-16T11:32:43+00:00\",\"breadcrumb\":{\"@id\":\"https:\/\/luchonoticias.com\/editor\/transformaciones-para-construir-a-colombia-como-una-potencia-mundial-de-la-vida-petro\/#breadcrumb\"},\"inLanguage\":\"es\",\"potentialAction\":[{\"@type\":\"ReadAction\",\"target\":[\"https:\/\/luchonoticias.com\/editor\/transformaciones-para-construir-a-colombia-como-una-potencia-mundial-de-la-vida-petro\/\"]}]},{\"@type\":\"ImageObject\",\"inLanguage\":\"es\",\"@id\":\"https:\/\/luchonoticias.com\/editor\/transformaciones-para-construir-a-colombia-como-una-potencia-mundial-de-la-vida-petro\/#primaryimage\",\"url\":\"https:\/\/luchonoticias.com\/wp-content\/uploads\/2022\/10\/WhatsApp-Image-2022-10-15-at-5.18.21-PM.jpeg\",\"contentUrl\":\"https:\/\/luchonoticias.com\/wp-content\/uploads\/2022\/10\/WhatsApp-Image-2022-10-15-at-5.18.21-PM.jpeg\"},{\"@type\":\"BreadcrumbList\",\"@id\":\"https:\/\/luchonoticias.com\/editor\/transformaciones-para-construir-a-colombia-como-una-potencia-mundial-de-la-vida-petro\/#breadcrumb\",\"itemListElement\":[{\"@type\":\"ListItem\",\"position\":1,\"name\":\"Portada\",\"item\":\"https:\/\/luchonoticias.com\/editor\/\"},{\"@type\":\"ListItem\",\"position\":2,\"name\":\"Transformaciones para construir a Colombia como una potencia mundial de la vida: Petro\"}]},{\"@type\":\"WebSite\",\"@id\":\"https:\/\/luchonoticias.com\/editor\/#website\",\"url\":\"https:\/\/luchonoticias.com\/editor\/\",\"name\":\"\",\"description\":\"\",\"publisher\":{\"@id\":\"https:\/\/luchonoticias.com\/editor\/#\/schema\/person\/7a7fd911f58561fd056dbac7b55af9cd\"},\"potentialAction\":[{\"@type\":\"SearchAction\",\"target\":{\"@type\":\"EntryPoint\",\"urlTemplate\":\"https:\/\/luchonoticias.com\/editor\/?s={search_term_string}\"},\"query-input\":{\"@type\":\"PropertyValueSpecification\",\"valueRequired\":true,\"valueName\":\"search_term_string\"}}],\"inLanguage\":\"es\"},{\"@type\":[\"Person\",\"Organization\"],\"@id\":\"https:\/\/luchonoticias.com\/editor\/#\/schema\/person\/7a7fd911f58561fd056dbac7b55af9cd\",\"name\":\"admin\",\"image\":{\"@type\":\"ImageObject\",\"inLanguage\":\"es\",\"@id\":\"https:\/\/luchonoticias.com\/editor\/#\/schema\/person\/image\/\",\"url\":\"https:\/\/luchonoticias.com\/editor\/wp-content\/uploads\/2024\/02\/cropped-cropped-logolu.webp\",\"contentUrl\":\"https:\/\/luchonoticias.com\/editor\/wp-content\/uploads\/2024\/02\/cropped-cropped-logolu.webp\",\"width\":382,\"height\":170,\"caption\":\"admin\"},\"logo\":{\"@id\":\"https:\/\/luchonoticias.com\/editor\/#\/schema\/person\/image\/\"},\"sameAs\":[\"https:\/\/www.facebook.com\/luchonoticiasneiva\"],\"url\":\"https:\/\/luchonoticias.com\/editor\/author\/admin\/\"}]}<\/script>\n<!-- \/ Yoast SEO plugin. -->","yoast_head_json":{"title":"Transformaciones para construir a Colombia como una potencia mundial de la vida: Petro -","robots":{"index":"index","follow":"follow","max-snippet":"max-snippet:-1","max-image-preview":"max-image-preview:large","max-video-preview":"max-video-preview:-1"},"canonical":"https:\/\/luchonoticias.com\/editor\/transformaciones-para-construir-a-colombia-como-una-potencia-mundial-de-la-vida-petro\/","og_locale":"es_ES","og_type":"article","og_title":"Transformaciones para construir a Colombia como una potencia mundial de la vida: Petro -","og_url":"https:\/\/luchonoticias.com\/editor\/transformaciones-para-construir-a-colombia-como-una-potencia-mundial-de-la-vida-petro\/","article_publisher":"https:\/\/www.facebook.com\/luchonoticiasneiva","article_author":"https:\/\/www.facebook.com\/luchonoticiasneiva","article_published_time":"2022-10-16T11:32:42+00:00","article_modified_time":"2022-10-16T11:32:43+00:00","og_image":[{"url":"https:\/\/luchonoticias.com\/wp-content\/uploads\/2022\/10\/WhatsApp-Image-2022-10-15-at-5.18.21-PM.jpeg","type":"","width":"","height":""}],"author":"admin","twitter_card":"summary_large_image","twitter_misc":{"Escrito por":"admin","Tiempo de lectura":"4 minutos"},"schema":{"@context":"https:\/\/schema.org","@graph":[{"@type":"Article","@id":"https:\/\/luchonoticias.com\/editor\/transformaciones-para-construir-a-colombia-como-una-potencia-mundial-de-la-vida-petro\/#article","isPartOf":{"@id":"https:\/\/luchonoticias.com\/editor\/transformaciones-para-construir-a-colombia-como-una-potencia-mundial-de-la-vida-petro\/"},"author":{"name":"admin","@id":"https:\/\/luchonoticias.com\/editor\/#\/schema\/person\/7a7fd911f58561fd056dbac7b55af9cd"},"headline":"Transformaciones para construir a Colombia como una potencia mundial de la vida: Petro","datePublished":"2022-10-16T11:32:42+00:00","dateModified":"2022-10-16T11:32:43+00:00","mainEntityOfPage":{"@id":"https:\/\/luchonoticias.com\/editor\/transformaciones-para-construir-a-colombia-como-una-potencia-mundial-de-la-vida-petro\/"},"wordCount":778,"commentCount":0,"publisher":{"@id":"https:\/\/luchonoticias.com\/editor\/#\/schema\/person\/7a7fd911f58561fd056dbac7b55af9cd"},"image":{"@id":"https:\/\/luchonoticias.com\/editor\/transformaciones-para-construir-a-colombia-como-una-potencia-mundial-de-la-vida-petro\/#primaryimage"},"thumbnailUrl":"https:\/\/luchonoticias.com\/wp-content\/uploads\/2022\/10\/WhatsApp-Image-2022-10-15-at-5.18.21-PM.jpeg","articleSection":["Destacado","Nacional"],"inLanguage":"es","potentialAction":[{"@type":"CommentAction","name":"Comment","target":["https:\/\/luchonoticias.com\/editor\/transformaciones-para-construir-a-colombia-como-una-potencia-mundial-de-la-vida-petro\/#respond"]}]},{"@type":"WebPage","@id":"https:\/\/luchonoticias.com\/editor\/transformaciones-para-construir-a-colombia-como-una-potencia-mundial-de-la-vida-petro\/","url":"https:\/\/luchonoticias.com\/editor\/transformaciones-para-construir-a-colombia-como-una-potencia-mundial-de-la-vida-petro\/","name":"Transformaciones para construir a Colombia como una potencia mundial de la vida: Petro -","isPartOf":{"@id":"https:\/\/luchonoticias.com\/editor\/#website"},"primaryImageOfPage":{"@id":"https:\/\/luchonoticias.com\/editor\/transformaciones-para-construir-a-colombia-como-una-potencia-mundial-de-la-vida-petro\/#primaryimage"},"image":{"@id":"https:\/\/luchonoticias.com\/editor\/transformaciones-para-construir-a-colombia-como-una-potencia-mundial-de-la-vida-petro\/#primaryimage"},"thumbnailUrl":"https:\/\/luchonoticias.com\/wp-content\/uploads\/2022\/10\/WhatsApp-Image-2022-10-15-at-5.18.21-PM.jpeg","datePublished":"2022-10-16T11:32:42+00:00","dateModified":"2022-10-16T11:32:43+00:00","breadcrumb":{"@id":"https:\/\/luchonoticias.com\/editor\/transformaciones-para-construir-a-colombia-como-una-potencia-mundial-de-la-vida-petro\/#breadcrumb"},"inLanguage":"es","potentialAction":[{"@type":"ReadAction","target":["https:\/\/luchonoticias.com\/editor\/transformaciones-para-construir-a-colombia-como-una-potencia-mundial-de-la-vida-petro\/"]}]},{"@type":"ImageObject","inLanguage":"es","@id":"https:\/\/luchonoticias.com\/editor\/transformaciones-para-construir-a-colombia-como-una-potencia-mundial-de-la-vida-petro\/#primaryimage","url":"https:\/\/luchonoticias.com\/wp-content\/uploads\/2022\/10\/WhatsApp-Image-2022-10-15-at-5.18.21-PM.jpeg","contentUrl":"https:\/\/luchonoticias.com\/wp-content\/uploads\/2022\/10\/WhatsApp-Image-2022-10-15-at-5.18.21-PM.jpeg"},{"@type":"BreadcrumbList","@id":"https:\/\/luchonoticias.com\/editor\/transformaciones-para-construir-a-colombia-como-una-potencia-mundial-de-la-vida-petro\/#breadcrumb","itemListElement":[{"@type":"ListItem","position":1,"name":"Portada","item":"https:\/\/luchonoticias.com\/editor\/"},{"@type":"ListItem","position":2,"name":"Transformaciones para construir a Colombia como una potencia mundial de la vida: Petro"}]},{"@type":"WebSite","@id":"https:\/\/luchonoticias.com\/editor\/#website","url":"https:\/\/luchonoticias.com\/editor\/","name":"","description":"","publisher":{"@id":"https:\/\/luchonoticias.com\/editor\/#\/schema\/person\/7a7fd911f58561fd056dbac7b55af9cd"},"potentialAction":[{"@type":"SearchAction","target":{"@type":"EntryPoint","urlTemplate":"https:\/\/luchonoticias.com\/editor\/?s={search_term_string}"},"query-input":{"@type":"PropertyValueSpecification","valueRequired":true,"valueName":"search_term_string"}}],"inLanguage":"es"},{"@type":["Person","Organization"],"@id":"https:\/\/luchonoticias.com\/editor\/#\/schema\/person\/7a7fd911f58561fd056dbac7b55af9cd","name":"admin","image":{"@type":"ImageObject","inLanguage":"es","@id":"https:\/\/luchonoticias.com\/editor\/#\/schema\/person\/image\/","url":"https:\/\/luchonoticias.com\/editor\/wp-content\/uploads\/2024\/02\/cropped-cropped-logolu.webp","contentUrl":"https:\/\/luchonoticias.com\/editor\/wp-content\/uploads\/2024\/02\/cropped-cropped-logolu.webp","width":382,"height":170,"caption":"admin"},"logo":{"@id":"https:\/\/luchonoticias.com\/editor\/#\/schema\/person\/image\/"},"sameAs":["https:\/\/www.facebook.com\/luchonoticiasneiva"],"url":"https:\/\/luchonoticias.com\/editor\/author\/admin\/"}]}},"_links":{"self":[{"href":"https:\/\/luchonoticias.com\/editor\/wp-json\/wp\/v2\/posts\/36916","targetHints":{"allow":["GET"]}}],"collection":[{"href":"https:\/\/luchonoticias.com\/editor\/wp-json\/wp\/v2\/posts"}],"about":[{"href":"https:\/\/luchonoticias.com\/editor\/wp-json\/wp\/v2\/types\/post"}],"author":[{"embeddable":true,"href":"https:\/\/luchonoticias.com\/editor\/wp-json\/wp\/v2\/users\/1"}],"replies":[{"embeddable":true,"href":"https:\/\/luchonoticias.com\/editor\/wp-json\/wp\/v2\/comments?post=36916"}],"version-history":[{"count":0,"href":"https:\/\/luchonoticias.com\/editor\/wp-json\/wp\/v2\/posts\/36916\/revisions"}],"wp:attachment":[{"href":"https:\/\/luchonoticias.com\/editor\/wp-json\/wp\/v2\/media?parent=36916"}],"wp:term":[{"taxonomy":"category","embeddable":true,"href":"https:\/\/luchonoticias.com\/editor\/wp-json\/wp\/v2\/categories?post=36916"},{"taxonomy":"post_tag","embeddable":true,"href":"https:\/\/luchonoticias.com\/editor\/wp-json\/wp\/v2\/tags?post=36916"}],"curies":[{"name":"wp","href":"https:\/\/api.w.org\/{rel}","templated":true}]}}