{"id":36929,"date":"2022-10-16T06:40:16","date_gmt":"2022-10-16T11:40:16","guid":{"rendered":"https:\/\/luchonoticias.com\/?p=36929"},"modified":"2022-10-16T06:40:17","modified_gmt":"2022-10-16T11:40:17","slug":"procuraduria-pide-medidas-para-resolver-los-44-mil-procesos-de-pertenencia-que-cursan-en-todo-el-pais","status":"publish","type":"post","link":"https:\/\/luchonoticias.com\/editor\/procuraduria-pide-medidas-para-resolver-los-44-mil-procesos-de-pertenencia-que-cursan-en-todo-el-pais\/","title":{"rendered":"Procuradur\u00eda pide medidas para resolver los 44 mil procesos de pertenencia que cursan en todo el pa\u00eds"},"content":{"rendered":"\n<p>Como parte de su funci\u00f3n preventiva, la Procuradur\u00eda General de la Naci\u00f3n, a trav\u00e9s de la Delegada para Asuntos Ambientales y Agrarios,&nbsp;realiz\u00f3 la primera mesa de trabajo para el seguimiento al cumplimiento de la orden de la Corte Constitucional sobre el r\u00e9gimen especial de bald\u00edos.<\/p>\n\n\n\n<p>Para el ente de control,&nbsp;existe una deuda hist\u00f3rica por parte del Estado Colombiano en el cumplimiento del deber constitucional y legal frente a los sujetos especiales de protecci\u00f3n, en cuanto al derecho de acceso a la tierra.<\/p>\n\n\n\n<p>En la mesa de seguimiento convocada por este ente de control, se evidenci\u00f3 que actualmente&nbsp;existen en todo el pa\u00eds cerca de 44.200 procesos judiciales de pertenencia sobre predios que no tienen antecedente registral de pleno dominio,&nbsp;30 mil procesos de clarificaci\u00f3n de la propiedad en curso y 13.200 procesos con sentencias. Sin embargo,&nbsp;en la actualidad a\u00fan no se ha elevado a instancias judiciales el primer proceso de clarificaci\u00f3n de recuperaci\u00f3n de bald\u00edos indebidamente ocupados, ni se conoce una primera sentencia,&nbsp;tal como lo exige el Decreto Ley 902.<\/p>\n\n\n\n<p>La distribuci\u00f3n geogr\u00e1fica de los procesos m\u00e1s cr\u00edticos de pertenencia de predios se concentra en los departamentos de Antioquia, Boyac\u00e1, Cauca, Tolima y Santander,&nbsp;territorios donde existen diversas tipolog\u00edas y necesidades en cuanto al acceso a las tierras de la poblaci\u00f3n campesina.<\/p>\n\n\n\n<p>La Procuradur\u00eda General de la Naci\u00f3n hace un llamado a las instituciones en torno a resultados, ya que el estado debe velar por garantizar el cumplimiento de sus deberes,&nbsp;no derivados de la sentencia que emitir\u00e1 el alto tribunal sobre el r\u00e9gimen especial de bald\u00edos, sino de un mandato constitucional, legal y reglamentario.<\/p>\n\n\n\n<p>El procurador delegado para asuntos ambientales y agrarios, Gustavo Adolfo Guerrero Ru\u00edz, se refiri\u00f3 a la preocupante situaci\u00f3n luego de finalizada la mesa de seguimiento \u201cNosotros como Procuradur\u00eda General de la Naci\u00f3n instamos a todas las entidades a dar cumplimiento a los deberes en torno al derecho al acceso a la tierra independientemente de que el fallo de la Corte est\u00e9 expedido, porque existe un retraso y una deuda hist\u00f3rica del estado en cumplimiento de esos deberes frente a los sujetos de especial protecci\u00f3n\u201d se\u00f1al\u00f3 el procurador Gustavo Guerrero.<\/p>\n\n\n\n<p>La jornada cont\u00f3 con la participaci\u00f3n de los destinatarios de las ordenes de sentencia Sentencia- 288 de 2022, la viceministra de Promoci\u00f3n de la Justicia, Jhoana Alexandra Delgado Gait\u00e1n, la Contralora Delegada para el Sector Agropecuario, Sonia Gaviria, as\u00ed como representantes del Ministerio de Agricultura y Desarrollo Rural, Departamento Nacional de Planeaci\u00f3n (DNP), Unidad de Planificaci\u00f3n Rural Agraria (UPRA), la Agencia Nacional de Tierras (ANT), la Superintendencia de Notariado y Registro, y del Consejo Superior de la Judicatura.<\/p>\n","protected":false},"excerpt":{"rendered":"<p>Como parte de su funci\u00f3n preventiva, la Procuradur\u00eda General de la Naci\u00f3n, a trav\u00e9s de la Delegada para Asuntos Ambientales y Agrarios,&nbsp;realiz\u00f3 la primera mesa de trabajo para el seguimiento al cumplimiento de la orden de la Corte Constitucional sobre el r\u00e9gimen especial de bald\u00edos. Para el ente de control,&nbsp;existe una deuda hist\u00f3rica por parte [&hellip;]<\/p>\n","protected":false},"author":1,"featured_media":0,"comment_status":"open","ping_status":"open","sticky":false,"template":"","format":"standard","meta":{"footnotes":""},"categories":[36,32],"tags":[],"class_list":["post-36929","post","type-post","status-publish","format-standard","hentry","category-destacado","category-nacional"],"yoast_head":"<!-- This site is optimized with the Yoast SEO plugin v26.6 - https:\/\/yoast.com\/wordpress\/plugins\/seo\/ -->\n<title>Procuradur\u00eda pide medidas para resolver los 44 mil procesos de pertenencia que cursan en todo el pa\u00eds -<\/title>\n<meta name=\"robots\" content=\"index, follow, max-snippet:-1, max-image-preview:large, max-video-preview:-1\" \/>\n<link rel=\"canonical\" href=\"https:\/\/luchonoticias.com\/editor\/procuraduria-pide-medidas-para-resolver-los-44-mil-procesos-de-pertenencia-que-cursan-en-todo-el-pais\/\" \/>\n<meta property=\"og:locale\" content=\"es_ES\" \/>\n<meta property=\"og:type\" content=\"article\" \/>\n<meta property=\"og:title\" content=\"Procuradur\u00eda pide medidas para resolver los 44 mil procesos de pertenencia que cursan en todo el pa\u00eds -\" \/>\n<meta property=\"og:url\" content=\"https:\/\/luchonoticias.com\/editor\/procuraduria-pide-medidas-para-resolver-los-44-mil-procesos-de-pertenencia-que-cursan-en-todo-el-pais\/\" \/>\n<meta property=\"article:publisher\" content=\"https:\/\/www.facebook.com\/luchonoticiasneiva\" \/>\n<meta property=\"article:author\" content=\"https:\/\/www.facebook.com\/luchonoticiasneiva\" \/>\n<meta property=\"article:published_time\" content=\"2022-10-16T11:40:16+00:00\" \/>\n<meta property=\"article:modified_time\" content=\"2022-10-16T11:40:17+00:00\" \/>\n<meta name=\"author\" content=\"admin\" \/>\n<meta name=\"twitter:card\" content=\"summary_large_image\" \/>\n<meta name=\"twitter:label1\" content=\"Escrito por\" \/>\n\t<meta name=\"twitter:data1\" content=\"admin\" \/>\n\t<meta name=\"twitter:label2\" content=\"Tiempo de lectura\" \/>\n\t<meta name=\"twitter:data2\" content=\"2 minutos\" \/>\n<script type=\"application\/ld+json\" class=\"yoast-schema-graph\">{\"@context\":\"https:\/\/schema.org\",\"@graph\":[{\"@type\":\"Article\",\"@id\":\"https:\/\/luchonoticias.com\/editor\/procuraduria-pide-medidas-para-resolver-los-44-mil-procesos-de-pertenencia-que-cursan-en-todo-el-pais\/#article\",\"isPartOf\":{\"@id\":\"https:\/\/luchonoticias.com\/editor\/procuraduria-pide-medidas-para-resolver-los-44-mil-procesos-de-pertenencia-que-cursan-en-todo-el-pais\/\"},\"author\":{\"name\":\"admin\",\"@id\":\"https:\/\/luchonoticias.com\/editor\/#\/schema\/person\/7a7fd911f58561fd056dbac7b55af9cd\"},\"headline\":\"Procuradur\u00eda pide medidas para resolver los 44 mil procesos de pertenencia que cursan en todo el pa\u00eds\",\"datePublished\":\"2022-10-16T11:40:16+00:00\",\"dateModified\":\"2022-10-16T11:40:17+00:00\",\"mainEntityOfPage\":{\"@id\":\"https:\/\/luchonoticias.com\/editor\/procuraduria-pide-medidas-para-resolver-los-44-mil-procesos-de-pertenencia-que-cursan-en-todo-el-pais\/\"},\"wordCount\":492,\"commentCount\":0,\"publisher\":{\"@id\":\"https:\/\/luchonoticias.com\/editor\/#\/schema\/person\/7a7fd911f58561fd056dbac7b55af9cd\"},\"articleSection\":[\"Destacado\",\"Nacional\"],\"inLanguage\":\"es\",\"potentialAction\":[{\"@type\":\"CommentAction\",\"name\":\"Comment\",\"target\":[\"https:\/\/luchonoticias.com\/editor\/procuraduria-pide-medidas-para-resolver-los-44-mil-procesos-de-pertenencia-que-cursan-en-todo-el-pais\/#respond\"]}]},{\"@type\":\"WebPage\",\"@id\":\"https:\/\/luchonoticias.com\/editor\/procuraduria-pide-medidas-para-resolver-los-44-mil-procesos-de-pertenencia-que-cursan-en-todo-el-pais\/\",\"url\":\"https:\/\/luchonoticias.com\/editor\/procuraduria-pide-medidas-para-resolver-los-44-mil-procesos-de-pertenencia-que-cursan-en-todo-el-pais\/\",\"name\":\"Procuradur\u00eda pide medidas para resolver los 44 mil procesos de pertenencia que cursan en todo el pa\u00eds -\",\"isPartOf\":{\"@id\":\"https:\/\/luchonoticias.com\/editor\/#website\"},\"datePublished\":\"2022-10-16T11:40:16+00:00\",\"dateModified\":\"2022-10-16T11:40:17+00:00\",\"breadcrumb\":{\"@id\":\"https:\/\/luchonoticias.com\/editor\/procuraduria-pide-medidas-para-resolver-los-44-mil-procesos-de-pertenencia-que-cursan-en-todo-el-pais\/#breadcrumb\"},\"inLanguage\":\"es\",\"potentialAction\":[{\"@type\":\"ReadAction\",\"target\":[\"https:\/\/luchonoticias.com\/editor\/procuraduria-pide-medidas-para-resolver-los-44-mil-procesos-de-pertenencia-que-cursan-en-todo-el-pais\/\"]}]},{\"@type\":\"BreadcrumbList\",\"@id\":\"https:\/\/luchonoticias.com\/editor\/procuraduria-pide-medidas-para-resolver-los-44-mil-procesos-de-pertenencia-que-cursan-en-todo-el-pais\/#breadcrumb\",\"itemListElement\":[{\"@type\":\"ListItem\",\"position\":1,\"name\":\"Portada\",\"item\":\"https:\/\/luchonoticias.com\/editor\/\"},{\"@type\":\"ListItem\",\"position\":2,\"name\":\"Procuradur\u00eda pide medidas para resolver los 44 mil procesos de pertenencia que cursan en todo el pa\u00eds\"}]},{\"@type\":\"WebSite\",\"@id\":\"https:\/\/luchonoticias.com\/editor\/#website\",\"url\":\"https:\/\/luchonoticias.com\/editor\/\",\"name\":\"\",\"description\":\"\",\"publisher\":{\"@id\":\"https:\/\/luchonoticias.com\/editor\/#\/schema\/person\/7a7fd911f58561fd056dbac7b55af9cd\"},\"potentialAction\":[{\"@type\":\"SearchAction\",\"target\":{\"@type\":\"EntryPoint\",\"urlTemplate\":\"https:\/\/luchonoticias.com\/editor\/?s={search_term_string}\"},\"query-input\":{\"@type\":\"PropertyValueSpecification\",\"valueRequired\":true,\"valueName\":\"search_term_string\"}}],\"inLanguage\":\"es\"},{\"@type\":[\"Person\",\"Organization\"],\"@id\":\"https:\/\/luchonoticias.com\/editor\/#\/schema\/person\/7a7fd911f58561fd056dbac7b55af9cd\",\"name\":\"admin\",\"image\":{\"@type\":\"ImageObject\",\"inLanguage\":\"es\",\"@id\":\"https:\/\/luchonoticias.com\/editor\/#\/schema\/person\/image\/\",\"url\":\"https:\/\/luchonoticias.com\/editor\/wp-content\/uploads\/2024\/02\/cropped-cropped-logolu.webp\",\"contentUrl\":\"https:\/\/luchonoticias.com\/editor\/wp-content\/uploads\/2024\/02\/cropped-cropped-logolu.webp\",\"width\":382,\"height\":170,\"caption\":\"admin\"},\"logo\":{\"@id\":\"https:\/\/luchonoticias.com\/editor\/#\/schema\/person\/image\/\"},\"sameAs\":[\"https:\/\/www.facebook.com\/luchonoticiasneiva\"],\"url\":\"https:\/\/luchonoticias.com\/editor\/author\/admin\/\"}]}<\/script>\n<!-- \/ Yoast SEO plugin. -->","yoast_head_json":{"title":"Procuradur\u00eda pide medidas para resolver los 44 mil procesos de pertenencia que cursan en todo el pa\u00eds -","robots":{"index":"index","follow":"follow","max-snippet":"max-snippet:-1","max-image-preview":"max-image-preview:large","max-video-preview":"max-video-preview:-1"},"canonical":"https:\/\/luchonoticias.com\/editor\/procuraduria-pide-medidas-para-resolver-los-44-mil-procesos-de-pertenencia-que-cursan-en-todo-el-pais\/","og_locale":"es_ES","og_type":"article","og_title":"Procuradur\u00eda pide medidas para resolver los 44 mil procesos de pertenencia que cursan en todo el pa\u00eds -","og_url":"https:\/\/luchonoticias.com\/editor\/procuraduria-pide-medidas-para-resolver-los-44-mil-procesos-de-pertenencia-que-cursan-en-todo-el-pais\/","article_publisher":"https:\/\/www.facebook.com\/luchonoticiasneiva","article_author":"https:\/\/www.facebook.com\/luchonoticiasneiva","article_published_time":"2022-10-16T11:40:16+00:00","article_modified_time":"2022-10-16T11:40:17+00:00","author":"admin","twitter_card":"summary_large_image","twitter_misc":{"Escrito por":"admin","Tiempo de lectura":"2 minutos"},"schema":{"@context":"https:\/\/schema.org","@graph":[{"@type":"Article","@id":"https:\/\/luchonoticias.com\/editor\/procuraduria-pide-medidas-para-resolver-los-44-mil-procesos-de-pertenencia-que-cursan-en-todo-el-pais\/#article","isPartOf":{"@id":"https:\/\/luchonoticias.com\/editor\/procuraduria-pide-medidas-para-resolver-los-44-mil-procesos-de-pertenencia-que-cursan-en-todo-el-pais\/"},"author":{"name":"admin","@id":"https:\/\/luchonoticias.com\/editor\/#\/schema\/person\/7a7fd911f58561fd056dbac7b55af9cd"},"headline":"Procuradur\u00eda pide medidas para resolver los 44 mil procesos de pertenencia que cursan en todo el pa\u00eds","datePublished":"2022-10-16T11:40:16+00:00","dateModified":"2022-10-16T11:40:17+00:00","mainEntityOfPage":{"@id":"https:\/\/luchonoticias.com\/editor\/procuraduria-pide-medidas-para-resolver-los-44-mil-procesos-de-pertenencia-que-cursan-en-todo-el-pais\/"},"wordCount":492,"commentCount":0,"publisher":{"@id":"https:\/\/luchonoticias.com\/editor\/#\/schema\/person\/7a7fd911f58561fd056dbac7b55af9cd"},"articleSection":["Destacado","Nacional"],"inLanguage":"es","potentialAction":[{"@type":"CommentAction","name":"Comment","target":["https:\/\/luchonoticias.com\/editor\/procuraduria-pide-medidas-para-resolver-los-44-mil-procesos-de-pertenencia-que-cursan-en-todo-el-pais\/#respond"]}]},{"@type":"WebPage","@id":"https:\/\/luchonoticias.com\/editor\/procuraduria-pide-medidas-para-resolver-los-44-mil-procesos-de-pertenencia-que-cursan-en-todo-el-pais\/","url":"https:\/\/luchonoticias.com\/editor\/procuraduria-pide-medidas-para-resolver-los-44-mil-procesos-de-pertenencia-que-cursan-en-todo-el-pais\/","name":"Procuradur\u00eda pide medidas para resolver los 44 mil procesos de pertenencia que cursan en todo el pa\u00eds -","isPartOf":{"@id":"https:\/\/luchonoticias.com\/editor\/#website"},"datePublished":"2022-10-16T11:40:16+00:00","dateModified":"2022-10-16T11:40:17+00:00","breadcrumb":{"@id":"https:\/\/luchonoticias.com\/editor\/procuraduria-pide-medidas-para-resolver-los-44-mil-procesos-de-pertenencia-que-cursan-en-todo-el-pais\/#breadcrumb"},"inLanguage":"es","potentialAction":[{"@type":"ReadAction","target":["https:\/\/luchonoticias.com\/editor\/procuraduria-pide-medidas-para-resolver-los-44-mil-procesos-de-pertenencia-que-cursan-en-todo-el-pais\/"]}]},{"@type":"BreadcrumbList","@id":"https:\/\/luchonoticias.com\/editor\/procuraduria-pide-medidas-para-resolver-los-44-mil-procesos-de-pertenencia-que-cursan-en-todo-el-pais\/#breadcrumb","itemListElement":[{"@type":"ListItem","position":1,"name":"Portada","item":"https:\/\/luchonoticias.com\/editor\/"},{"@type":"ListItem","position":2,"name":"Procuradur\u00eda pide medidas para resolver los 44 mil procesos de pertenencia que cursan en todo el pa\u00eds"}]},{"@type":"WebSite","@id":"https:\/\/luchonoticias.com\/editor\/#website","url":"https:\/\/luchonoticias.com\/editor\/","name":"","description":"","publisher":{"@id":"https:\/\/luchonoticias.com\/editor\/#\/schema\/person\/7a7fd911f58561fd056dbac7b55af9cd"},"potentialAction":[{"@type":"SearchAction","target":{"@type":"EntryPoint","urlTemplate":"https:\/\/luchonoticias.com\/editor\/?s={search_term_string}"},"query-input":{"@type":"PropertyValueSpecification","valueRequired":true,"valueName":"search_term_string"}}],"inLanguage":"es"},{"@type":["Person","Organization"],"@id":"https:\/\/luchonoticias.com\/editor\/#\/schema\/person\/7a7fd911f58561fd056dbac7b55af9cd","name":"admin","image":{"@type":"ImageObject","inLanguage":"es","@id":"https:\/\/luchonoticias.com\/editor\/#\/schema\/person\/image\/","url":"https:\/\/luchonoticias.com\/editor\/wp-content\/uploads\/2024\/02\/cropped-cropped-logolu.webp","contentUrl":"https:\/\/luchonoticias.com\/editor\/wp-content\/uploads\/2024\/02\/cropped-cropped-logolu.webp","width":382,"height":170,"caption":"admin"},"logo":{"@id":"https:\/\/luchonoticias.com\/editor\/#\/schema\/person\/image\/"},"sameAs":["https:\/\/www.facebook.com\/luchonoticiasneiva"],"url":"https:\/\/luchonoticias.com\/editor\/author\/admin\/"}]}},"_links":{"self":[{"href":"https:\/\/luchonoticias.com\/editor\/wp-json\/wp\/v2\/posts\/36929","targetHints":{"allow":["GET"]}}],"collection":[{"href":"https:\/\/luchonoticias.com\/editor\/wp-json\/wp\/v2\/posts"}],"about":[{"href":"https:\/\/luchonoticias.com\/editor\/wp-json\/wp\/v2\/types\/post"}],"author":[{"embeddable":true,"href":"https:\/\/luchonoticias.com\/editor\/wp-json\/wp\/v2\/users\/1"}],"replies":[{"embeddable":true,"href":"https:\/\/luchonoticias.com\/editor\/wp-json\/wp\/v2\/comments?post=36929"}],"version-history":[{"count":0,"href":"https:\/\/luchonoticias.com\/editor\/wp-json\/wp\/v2\/posts\/36929\/revisions"}],"wp:attachment":[{"href":"https:\/\/luchonoticias.com\/editor\/wp-json\/wp\/v2\/media?parent=36929"}],"wp:term":[{"taxonomy":"category","embeddable":true,"href":"https:\/\/luchonoticias.com\/editor\/wp-json\/wp\/v2\/categories?post=36929"},{"taxonomy":"post_tag","embeddable":true,"href":"https:\/\/luchonoticias.com\/editor\/wp-json\/wp\/v2\/tags?post=36929"}],"curies":[{"name":"wp","href":"https:\/\/api.w.org\/{rel}","templated":true}]}}