{"id":36956,"date":"2022-10-16T08:58:15","date_gmt":"2022-10-16T13:58:15","guid":{"rendered":"https:\/\/luchonoticias.com\/?p=36956"},"modified":"2022-10-16T08:58:16","modified_gmt":"2022-10-16T13:58:16","slug":"inversion-para-reubicacion-de-colegios","status":"publish","type":"post","link":"https:\/\/luchonoticias.com\/editor\/inversion-para-reubicacion-de-colegios\/","title":{"rendered":"inversi\u00f3n para reubicaci\u00f3n de colegios"},"content":{"rendered":"\n<p>Luego de la aprobaci\u00f3n de la Ordenanza 039 de 2021 por parte de la Asamblea Departamental, y en la que el gobernador del Huila Luis Enrique Duss\u00e1n L\u00f3pez, puede hacer uso de un cupo de endeudamiento por $91.000 millones para financiar parte de su Plan de Desarrollo \u201cHuila Crece\u201d, se vienen desarrollando los correspondientes debates de control ante la duma para examinar el avance de los programas y proyectos de dicho cr\u00e9dito.<\/p>\n\n\n\n<p>En el sector educativo, la jefe de esta cartera departamental, se\u00f1al\u00f3 en citaci\u00f3n a debate de control, que son $5.000 millones los que se van para reubicaciones de dos Instituciones Educativas.&nbsp;<\/p>\n\n\n\n<p>\u201cEstas son dos obras muy importantes; una de estas reubicaciones es en el Municipio de Timan\u00e1, sede Camenzo de la Instituci\u00f3n Educativa El Tejar. El actual plantel educativo que se encuentra ubicado en zona de alto riesgo por remoci\u00f3n en masa, ser\u00e1 reubicado con una inversi\u00f3n de un poco m\u00e1s de $1.230 millones\u201d, afirm\u00f3 Milena Oliveros.<\/p>\n\n\n\n<p>\u201cEl otro proyecto de reubicaci\u00f3n que asciende a m\u00e1s de $3.800 millones, es en el Municipio de Santa Mar\u00eda, en la Instituci\u00f3n Educativa Las Juntas; all\u00ed se har\u00e1 la construcci\u00f3n de una instituci\u00f3n educativa nueva, que contar\u00e1 con salones, restaurantes escolares, con sus respectivas bater\u00edas sanitarias, entre otros espacios. All\u00e1 estaremos pr\u00f3ximamente y ya nos reunimos con los contratistas e interventores de esta obra\u201d, a\u00f1adi\u00f3 la funcionaria.<\/p>\n\n\n\n<p>La Secretaria dijo ante los diputados, que para el Gobierno \u201cHuila Crece\u201d es muy importante la calidad de estas obras, la calidad de los materiales que se vayan a implementar y que estar\u00e1 muy cerca supervisando estos proyectos para garantizar que se emplee lo mejor, y que los ni\u00f1os y ni\u00f1as de estos municipios se sientan complacidas de estas dos Instituciones Educativas.<\/p>\n\n\n\n<p>\u201cEn ambos proyectos les hemos pedido a los contratistas que la mano de obra para estas obras de reubicaci\u00f3n sea empleada en los municipios correspondientes para aportar a la dinamizaci\u00f3n de la econom\u00eda a lo que accedieron y se comprometieron en ese prop\u00f3sito\u201d, puntualiz\u00f3 finalmente Milena Oliveros Crespo, Secretaria de Educaci\u00f3n Huila.<\/p>\n","protected":false},"excerpt":{"rendered":"<p>Luego de la aprobaci\u00f3n de la Ordenanza 039 de 2021 por parte de la Asamblea Departamental, y en la que el gobernador del Huila Luis Enrique Duss\u00e1n L\u00f3pez, puede hacer uso de un cupo de endeudamiento por $91.000 millones para financiar parte de su Plan de Desarrollo \u201cHuila Crece\u201d, se vienen desarrollando los correspondientes debates [&hellip;]<\/p>\n","protected":false},"author":1,"featured_media":0,"comment_status":"open","ping_status":"open","sticky":false,"template":"","format":"standard","meta":{"footnotes":""},"categories":[33],"tags":[],"class_list":["post-36956","post","type-post","status-publish","format-standard","hentry","category-huila"],"yoast_head":"<!-- This site is optimized with the Yoast SEO plugin v26.6 - https:\/\/yoast.com\/wordpress\/plugins\/seo\/ -->\n<title>inversi\u00f3n para reubicaci\u00f3n de colegios -<\/title>\n<meta name=\"robots\" content=\"index, follow, max-snippet:-1, max-image-preview:large, max-video-preview:-1\" \/>\n<link rel=\"canonical\" href=\"https:\/\/luchonoticias.com\/editor\/inversion-para-reubicacion-de-colegios\/\" \/>\n<meta property=\"og:locale\" content=\"es_ES\" \/>\n<meta property=\"og:type\" content=\"article\" \/>\n<meta property=\"og:title\" content=\"inversi\u00f3n para reubicaci\u00f3n de colegios -\" \/>\n<meta property=\"og:url\" content=\"https:\/\/luchonoticias.com\/editor\/inversion-para-reubicacion-de-colegios\/\" \/>\n<meta property=\"article:publisher\" content=\"https:\/\/www.facebook.com\/luchonoticiasneiva\" \/>\n<meta property=\"article:author\" content=\"https:\/\/www.facebook.com\/luchonoticiasneiva\" \/>\n<meta property=\"article:published_time\" content=\"2022-10-16T13:58:15+00:00\" \/>\n<meta property=\"article:modified_time\" content=\"2022-10-16T13:58:16+00:00\" \/>\n<meta name=\"author\" content=\"admin\" \/>\n<meta name=\"twitter:card\" content=\"summary_large_image\" \/>\n<meta name=\"twitter:label1\" content=\"Escrito por\" \/>\n\t<meta name=\"twitter:data1\" content=\"admin\" \/>\n\t<meta name=\"twitter:label2\" content=\"Tiempo de lectura\" \/>\n\t<meta name=\"twitter:data2\" content=\"2 minutos\" \/>\n<script type=\"application\/ld+json\" class=\"yoast-schema-graph\">{\"@context\":\"https:\/\/schema.org\",\"@graph\":[{\"@type\":\"Article\",\"@id\":\"https:\/\/luchonoticias.com\/editor\/inversion-para-reubicacion-de-colegios\/#article\",\"isPartOf\":{\"@id\":\"https:\/\/luchonoticias.com\/editor\/inversion-para-reubicacion-de-colegios\/\"},\"author\":{\"name\":\"admin\",\"@id\":\"https:\/\/luchonoticias.com\/editor\/#\/schema\/person\/7a7fd911f58561fd056dbac7b55af9cd\"},\"headline\":\"inversi\u00f3n para reubicaci\u00f3n de colegios\",\"datePublished\":\"2022-10-16T13:58:15+00:00\",\"dateModified\":\"2022-10-16T13:58:16+00:00\",\"mainEntityOfPage\":{\"@id\":\"https:\/\/luchonoticias.com\/editor\/inversion-para-reubicacion-de-colegios\/\"},\"wordCount\":368,\"commentCount\":0,\"publisher\":{\"@id\":\"https:\/\/luchonoticias.com\/editor\/#\/schema\/person\/7a7fd911f58561fd056dbac7b55af9cd\"},\"articleSection\":[\"Huila\"],\"inLanguage\":\"es\",\"potentialAction\":[{\"@type\":\"CommentAction\",\"name\":\"Comment\",\"target\":[\"https:\/\/luchonoticias.com\/editor\/inversion-para-reubicacion-de-colegios\/#respond\"]}]},{\"@type\":\"WebPage\",\"@id\":\"https:\/\/luchonoticias.com\/editor\/inversion-para-reubicacion-de-colegios\/\",\"url\":\"https:\/\/luchonoticias.com\/editor\/inversion-para-reubicacion-de-colegios\/\",\"name\":\"inversi\u00f3n para reubicaci\u00f3n de colegios -\",\"isPartOf\":{\"@id\":\"https:\/\/luchonoticias.com\/editor\/#website\"},\"datePublished\":\"2022-10-16T13:58:15+00:00\",\"dateModified\":\"2022-10-16T13:58:16+00:00\",\"breadcrumb\":{\"@id\":\"https:\/\/luchonoticias.com\/editor\/inversion-para-reubicacion-de-colegios\/#breadcrumb\"},\"inLanguage\":\"es\",\"potentialAction\":[{\"@type\":\"ReadAction\",\"target\":[\"https:\/\/luchonoticias.com\/editor\/inversion-para-reubicacion-de-colegios\/\"]}]},{\"@type\":\"BreadcrumbList\",\"@id\":\"https:\/\/luchonoticias.com\/editor\/inversion-para-reubicacion-de-colegios\/#breadcrumb\",\"itemListElement\":[{\"@type\":\"ListItem\",\"position\":1,\"name\":\"Portada\",\"item\":\"https:\/\/luchonoticias.com\/editor\/\"},{\"@type\":\"ListItem\",\"position\":2,\"name\":\"inversi\u00f3n para reubicaci\u00f3n de colegios\"}]},{\"@type\":\"WebSite\",\"@id\":\"https:\/\/luchonoticias.com\/editor\/#website\",\"url\":\"https:\/\/luchonoticias.com\/editor\/\",\"name\":\"\",\"description\":\"\",\"publisher\":{\"@id\":\"https:\/\/luchonoticias.com\/editor\/#\/schema\/person\/7a7fd911f58561fd056dbac7b55af9cd\"},\"potentialAction\":[{\"@type\":\"SearchAction\",\"target\":{\"@type\":\"EntryPoint\",\"urlTemplate\":\"https:\/\/luchonoticias.com\/editor\/?s={search_term_string}\"},\"query-input\":{\"@type\":\"PropertyValueSpecification\",\"valueRequired\":true,\"valueName\":\"search_term_string\"}}],\"inLanguage\":\"es\"},{\"@type\":[\"Person\",\"Organization\"],\"@id\":\"https:\/\/luchonoticias.com\/editor\/#\/schema\/person\/7a7fd911f58561fd056dbac7b55af9cd\",\"name\":\"admin\",\"image\":{\"@type\":\"ImageObject\",\"inLanguage\":\"es\",\"@id\":\"https:\/\/luchonoticias.com\/editor\/#\/schema\/person\/image\/\",\"url\":\"https:\/\/luchonoticias.com\/editor\/wp-content\/uploads\/2024\/02\/cropped-cropped-logolu.webp\",\"contentUrl\":\"https:\/\/luchonoticias.com\/editor\/wp-content\/uploads\/2024\/02\/cropped-cropped-logolu.webp\",\"width\":382,\"height\":170,\"caption\":\"admin\"},\"logo\":{\"@id\":\"https:\/\/luchonoticias.com\/editor\/#\/schema\/person\/image\/\"},\"sameAs\":[\"https:\/\/www.facebook.com\/luchonoticiasneiva\"],\"url\":\"https:\/\/luchonoticias.com\/editor\/author\/admin\/\"}]}<\/script>\n<!-- \/ Yoast SEO plugin. -->","yoast_head_json":{"title":"inversi\u00f3n para reubicaci\u00f3n de colegios -","robots":{"index":"index","follow":"follow","max-snippet":"max-snippet:-1","max-image-preview":"max-image-preview:large","max-video-preview":"max-video-preview:-1"},"canonical":"https:\/\/luchonoticias.com\/editor\/inversion-para-reubicacion-de-colegios\/","og_locale":"es_ES","og_type":"article","og_title":"inversi\u00f3n para reubicaci\u00f3n de colegios -","og_url":"https:\/\/luchonoticias.com\/editor\/inversion-para-reubicacion-de-colegios\/","article_publisher":"https:\/\/www.facebook.com\/luchonoticiasneiva","article_author":"https:\/\/www.facebook.com\/luchonoticiasneiva","article_published_time":"2022-10-16T13:58:15+00:00","article_modified_time":"2022-10-16T13:58:16+00:00","author":"admin","twitter_card":"summary_large_image","twitter_misc":{"Escrito por":"admin","Tiempo de lectura":"2 minutos"},"schema":{"@context":"https:\/\/schema.org","@graph":[{"@type":"Article","@id":"https:\/\/luchonoticias.com\/editor\/inversion-para-reubicacion-de-colegios\/#article","isPartOf":{"@id":"https:\/\/luchonoticias.com\/editor\/inversion-para-reubicacion-de-colegios\/"},"author":{"name":"admin","@id":"https:\/\/luchonoticias.com\/editor\/#\/schema\/person\/7a7fd911f58561fd056dbac7b55af9cd"},"headline":"inversi\u00f3n para reubicaci\u00f3n de colegios","datePublished":"2022-10-16T13:58:15+00:00","dateModified":"2022-10-16T13:58:16+00:00","mainEntityOfPage":{"@id":"https:\/\/luchonoticias.com\/editor\/inversion-para-reubicacion-de-colegios\/"},"wordCount":368,"commentCount":0,"publisher":{"@id":"https:\/\/luchonoticias.com\/editor\/#\/schema\/person\/7a7fd911f58561fd056dbac7b55af9cd"},"articleSection":["Huila"],"inLanguage":"es","potentialAction":[{"@type":"CommentAction","name":"Comment","target":["https:\/\/luchonoticias.com\/editor\/inversion-para-reubicacion-de-colegios\/#respond"]}]},{"@type":"WebPage","@id":"https:\/\/luchonoticias.com\/editor\/inversion-para-reubicacion-de-colegios\/","url":"https:\/\/luchonoticias.com\/editor\/inversion-para-reubicacion-de-colegios\/","name":"inversi\u00f3n para reubicaci\u00f3n de colegios -","isPartOf":{"@id":"https:\/\/luchonoticias.com\/editor\/#website"},"datePublished":"2022-10-16T13:58:15+00:00","dateModified":"2022-10-16T13:58:16+00:00","breadcrumb":{"@id":"https:\/\/luchonoticias.com\/editor\/inversion-para-reubicacion-de-colegios\/#breadcrumb"},"inLanguage":"es","potentialAction":[{"@type":"ReadAction","target":["https:\/\/luchonoticias.com\/editor\/inversion-para-reubicacion-de-colegios\/"]}]},{"@type":"BreadcrumbList","@id":"https:\/\/luchonoticias.com\/editor\/inversion-para-reubicacion-de-colegios\/#breadcrumb","itemListElement":[{"@type":"ListItem","position":1,"name":"Portada","item":"https:\/\/luchonoticias.com\/editor\/"},{"@type":"ListItem","position":2,"name":"inversi\u00f3n para reubicaci\u00f3n de colegios"}]},{"@type":"WebSite","@id":"https:\/\/luchonoticias.com\/editor\/#website","url":"https:\/\/luchonoticias.com\/editor\/","name":"","description":"","publisher":{"@id":"https:\/\/luchonoticias.com\/editor\/#\/schema\/person\/7a7fd911f58561fd056dbac7b55af9cd"},"potentialAction":[{"@type":"SearchAction","target":{"@type":"EntryPoint","urlTemplate":"https:\/\/luchonoticias.com\/editor\/?s={search_term_string}"},"query-input":{"@type":"PropertyValueSpecification","valueRequired":true,"valueName":"search_term_string"}}],"inLanguage":"es"},{"@type":["Person","Organization"],"@id":"https:\/\/luchonoticias.com\/editor\/#\/schema\/person\/7a7fd911f58561fd056dbac7b55af9cd","name":"admin","image":{"@type":"ImageObject","inLanguage":"es","@id":"https:\/\/luchonoticias.com\/editor\/#\/schema\/person\/image\/","url":"https:\/\/luchonoticias.com\/editor\/wp-content\/uploads\/2024\/02\/cropped-cropped-logolu.webp","contentUrl":"https:\/\/luchonoticias.com\/editor\/wp-content\/uploads\/2024\/02\/cropped-cropped-logolu.webp","width":382,"height":170,"caption":"admin"},"logo":{"@id":"https:\/\/luchonoticias.com\/editor\/#\/schema\/person\/image\/"},"sameAs":["https:\/\/www.facebook.com\/luchonoticiasneiva"],"url":"https:\/\/luchonoticias.com\/editor\/author\/admin\/"}]}},"_links":{"self":[{"href":"https:\/\/luchonoticias.com\/editor\/wp-json\/wp\/v2\/posts\/36956","targetHints":{"allow":["GET"]}}],"collection":[{"href":"https:\/\/luchonoticias.com\/editor\/wp-json\/wp\/v2\/posts"}],"about":[{"href":"https:\/\/luchonoticias.com\/editor\/wp-json\/wp\/v2\/types\/post"}],"author":[{"embeddable":true,"href":"https:\/\/luchonoticias.com\/editor\/wp-json\/wp\/v2\/users\/1"}],"replies":[{"embeddable":true,"href":"https:\/\/luchonoticias.com\/editor\/wp-json\/wp\/v2\/comments?post=36956"}],"version-history":[{"count":0,"href":"https:\/\/luchonoticias.com\/editor\/wp-json\/wp\/v2\/posts\/36956\/revisions"}],"wp:attachment":[{"href":"https:\/\/luchonoticias.com\/editor\/wp-json\/wp\/v2\/media?parent=36956"}],"wp:term":[{"taxonomy":"category","embeddable":true,"href":"https:\/\/luchonoticias.com\/editor\/wp-json\/wp\/v2\/categories?post=36956"},{"taxonomy":"post_tag","embeddable":true,"href":"https:\/\/luchonoticias.com\/editor\/wp-json\/wp\/v2\/tags?post=36956"}],"curies":[{"name":"wp","href":"https:\/\/api.w.org\/{rel}","templated":true}]}}