{"id":36970,"date":"2022-10-16T12:57:13","date_gmt":"2022-10-16T17:57:13","guid":{"rendered":"https:\/\/luchonoticias.com\/?p=36970"},"modified":"2022-10-16T12:57:14","modified_gmt":"2022-10-16T17:57:14","slug":"soldados-del-huila-tuvieron-una-jornada-de-reconocimiento-a-la-gran-labor-prestada","status":"publish","type":"post","link":"https:\/\/luchonoticias.com\/editor\/soldados-del-huila-tuvieron-una-jornada-de-reconocimiento-a-la-gran-labor-prestada\/","title":{"rendered":"Soldados del Huila, tuvieron una jornada de reconocimiento a la gran labor prestada"},"content":{"rendered":"\n<p>Desde muy temprano, los soldados que all\u00ed fortalecen sus valores, capacidades y liderazgo a trav\u00e9s del constante entrenamiento, recibieron la visita del Comandante de la Novena Brigada y de los comandantes de cada una de las unidades que hacen presencia en el territorio huilense; llegaron para agradecerles su valor, entrega y voluntad de servicio a la Patria y para hacer de este d\u00eda una jornada diferente.<\/p>\n\n\n\n<figure class=\"wp-block-gallery has-nested-images columns-default is-cropped wp-block-gallery-1 is-layout-flex wp-block-gallery-is-layout-flex\">\n<figure class=\"wp-block-image size-large\"><img decoding=\"async\" data-id=\"36975\" src=\"https:\/\/luchonoticias.com\/wp-content\/uploads\/2022\/10\/WhatsApp-Image-2022-10-16-at-12.40.43-PM-1024x683.jpeg\" alt=\"\" class=\"wp-image-36975\"\/><\/figure>\n\n\n\n<figure class=\"wp-block-image size-large\"><img decoding=\"async\" data-id=\"36976\" src=\"https:\/\/luchonoticias.com\/wp-content\/uploads\/2022\/10\/WhatsApp-Image-2022-10-16-at-12.40.39-PM-1-1024x682.jpeg\" alt=\"\" class=\"wp-image-36976\"\/><\/figure>\n<\/figure>\n\n\n\n<p>No pod\u00eda faltar la sagrada eucarist\u00eda para encomendar cada accionar a Dios en pro de cumplir a cabalidad con la misi\u00f3n encomendada, acci\u00f3n que dio paso a los actos culturales, a la m\u00fasica popular, a los concursos, a la entrega de obsequios y al tradicional almuerzo de compa\u00f1eros.<\/p>\n\n\n\n<figure class=\"wp-block-gallery has-nested-images columns-default is-cropped wp-block-gallery-2 is-layout-flex wp-block-gallery-is-layout-flex\">\n<figure class=\"wp-block-image size-large\"><img decoding=\"async\" data-id=\"36973\" src=\"https:\/\/luchonoticias.com\/wp-content\/uploads\/2022\/10\/WhatsApp-Image-2022-10-16-at-12.40.41-PM-1-1024x683.jpeg\" alt=\"\" class=\"wp-image-36973\"\/><\/figure>\n\n\n\n<figure class=\"wp-block-image size-large\"><img decoding=\"async\" data-id=\"36972\" src=\"https:\/\/luchonoticias.com\/wp-content\/uploads\/2022\/10\/WhatsApp-Image-2022-10-16-at-12.40.41-PM-1024x683.jpeg\" alt=\"\" class=\"wp-image-36972\"\/><\/figure>\n\n\n\n<figure class=\"wp-block-image size-large\"><img decoding=\"async\" data-id=\"36974\" src=\"https:\/\/luchonoticias.com\/wp-content\/uploads\/2022\/10\/WhatsApp-Image-2022-10-16-at-12.40.38-PM-1-1024x683.jpeg\" alt=\"\" class=\"wp-image-36974\"\/><\/figure>\n<\/figure>\n\n\n\n<p>A la par con las actividades recreativas, los j\u00f3venes soldados recibieron los servicios de peluquer\u00eda, medicina general, odontolog\u00eda y sastrer\u00eda, entre otros.<\/p>\n\n\n\n<p>Una jornada en la que ratificaron su compromiso con la custodia del Departamento, su presencia en los ejes viales, en los sitios tur\u00edsticos, en el \u00e1rea rural, seguir\u00e1 siendo permanente, de ah\u00ed la importancia de las fases de entrenamiento y reentrenamiento para fortalecer sus capacidades diferenciales y seguir siendo centinelas de la seguridad y el bienestar de los huilenses.<\/p>\n","protected":false},"excerpt":{"rendered":"<p>Desde muy temprano, los soldados que all\u00ed fortalecen sus valores, capacidades y liderazgo a trav\u00e9s del constante entrenamiento, recibieron la visita del Comandante de la Novena Brigada y de los comandantes de cada una de las unidades que hacen presencia en el territorio huilense; llegaron para agradecerles su valor, entrega y voluntad de servicio a [&hellip;]<\/p>\n","protected":false},"author":1,"featured_media":0,"comment_status":"open","ping_status":"open","sticky":false,"template":"","format":"standard","meta":{"footnotes":""},"categories":[3961,36],"tags":[],"class_list":["post-36970","post","type-post","status-publish","format-standard","hentry","category-comunidad","category-destacado"],"yoast_head":"<!-- This site is optimized with the Yoast SEO plugin v26.6 - https:\/\/yoast.com\/wordpress\/plugins\/seo\/ -->\n<title>Soldados del Huila, tuvieron una jornada de reconocimiento a la gran labor prestada -<\/title>\n<meta name=\"robots\" content=\"index, follow, max-snippet:-1, max-image-preview:large, max-video-preview:-1\" \/>\n<link rel=\"canonical\" href=\"https:\/\/luchonoticias.com\/editor\/soldados-del-huila-tuvieron-una-jornada-de-reconocimiento-a-la-gran-labor-prestada\/\" \/>\n<meta property=\"og:locale\" content=\"es_ES\" \/>\n<meta property=\"og:type\" content=\"article\" \/>\n<meta property=\"og:title\" content=\"Soldados del Huila, tuvieron una jornada de reconocimiento a la gran labor prestada -\" \/>\n<meta property=\"og:url\" content=\"https:\/\/luchonoticias.com\/editor\/soldados-del-huila-tuvieron-una-jornada-de-reconocimiento-a-la-gran-labor-prestada\/\" \/>\n<meta property=\"article:publisher\" content=\"https:\/\/www.facebook.com\/luchonoticiasneiva\" \/>\n<meta property=\"article:author\" content=\"https:\/\/www.facebook.com\/luchonoticiasneiva\" \/>\n<meta property=\"article:published_time\" content=\"2022-10-16T17:57:13+00:00\" \/>\n<meta property=\"article:modified_time\" content=\"2022-10-16T17:57:14+00:00\" \/>\n<meta property=\"og:image\" content=\"https:\/\/luchonoticias.com\/wp-content\/uploads\/2022\/10\/WhatsApp-Image-2022-10-16-at-12.40.43-PM-1024x683.jpeg\" \/>\n<meta name=\"author\" content=\"admin\" \/>\n<meta name=\"twitter:card\" content=\"summary_large_image\" \/>\n<meta name=\"twitter:label1\" content=\"Escrito por\" \/>\n\t<meta name=\"twitter:data1\" content=\"admin\" \/>\n\t<meta name=\"twitter:label2\" content=\"Tiempo de lectura\" \/>\n\t<meta name=\"twitter:data2\" content=\"1 minuto\" \/>\n<script type=\"application\/ld+json\" class=\"yoast-schema-graph\">{\"@context\":\"https:\/\/schema.org\",\"@graph\":[{\"@type\":\"Article\",\"@id\":\"https:\/\/luchonoticias.com\/editor\/soldados-del-huila-tuvieron-una-jornada-de-reconocimiento-a-la-gran-labor-prestada\/#article\",\"isPartOf\":{\"@id\":\"https:\/\/luchonoticias.com\/editor\/soldados-del-huila-tuvieron-una-jornada-de-reconocimiento-a-la-gran-labor-prestada\/\"},\"author\":{\"name\":\"admin\",\"@id\":\"https:\/\/luchonoticias.com\/editor\/#\/schema\/person\/7a7fd911f58561fd056dbac7b55af9cd\"},\"headline\":\"Soldados del Huila, tuvieron una jornada de reconocimiento a la gran labor prestada\",\"datePublished\":\"2022-10-16T17:57:13+00:00\",\"dateModified\":\"2022-10-16T17:57:14+00:00\",\"mainEntityOfPage\":{\"@id\":\"https:\/\/luchonoticias.com\/editor\/soldados-del-huila-tuvieron-una-jornada-de-reconocimiento-a-la-gran-labor-prestada\/\"},\"wordCount\":221,\"commentCount\":0,\"publisher\":{\"@id\":\"https:\/\/luchonoticias.com\/editor\/#\/schema\/person\/7a7fd911f58561fd056dbac7b55af9cd\"},\"image\":{\"@id\":\"https:\/\/luchonoticias.com\/editor\/soldados-del-huila-tuvieron-una-jornada-de-reconocimiento-a-la-gran-labor-prestada\/#primaryimage\"},\"thumbnailUrl\":\"https:\/\/luchonoticias.com\/wp-content\/uploads\/2022\/10\/WhatsApp-Image-2022-10-16-at-12.40.43-PM-1024x683.jpeg\",\"articleSection\":[\"Comunidad\",\"Destacado\"],\"inLanguage\":\"es\",\"potentialAction\":[{\"@type\":\"CommentAction\",\"name\":\"Comment\",\"target\":[\"https:\/\/luchonoticias.com\/editor\/soldados-del-huila-tuvieron-una-jornada-de-reconocimiento-a-la-gran-labor-prestada\/#respond\"]}]},{\"@type\":\"WebPage\",\"@id\":\"https:\/\/luchonoticias.com\/editor\/soldados-del-huila-tuvieron-una-jornada-de-reconocimiento-a-la-gran-labor-prestada\/\",\"url\":\"https:\/\/luchonoticias.com\/editor\/soldados-del-huila-tuvieron-una-jornada-de-reconocimiento-a-la-gran-labor-prestada\/\",\"name\":\"Soldados del Huila, tuvieron una jornada de reconocimiento a la gran labor prestada -\",\"isPartOf\":{\"@id\":\"https:\/\/luchonoticias.com\/editor\/#website\"},\"primaryImageOfPage\":{\"@id\":\"https:\/\/luchonoticias.com\/editor\/soldados-del-huila-tuvieron-una-jornada-de-reconocimiento-a-la-gran-labor-prestada\/#primaryimage\"},\"image\":{\"@id\":\"https:\/\/luchonoticias.com\/editor\/soldados-del-huila-tuvieron-una-jornada-de-reconocimiento-a-la-gran-labor-prestada\/#primaryimage\"},\"thumbnailUrl\":\"https:\/\/luchonoticias.com\/wp-content\/uploads\/2022\/10\/WhatsApp-Image-2022-10-16-at-12.40.43-PM-1024x683.jpeg\",\"datePublished\":\"2022-10-16T17:57:13+00:00\",\"dateModified\":\"2022-10-16T17:57:14+00:00\",\"breadcrumb\":{\"@id\":\"https:\/\/luchonoticias.com\/editor\/soldados-del-huila-tuvieron-una-jornada-de-reconocimiento-a-la-gran-labor-prestada\/#breadcrumb\"},\"inLanguage\":\"es\",\"potentialAction\":[{\"@type\":\"ReadAction\",\"target\":[\"https:\/\/luchonoticias.com\/editor\/soldados-del-huila-tuvieron-una-jornada-de-reconocimiento-a-la-gran-labor-prestada\/\"]}]},{\"@type\":\"ImageObject\",\"inLanguage\":\"es\",\"@id\":\"https:\/\/luchonoticias.com\/editor\/soldados-del-huila-tuvieron-una-jornada-de-reconocimiento-a-la-gran-labor-prestada\/#primaryimage\",\"url\":\"https:\/\/luchonoticias.com\/wp-content\/uploads\/2022\/10\/WhatsApp-Image-2022-10-16-at-12.40.43-PM-1024x683.jpeg\",\"contentUrl\":\"https:\/\/luchonoticias.com\/wp-content\/uploads\/2022\/10\/WhatsApp-Image-2022-10-16-at-12.40.43-PM-1024x683.jpeg\"},{\"@type\":\"BreadcrumbList\",\"@id\":\"https:\/\/luchonoticias.com\/editor\/soldados-del-huila-tuvieron-una-jornada-de-reconocimiento-a-la-gran-labor-prestada\/#breadcrumb\",\"itemListElement\":[{\"@type\":\"ListItem\",\"position\":1,\"name\":\"Portada\",\"item\":\"https:\/\/luchonoticias.com\/editor\/\"},{\"@type\":\"ListItem\",\"position\":2,\"name\":\"Soldados del Huila, tuvieron una jornada de reconocimiento a la gran labor prestada\"}]},{\"@type\":\"WebSite\",\"@id\":\"https:\/\/luchonoticias.com\/editor\/#website\",\"url\":\"https:\/\/luchonoticias.com\/editor\/\",\"name\":\"\",\"description\":\"\",\"publisher\":{\"@id\":\"https:\/\/luchonoticias.com\/editor\/#\/schema\/person\/7a7fd911f58561fd056dbac7b55af9cd\"},\"potentialAction\":[{\"@type\":\"SearchAction\",\"target\":{\"@type\":\"EntryPoint\",\"urlTemplate\":\"https:\/\/luchonoticias.com\/editor\/?s={search_term_string}\"},\"query-input\":{\"@type\":\"PropertyValueSpecification\",\"valueRequired\":true,\"valueName\":\"search_term_string\"}}],\"inLanguage\":\"es\"},{\"@type\":[\"Person\",\"Organization\"],\"@id\":\"https:\/\/luchonoticias.com\/editor\/#\/schema\/person\/7a7fd911f58561fd056dbac7b55af9cd\",\"name\":\"admin\",\"image\":{\"@type\":\"ImageObject\",\"inLanguage\":\"es\",\"@id\":\"https:\/\/luchonoticias.com\/editor\/#\/schema\/person\/image\/\",\"url\":\"https:\/\/luchonoticias.com\/editor\/wp-content\/uploads\/2024\/02\/cropped-cropped-logolu.webp\",\"contentUrl\":\"https:\/\/luchonoticias.com\/editor\/wp-content\/uploads\/2024\/02\/cropped-cropped-logolu.webp\",\"width\":382,\"height\":170,\"caption\":\"admin\"},\"logo\":{\"@id\":\"https:\/\/luchonoticias.com\/editor\/#\/schema\/person\/image\/\"},\"sameAs\":[\"https:\/\/www.facebook.com\/luchonoticiasneiva\"],\"url\":\"https:\/\/luchonoticias.com\/editor\/author\/admin\/\"}]}<\/script>\n<!-- \/ Yoast SEO plugin. -->","yoast_head_json":{"title":"Soldados del Huila, tuvieron una jornada de reconocimiento a la gran labor prestada -","robots":{"index":"index","follow":"follow","max-snippet":"max-snippet:-1","max-image-preview":"max-image-preview:large","max-video-preview":"max-video-preview:-1"},"canonical":"https:\/\/luchonoticias.com\/editor\/soldados-del-huila-tuvieron-una-jornada-de-reconocimiento-a-la-gran-labor-prestada\/","og_locale":"es_ES","og_type":"article","og_title":"Soldados del Huila, tuvieron una jornada de reconocimiento a la gran labor prestada -","og_url":"https:\/\/luchonoticias.com\/editor\/soldados-del-huila-tuvieron-una-jornada-de-reconocimiento-a-la-gran-labor-prestada\/","article_publisher":"https:\/\/www.facebook.com\/luchonoticiasneiva","article_author":"https:\/\/www.facebook.com\/luchonoticiasneiva","article_published_time":"2022-10-16T17:57:13+00:00","article_modified_time":"2022-10-16T17:57:14+00:00","og_image":[{"url":"https:\/\/luchonoticias.com\/wp-content\/uploads\/2022\/10\/WhatsApp-Image-2022-10-16-at-12.40.43-PM-1024x683.jpeg","type":"","width":"","height":""}],"author":"admin","twitter_card":"summary_large_image","twitter_misc":{"Escrito por":"admin","Tiempo de lectura":"1 minuto"},"schema":{"@context":"https:\/\/schema.org","@graph":[{"@type":"Article","@id":"https:\/\/luchonoticias.com\/editor\/soldados-del-huila-tuvieron-una-jornada-de-reconocimiento-a-la-gran-labor-prestada\/#article","isPartOf":{"@id":"https:\/\/luchonoticias.com\/editor\/soldados-del-huila-tuvieron-una-jornada-de-reconocimiento-a-la-gran-labor-prestada\/"},"author":{"name":"admin","@id":"https:\/\/luchonoticias.com\/editor\/#\/schema\/person\/7a7fd911f58561fd056dbac7b55af9cd"},"headline":"Soldados del Huila, tuvieron una jornada de reconocimiento a la gran labor prestada","datePublished":"2022-10-16T17:57:13+00:00","dateModified":"2022-10-16T17:57:14+00:00","mainEntityOfPage":{"@id":"https:\/\/luchonoticias.com\/editor\/soldados-del-huila-tuvieron-una-jornada-de-reconocimiento-a-la-gran-labor-prestada\/"},"wordCount":221,"commentCount":0,"publisher":{"@id":"https:\/\/luchonoticias.com\/editor\/#\/schema\/person\/7a7fd911f58561fd056dbac7b55af9cd"},"image":{"@id":"https:\/\/luchonoticias.com\/editor\/soldados-del-huila-tuvieron-una-jornada-de-reconocimiento-a-la-gran-labor-prestada\/#primaryimage"},"thumbnailUrl":"https:\/\/luchonoticias.com\/wp-content\/uploads\/2022\/10\/WhatsApp-Image-2022-10-16-at-12.40.43-PM-1024x683.jpeg","articleSection":["Comunidad","Destacado"],"inLanguage":"es","potentialAction":[{"@type":"CommentAction","name":"Comment","target":["https:\/\/luchonoticias.com\/editor\/soldados-del-huila-tuvieron-una-jornada-de-reconocimiento-a-la-gran-labor-prestada\/#respond"]}]},{"@type":"WebPage","@id":"https:\/\/luchonoticias.com\/editor\/soldados-del-huila-tuvieron-una-jornada-de-reconocimiento-a-la-gran-labor-prestada\/","url":"https:\/\/luchonoticias.com\/editor\/soldados-del-huila-tuvieron-una-jornada-de-reconocimiento-a-la-gran-labor-prestada\/","name":"Soldados del Huila, tuvieron una jornada de reconocimiento a la gran labor prestada -","isPartOf":{"@id":"https:\/\/luchonoticias.com\/editor\/#website"},"primaryImageOfPage":{"@id":"https:\/\/luchonoticias.com\/editor\/soldados-del-huila-tuvieron-una-jornada-de-reconocimiento-a-la-gran-labor-prestada\/#primaryimage"},"image":{"@id":"https:\/\/luchonoticias.com\/editor\/soldados-del-huila-tuvieron-una-jornada-de-reconocimiento-a-la-gran-labor-prestada\/#primaryimage"},"thumbnailUrl":"https:\/\/luchonoticias.com\/wp-content\/uploads\/2022\/10\/WhatsApp-Image-2022-10-16-at-12.40.43-PM-1024x683.jpeg","datePublished":"2022-10-16T17:57:13+00:00","dateModified":"2022-10-16T17:57:14+00:00","breadcrumb":{"@id":"https:\/\/luchonoticias.com\/editor\/soldados-del-huila-tuvieron-una-jornada-de-reconocimiento-a-la-gran-labor-prestada\/#breadcrumb"},"inLanguage":"es","potentialAction":[{"@type":"ReadAction","target":["https:\/\/luchonoticias.com\/editor\/soldados-del-huila-tuvieron-una-jornada-de-reconocimiento-a-la-gran-labor-prestada\/"]}]},{"@type":"ImageObject","inLanguage":"es","@id":"https:\/\/luchonoticias.com\/editor\/soldados-del-huila-tuvieron-una-jornada-de-reconocimiento-a-la-gran-labor-prestada\/#primaryimage","url":"https:\/\/luchonoticias.com\/wp-content\/uploads\/2022\/10\/WhatsApp-Image-2022-10-16-at-12.40.43-PM-1024x683.jpeg","contentUrl":"https:\/\/luchonoticias.com\/wp-content\/uploads\/2022\/10\/WhatsApp-Image-2022-10-16-at-12.40.43-PM-1024x683.jpeg"},{"@type":"BreadcrumbList","@id":"https:\/\/luchonoticias.com\/editor\/soldados-del-huila-tuvieron-una-jornada-de-reconocimiento-a-la-gran-labor-prestada\/#breadcrumb","itemListElement":[{"@type":"ListItem","position":1,"name":"Portada","item":"https:\/\/luchonoticias.com\/editor\/"},{"@type":"ListItem","position":2,"name":"Soldados del Huila, tuvieron una jornada de reconocimiento a la gran labor prestada"}]},{"@type":"WebSite","@id":"https:\/\/luchonoticias.com\/editor\/#website","url":"https:\/\/luchonoticias.com\/editor\/","name":"","description":"","publisher":{"@id":"https:\/\/luchonoticias.com\/editor\/#\/schema\/person\/7a7fd911f58561fd056dbac7b55af9cd"},"potentialAction":[{"@type":"SearchAction","target":{"@type":"EntryPoint","urlTemplate":"https:\/\/luchonoticias.com\/editor\/?s={search_term_string}"},"query-input":{"@type":"PropertyValueSpecification","valueRequired":true,"valueName":"search_term_string"}}],"inLanguage":"es"},{"@type":["Person","Organization"],"@id":"https:\/\/luchonoticias.com\/editor\/#\/schema\/person\/7a7fd911f58561fd056dbac7b55af9cd","name":"admin","image":{"@type":"ImageObject","inLanguage":"es","@id":"https:\/\/luchonoticias.com\/editor\/#\/schema\/person\/image\/","url":"https:\/\/luchonoticias.com\/editor\/wp-content\/uploads\/2024\/02\/cropped-cropped-logolu.webp","contentUrl":"https:\/\/luchonoticias.com\/editor\/wp-content\/uploads\/2024\/02\/cropped-cropped-logolu.webp","width":382,"height":170,"caption":"admin"},"logo":{"@id":"https:\/\/luchonoticias.com\/editor\/#\/schema\/person\/image\/"},"sameAs":["https:\/\/www.facebook.com\/luchonoticiasneiva"],"url":"https:\/\/luchonoticias.com\/editor\/author\/admin\/"}]}},"_links":{"self":[{"href":"https:\/\/luchonoticias.com\/editor\/wp-json\/wp\/v2\/posts\/36970","targetHints":{"allow":["GET"]}}],"collection":[{"href":"https:\/\/luchonoticias.com\/editor\/wp-json\/wp\/v2\/posts"}],"about":[{"href":"https:\/\/luchonoticias.com\/editor\/wp-json\/wp\/v2\/types\/post"}],"author":[{"embeddable":true,"href":"https:\/\/luchonoticias.com\/editor\/wp-json\/wp\/v2\/users\/1"}],"replies":[{"embeddable":true,"href":"https:\/\/luchonoticias.com\/editor\/wp-json\/wp\/v2\/comments?post=36970"}],"version-history":[{"count":0,"href":"https:\/\/luchonoticias.com\/editor\/wp-json\/wp\/v2\/posts\/36970\/revisions"}],"wp:attachment":[{"href":"https:\/\/luchonoticias.com\/editor\/wp-json\/wp\/v2\/media?parent=36970"}],"wp:term":[{"taxonomy":"category","embeddable":true,"href":"https:\/\/luchonoticias.com\/editor\/wp-json\/wp\/v2\/categories?post=36970"},{"taxonomy":"post_tag","embeddable":true,"href":"https:\/\/luchonoticias.com\/editor\/wp-json\/wp\/v2\/tags?post=36970"}],"curies":[{"name":"wp","href":"https:\/\/api.w.org\/{rel}","templated":true}]}}