{"id":36989,"date":"2022-10-17T08:09:10","date_gmt":"2022-10-17T13:09:10","guid":{"rendered":"https:\/\/luchonoticias.com\/?p=36989"},"modified":"2022-10-17T08:09:11","modified_gmt":"2022-10-17T13:09:11","slug":"menor-de-3-anos-muere-ahogado-al-caer-a-una-piscina-al-norte-de-neiva","status":"publish","type":"post","link":"https:\/\/luchonoticias.com\/editor\/menor-de-3-anos-muere-ahogado-al-caer-a-una-piscina-al-norte-de-neiva\/","title":{"rendered":"Menor de 3 a\u00f1os muere ahogado al caer a una piscina al norte de Neiva"},"content":{"rendered":"\n<p>El fallecimiento de un ni\u00f1o de 3 a\u00f1os, al morir ahogado por caer a una piscina, tienen consternados a todos los neivanos. El lamentable hecho se registr\u00f3 la tarde de ayer, en un balneario en la finca San Javier ubicada en Cra.1b con 81 barrio el Dorado del norte de la capital huilense.<\/p>\n\n\n\n<p>Seg\u00fan lo establecido por este medio de comunicaci\u00f3n, al parecer, en un descuido, el menor cay\u00f3 accidentalmente a la parte profunda de la piscina falleciendo por inmersi\u00f3n.<\/p>\n\n\n\n<p>\u201cSeg\u00fan lo manifestado por la progenitora, ella se encontraba cambiando a su hija de 9 meses, en un descuido de los padres, el ni\u00f1o ingresa a la piscina, al observar esta situaci\u00f3n el padre lo saca de la piscina y lo trasladan de manera inmediata al centro de salud m\u00e1s cercano\u201d, revelaron fuentes extra oficiales.<\/p>\n\n\n\n<p>Pese a que el menor fue sacado de la piscina y trasladado hasta un centro de salud &nbsp;para que lo reanimaran, los galenos se\u00f1alaron que el ni\u00f1o lleg\u00f3 sin signos vitales.<\/p>\n","protected":false},"excerpt":{"rendered":"<p>El fallecimiento de un ni\u00f1o de 3 a\u00f1os, al morir ahogado por caer a una piscina, tienen consternados a todos los neivanos. El lamentable hecho se registr\u00f3 la tarde de ayer, en un balneario en la finca San Javier ubicada en Cra.1b con 81 barrio el Dorado del norte de la capital huilense. Seg\u00fan lo [&hellip;]<\/p>\n","protected":false},"author":1,"featured_media":0,"comment_status":"open","ping_status":"open","sticky":false,"template":"","format":"standard","meta":{"footnotes":""},"categories":[36,29],"tags":[],"class_list":["post-36989","post","type-post","status-publish","format-standard","hentry","category-destacado","category-judicial"],"yoast_head":"<!-- This site is optimized with the Yoast SEO plugin v26.6 - https:\/\/yoast.com\/wordpress\/plugins\/seo\/ -->\n<title>Menor de 3 a\u00f1os muere ahogado al caer a una piscina al norte de Neiva -<\/title>\n<meta name=\"robots\" content=\"index, follow, max-snippet:-1, max-image-preview:large, max-video-preview:-1\" \/>\n<link rel=\"canonical\" href=\"https:\/\/luchonoticias.com\/editor\/menor-de-3-anos-muere-ahogado-al-caer-a-una-piscina-al-norte-de-neiva\/\" \/>\n<meta property=\"og:locale\" content=\"es_ES\" \/>\n<meta property=\"og:type\" content=\"article\" \/>\n<meta property=\"og:title\" content=\"Menor de 3 a\u00f1os muere ahogado al caer a una piscina al norte de Neiva -\" \/>\n<meta property=\"og:url\" content=\"https:\/\/luchonoticias.com\/editor\/menor-de-3-anos-muere-ahogado-al-caer-a-una-piscina-al-norte-de-neiva\/\" \/>\n<meta property=\"article:publisher\" content=\"https:\/\/www.facebook.com\/luchonoticiasneiva\" \/>\n<meta property=\"article:author\" content=\"https:\/\/www.facebook.com\/luchonoticiasneiva\" \/>\n<meta property=\"article:published_time\" content=\"2022-10-17T13:09:10+00:00\" \/>\n<meta property=\"article:modified_time\" content=\"2022-10-17T13:09:11+00:00\" \/>\n<meta name=\"author\" content=\"admin\" \/>\n<meta name=\"twitter:card\" content=\"summary_large_image\" \/>\n<meta name=\"twitter:label1\" content=\"Escrito por\" \/>\n\t<meta name=\"twitter:data1\" content=\"admin\" \/>\n\t<meta name=\"twitter:label2\" content=\"Tiempo de lectura\" \/>\n\t<meta name=\"twitter:data2\" content=\"1 minuto\" \/>\n<script type=\"application\/ld+json\" class=\"yoast-schema-graph\">{\"@context\":\"https:\/\/schema.org\",\"@graph\":[{\"@type\":\"Article\",\"@id\":\"https:\/\/luchonoticias.com\/editor\/menor-de-3-anos-muere-ahogado-al-caer-a-una-piscina-al-norte-de-neiva\/#article\",\"isPartOf\":{\"@id\":\"https:\/\/luchonoticias.com\/editor\/menor-de-3-anos-muere-ahogado-al-caer-a-una-piscina-al-norte-de-neiva\/\"},\"author\":{\"name\":\"admin\",\"@id\":\"https:\/\/luchonoticias.com\/editor\/#\/schema\/person\/7a7fd911f58561fd056dbac7b55af9cd\"},\"headline\":\"Menor de 3 a\u00f1os muere ahogado al caer a una piscina al norte de Neiva\",\"datePublished\":\"2022-10-17T13:09:10+00:00\",\"dateModified\":\"2022-10-17T13:09:11+00:00\",\"mainEntityOfPage\":{\"@id\":\"https:\/\/luchonoticias.com\/editor\/menor-de-3-anos-muere-ahogado-al-caer-a-una-piscina-al-norte-de-neiva\/\"},\"wordCount\":191,\"commentCount\":0,\"publisher\":{\"@id\":\"https:\/\/luchonoticias.com\/editor\/#\/schema\/person\/7a7fd911f58561fd056dbac7b55af9cd\"},\"articleSection\":[\"Destacado\",\"Judicial\"],\"inLanguage\":\"es\",\"potentialAction\":[{\"@type\":\"CommentAction\",\"name\":\"Comment\",\"target\":[\"https:\/\/luchonoticias.com\/editor\/menor-de-3-anos-muere-ahogado-al-caer-a-una-piscina-al-norte-de-neiva\/#respond\"]}]},{\"@type\":\"WebPage\",\"@id\":\"https:\/\/luchonoticias.com\/editor\/menor-de-3-anos-muere-ahogado-al-caer-a-una-piscina-al-norte-de-neiva\/\",\"url\":\"https:\/\/luchonoticias.com\/editor\/menor-de-3-anos-muere-ahogado-al-caer-a-una-piscina-al-norte-de-neiva\/\",\"name\":\"Menor de 3 a\u00f1os muere ahogado al caer a una piscina al norte de Neiva -\",\"isPartOf\":{\"@id\":\"https:\/\/luchonoticias.com\/editor\/#website\"},\"datePublished\":\"2022-10-17T13:09:10+00:00\",\"dateModified\":\"2022-10-17T13:09:11+00:00\",\"breadcrumb\":{\"@id\":\"https:\/\/luchonoticias.com\/editor\/menor-de-3-anos-muere-ahogado-al-caer-a-una-piscina-al-norte-de-neiva\/#breadcrumb\"},\"inLanguage\":\"es\",\"potentialAction\":[{\"@type\":\"ReadAction\",\"target\":[\"https:\/\/luchonoticias.com\/editor\/menor-de-3-anos-muere-ahogado-al-caer-a-una-piscina-al-norte-de-neiva\/\"]}]},{\"@type\":\"BreadcrumbList\",\"@id\":\"https:\/\/luchonoticias.com\/editor\/menor-de-3-anos-muere-ahogado-al-caer-a-una-piscina-al-norte-de-neiva\/#breadcrumb\",\"itemListElement\":[{\"@type\":\"ListItem\",\"position\":1,\"name\":\"Portada\",\"item\":\"https:\/\/luchonoticias.com\/editor\/\"},{\"@type\":\"ListItem\",\"position\":2,\"name\":\"Menor de 3 a\u00f1os muere ahogado al caer a una piscina al norte de Neiva\"}]},{\"@type\":\"WebSite\",\"@id\":\"https:\/\/luchonoticias.com\/editor\/#website\",\"url\":\"https:\/\/luchonoticias.com\/editor\/\",\"name\":\"\",\"description\":\"\",\"publisher\":{\"@id\":\"https:\/\/luchonoticias.com\/editor\/#\/schema\/person\/7a7fd911f58561fd056dbac7b55af9cd\"},\"potentialAction\":[{\"@type\":\"SearchAction\",\"target\":{\"@type\":\"EntryPoint\",\"urlTemplate\":\"https:\/\/luchonoticias.com\/editor\/?s={search_term_string}\"},\"query-input\":{\"@type\":\"PropertyValueSpecification\",\"valueRequired\":true,\"valueName\":\"search_term_string\"}}],\"inLanguage\":\"es\"},{\"@type\":[\"Person\",\"Organization\"],\"@id\":\"https:\/\/luchonoticias.com\/editor\/#\/schema\/person\/7a7fd911f58561fd056dbac7b55af9cd\",\"name\":\"admin\",\"image\":{\"@type\":\"ImageObject\",\"inLanguage\":\"es\",\"@id\":\"https:\/\/luchonoticias.com\/editor\/#\/schema\/person\/image\/\",\"url\":\"https:\/\/luchonoticias.com\/editor\/wp-content\/uploads\/2024\/02\/cropped-cropped-logolu.webp\",\"contentUrl\":\"https:\/\/luchonoticias.com\/editor\/wp-content\/uploads\/2024\/02\/cropped-cropped-logolu.webp\",\"width\":382,\"height\":170,\"caption\":\"admin\"},\"logo\":{\"@id\":\"https:\/\/luchonoticias.com\/editor\/#\/schema\/person\/image\/\"},\"sameAs\":[\"https:\/\/www.facebook.com\/luchonoticiasneiva\"],\"url\":\"https:\/\/luchonoticias.com\/editor\/author\/admin\/\"}]}<\/script>\n<!-- \/ Yoast SEO plugin. -->","yoast_head_json":{"title":"Menor de 3 a\u00f1os muere ahogado al caer a una piscina al norte de Neiva -","robots":{"index":"index","follow":"follow","max-snippet":"max-snippet:-1","max-image-preview":"max-image-preview:large","max-video-preview":"max-video-preview:-1"},"canonical":"https:\/\/luchonoticias.com\/editor\/menor-de-3-anos-muere-ahogado-al-caer-a-una-piscina-al-norte-de-neiva\/","og_locale":"es_ES","og_type":"article","og_title":"Menor de 3 a\u00f1os muere ahogado al caer a una piscina al norte de Neiva -","og_url":"https:\/\/luchonoticias.com\/editor\/menor-de-3-anos-muere-ahogado-al-caer-a-una-piscina-al-norte-de-neiva\/","article_publisher":"https:\/\/www.facebook.com\/luchonoticiasneiva","article_author":"https:\/\/www.facebook.com\/luchonoticiasneiva","article_published_time":"2022-10-17T13:09:10+00:00","article_modified_time":"2022-10-17T13:09:11+00:00","author":"admin","twitter_card":"summary_large_image","twitter_misc":{"Escrito por":"admin","Tiempo de lectura":"1 minuto"},"schema":{"@context":"https:\/\/schema.org","@graph":[{"@type":"Article","@id":"https:\/\/luchonoticias.com\/editor\/menor-de-3-anos-muere-ahogado-al-caer-a-una-piscina-al-norte-de-neiva\/#article","isPartOf":{"@id":"https:\/\/luchonoticias.com\/editor\/menor-de-3-anos-muere-ahogado-al-caer-a-una-piscina-al-norte-de-neiva\/"},"author":{"name":"admin","@id":"https:\/\/luchonoticias.com\/editor\/#\/schema\/person\/7a7fd911f58561fd056dbac7b55af9cd"},"headline":"Menor de 3 a\u00f1os muere ahogado al caer a una piscina al norte de Neiva","datePublished":"2022-10-17T13:09:10+00:00","dateModified":"2022-10-17T13:09:11+00:00","mainEntityOfPage":{"@id":"https:\/\/luchonoticias.com\/editor\/menor-de-3-anos-muere-ahogado-al-caer-a-una-piscina-al-norte-de-neiva\/"},"wordCount":191,"commentCount":0,"publisher":{"@id":"https:\/\/luchonoticias.com\/editor\/#\/schema\/person\/7a7fd911f58561fd056dbac7b55af9cd"},"articleSection":["Destacado","Judicial"],"inLanguage":"es","potentialAction":[{"@type":"CommentAction","name":"Comment","target":["https:\/\/luchonoticias.com\/editor\/menor-de-3-anos-muere-ahogado-al-caer-a-una-piscina-al-norte-de-neiva\/#respond"]}]},{"@type":"WebPage","@id":"https:\/\/luchonoticias.com\/editor\/menor-de-3-anos-muere-ahogado-al-caer-a-una-piscina-al-norte-de-neiva\/","url":"https:\/\/luchonoticias.com\/editor\/menor-de-3-anos-muere-ahogado-al-caer-a-una-piscina-al-norte-de-neiva\/","name":"Menor de 3 a\u00f1os muere ahogado al caer a una piscina al norte de Neiva -","isPartOf":{"@id":"https:\/\/luchonoticias.com\/editor\/#website"},"datePublished":"2022-10-17T13:09:10+00:00","dateModified":"2022-10-17T13:09:11+00:00","breadcrumb":{"@id":"https:\/\/luchonoticias.com\/editor\/menor-de-3-anos-muere-ahogado-al-caer-a-una-piscina-al-norte-de-neiva\/#breadcrumb"},"inLanguage":"es","potentialAction":[{"@type":"ReadAction","target":["https:\/\/luchonoticias.com\/editor\/menor-de-3-anos-muere-ahogado-al-caer-a-una-piscina-al-norte-de-neiva\/"]}]},{"@type":"BreadcrumbList","@id":"https:\/\/luchonoticias.com\/editor\/menor-de-3-anos-muere-ahogado-al-caer-a-una-piscina-al-norte-de-neiva\/#breadcrumb","itemListElement":[{"@type":"ListItem","position":1,"name":"Portada","item":"https:\/\/luchonoticias.com\/editor\/"},{"@type":"ListItem","position":2,"name":"Menor de 3 a\u00f1os muere ahogado al caer a una piscina al norte de Neiva"}]},{"@type":"WebSite","@id":"https:\/\/luchonoticias.com\/editor\/#website","url":"https:\/\/luchonoticias.com\/editor\/","name":"","description":"","publisher":{"@id":"https:\/\/luchonoticias.com\/editor\/#\/schema\/person\/7a7fd911f58561fd056dbac7b55af9cd"},"potentialAction":[{"@type":"SearchAction","target":{"@type":"EntryPoint","urlTemplate":"https:\/\/luchonoticias.com\/editor\/?s={search_term_string}"},"query-input":{"@type":"PropertyValueSpecification","valueRequired":true,"valueName":"search_term_string"}}],"inLanguage":"es"},{"@type":["Person","Organization"],"@id":"https:\/\/luchonoticias.com\/editor\/#\/schema\/person\/7a7fd911f58561fd056dbac7b55af9cd","name":"admin","image":{"@type":"ImageObject","inLanguage":"es","@id":"https:\/\/luchonoticias.com\/editor\/#\/schema\/person\/image\/","url":"https:\/\/luchonoticias.com\/editor\/wp-content\/uploads\/2024\/02\/cropped-cropped-logolu.webp","contentUrl":"https:\/\/luchonoticias.com\/editor\/wp-content\/uploads\/2024\/02\/cropped-cropped-logolu.webp","width":382,"height":170,"caption":"admin"},"logo":{"@id":"https:\/\/luchonoticias.com\/editor\/#\/schema\/person\/image\/"},"sameAs":["https:\/\/www.facebook.com\/luchonoticiasneiva"],"url":"https:\/\/luchonoticias.com\/editor\/author\/admin\/"}]}},"_links":{"self":[{"href":"https:\/\/luchonoticias.com\/editor\/wp-json\/wp\/v2\/posts\/36989","targetHints":{"allow":["GET"]}}],"collection":[{"href":"https:\/\/luchonoticias.com\/editor\/wp-json\/wp\/v2\/posts"}],"about":[{"href":"https:\/\/luchonoticias.com\/editor\/wp-json\/wp\/v2\/types\/post"}],"author":[{"embeddable":true,"href":"https:\/\/luchonoticias.com\/editor\/wp-json\/wp\/v2\/users\/1"}],"replies":[{"embeddable":true,"href":"https:\/\/luchonoticias.com\/editor\/wp-json\/wp\/v2\/comments?post=36989"}],"version-history":[{"count":0,"href":"https:\/\/luchonoticias.com\/editor\/wp-json\/wp\/v2\/posts\/36989\/revisions"}],"wp:attachment":[{"href":"https:\/\/luchonoticias.com\/editor\/wp-json\/wp\/v2\/media?parent=36989"}],"wp:term":[{"taxonomy":"category","embeddable":true,"href":"https:\/\/luchonoticias.com\/editor\/wp-json\/wp\/v2\/categories?post=36989"},{"taxonomy":"post_tag","embeddable":true,"href":"https:\/\/luchonoticias.com\/editor\/wp-json\/wp\/v2\/tags?post=36989"}],"curies":[{"name":"wp","href":"https:\/\/api.w.org\/{rel}","templated":true}]}}