{"id":36998,"date":"2022-10-17T08:22:31","date_gmt":"2022-10-17T13:22:31","guid":{"rendered":"https:\/\/luchonoticias.com\/?p=36998"},"modified":"2022-10-17T08:22:32","modified_gmt":"2022-10-17T13:22:32","slug":"huila-se-alista-para-el-dialogo-regional-con-el-gobierno-nacional","status":"publish","type":"post","link":"https:\/\/luchonoticias.com\/editor\/huila-se-alista-para-el-dialogo-regional-con-el-gobierno-nacional\/","title":{"rendered":"Huila se alista para el Di\u00e1logo Regional con el Gobierno Nacional"},"content":{"rendered":"\n<p>A tres semanas de realizarse el&nbsp;<strong>Di\u00e1logo Regional Vinculante del Huila,<\/strong>&nbsp;el Gobierno invita a los ciudadanos de la subregi\u00f3n a&nbsp;<strong>participar en los Encuentros Preparatorios Subregionales<\/strong>&nbsp;que se cumplir\u00e1n el pr\u00f3ximo s\u00e1bado 29 de octubre, a partir de las 8:00 a.m., en los municipios de Pitalito, La Plata, Garz\u00f3n y Neiva.<\/p>\n\n\n\n<p>La jornada de trabajo previa&nbsp;<strong>suministrar\u00e1 los insumos base para el desarrollo del encuentro masivo<\/strong>, que liderar\u00e1 la ministra, Mar\u00eda Isabel Urrutia, el s\u00e1bado 5 de noviembre y cuyos resultados constituir\u00e1n el&nbsp;<strong>aporte de esta subregi\u00f3n para la construcci\u00f3n del Plan Nacional de Desarrollo 2022-2026.&nbsp;<\/strong><br><br>Entre los temas a socializar est\u00e1n: ordenamiento territorial, tierras y equipamientos; seguridad humana y justicia social; seguridad y derecho a la alimentaci\u00f3n; transformaci\u00f3n energ\u00e9tica y crecimiento verde con justicia social; y convergencia social y regional.<br><br>Los&nbsp;<strong>puntos de encuentro<\/strong>&nbsp;ser\u00e1n: en Neiva, el Colegio INEM; en Garz\u00f3n, la Universidad Surcolombiana; en La Plata, la Universidad Surcolombiana; y en Pitalito, la C\u00e1mara de Comercio.&nbsp;La convocatoria es p\u00fablica y la participaci\u00f3n abierta a todos los interesados.<br><br>Tanto el Ministerio del Deporte, como la Gobernaci\u00f3n del Huila, as\u00ed como los alcaldes de los municipios del departamento, los Programas Agenda Social Regional y de Ciencia Pol\u00edtica de la Universidad Surcolombiana, la Asociaci\u00f3n de Cooperativas y Empresas Solidarias del Huila, Asocooph, y la C\u00e1mara de Comercio del Huila, han venido&nbsp;<strong>trabajando en la coordinaci\u00f3n y preparaci\u00f3n del gran encuentro del 5 de noviembre<\/strong>&nbsp;y, para ello, han sostenido reuniones con directores de planeaci\u00f3n municipal, han programado jornadas virtuales de capacitaci\u00f3n para facilitadores y han programado mesas de trabajo previas con representantes de los sectores: cafetero, frut\u00edcola, cacao, minero, cereales, piscicultura, turismo, ganader\u00eda, panela, aguacate, v\u00edas, agua y saneamiento b\u00e1sico; educaci\u00f3n, salud y, sectores y grupos sociales.&nbsp;&nbsp;&nbsp;<br><br>Lo anterior responde al prop\u00f3sito del gobierno nacional y local de recopilar la informaci\u00f3n, participativamente, de las iniciativas que se presentar\u00e1n en el&nbsp;<strong>Di\u00e1logo Regional Vinculante del 5 de noviembre, en el municipio de Pitalito<\/strong>, identificando las propuestas de las comunidades en las cuatro subregiones del departamento, que se sumar\u00e1n al Plan Nacional de Desarrollo, el documento m\u00e1s importante que define las metas que en el pa\u00eds se cumplir\u00e1n a corto, mediano y largo plazo, necesarias para convertir a Colombia en potencia mundial de la vida, con una Paz Total.<\/p>\n\n\n\n<p>Con informaci\u00f3n y foto del Ministerio del Deporte.<\/p>\n","protected":false},"excerpt":{"rendered":"<p>A tres semanas de realizarse el&nbsp;Di\u00e1logo Regional Vinculante del Huila,&nbsp;el Gobierno invita a los ciudadanos de la subregi\u00f3n a&nbsp;participar en los Encuentros Preparatorios Subregionales&nbsp;que se cumplir\u00e1n el pr\u00f3ximo s\u00e1bado 29 de octubre, a partir de las 8:00 a.m., en los municipios de Pitalito, La Plata, Garz\u00f3n y Neiva. La jornada de trabajo previa&nbsp;suministrar\u00e1 los insumos [&hellip;]<\/p>\n","protected":false},"author":1,"featured_media":0,"comment_status":"open","ping_status":"open","sticky":false,"template":"","format":"standard","meta":{"footnotes":""},"categories":[33],"tags":[],"class_list":["post-36998","post","type-post","status-publish","format-standard","hentry","category-huila"],"yoast_head":"<!-- This site is optimized with the Yoast SEO plugin v26.6 - https:\/\/yoast.com\/wordpress\/plugins\/seo\/ -->\n<title>Huila se alista para el Di\u00e1logo Regional con el Gobierno Nacional -<\/title>\n<meta name=\"robots\" content=\"index, follow, max-snippet:-1, max-image-preview:large, max-video-preview:-1\" \/>\n<link rel=\"canonical\" href=\"https:\/\/luchonoticias.com\/editor\/huila-se-alista-para-el-dialogo-regional-con-el-gobierno-nacional\/\" \/>\n<meta property=\"og:locale\" content=\"es_ES\" \/>\n<meta property=\"og:type\" content=\"article\" \/>\n<meta property=\"og:title\" content=\"Huila se alista para el Di\u00e1logo Regional con el Gobierno Nacional -\" \/>\n<meta property=\"og:url\" content=\"https:\/\/luchonoticias.com\/editor\/huila-se-alista-para-el-dialogo-regional-con-el-gobierno-nacional\/\" \/>\n<meta property=\"article:publisher\" content=\"https:\/\/www.facebook.com\/luchonoticiasneiva\" \/>\n<meta property=\"article:author\" content=\"https:\/\/www.facebook.com\/luchonoticiasneiva\" \/>\n<meta property=\"article:published_time\" content=\"2022-10-17T13:22:31+00:00\" \/>\n<meta property=\"article:modified_time\" content=\"2022-10-17T13:22:32+00:00\" \/>\n<meta name=\"author\" content=\"admin\" \/>\n<meta name=\"twitter:card\" content=\"summary_large_image\" \/>\n<meta name=\"twitter:label1\" content=\"Escrito por\" \/>\n\t<meta name=\"twitter:data1\" content=\"admin\" \/>\n\t<meta name=\"twitter:label2\" content=\"Tiempo de lectura\" \/>\n\t<meta name=\"twitter:data2\" content=\"2 minutos\" \/>\n<script type=\"application\/ld+json\" class=\"yoast-schema-graph\">{\"@context\":\"https:\/\/schema.org\",\"@graph\":[{\"@type\":\"Article\",\"@id\":\"https:\/\/luchonoticias.com\/editor\/huila-se-alista-para-el-dialogo-regional-con-el-gobierno-nacional\/#article\",\"isPartOf\":{\"@id\":\"https:\/\/luchonoticias.com\/editor\/huila-se-alista-para-el-dialogo-regional-con-el-gobierno-nacional\/\"},\"author\":{\"name\":\"admin\",\"@id\":\"https:\/\/luchonoticias.com\/editor\/#\/schema\/person\/7a7fd911f58561fd056dbac7b55af9cd\"},\"headline\":\"Huila se alista para el Di\u00e1logo Regional con el Gobierno Nacional\",\"datePublished\":\"2022-10-17T13:22:31+00:00\",\"dateModified\":\"2022-10-17T13:22:32+00:00\",\"mainEntityOfPage\":{\"@id\":\"https:\/\/luchonoticias.com\/editor\/huila-se-alista-para-el-dialogo-regional-con-el-gobierno-nacional\/\"},\"wordCount\":453,\"commentCount\":0,\"publisher\":{\"@id\":\"https:\/\/luchonoticias.com\/editor\/#\/schema\/person\/7a7fd911f58561fd056dbac7b55af9cd\"},\"articleSection\":[\"Huila\"],\"inLanguage\":\"es\",\"potentialAction\":[{\"@type\":\"CommentAction\",\"name\":\"Comment\",\"target\":[\"https:\/\/luchonoticias.com\/editor\/huila-se-alista-para-el-dialogo-regional-con-el-gobierno-nacional\/#respond\"]}]},{\"@type\":\"WebPage\",\"@id\":\"https:\/\/luchonoticias.com\/editor\/huila-se-alista-para-el-dialogo-regional-con-el-gobierno-nacional\/\",\"url\":\"https:\/\/luchonoticias.com\/editor\/huila-se-alista-para-el-dialogo-regional-con-el-gobierno-nacional\/\",\"name\":\"Huila se alista para el Di\u00e1logo Regional con el Gobierno Nacional -\",\"isPartOf\":{\"@id\":\"https:\/\/luchonoticias.com\/editor\/#website\"},\"datePublished\":\"2022-10-17T13:22:31+00:00\",\"dateModified\":\"2022-10-17T13:22:32+00:00\",\"breadcrumb\":{\"@id\":\"https:\/\/luchonoticias.com\/editor\/huila-se-alista-para-el-dialogo-regional-con-el-gobierno-nacional\/#breadcrumb\"},\"inLanguage\":\"es\",\"potentialAction\":[{\"@type\":\"ReadAction\",\"target\":[\"https:\/\/luchonoticias.com\/editor\/huila-se-alista-para-el-dialogo-regional-con-el-gobierno-nacional\/\"]}]},{\"@type\":\"BreadcrumbList\",\"@id\":\"https:\/\/luchonoticias.com\/editor\/huila-se-alista-para-el-dialogo-regional-con-el-gobierno-nacional\/#breadcrumb\",\"itemListElement\":[{\"@type\":\"ListItem\",\"position\":1,\"name\":\"Portada\",\"item\":\"https:\/\/luchonoticias.com\/editor\/\"},{\"@type\":\"ListItem\",\"position\":2,\"name\":\"Huila se alista para el Di\u00e1logo Regional con el Gobierno Nacional\"}]},{\"@type\":\"WebSite\",\"@id\":\"https:\/\/luchonoticias.com\/editor\/#website\",\"url\":\"https:\/\/luchonoticias.com\/editor\/\",\"name\":\"\",\"description\":\"\",\"publisher\":{\"@id\":\"https:\/\/luchonoticias.com\/editor\/#\/schema\/person\/7a7fd911f58561fd056dbac7b55af9cd\"},\"potentialAction\":[{\"@type\":\"SearchAction\",\"target\":{\"@type\":\"EntryPoint\",\"urlTemplate\":\"https:\/\/luchonoticias.com\/editor\/?s={search_term_string}\"},\"query-input\":{\"@type\":\"PropertyValueSpecification\",\"valueRequired\":true,\"valueName\":\"search_term_string\"}}],\"inLanguage\":\"es\"},{\"@type\":[\"Person\",\"Organization\"],\"@id\":\"https:\/\/luchonoticias.com\/editor\/#\/schema\/person\/7a7fd911f58561fd056dbac7b55af9cd\",\"name\":\"admin\",\"image\":{\"@type\":\"ImageObject\",\"inLanguage\":\"es\",\"@id\":\"https:\/\/luchonoticias.com\/editor\/#\/schema\/person\/image\/\",\"url\":\"https:\/\/luchonoticias.com\/editor\/wp-content\/uploads\/2024\/02\/cropped-cropped-logolu.webp\",\"contentUrl\":\"https:\/\/luchonoticias.com\/editor\/wp-content\/uploads\/2024\/02\/cropped-cropped-logolu.webp\",\"width\":382,\"height\":170,\"caption\":\"admin\"},\"logo\":{\"@id\":\"https:\/\/luchonoticias.com\/editor\/#\/schema\/person\/image\/\"},\"sameAs\":[\"https:\/\/www.facebook.com\/luchonoticiasneiva\"],\"url\":\"https:\/\/luchonoticias.com\/editor\/author\/admin\/\"}]}<\/script>\n<!-- \/ Yoast SEO plugin. -->","yoast_head_json":{"title":"Huila se alista para el Di\u00e1logo Regional con el Gobierno Nacional -","robots":{"index":"index","follow":"follow","max-snippet":"max-snippet:-1","max-image-preview":"max-image-preview:large","max-video-preview":"max-video-preview:-1"},"canonical":"https:\/\/luchonoticias.com\/editor\/huila-se-alista-para-el-dialogo-regional-con-el-gobierno-nacional\/","og_locale":"es_ES","og_type":"article","og_title":"Huila se alista para el Di\u00e1logo Regional con el Gobierno Nacional -","og_url":"https:\/\/luchonoticias.com\/editor\/huila-se-alista-para-el-dialogo-regional-con-el-gobierno-nacional\/","article_publisher":"https:\/\/www.facebook.com\/luchonoticiasneiva","article_author":"https:\/\/www.facebook.com\/luchonoticiasneiva","article_published_time":"2022-10-17T13:22:31+00:00","article_modified_time":"2022-10-17T13:22:32+00:00","author":"admin","twitter_card":"summary_large_image","twitter_misc":{"Escrito por":"admin","Tiempo de lectura":"2 minutos"},"schema":{"@context":"https:\/\/schema.org","@graph":[{"@type":"Article","@id":"https:\/\/luchonoticias.com\/editor\/huila-se-alista-para-el-dialogo-regional-con-el-gobierno-nacional\/#article","isPartOf":{"@id":"https:\/\/luchonoticias.com\/editor\/huila-se-alista-para-el-dialogo-regional-con-el-gobierno-nacional\/"},"author":{"name":"admin","@id":"https:\/\/luchonoticias.com\/editor\/#\/schema\/person\/7a7fd911f58561fd056dbac7b55af9cd"},"headline":"Huila se alista para el Di\u00e1logo Regional con el Gobierno Nacional","datePublished":"2022-10-17T13:22:31+00:00","dateModified":"2022-10-17T13:22:32+00:00","mainEntityOfPage":{"@id":"https:\/\/luchonoticias.com\/editor\/huila-se-alista-para-el-dialogo-regional-con-el-gobierno-nacional\/"},"wordCount":453,"commentCount":0,"publisher":{"@id":"https:\/\/luchonoticias.com\/editor\/#\/schema\/person\/7a7fd911f58561fd056dbac7b55af9cd"},"articleSection":["Huila"],"inLanguage":"es","potentialAction":[{"@type":"CommentAction","name":"Comment","target":["https:\/\/luchonoticias.com\/editor\/huila-se-alista-para-el-dialogo-regional-con-el-gobierno-nacional\/#respond"]}]},{"@type":"WebPage","@id":"https:\/\/luchonoticias.com\/editor\/huila-se-alista-para-el-dialogo-regional-con-el-gobierno-nacional\/","url":"https:\/\/luchonoticias.com\/editor\/huila-se-alista-para-el-dialogo-regional-con-el-gobierno-nacional\/","name":"Huila se alista para el Di\u00e1logo Regional con el Gobierno Nacional -","isPartOf":{"@id":"https:\/\/luchonoticias.com\/editor\/#website"},"datePublished":"2022-10-17T13:22:31+00:00","dateModified":"2022-10-17T13:22:32+00:00","breadcrumb":{"@id":"https:\/\/luchonoticias.com\/editor\/huila-se-alista-para-el-dialogo-regional-con-el-gobierno-nacional\/#breadcrumb"},"inLanguage":"es","potentialAction":[{"@type":"ReadAction","target":["https:\/\/luchonoticias.com\/editor\/huila-se-alista-para-el-dialogo-regional-con-el-gobierno-nacional\/"]}]},{"@type":"BreadcrumbList","@id":"https:\/\/luchonoticias.com\/editor\/huila-se-alista-para-el-dialogo-regional-con-el-gobierno-nacional\/#breadcrumb","itemListElement":[{"@type":"ListItem","position":1,"name":"Portada","item":"https:\/\/luchonoticias.com\/editor\/"},{"@type":"ListItem","position":2,"name":"Huila se alista para el Di\u00e1logo Regional con el Gobierno Nacional"}]},{"@type":"WebSite","@id":"https:\/\/luchonoticias.com\/editor\/#website","url":"https:\/\/luchonoticias.com\/editor\/","name":"","description":"","publisher":{"@id":"https:\/\/luchonoticias.com\/editor\/#\/schema\/person\/7a7fd911f58561fd056dbac7b55af9cd"},"potentialAction":[{"@type":"SearchAction","target":{"@type":"EntryPoint","urlTemplate":"https:\/\/luchonoticias.com\/editor\/?s={search_term_string}"},"query-input":{"@type":"PropertyValueSpecification","valueRequired":true,"valueName":"search_term_string"}}],"inLanguage":"es"},{"@type":["Person","Organization"],"@id":"https:\/\/luchonoticias.com\/editor\/#\/schema\/person\/7a7fd911f58561fd056dbac7b55af9cd","name":"admin","image":{"@type":"ImageObject","inLanguage":"es","@id":"https:\/\/luchonoticias.com\/editor\/#\/schema\/person\/image\/","url":"https:\/\/luchonoticias.com\/editor\/wp-content\/uploads\/2024\/02\/cropped-cropped-logolu.webp","contentUrl":"https:\/\/luchonoticias.com\/editor\/wp-content\/uploads\/2024\/02\/cropped-cropped-logolu.webp","width":382,"height":170,"caption":"admin"},"logo":{"@id":"https:\/\/luchonoticias.com\/editor\/#\/schema\/person\/image\/"},"sameAs":["https:\/\/www.facebook.com\/luchonoticiasneiva"],"url":"https:\/\/luchonoticias.com\/editor\/author\/admin\/"}]}},"_links":{"self":[{"href":"https:\/\/luchonoticias.com\/editor\/wp-json\/wp\/v2\/posts\/36998","targetHints":{"allow":["GET"]}}],"collection":[{"href":"https:\/\/luchonoticias.com\/editor\/wp-json\/wp\/v2\/posts"}],"about":[{"href":"https:\/\/luchonoticias.com\/editor\/wp-json\/wp\/v2\/types\/post"}],"author":[{"embeddable":true,"href":"https:\/\/luchonoticias.com\/editor\/wp-json\/wp\/v2\/users\/1"}],"replies":[{"embeddable":true,"href":"https:\/\/luchonoticias.com\/editor\/wp-json\/wp\/v2\/comments?post=36998"}],"version-history":[{"count":0,"href":"https:\/\/luchonoticias.com\/editor\/wp-json\/wp\/v2\/posts\/36998\/revisions"}],"wp:attachment":[{"href":"https:\/\/luchonoticias.com\/editor\/wp-json\/wp\/v2\/media?parent=36998"}],"wp:term":[{"taxonomy":"category","embeddable":true,"href":"https:\/\/luchonoticias.com\/editor\/wp-json\/wp\/v2\/categories?post=36998"},{"taxonomy":"post_tag","embeddable":true,"href":"https:\/\/luchonoticias.com\/editor\/wp-json\/wp\/v2\/tags?post=36998"}],"curies":[{"name":"wp","href":"https:\/\/api.w.org\/{rel}","templated":true}]}}