{"id":37014,"date":"2022-10-17T10:31:07","date_gmt":"2022-10-17T15:31:07","guid":{"rendered":"https:\/\/luchonoticias.com\/?p=37014"},"modified":"2022-10-17T10:31:09","modified_gmt":"2022-10-17T15:31:09","slug":"nuevo-amistoso-de-la-seleccion-colombia-en-estados-unidos","status":"publish","type":"post","link":"https:\/\/luchonoticias.com\/editor\/nuevo-amistoso-de-la-seleccion-colombia-en-estados-unidos\/","title":{"rendered":"Nuevo amistoso de la Selecci\u00f3n Colombia en Estados Unidos"},"content":{"rendered":"\n<p>La&nbsp;<strong>Selecci\u00f3n Colombia&nbsp;<\/strong>de f\u00fatbol tendr\u00e1 un&nbsp;<strong>nuevo encuentro amistoso en Estados Unidos<\/strong>&nbsp;en el mes de noviembre.<\/p>\n\n\n\n<p>El cuerpo t\u00e9cnico encabezado por el estratega N\u00e9stor Lorenzo, sigue&nbsp;<strong>mirando opciones<\/strong>&nbsp;para conformar el&nbsp;<strong>grupo de jugadores que iniciar\u00e1 las eliminatorias el pr\u00f3ximo a\u00f1o&nbsp;<\/strong>y con esa intenci\u00f3n tendr\u00e1 una sesi\u00f3n de trabajo la semana previa al&nbsp;<strong>19 de noviembre cuando se disputar\u00e1 el partido frente a Paraguay.<\/strong><\/p>\n\n\n\n<p>Con el enfrentamiento frente a \u201cLa Albirroja\u201d, la \u201cTricolor\u201d&nbsp;<strong>llegar\u00e1 a 3 partidos de preparaci\u00f3n bajo el mando del nuevo director t\u00e9cnico<\/strong>&nbsp;y su equipo de asesores, adem\u00e1s, de los microciclos que se han agendado con los jugadores que militan en el F\u00fatbol Profesional Colombiano y algunos internacionales en la ciudad de Barranquilla.<\/p>\n\n\n\n<p>El partido ser\u00e1 a las 8:00 de la noche en Fort Lauderdale.<\/p>\n\n\n\n<p>Con informaci\u00f3n y foto de la Federaci\u00f3n Colombiana de F\u00fatbol.<\/p>\n","protected":false},"excerpt":{"rendered":"<p>La&nbsp;Selecci\u00f3n Colombia&nbsp;de f\u00fatbol tendr\u00e1 un&nbsp;nuevo encuentro amistoso en Estados Unidos&nbsp;en el mes de noviembre. El cuerpo t\u00e9cnico encabezado por el estratega N\u00e9stor Lorenzo, sigue&nbsp;mirando opciones&nbsp;para conformar el&nbsp;grupo de jugadores que iniciar\u00e1 las eliminatorias el pr\u00f3ximo a\u00f1o&nbsp;y con esa intenci\u00f3n tendr\u00e1 una sesi\u00f3n de trabajo la semana previa al&nbsp;19 de noviembre cuando se disputar\u00e1 el partido [&hellip;]<\/p>\n","protected":false},"author":1,"featured_media":0,"comment_status":"open","ping_status":"open","sticky":false,"template":"","format":"standard","meta":{"footnotes":""},"categories":[34],"tags":[],"class_list":["post-37014","post","type-post","status-publish","format-standard","hentry","category-deportes"],"yoast_head":"<!-- This site is optimized with the Yoast SEO plugin v26.6 - https:\/\/yoast.com\/wordpress\/plugins\/seo\/ -->\n<title>Nuevo amistoso de la Selecci\u00f3n Colombia en Estados Unidos -<\/title>\n<meta name=\"robots\" content=\"index, follow, max-snippet:-1, max-image-preview:large, max-video-preview:-1\" \/>\n<link rel=\"canonical\" href=\"https:\/\/luchonoticias.com\/editor\/nuevo-amistoso-de-la-seleccion-colombia-en-estados-unidos\/\" \/>\n<meta property=\"og:locale\" content=\"es_ES\" \/>\n<meta property=\"og:type\" content=\"article\" \/>\n<meta property=\"og:title\" content=\"Nuevo amistoso de la Selecci\u00f3n Colombia en Estados Unidos -\" \/>\n<meta property=\"og:url\" content=\"https:\/\/luchonoticias.com\/editor\/nuevo-amistoso-de-la-seleccion-colombia-en-estados-unidos\/\" \/>\n<meta property=\"article:publisher\" content=\"https:\/\/www.facebook.com\/luchonoticiasneiva\" \/>\n<meta property=\"article:author\" content=\"https:\/\/www.facebook.com\/luchonoticiasneiva\" \/>\n<meta property=\"article:published_time\" content=\"2022-10-17T15:31:07+00:00\" \/>\n<meta property=\"article:modified_time\" content=\"2022-10-17T15:31:09+00:00\" \/>\n<meta name=\"author\" content=\"admin\" \/>\n<meta name=\"twitter:card\" content=\"summary_large_image\" \/>\n<meta name=\"twitter:label1\" content=\"Escrito por\" \/>\n\t<meta name=\"twitter:data1\" content=\"admin\" \/>\n\t<meta name=\"twitter:label2\" content=\"Tiempo de lectura\" \/>\n\t<meta name=\"twitter:data2\" content=\"1 minuto\" \/>\n<script type=\"application\/ld+json\" class=\"yoast-schema-graph\">{\"@context\":\"https:\/\/schema.org\",\"@graph\":[{\"@type\":\"Article\",\"@id\":\"https:\/\/luchonoticias.com\/editor\/nuevo-amistoso-de-la-seleccion-colombia-en-estados-unidos\/#article\",\"isPartOf\":{\"@id\":\"https:\/\/luchonoticias.com\/editor\/nuevo-amistoso-de-la-seleccion-colombia-en-estados-unidos\/\"},\"author\":{\"name\":\"admin\",\"@id\":\"https:\/\/luchonoticias.com\/editor\/#\/schema\/person\/7a7fd911f58561fd056dbac7b55af9cd\"},\"headline\":\"Nuevo amistoso de la Selecci\u00f3n Colombia en Estados Unidos\",\"datePublished\":\"2022-10-17T15:31:07+00:00\",\"dateModified\":\"2022-10-17T15:31:09+00:00\",\"mainEntityOfPage\":{\"@id\":\"https:\/\/luchonoticias.com\/editor\/nuevo-amistoso-de-la-seleccion-colombia-en-estados-unidos\/\"},\"wordCount\":175,\"commentCount\":0,\"publisher\":{\"@id\":\"https:\/\/luchonoticias.com\/editor\/#\/schema\/person\/7a7fd911f58561fd056dbac7b55af9cd\"},\"articleSection\":[\"Deportes\"],\"inLanguage\":\"es\",\"potentialAction\":[{\"@type\":\"CommentAction\",\"name\":\"Comment\",\"target\":[\"https:\/\/luchonoticias.com\/editor\/nuevo-amistoso-de-la-seleccion-colombia-en-estados-unidos\/#respond\"]}]},{\"@type\":\"WebPage\",\"@id\":\"https:\/\/luchonoticias.com\/editor\/nuevo-amistoso-de-la-seleccion-colombia-en-estados-unidos\/\",\"url\":\"https:\/\/luchonoticias.com\/editor\/nuevo-amistoso-de-la-seleccion-colombia-en-estados-unidos\/\",\"name\":\"Nuevo amistoso de la Selecci\u00f3n Colombia en Estados Unidos -\",\"isPartOf\":{\"@id\":\"https:\/\/luchonoticias.com\/editor\/#website\"},\"datePublished\":\"2022-10-17T15:31:07+00:00\",\"dateModified\":\"2022-10-17T15:31:09+00:00\",\"breadcrumb\":{\"@id\":\"https:\/\/luchonoticias.com\/editor\/nuevo-amistoso-de-la-seleccion-colombia-en-estados-unidos\/#breadcrumb\"},\"inLanguage\":\"es\",\"potentialAction\":[{\"@type\":\"ReadAction\",\"target\":[\"https:\/\/luchonoticias.com\/editor\/nuevo-amistoso-de-la-seleccion-colombia-en-estados-unidos\/\"]}]},{\"@type\":\"BreadcrumbList\",\"@id\":\"https:\/\/luchonoticias.com\/editor\/nuevo-amistoso-de-la-seleccion-colombia-en-estados-unidos\/#breadcrumb\",\"itemListElement\":[{\"@type\":\"ListItem\",\"position\":1,\"name\":\"Portada\",\"item\":\"https:\/\/luchonoticias.com\/editor\/\"},{\"@type\":\"ListItem\",\"position\":2,\"name\":\"Nuevo amistoso de la Selecci\u00f3n Colombia en Estados Unidos\"}]},{\"@type\":\"WebSite\",\"@id\":\"https:\/\/luchonoticias.com\/editor\/#website\",\"url\":\"https:\/\/luchonoticias.com\/editor\/\",\"name\":\"\",\"description\":\"\",\"publisher\":{\"@id\":\"https:\/\/luchonoticias.com\/editor\/#\/schema\/person\/7a7fd911f58561fd056dbac7b55af9cd\"},\"potentialAction\":[{\"@type\":\"SearchAction\",\"target\":{\"@type\":\"EntryPoint\",\"urlTemplate\":\"https:\/\/luchonoticias.com\/editor\/?s={search_term_string}\"},\"query-input\":{\"@type\":\"PropertyValueSpecification\",\"valueRequired\":true,\"valueName\":\"search_term_string\"}}],\"inLanguage\":\"es\"},{\"@type\":[\"Person\",\"Organization\"],\"@id\":\"https:\/\/luchonoticias.com\/editor\/#\/schema\/person\/7a7fd911f58561fd056dbac7b55af9cd\",\"name\":\"admin\",\"image\":{\"@type\":\"ImageObject\",\"inLanguage\":\"es\",\"@id\":\"https:\/\/luchonoticias.com\/editor\/#\/schema\/person\/image\/\",\"url\":\"https:\/\/luchonoticias.com\/editor\/wp-content\/uploads\/2024\/02\/cropped-cropped-logolu.webp\",\"contentUrl\":\"https:\/\/luchonoticias.com\/editor\/wp-content\/uploads\/2024\/02\/cropped-cropped-logolu.webp\",\"width\":382,\"height\":170,\"caption\":\"admin\"},\"logo\":{\"@id\":\"https:\/\/luchonoticias.com\/editor\/#\/schema\/person\/image\/\"},\"sameAs\":[\"https:\/\/www.facebook.com\/luchonoticiasneiva\"],\"url\":\"https:\/\/luchonoticias.com\/editor\/author\/admin\/\"}]}<\/script>\n<!-- \/ Yoast SEO plugin. -->","yoast_head_json":{"title":"Nuevo amistoso de la Selecci\u00f3n Colombia en Estados Unidos -","robots":{"index":"index","follow":"follow","max-snippet":"max-snippet:-1","max-image-preview":"max-image-preview:large","max-video-preview":"max-video-preview:-1"},"canonical":"https:\/\/luchonoticias.com\/editor\/nuevo-amistoso-de-la-seleccion-colombia-en-estados-unidos\/","og_locale":"es_ES","og_type":"article","og_title":"Nuevo amistoso de la Selecci\u00f3n Colombia en Estados Unidos -","og_url":"https:\/\/luchonoticias.com\/editor\/nuevo-amistoso-de-la-seleccion-colombia-en-estados-unidos\/","article_publisher":"https:\/\/www.facebook.com\/luchonoticiasneiva","article_author":"https:\/\/www.facebook.com\/luchonoticiasneiva","article_published_time":"2022-10-17T15:31:07+00:00","article_modified_time":"2022-10-17T15:31:09+00:00","author":"admin","twitter_card":"summary_large_image","twitter_misc":{"Escrito por":"admin","Tiempo de lectura":"1 minuto"},"schema":{"@context":"https:\/\/schema.org","@graph":[{"@type":"Article","@id":"https:\/\/luchonoticias.com\/editor\/nuevo-amistoso-de-la-seleccion-colombia-en-estados-unidos\/#article","isPartOf":{"@id":"https:\/\/luchonoticias.com\/editor\/nuevo-amistoso-de-la-seleccion-colombia-en-estados-unidos\/"},"author":{"name":"admin","@id":"https:\/\/luchonoticias.com\/editor\/#\/schema\/person\/7a7fd911f58561fd056dbac7b55af9cd"},"headline":"Nuevo amistoso de la Selecci\u00f3n Colombia en Estados Unidos","datePublished":"2022-10-17T15:31:07+00:00","dateModified":"2022-10-17T15:31:09+00:00","mainEntityOfPage":{"@id":"https:\/\/luchonoticias.com\/editor\/nuevo-amistoso-de-la-seleccion-colombia-en-estados-unidos\/"},"wordCount":175,"commentCount":0,"publisher":{"@id":"https:\/\/luchonoticias.com\/editor\/#\/schema\/person\/7a7fd911f58561fd056dbac7b55af9cd"},"articleSection":["Deportes"],"inLanguage":"es","potentialAction":[{"@type":"CommentAction","name":"Comment","target":["https:\/\/luchonoticias.com\/editor\/nuevo-amistoso-de-la-seleccion-colombia-en-estados-unidos\/#respond"]}]},{"@type":"WebPage","@id":"https:\/\/luchonoticias.com\/editor\/nuevo-amistoso-de-la-seleccion-colombia-en-estados-unidos\/","url":"https:\/\/luchonoticias.com\/editor\/nuevo-amistoso-de-la-seleccion-colombia-en-estados-unidos\/","name":"Nuevo amistoso de la Selecci\u00f3n Colombia en Estados Unidos -","isPartOf":{"@id":"https:\/\/luchonoticias.com\/editor\/#website"},"datePublished":"2022-10-17T15:31:07+00:00","dateModified":"2022-10-17T15:31:09+00:00","breadcrumb":{"@id":"https:\/\/luchonoticias.com\/editor\/nuevo-amistoso-de-la-seleccion-colombia-en-estados-unidos\/#breadcrumb"},"inLanguage":"es","potentialAction":[{"@type":"ReadAction","target":["https:\/\/luchonoticias.com\/editor\/nuevo-amistoso-de-la-seleccion-colombia-en-estados-unidos\/"]}]},{"@type":"BreadcrumbList","@id":"https:\/\/luchonoticias.com\/editor\/nuevo-amistoso-de-la-seleccion-colombia-en-estados-unidos\/#breadcrumb","itemListElement":[{"@type":"ListItem","position":1,"name":"Portada","item":"https:\/\/luchonoticias.com\/editor\/"},{"@type":"ListItem","position":2,"name":"Nuevo amistoso de la Selecci\u00f3n Colombia en Estados Unidos"}]},{"@type":"WebSite","@id":"https:\/\/luchonoticias.com\/editor\/#website","url":"https:\/\/luchonoticias.com\/editor\/","name":"","description":"","publisher":{"@id":"https:\/\/luchonoticias.com\/editor\/#\/schema\/person\/7a7fd911f58561fd056dbac7b55af9cd"},"potentialAction":[{"@type":"SearchAction","target":{"@type":"EntryPoint","urlTemplate":"https:\/\/luchonoticias.com\/editor\/?s={search_term_string}"},"query-input":{"@type":"PropertyValueSpecification","valueRequired":true,"valueName":"search_term_string"}}],"inLanguage":"es"},{"@type":["Person","Organization"],"@id":"https:\/\/luchonoticias.com\/editor\/#\/schema\/person\/7a7fd911f58561fd056dbac7b55af9cd","name":"admin","image":{"@type":"ImageObject","inLanguage":"es","@id":"https:\/\/luchonoticias.com\/editor\/#\/schema\/person\/image\/","url":"https:\/\/luchonoticias.com\/editor\/wp-content\/uploads\/2024\/02\/cropped-cropped-logolu.webp","contentUrl":"https:\/\/luchonoticias.com\/editor\/wp-content\/uploads\/2024\/02\/cropped-cropped-logolu.webp","width":382,"height":170,"caption":"admin"},"logo":{"@id":"https:\/\/luchonoticias.com\/editor\/#\/schema\/person\/image\/"},"sameAs":["https:\/\/www.facebook.com\/luchonoticiasneiva"],"url":"https:\/\/luchonoticias.com\/editor\/author\/admin\/"}]}},"_links":{"self":[{"href":"https:\/\/luchonoticias.com\/editor\/wp-json\/wp\/v2\/posts\/37014","targetHints":{"allow":["GET"]}}],"collection":[{"href":"https:\/\/luchonoticias.com\/editor\/wp-json\/wp\/v2\/posts"}],"about":[{"href":"https:\/\/luchonoticias.com\/editor\/wp-json\/wp\/v2\/types\/post"}],"author":[{"embeddable":true,"href":"https:\/\/luchonoticias.com\/editor\/wp-json\/wp\/v2\/users\/1"}],"replies":[{"embeddable":true,"href":"https:\/\/luchonoticias.com\/editor\/wp-json\/wp\/v2\/comments?post=37014"}],"version-history":[{"count":0,"href":"https:\/\/luchonoticias.com\/editor\/wp-json\/wp\/v2\/posts\/37014\/revisions"}],"wp:attachment":[{"href":"https:\/\/luchonoticias.com\/editor\/wp-json\/wp\/v2\/media?parent=37014"}],"wp:term":[{"taxonomy":"category","embeddable":true,"href":"https:\/\/luchonoticias.com\/editor\/wp-json\/wp\/v2\/categories?post=37014"},{"taxonomy":"post_tag","embeddable":true,"href":"https:\/\/luchonoticias.com\/editor\/wp-json\/wp\/v2\/tags?post=37014"}],"curies":[{"name":"wp","href":"https:\/\/api.w.org\/{rel}","templated":true}]}}