{"id":37019,"date":"2022-10-17T16:33:46","date_gmt":"2022-10-17T21:33:46","guid":{"rendered":"https:\/\/luchonoticias.com\/?p=37019"},"modified":"2022-10-17T16:33:47","modified_gmt":"2022-10-17T21:33:47","slug":"benzema-se-lleva-el-balon-de-oro","status":"publish","type":"post","link":"https:\/\/luchonoticias.com\/editor\/benzema-se-lleva-el-balon-de-oro\/","title":{"rendered":"Benzema se lleva el Bal\u00f3n de Oro"},"content":{"rendered":"\n<p>Se llev\u00f3 a cabo en Par\u00eds la&nbsp;<strong>gala de entrega del Bal\u00f3n de Oro<\/strong>&nbsp;organizada por la revista francesa especializada France Football, galard\u00f3n que termin\u00f3 en manos del franc\u00e9s&nbsp;<strong>Karim Benzema<\/strong>.<\/p>\n\n\n\n<p>Benzema, jugador del Real Madrid&nbsp;<strong>hizo gala de su gran temporada&nbsp;<\/strong>y logr\u00f3 el premio a los 35 a\u00f1os, siendo la primera vez en 24 a\u00f1os que un franc\u00e9s conquista esta distinci\u00f3n, adem\u00e1s de ser uno de los balones de oro m\u00e1s longevos en la historia de su entrega.<\/p>\n\n\n\n<p>Adicional al Bal\u00f3n de Oro, la velada permiti\u00f3 entregar otros premios individuales, en ese sentido el belga Thibaut Courtois se llev\u00f3 el premio a mejor portero del a\u00f1o.<\/p>\n\n\n\n<p>Tambi\u00e9n hubo&nbsp;<strong>entrega del Bal\u00f3n de Oro femenino&nbsp;<\/strong>donde nuevamente la catalana&nbsp;<strong>Alexia Putellas retuvo su galard\u00f3n<\/strong>, el Barcelona tambi\u00e9n logr\u00f3 otros t\u00edtulos con Robert Lewandowski como goleador del a\u00f1o y el joven Pablo Paez Gavi como el mejor juvenil.<\/p>\n\n\n\n<p>Finalmente y en una de las entregas de m\u00e1s controversia,&nbsp;<strong>Manchester City de Inglaterra<\/strong>&nbsp;recibi\u00f3 el premio como&nbsp;<strong>mejor equipo del a\u00f1o<\/strong>.<\/p>\n\n\n\n<p><\/p>\n","protected":false},"excerpt":{"rendered":"<p>Se llev\u00f3 a cabo en Par\u00eds la&nbsp;gala de entrega del Bal\u00f3n de Oro&nbsp;organizada por la revista francesa especializada France Football, galard\u00f3n que termin\u00f3 en manos del franc\u00e9s&nbsp;Karim Benzema. Benzema, jugador del Real Madrid&nbsp;hizo gala de su gran temporada&nbsp;y logr\u00f3 el premio a los 35 a\u00f1os, siendo la primera vez en 24 a\u00f1os que un franc\u00e9s [&hellip;]<\/p>\n","protected":false},"author":1,"featured_media":0,"comment_status":"open","ping_status":"open","sticky":false,"template":"","format":"standard","meta":{"footnotes":""},"categories":[34],"tags":[],"class_list":["post-37019","post","type-post","status-publish","format-standard","hentry","category-deportes"],"yoast_head":"<!-- This site is optimized with the Yoast SEO plugin v26.6 - https:\/\/yoast.com\/wordpress\/plugins\/seo\/ -->\n<title>Benzema se lleva el Bal\u00f3n de Oro -<\/title>\n<meta name=\"robots\" content=\"index, follow, max-snippet:-1, max-image-preview:large, max-video-preview:-1\" \/>\n<link rel=\"canonical\" href=\"https:\/\/luchonoticias.com\/editor\/benzema-se-lleva-el-balon-de-oro\/\" \/>\n<meta property=\"og:locale\" content=\"es_ES\" \/>\n<meta property=\"og:type\" content=\"article\" \/>\n<meta property=\"og:title\" content=\"Benzema se lleva el Bal\u00f3n de Oro -\" \/>\n<meta property=\"og:url\" content=\"https:\/\/luchonoticias.com\/editor\/benzema-se-lleva-el-balon-de-oro\/\" \/>\n<meta property=\"article:publisher\" content=\"https:\/\/www.facebook.com\/luchonoticiasneiva\" \/>\n<meta property=\"article:author\" content=\"https:\/\/www.facebook.com\/luchonoticiasneiva\" \/>\n<meta property=\"article:published_time\" content=\"2022-10-17T21:33:46+00:00\" \/>\n<meta property=\"article:modified_time\" content=\"2022-10-17T21:33:47+00:00\" \/>\n<meta name=\"author\" content=\"admin\" \/>\n<meta name=\"twitter:card\" content=\"summary_large_image\" \/>\n<meta name=\"twitter:label1\" content=\"Escrito por\" \/>\n\t<meta name=\"twitter:data1\" content=\"admin\" \/>\n\t<meta name=\"twitter:label2\" content=\"Tiempo de lectura\" \/>\n\t<meta name=\"twitter:data2\" content=\"1 minuto\" \/>\n<script type=\"application\/ld+json\" class=\"yoast-schema-graph\">{\"@context\":\"https:\/\/schema.org\",\"@graph\":[{\"@type\":\"Article\",\"@id\":\"https:\/\/luchonoticias.com\/editor\/benzema-se-lleva-el-balon-de-oro\/#article\",\"isPartOf\":{\"@id\":\"https:\/\/luchonoticias.com\/editor\/benzema-se-lleva-el-balon-de-oro\/\"},\"author\":{\"name\":\"admin\",\"@id\":\"https:\/\/luchonoticias.com\/editor\/#\/schema\/person\/7a7fd911f58561fd056dbac7b55af9cd\"},\"headline\":\"Benzema se lleva el Bal\u00f3n de Oro\",\"datePublished\":\"2022-10-17T21:33:46+00:00\",\"dateModified\":\"2022-10-17T21:33:47+00:00\",\"mainEntityOfPage\":{\"@id\":\"https:\/\/luchonoticias.com\/editor\/benzema-se-lleva-el-balon-de-oro\/\"},\"wordCount\":207,\"commentCount\":0,\"publisher\":{\"@id\":\"https:\/\/luchonoticias.com\/editor\/#\/schema\/person\/7a7fd911f58561fd056dbac7b55af9cd\"},\"articleSection\":[\"Deportes\"],\"inLanguage\":\"es\",\"potentialAction\":[{\"@type\":\"CommentAction\",\"name\":\"Comment\",\"target\":[\"https:\/\/luchonoticias.com\/editor\/benzema-se-lleva-el-balon-de-oro\/#respond\"]}]},{\"@type\":\"WebPage\",\"@id\":\"https:\/\/luchonoticias.com\/editor\/benzema-se-lleva-el-balon-de-oro\/\",\"url\":\"https:\/\/luchonoticias.com\/editor\/benzema-se-lleva-el-balon-de-oro\/\",\"name\":\"Benzema se lleva el Bal\u00f3n de Oro -\",\"isPartOf\":{\"@id\":\"https:\/\/luchonoticias.com\/editor\/#website\"},\"datePublished\":\"2022-10-17T21:33:46+00:00\",\"dateModified\":\"2022-10-17T21:33:47+00:00\",\"breadcrumb\":{\"@id\":\"https:\/\/luchonoticias.com\/editor\/benzema-se-lleva-el-balon-de-oro\/#breadcrumb\"},\"inLanguage\":\"es\",\"potentialAction\":[{\"@type\":\"ReadAction\",\"target\":[\"https:\/\/luchonoticias.com\/editor\/benzema-se-lleva-el-balon-de-oro\/\"]}]},{\"@type\":\"BreadcrumbList\",\"@id\":\"https:\/\/luchonoticias.com\/editor\/benzema-se-lleva-el-balon-de-oro\/#breadcrumb\",\"itemListElement\":[{\"@type\":\"ListItem\",\"position\":1,\"name\":\"Portada\",\"item\":\"https:\/\/luchonoticias.com\/editor\/\"},{\"@type\":\"ListItem\",\"position\":2,\"name\":\"Benzema se lleva el Bal\u00f3n de Oro\"}]},{\"@type\":\"WebSite\",\"@id\":\"https:\/\/luchonoticias.com\/editor\/#website\",\"url\":\"https:\/\/luchonoticias.com\/editor\/\",\"name\":\"\",\"description\":\"\",\"publisher\":{\"@id\":\"https:\/\/luchonoticias.com\/editor\/#\/schema\/person\/7a7fd911f58561fd056dbac7b55af9cd\"},\"potentialAction\":[{\"@type\":\"SearchAction\",\"target\":{\"@type\":\"EntryPoint\",\"urlTemplate\":\"https:\/\/luchonoticias.com\/editor\/?s={search_term_string}\"},\"query-input\":{\"@type\":\"PropertyValueSpecification\",\"valueRequired\":true,\"valueName\":\"search_term_string\"}}],\"inLanguage\":\"es\"},{\"@type\":[\"Person\",\"Organization\"],\"@id\":\"https:\/\/luchonoticias.com\/editor\/#\/schema\/person\/7a7fd911f58561fd056dbac7b55af9cd\",\"name\":\"admin\",\"image\":{\"@type\":\"ImageObject\",\"inLanguage\":\"es\",\"@id\":\"https:\/\/luchonoticias.com\/editor\/#\/schema\/person\/image\/\",\"url\":\"https:\/\/luchonoticias.com\/editor\/wp-content\/uploads\/2024\/02\/cropped-cropped-logolu.webp\",\"contentUrl\":\"https:\/\/luchonoticias.com\/editor\/wp-content\/uploads\/2024\/02\/cropped-cropped-logolu.webp\",\"width\":382,\"height\":170,\"caption\":\"admin\"},\"logo\":{\"@id\":\"https:\/\/luchonoticias.com\/editor\/#\/schema\/person\/image\/\"},\"sameAs\":[\"https:\/\/www.facebook.com\/luchonoticiasneiva\"],\"url\":\"https:\/\/luchonoticias.com\/editor\/author\/admin\/\"}]}<\/script>\n<!-- \/ Yoast SEO plugin. -->","yoast_head_json":{"title":"Benzema se lleva el Bal\u00f3n de Oro -","robots":{"index":"index","follow":"follow","max-snippet":"max-snippet:-1","max-image-preview":"max-image-preview:large","max-video-preview":"max-video-preview:-1"},"canonical":"https:\/\/luchonoticias.com\/editor\/benzema-se-lleva-el-balon-de-oro\/","og_locale":"es_ES","og_type":"article","og_title":"Benzema se lleva el Bal\u00f3n de Oro -","og_url":"https:\/\/luchonoticias.com\/editor\/benzema-se-lleva-el-balon-de-oro\/","article_publisher":"https:\/\/www.facebook.com\/luchonoticiasneiva","article_author":"https:\/\/www.facebook.com\/luchonoticiasneiva","article_published_time":"2022-10-17T21:33:46+00:00","article_modified_time":"2022-10-17T21:33:47+00:00","author":"admin","twitter_card":"summary_large_image","twitter_misc":{"Escrito por":"admin","Tiempo de lectura":"1 minuto"},"schema":{"@context":"https:\/\/schema.org","@graph":[{"@type":"Article","@id":"https:\/\/luchonoticias.com\/editor\/benzema-se-lleva-el-balon-de-oro\/#article","isPartOf":{"@id":"https:\/\/luchonoticias.com\/editor\/benzema-se-lleva-el-balon-de-oro\/"},"author":{"name":"admin","@id":"https:\/\/luchonoticias.com\/editor\/#\/schema\/person\/7a7fd911f58561fd056dbac7b55af9cd"},"headline":"Benzema se lleva el Bal\u00f3n de Oro","datePublished":"2022-10-17T21:33:46+00:00","dateModified":"2022-10-17T21:33:47+00:00","mainEntityOfPage":{"@id":"https:\/\/luchonoticias.com\/editor\/benzema-se-lleva-el-balon-de-oro\/"},"wordCount":207,"commentCount":0,"publisher":{"@id":"https:\/\/luchonoticias.com\/editor\/#\/schema\/person\/7a7fd911f58561fd056dbac7b55af9cd"},"articleSection":["Deportes"],"inLanguage":"es","potentialAction":[{"@type":"CommentAction","name":"Comment","target":["https:\/\/luchonoticias.com\/editor\/benzema-se-lleva-el-balon-de-oro\/#respond"]}]},{"@type":"WebPage","@id":"https:\/\/luchonoticias.com\/editor\/benzema-se-lleva-el-balon-de-oro\/","url":"https:\/\/luchonoticias.com\/editor\/benzema-se-lleva-el-balon-de-oro\/","name":"Benzema se lleva el Bal\u00f3n de Oro -","isPartOf":{"@id":"https:\/\/luchonoticias.com\/editor\/#website"},"datePublished":"2022-10-17T21:33:46+00:00","dateModified":"2022-10-17T21:33:47+00:00","breadcrumb":{"@id":"https:\/\/luchonoticias.com\/editor\/benzema-se-lleva-el-balon-de-oro\/#breadcrumb"},"inLanguage":"es","potentialAction":[{"@type":"ReadAction","target":["https:\/\/luchonoticias.com\/editor\/benzema-se-lleva-el-balon-de-oro\/"]}]},{"@type":"BreadcrumbList","@id":"https:\/\/luchonoticias.com\/editor\/benzema-se-lleva-el-balon-de-oro\/#breadcrumb","itemListElement":[{"@type":"ListItem","position":1,"name":"Portada","item":"https:\/\/luchonoticias.com\/editor\/"},{"@type":"ListItem","position":2,"name":"Benzema se lleva el Bal\u00f3n de Oro"}]},{"@type":"WebSite","@id":"https:\/\/luchonoticias.com\/editor\/#website","url":"https:\/\/luchonoticias.com\/editor\/","name":"","description":"","publisher":{"@id":"https:\/\/luchonoticias.com\/editor\/#\/schema\/person\/7a7fd911f58561fd056dbac7b55af9cd"},"potentialAction":[{"@type":"SearchAction","target":{"@type":"EntryPoint","urlTemplate":"https:\/\/luchonoticias.com\/editor\/?s={search_term_string}"},"query-input":{"@type":"PropertyValueSpecification","valueRequired":true,"valueName":"search_term_string"}}],"inLanguage":"es"},{"@type":["Person","Organization"],"@id":"https:\/\/luchonoticias.com\/editor\/#\/schema\/person\/7a7fd911f58561fd056dbac7b55af9cd","name":"admin","image":{"@type":"ImageObject","inLanguage":"es","@id":"https:\/\/luchonoticias.com\/editor\/#\/schema\/person\/image\/","url":"https:\/\/luchonoticias.com\/editor\/wp-content\/uploads\/2024\/02\/cropped-cropped-logolu.webp","contentUrl":"https:\/\/luchonoticias.com\/editor\/wp-content\/uploads\/2024\/02\/cropped-cropped-logolu.webp","width":382,"height":170,"caption":"admin"},"logo":{"@id":"https:\/\/luchonoticias.com\/editor\/#\/schema\/person\/image\/"},"sameAs":["https:\/\/www.facebook.com\/luchonoticiasneiva"],"url":"https:\/\/luchonoticias.com\/editor\/author\/admin\/"}]}},"_links":{"self":[{"href":"https:\/\/luchonoticias.com\/editor\/wp-json\/wp\/v2\/posts\/37019","targetHints":{"allow":["GET"]}}],"collection":[{"href":"https:\/\/luchonoticias.com\/editor\/wp-json\/wp\/v2\/posts"}],"about":[{"href":"https:\/\/luchonoticias.com\/editor\/wp-json\/wp\/v2\/types\/post"}],"author":[{"embeddable":true,"href":"https:\/\/luchonoticias.com\/editor\/wp-json\/wp\/v2\/users\/1"}],"replies":[{"embeddable":true,"href":"https:\/\/luchonoticias.com\/editor\/wp-json\/wp\/v2\/comments?post=37019"}],"version-history":[{"count":0,"href":"https:\/\/luchonoticias.com\/editor\/wp-json\/wp\/v2\/posts\/37019\/revisions"}],"wp:attachment":[{"href":"https:\/\/luchonoticias.com\/editor\/wp-json\/wp\/v2\/media?parent=37019"}],"wp:term":[{"taxonomy":"category","embeddable":true,"href":"https:\/\/luchonoticias.com\/editor\/wp-json\/wp\/v2\/categories?post=37019"},{"taxonomy":"post_tag","embeddable":true,"href":"https:\/\/luchonoticias.com\/editor\/wp-json\/wp\/v2\/tags?post=37019"}],"curies":[{"name":"wp","href":"https:\/\/api.w.org\/{rel}","templated":true}]}}