{"id":37031,"date":"2022-10-17T17:48:56","date_gmt":"2022-10-17T22:48:56","guid":{"rendered":"https:\/\/luchonoticias.com\/?p=37031"},"modified":"2022-10-17T17:48:56","modified_gmt":"2022-10-17T22:48:56","slug":"alcaldia-de-neiva-vinculo-a-discusion-del-pot-a-gremio-de-gastrobares","status":"publish","type":"post","link":"https:\/\/luchonoticias.com\/editor\/alcaldia-de-neiva-vinculo-a-discusion-del-pot-a-gremio-de-gastrobares\/","title":{"rendered":"Alcald\u00eda de Neiva vincul\u00f3 a discusi\u00f3n del POT, a gremio de gastrobares"},"content":{"rendered":"\n<p>\u201cImplementado un di\u00e1logo de concertaci\u00f3n, escuchando opiniones y conceptos de los comerciantes de entretenimiento nocturno, priorizando sus necesidades\u201d, as\u00ed concluy\u00f3 el alcalde de Neiva Gorky Mu\u00f1oz Calder\u00f3n, la reuni\u00f3n de socializaci\u00f3n que da a conocer el nuevo Plan de Ordenamiento Territorial, POT, de la ciudad y que se construye a partir de las necesidades de todos los gremios del municipio.<\/p>\n\n\n\n<p>El intercambio de opiniones entre la Administraci\u00f3n Municipal y el sector comercio y entretenimiento nocturno, permiti\u00f3 concebir el nuevo POT como la herramienta que permitir\u00e1 a Neiva ser innovadora, as\u00ed lo dijo Claudia Jaimes, administradora de As\u00ed sabe mi Tierra\u2019, \u201cun nuevo POT que ha tenido en cuenta a todos los sectores econ\u00f3micos de la ciudad, y que busca generar el mejor desarrollo urban\u00edstico de la ciudad proyectada al futuro\u201d.<\/p>\n\n\n\n<figure class=\"wp-block-gallery has-nested-images columns-default is-cropped wp-block-gallery-1 is-layout-flex wp-block-gallery-is-layout-flex\">\n<figure class=\"wp-block-image size-large\"><img decoding=\"async\" data-id=\"37034\" src=\"https:\/\/luchonoticias.com\/wp-content\/uploads\/2022\/10\/WhatsApp-Image-2022-10-17-at-2.09.19-PM-1024x682.jpeg\" alt=\"\" class=\"wp-image-37034\"\/><\/figure>\n\n\n\n<figure class=\"wp-block-image size-large\"><img decoding=\"async\" data-id=\"37033\" src=\"https:\/\/luchonoticias.com\/wp-content\/uploads\/2022\/10\/WhatsApp-Image-2022-10-17-at-2.09.18-PM-1-1024x682.jpeg\" alt=\"\" class=\"wp-image-37033\"\/><\/figure>\n<\/figure>\n\n\n\n<p>Por su parte, Fabio Guzm\u00e1n, presidente de la Asociaci\u00f3n de Entretenimiento del Huila, resalt\u00f3 la labor del mandatario local \u201cun Alcalde que \u2018coge el toro por los cachos\u2019 y se sienta con los comerciantes en un tema tan \u00e1lgido como es la organizaci\u00f3n de la ciudad y el expendio de licor, proyectando la noche como una actividad econ\u00f3mica saludable y sana frente a la sociedad\u201d.<\/p>\n\n\n\n<p>El nuevo Plan de Ordenamiento Territorial se propone como una actualizaci\u00f3n necesaria y urgente que incluye las necesidades del territorio, priorizando los deberes y derechos de quienes la habitan, as\u00ed mismo descentralizar el gremio y expandirlo a otros escenarios que ya se encuentran en plan de transformaci\u00f3n como lo son El Malec\u00f3n, el Parque Isla, el Parque Ronda R\u00edo Las Ceibas, entre otros.<\/p>\n\n\n\n<p>C\u00e9sar Botero Plaza, propietario de Plaza Majagua, considera que \u201cvaloramos mucho la labor del se\u00f1or Alcalde, es la primera vez en la historia que se ha convocado al gremio tratando de conciliar los intereses de los neivanos con los nuestros\u201d, as\u00ed mismo reconoce que \u201ces importante cerrar una p\u00e1gina de informalidad y apegarnos a la ley, autorregul\u00e1ndonos para que la administraci\u00f3n pueda generar ese espacio de confianza hacia el entorno familiar\u201d.<\/p>\n\n\n\n<p>Para terminar, el Alcalde de Neiva planea realizar nuevamente estos di\u00e1logos con el gremio de comercio y entretenimiento nocturno, para poder presentarlo ante el Concejo este a\u00f1o o a principios del pr\u00f3ximo.<\/p>\n\n\n\n<figure class=\"wp-block-gallery has-nested-images columns-default is-cropped wp-block-gallery-2 is-layout-flex wp-block-gallery-is-layout-flex\">\n<figure class=\"wp-block-image size-large\"><img decoding=\"async\" data-id=\"37036\" src=\"https:\/\/luchonoticias.com\/wp-content\/uploads\/2022\/10\/WhatsApp-Image-2022-10-17-at-2.09.19-PM-2-1024x682.jpeg\" alt=\"\" class=\"wp-image-37036\"\/><\/figure>\n\n\n\n<figure class=\"wp-block-image size-large\"><img decoding=\"async\" data-id=\"37035\" src=\"https:\/\/luchonoticias.com\/wp-content\/uploads\/2022\/10\/WhatsApp-Image-2022-10-17-at-2.09.19-PM-1-1024x682.jpeg\" alt=\"\" class=\"wp-image-37035\"\/><\/figure>\n\n\n\n<figure class=\"wp-block-image size-large\"><img decoding=\"async\" data-id=\"37037\" src=\"https:\/\/luchonoticias.com\/wp-content\/uploads\/2022\/10\/WhatsApp-Image-2022-10-17-at-2.09.18-PM-1024x682.jpeg\" alt=\"\" class=\"wp-image-37037\"\/><\/figure>\n<\/figure>\n\n\n\n<p>Henry Rinc\u00f3n Mart\u00ednez, representante de Hi Club Neiva<\/p>\n\n\n\n<p>\u201cMagn\u00edfico que el se\u00f1or Alcalde nos tenga en cuenta y que est\u00e9 dando esa viabilidad, para que los comerciantes del sector nocturno podamos ejercer esta actividad que en pasadas administraciones nos ten\u00edan bastante reprimidos. Con el Alcalde hemos tenido temas viables para seguir trabajando de la mano con la administraci\u00f3n, seguir creando empresa y generar trabajo\u201d.<\/p>\n\n\n\n<p>Edwin \u00c1lvarez, representante de Proyecto Lion<\/p>\n\n\n\n<p>\u201cContentos como nos est\u00e1n tratando y conscientes de la ayuda que ha brindado la Administraci\u00f3n a nuestro sector con la reactivaci\u00f3n econ\u00f3mica y c\u00f3mo quiere trabajar con los comerciantes, y gastrobares. Agradecidos por lo que se est\u00e1 viviendo en estos momentos y por lo que se viene\u201d.<\/p>\n","protected":false},"excerpt":{"rendered":"<p>\u201cImplementado un di\u00e1logo de concertaci\u00f3n, escuchando opiniones y conceptos de los comerciantes de entretenimiento nocturno, priorizando sus necesidades\u201d, as\u00ed concluy\u00f3 el alcalde de Neiva Gorky Mu\u00f1oz Calder\u00f3n, la reuni\u00f3n de socializaci\u00f3n que da a conocer el nuevo Plan de Ordenamiento Territorial, POT, de la ciudad y que se construye a partir de las necesidades de [&hellip;]<\/p>\n","protected":false},"author":1,"featured_media":0,"comment_status":"open","ping_status":"open","sticky":false,"template":"","format":"standard","meta":{"footnotes":""},"categories":[36,53],"tags":[],"class_list":["post-37031","post","type-post","status-publish","format-standard","hentry","category-destacado","category-neiva"],"yoast_head":"<!-- This site is optimized with the Yoast SEO plugin v26.6 - https:\/\/yoast.com\/wordpress\/plugins\/seo\/ -->\n<title>Alcald\u00eda de Neiva vincul\u00f3 a discusi\u00f3n del POT, a gremio de gastrobares -<\/title>\n<meta name=\"robots\" content=\"index, follow, max-snippet:-1, max-image-preview:large, max-video-preview:-1\" \/>\n<link rel=\"canonical\" href=\"https:\/\/luchonoticias.com\/editor\/alcaldia-de-neiva-vinculo-a-discusion-del-pot-a-gremio-de-gastrobares\/\" \/>\n<meta property=\"og:locale\" content=\"es_ES\" \/>\n<meta property=\"og:type\" content=\"article\" \/>\n<meta property=\"og:title\" content=\"Alcald\u00eda de Neiva vincul\u00f3 a discusi\u00f3n del POT, a gremio de gastrobares -\" \/>\n<meta property=\"og:url\" content=\"https:\/\/luchonoticias.com\/editor\/alcaldia-de-neiva-vinculo-a-discusion-del-pot-a-gremio-de-gastrobares\/\" \/>\n<meta property=\"article:publisher\" content=\"https:\/\/www.facebook.com\/luchonoticiasneiva\" \/>\n<meta property=\"article:author\" content=\"https:\/\/www.facebook.com\/luchonoticiasneiva\" \/>\n<meta property=\"article:published_time\" content=\"2022-10-17T22:48:56+00:00\" \/>\n<meta property=\"og:image\" content=\"https:\/\/luchonoticias.com\/wp-content\/uploads\/2022\/10\/WhatsApp-Image-2022-10-17-at-2.09.19-PM-1024x682.jpeg\" \/>\n<meta name=\"author\" content=\"admin\" \/>\n<meta name=\"twitter:card\" content=\"summary_large_image\" \/>\n<meta name=\"twitter:label1\" content=\"Escrito por\" \/>\n\t<meta name=\"twitter:data1\" content=\"admin\" \/>\n\t<meta name=\"twitter:label2\" content=\"Tiempo de lectura\" \/>\n\t<meta name=\"twitter:data2\" content=\"3 minutos\" \/>\n<script type=\"application\/ld+json\" class=\"yoast-schema-graph\">{\"@context\":\"https:\/\/schema.org\",\"@graph\":[{\"@type\":\"Article\",\"@id\":\"https:\/\/luchonoticias.com\/editor\/alcaldia-de-neiva-vinculo-a-discusion-del-pot-a-gremio-de-gastrobares\/#article\",\"isPartOf\":{\"@id\":\"https:\/\/luchonoticias.com\/editor\/alcaldia-de-neiva-vinculo-a-discusion-del-pot-a-gremio-de-gastrobares\/\"},\"author\":{\"name\":\"admin\",\"@id\":\"https:\/\/luchonoticias.com\/editor\/#\/schema\/person\/7a7fd911f58561fd056dbac7b55af9cd\"},\"headline\":\"Alcald\u00eda de Neiva vincul\u00f3 a discusi\u00f3n del POT, a gremio de gastrobares\",\"datePublished\":\"2022-10-17T22:48:56+00:00\",\"mainEntityOfPage\":{\"@id\":\"https:\/\/luchonoticias.com\/editor\/alcaldia-de-neiva-vinculo-a-discusion-del-pot-a-gremio-de-gastrobares\/\"},\"wordCount\":528,\"commentCount\":0,\"publisher\":{\"@id\":\"https:\/\/luchonoticias.com\/editor\/#\/schema\/person\/7a7fd911f58561fd056dbac7b55af9cd\"},\"image\":{\"@id\":\"https:\/\/luchonoticias.com\/editor\/alcaldia-de-neiva-vinculo-a-discusion-del-pot-a-gremio-de-gastrobares\/#primaryimage\"},\"thumbnailUrl\":\"https:\/\/luchonoticias.com\/wp-content\/uploads\/2022\/10\/WhatsApp-Image-2022-10-17-at-2.09.19-PM-1024x682.jpeg\",\"articleSection\":[\"Destacado\",\"Neiva\"],\"inLanguage\":\"es\",\"potentialAction\":[{\"@type\":\"CommentAction\",\"name\":\"Comment\",\"target\":[\"https:\/\/luchonoticias.com\/editor\/alcaldia-de-neiva-vinculo-a-discusion-del-pot-a-gremio-de-gastrobares\/#respond\"]}]},{\"@type\":\"WebPage\",\"@id\":\"https:\/\/luchonoticias.com\/editor\/alcaldia-de-neiva-vinculo-a-discusion-del-pot-a-gremio-de-gastrobares\/\",\"url\":\"https:\/\/luchonoticias.com\/editor\/alcaldia-de-neiva-vinculo-a-discusion-del-pot-a-gremio-de-gastrobares\/\",\"name\":\"Alcald\u00eda de Neiva vincul\u00f3 a discusi\u00f3n del POT, a gremio de gastrobares -\",\"isPartOf\":{\"@id\":\"https:\/\/luchonoticias.com\/editor\/#website\"},\"primaryImageOfPage\":{\"@id\":\"https:\/\/luchonoticias.com\/editor\/alcaldia-de-neiva-vinculo-a-discusion-del-pot-a-gremio-de-gastrobares\/#primaryimage\"},\"image\":{\"@id\":\"https:\/\/luchonoticias.com\/editor\/alcaldia-de-neiva-vinculo-a-discusion-del-pot-a-gremio-de-gastrobares\/#primaryimage\"},\"thumbnailUrl\":\"https:\/\/luchonoticias.com\/wp-content\/uploads\/2022\/10\/WhatsApp-Image-2022-10-17-at-2.09.19-PM-1024x682.jpeg\",\"datePublished\":\"2022-10-17T22:48:56+00:00\",\"breadcrumb\":{\"@id\":\"https:\/\/luchonoticias.com\/editor\/alcaldia-de-neiva-vinculo-a-discusion-del-pot-a-gremio-de-gastrobares\/#breadcrumb\"},\"inLanguage\":\"es\",\"potentialAction\":[{\"@type\":\"ReadAction\",\"target\":[\"https:\/\/luchonoticias.com\/editor\/alcaldia-de-neiva-vinculo-a-discusion-del-pot-a-gremio-de-gastrobares\/\"]}]},{\"@type\":\"ImageObject\",\"inLanguage\":\"es\",\"@id\":\"https:\/\/luchonoticias.com\/editor\/alcaldia-de-neiva-vinculo-a-discusion-del-pot-a-gremio-de-gastrobares\/#primaryimage\",\"url\":\"https:\/\/luchonoticias.com\/wp-content\/uploads\/2022\/10\/WhatsApp-Image-2022-10-17-at-2.09.19-PM-1024x682.jpeg\",\"contentUrl\":\"https:\/\/luchonoticias.com\/wp-content\/uploads\/2022\/10\/WhatsApp-Image-2022-10-17-at-2.09.19-PM-1024x682.jpeg\"},{\"@type\":\"BreadcrumbList\",\"@id\":\"https:\/\/luchonoticias.com\/editor\/alcaldia-de-neiva-vinculo-a-discusion-del-pot-a-gremio-de-gastrobares\/#breadcrumb\",\"itemListElement\":[{\"@type\":\"ListItem\",\"position\":1,\"name\":\"Portada\",\"item\":\"https:\/\/luchonoticias.com\/editor\/\"},{\"@type\":\"ListItem\",\"position\":2,\"name\":\"Alcald\u00eda de Neiva vincul\u00f3 a discusi\u00f3n del POT, a gremio de gastrobares\"}]},{\"@type\":\"WebSite\",\"@id\":\"https:\/\/luchonoticias.com\/editor\/#website\",\"url\":\"https:\/\/luchonoticias.com\/editor\/\",\"name\":\"\",\"description\":\"\",\"publisher\":{\"@id\":\"https:\/\/luchonoticias.com\/editor\/#\/schema\/person\/7a7fd911f58561fd056dbac7b55af9cd\"},\"potentialAction\":[{\"@type\":\"SearchAction\",\"target\":{\"@type\":\"EntryPoint\",\"urlTemplate\":\"https:\/\/luchonoticias.com\/editor\/?s={search_term_string}\"},\"query-input\":{\"@type\":\"PropertyValueSpecification\",\"valueRequired\":true,\"valueName\":\"search_term_string\"}}],\"inLanguage\":\"es\"},{\"@type\":[\"Person\",\"Organization\"],\"@id\":\"https:\/\/luchonoticias.com\/editor\/#\/schema\/person\/7a7fd911f58561fd056dbac7b55af9cd\",\"name\":\"admin\",\"image\":{\"@type\":\"ImageObject\",\"inLanguage\":\"es\",\"@id\":\"https:\/\/luchonoticias.com\/editor\/#\/schema\/person\/image\/\",\"url\":\"https:\/\/luchonoticias.com\/editor\/wp-content\/uploads\/2024\/02\/cropped-cropped-logolu.webp\",\"contentUrl\":\"https:\/\/luchonoticias.com\/editor\/wp-content\/uploads\/2024\/02\/cropped-cropped-logolu.webp\",\"width\":382,\"height\":170,\"caption\":\"admin\"},\"logo\":{\"@id\":\"https:\/\/luchonoticias.com\/editor\/#\/schema\/person\/image\/\"},\"sameAs\":[\"https:\/\/www.facebook.com\/luchonoticiasneiva\"],\"url\":\"https:\/\/luchonoticias.com\/editor\/author\/admin\/\"}]}<\/script>\n<!-- \/ Yoast SEO plugin. -->","yoast_head_json":{"title":"Alcald\u00eda de Neiva vincul\u00f3 a discusi\u00f3n del POT, a gremio de gastrobares -","robots":{"index":"index","follow":"follow","max-snippet":"max-snippet:-1","max-image-preview":"max-image-preview:large","max-video-preview":"max-video-preview:-1"},"canonical":"https:\/\/luchonoticias.com\/editor\/alcaldia-de-neiva-vinculo-a-discusion-del-pot-a-gremio-de-gastrobares\/","og_locale":"es_ES","og_type":"article","og_title":"Alcald\u00eda de Neiva vincul\u00f3 a discusi\u00f3n del POT, a gremio de gastrobares -","og_url":"https:\/\/luchonoticias.com\/editor\/alcaldia-de-neiva-vinculo-a-discusion-del-pot-a-gremio-de-gastrobares\/","article_publisher":"https:\/\/www.facebook.com\/luchonoticiasneiva","article_author":"https:\/\/www.facebook.com\/luchonoticiasneiva","article_published_time":"2022-10-17T22:48:56+00:00","og_image":[{"url":"https:\/\/luchonoticias.com\/wp-content\/uploads\/2022\/10\/WhatsApp-Image-2022-10-17-at-2.09.19-PM-1024x682.jpeg","type":"","width":"","height":""}],"author":"admin","twitter_card":"summary_large_image","twitter_misc":{"Escrito por":"admin","Tiempo de lectura":"3 minutos"},"schema":{"@context":"https:\/\/schema.org","@graph":[{"@type":"Article","@id":"https:\/\/luchonoticias.com\/editor\/alcaldia-de-neiva-vinculo-a-discusion-del-pot-a-gremio-de-gastrobares\/#article","isPartOf":{"@id":"https:\/\/luchonoticias.com\/editor\/alcaldia-de-neiva-vinculo-a-discusion-del-pot-a-gremio-de-gastrobares\/"},"author":{"name":"admin","@id":"https:\/\/luchonoticias.com\/editor\/#\/schema\/person\/7a7fd911f58561fd056dbac7b55af9cd"},"headline":"Alcald\u00eda de Neiva vincul\u00f3 a discusi\u00f3n del POT, a gremio de gastrobares","datePublished":"2022-10-17T22:48:56+00:00","mainEntityOfPage":{"@id":"https:\/\/luchonoticias.com\/editor\/alcaldia-de-neiva-vinculo-a-discusion-del-pot-a-gremio-de-gastrobares\/"},"wordCount":528,"commentCount":0,"publisher":{"@id":"https:\/\/luchonoticias.com\/editor\/#\/schema\/person\/7a7fd911f58561fd056dbac7b55af9cd"},"image":{"@id":"https:\/\/luchonoticias.com\/editor\/alcaldia-de-neiva-vinculo-a-discusion-del-pot-a-gremio-de-gastrobares\/#primaryimage"},"thumbnailUrl":"https:\/\/luchonoticias.com\/wp-content\/uploads\/2022\/10\/WhatsApp-Image-2022-10-17-at-2.09.19-PM-1024x682.jpeg","articleSection":["Destacado","Neiva"],"inLanguage":"es","potentialAction":[{"@type":"CommentAction","name":"Comment","target":["https:\/\/luchonoticias.com\/editor\/alcaldia-de-neiva-vinculo-a-discusion-del-pot-a-gremio-de-gastrobares\/#respond"]}]},{"@type":"WebPage","@id":"https:\/\/luchonoticias.com\/editor\/alcaldia-de-neiva-vinculo-a-discusion-del-pot-a-gremio-de-gastrobares\/","url":"https:\/\/luchonoticias.com\/editor\/alcaldia-de-neiva-vinculo-a-discusion-del-pot-a-gremio-de-gastrobares\/","name":"Alcald\u00eda de Neiva vincul\u00f3 a discusi\u00f3n del POT, a gremio de gastrobares -","isPartOf":{"@id":"https:\/\/luchonoticias.com\/editor\/#website"},"primaryImageOfPage":{"@id":"https:\/\/luchonoticias.com\/editor\/alcaldia-de-neiva-vinculo-a-discusion-del-pot-a-gremio-de-gastrobares\/#primaryimage"},"image":{"@id":"https:\/\/luchonoticias.com\/editor\/alcaldia-de-neiva-vinculo-a-discusion-del-pot-a-gremio-de-gastrobares\/#primaryimage"},"thumbnailUrl":"https:\/\/luchonoticias.com\/wp-content\/uploads\/2022\/10\/WhatsApp-Image-2022-10-17-at-2.09.19-PM-1024x682.jpeg","datePublished":"2022-10-17T22:48:56+00:00","breadcrumb":{"@id":"https:\/\/luchonoticias.com\/editor\/alcaldia-de-neiva-vinculo-a-discusion-del-pot-a-gremio-de-gastrobares\/#breadcrumb"},"inLanguage":"es","potentialAction":[{"@type":"ReadAction","target":["https:\/\/luchonoticias.com\/editor\/alcaldia-de-neiva-vinculo-a-discusion-del-pot-a-gremio-de-gastrobares\/"]}]},{"@type":"ImageObject","inLanguage":"es","@id":"https:\/\/luchonoticias.com\/editor\/alcaldia-de-neiva-vinculo-a-discusion-del-pot-a-gremio-de-gastrobares\/#primaryimage","url":"https:\/\/luchonoticias.com\/wp-content\/uploads\/2022\/10\/WhatsApp-Image-2022-10-17-at-2.09.19-PM-1024x682.jpeg","contentUrl":"https:\/\/luchonoticias.com\/wp-content\/uploads\/2022\/10\/WhatsApp-Image-2022-10-17-at-2.09.19-PM-1024x682.jpeg"},{"@type":"BreadcrumbList","@id":"https:\/\/luchonoticias.com\/editor\/alcaldia-de-neiva-vinculo-a-discusion-del-pot-a-gremio-de-gastrobares\/#breadcrumb","itemListElement":[{"@type":"ListItem","position":1,"name":"Portada","item":"https:\/\/luchonoticias.com\/editor\/"},{"@type":"ListItem","position":2,"name":"Alcald\u00eda de Neiva vincul\u00f3 a discusi\u00f3n del POT, a gremio de gastrobares"}]},{"@type":"WebSite","@id":"https:\/\/luchonoticias.com\/editor\/#website","url":"https:\/\/luchonoticias.com\/editor\/","name":"","description":"","publisher":{"@id":"https:\/\/luchonoticias.com\/editor\/#\/schema\/person\/7a7fd911f58561fd056dbac7b55af9cd"},"potentialAction":[{"@type":"SearchAction","target":{"@type":"EntryPoint","urlTemplate":"https:\/\/luchonoticias.com\/editor\/?s={search_term_string}"},"query-input":{"@type":"PropertyValueSpecification","valueRequired":true,"valueName":"search_term_string"}}],"inLanguage":"es"},{"@type":["Person","Organization"],"@id":"https:\/\/luchonoticias.com\/editor\/#\/schema\/person\/7a7fd911f58561fd056dbac7b55af9cd","name":"admin","image":{"@type":"ImageObject","inLanguage":"es","@id":"https:\/\/luchonoticias.com\/editor\/#\/schema\/person\/image\/","url":"https:\/\/luchonoticias.com\/editor\/wp-content\/uploads\/2024\/02\/cropped-cropped-logolu.webp","contentUrl":"https:\/\/luchonoticias.com\/editor\/wp-content\/uploads\/2024\/02\/cropped-cropped-logolu.webp","width":382,"height":170,"caption":"admin"},"logo":{"@id":"https:\/\/luchonoticias.com\/editor\/#\/schema\/person\/image\/"},"sameAs":["https:\/\/www.facebook.com\/luchonoticiasneiva"],"url":"https:\/\/luchonoticias.com\/editor\/author\/admin\/"}]}},"_links":{"self":[{"href":"https:\/\/luchonoticias.com\/editor\/wp-json\/wp\/v2\/posts\/37031","targetHints":{"allow":["GET"]}}],"collection":[{"href":"https:\/\/luchonoticias.com\/editor\/wp-json\/wp\/v2\/posts"}],"about":[{"href":"https:\/\/luchonoticias.com\/editor\/wp-json\/wp\/v2\/types\/post"}],"author":[{"embeddable":true,"href":"https:\/\/luchonoticias.com\/editor\/wp-json\/wp\/v2\/users\/1"}],"replies":[{"embeddable":true,"href":"https:\/\/luchonoticias.com\/editor\/wp-json\/wp\/v2\/comments?post=37031"}],"version-history":[{"count":0,"href":"https:\/\/luchonoticias.com\/editor\/wp-json\/wp\/v2\/posts\/37031\/revisions"}],"wp:attachment":[{"href":"https:\/\/luchonoticias.com\/editor\/wp-json\/wp\/v2\/media?parent=37031"}],"wp:term":[{"taxonomy":"category","embeddable":true,"href":"https:\/\/luchonoticias.com\/editor\/wp-json\/wp\/v2\/categories?post=37031"},{"taxonomy":"post_tag","embeddable":true,"href":"https:\/\/luchonoticias.com\/editor\/wp-json\/wp\/v2\/tags?post=37031"}],"curies":[{"name":"wp","href":"https:\/\/api.w.org\/{rel}","templated":true}]}}