{"id":37047,"date":"2022-10-18T06:54:57","date_gmt":"2022-10-18T11:54:57","guid":{"rendered":"https:\/\/luchonoticias.com\/?p=37047"},"modified":"2022-10-18T06:54:58","modified_gmt":"2022-10-18T11:54:58","slug":"comunidad-de-la-mojarra-agradecio-al-alcalde-gorky-por-inversiones-hechas","status":"publish","type":"post","link":"https:\/\/luchonoticias.com\/editor\/comunidad-de-la-mojarra-agradecio-al-alcalde-gorky-por-inversiones-hechas\/","title":{"rendered":"Comunidad de La Mojarra agradeci\u00f3 al alcalde Gorky por inversiones hechas"},"content":{"rendered":"\n<p>Rarificando por qu\u00e9 es considerado el gobierno que m\u00e1s inversiones ha hecho en el sector rural, la Administraci\u00f3n Municipal, encabezado por el alcalde Gorky Mu\u00f1oz Calder\u00f3n y todo su gabinete, llegaron hasta la vereda La Mojarra, del corregimiento de Fortalecillas. All\u00ed, con un sancocho de le\u00f1a, los habitantes de este sector agradecieron por las inversiones que viene realizando la Alcald\u00eda, para mejorar sus condiciones de vida.<\/p>\n\n\n\n<p>Y es que seg\u00fan la comunidad, las inversiones hechas en este gobierno han sido hist\u00f3ricas, mejorando considerablemente la calidad de vida de sus habitantes.<\/p>\n\n\n\n<p>\u201cPrimera vez que viene todo el gabinete a esta vereda. Es una invitaci\u00f3n que le hicimos al Alcalde desde la Junta y Asojuntas, para que compartiera con nosotros para agradecerle por los proyectos que viene ejecutando en zona rural, porque es el primer alcalde que ha tenido su visi\u00f3n hacia fortalecer la zona rural\u201d, dijo Jaime Fierro, presidente de Asojuntas.<\/p>\n\n\n\n<p>\u201cEncontramos en la zona rural, el agradecimiento de lo que hemos venido haciendo. En La Jagua y La Mojarra hicimos en una primera fase, el mantenimiento a la v\u00eda, en el que ya optimizamos con emulsi\u00f3n asf\u00e1ltica un kil\u00f3metro, tambi\u00e9n avanzamos en implementaci\u00f3n del alumbrado p\u00fablico, la cobertura en gasificaci\u00f3n con la que esperamos llegar a un 98% de cobertura, y el acueducto para La Mojarra\u201d, destac\u00f3 el alcalde Gorky Mu\u00f1oz Calder\u00f3n.<\/p>\n\n\n\n<figure class=\"wp-block-gallery has-nested-images columns-default is-cropped wp-block-gallery-1 is-layout-flex wp-block-gallery-is-layout-flex\">\n<figure class=\"wp-block-image size-large\"><img decoding=\"async\" data-id=\"37051\" src=\"https:\/\/luchonoticias.com\/wp-content\/uploads\/2022\/10\/WhatsApp-Image-2022-10-17-at-12.04.06-PM-2-1024x683.jpeg\" alt=\"\" class=\"wp-image-37051\"\/><\/figure>\n\n\n\n<figure class=\"wp-block-image size-large\"><img decoding=\"async\" data-id=\"37049\" src=\"https:\/\/luchonoticias.com\/wp-content\/uploads\/2022\/10\/WhatsApp-Image-2022-10-17-at-12.04.06-PM-1024x683.jpeg\" alt=\"\" class=\"wp-image-37049\"\/><\/figure>\n\n\n\n<figure class=\"wp-block-image size-large\"><img decoding=\"async\" data-id=\"37050\" src=\"https:\/\/luchonoticias.com\/wp-content\/uploads\/2022\/10\/WhatsApp-Image-2022-10-17-at-12.04.05-PM-1024x683.jpeg\" alt=\"\" class=\"wp-image-37050\"\/><\/figure>\n<\/figure>\n\n\n\n<p><strong>Los proyectos<\/strong><\/p>\n\n\n\n<p>El l\u00edder comunal destac\u00f3 los proyectos y avances que han logrado en la actual administraci\u00f3n municipal y que han generado desarrollo y dignificaci\u00f3n a la comunidad.<\/p>\n\n\n\n<p>\u201cHoy contamos con un internet que fue logrado por 10 a\u00f1os para esta zona rural, tambi\u00e9n logramos la compensaci\u00f3n por el relleno sanitario. Tambi\u00e9n el alumbrado p\u00fablico que no ten\u00edamos y nos ha generado mayor seguridad en La Mojarra y en los sectores aleda\u00f1os y tambi\u00e9n el mantenimiento de la v\u00eda\u201d, destac\u00f3 el presidente de Asojuntas.<\/p>\n\n\n\n<p>Entre tanto el corregidor Robinson G\u00f3mez destac\u00f3 la visita del mandatario y su gabinete, entendida como la posibilidad de recibir los agradecimientos ante la intervenci\u00f3n integral que la Alcald\u00eda viene realizando en diferentes frentes. \u201cLa comunidad agradece la gesti\u00f3n que se ha venido realizando en alumbrado p\u00fablico, gasificaci\u00f3n que se va a dar en La Mojarra, El Caim\u00e1n, La Jagua, Venadito, Venado, La Mata, el tema de la v\u00eda, y por eso la comunidad quiso agradecerle con un almuerzo al Alcalde\u201d, se\u00f1al\u00f3 el corregidor.<\/p>\n\n\n\n<figure class=\"wp-block-gallery has-nested-images columns-default is-cropped wp-block-gallery-2 is-layout-flex wp-block-gallery-is-layout-flex\">\n<figure class=\"wp-block-image size-large\"><img decoding=\"async\" data-id=\"37052\" src=\"https:\/\/luchonoticias.com\/wp-content\/uploads\/2022\/10\/WhatsApp-Image-2022-10-17-at-12.04.08-PM-1024x683.jpeg\" alt=\"\" class=\"wp-image-37052\"\/><\/figure>\n\n\n\n<figure class=\"wp-block-image size-large\"><img decoding=\"async\" data-id=\"37054\" src=\"https:\/\/luchonoticias.com\/wp-content\/uploads\/2022\/10\/WhatsApp-Image-2022-10-17-at-12.04.07-PM-1-1024x683.jpeg\" alt=\"\" class=\"wp-image-37054\"\/><\/figure>\n\n\n\n<figure class=\"wp-block-image size-large\"><img decoding=\"async\" data-id=\"37053\" src=\"https:\/\/luchonoticias.com\/wp-content\/uploads\/2022\/10\/WhatsApp-Image-2022-10-17-at-12.04.07-PM-1024x683.jpeg\" alt=\"\" class=\"wp-image-37053\"\/><\/figure>\n<\/figure>\n\n\n\n<p><strong>Acueducto<\/strong><\/p>\n\n\n\n<p>Uno de los proyectos que se iniciar\u00e1n en el 2023, y que ya cuenta con recursos asegurados por 200 millones de pesos, es el de la optimizaci\u00f3n del acueducto de La Mojarra. \u201cEn este sector las inversiones han sido muy importantes y eso es lo que reconoce la comunidad. Hoy un mes y medio despu\u00e9s de la \u00faltima protesta que realiz\u00f3 la comunidad ya hemos avanzado en la optimizaci\u00f3n de la v\u00eda en tiempo r\u00e9cord, falta a\u00fan mucho por hacer, pero es una forma de mostrar c\u00f3mo se han venido avanzando en el cumplimiento de los compromisos. Y entre esos compromisos est\u00e1 la optimizaci\u00f3n del acueducto en el que ya tenemos el estudio t\u00e9cnico que nos permiti\u00f3 identificar las necesidades y el se\u00f1or alcalde ya dispuso de cerca de 200 millones de pesos para contratar esta obra, para que inicie lo m\u00e1s pronto posible\u201d, destac\u00f3 Fernando Rodr\u00edguez Pardo, secretario de Desarrollo Agropecuario.<\/p>\n\n\n\n<p><strong>Gasificaci\u00f3n<\/strong><\/p>\n\n\n\n<p>Otro de los proyectos que avanzan en su financiaci\u00f3n es el de gasificaci\u00f3n en el que intervendr\u00e1n con aportes la Alcald\u00eda, Gobernaci\u00f3n, Ecopetrol y Alcanos. \u201cEse proyecto ya lo llevamos adelantado y esperamos el otro a\u00f1o formalizar el convenio para dar inicio a las obras para gasificar todo este sector del municipio\u201d, agreg\u00f3 el funcionario.<\/p>\n","protected":false},"excerpt":{"rendered":"<p>Rarificando por qu\u00e9 es considerado el gobierno que m\u00e1s inversiones ha hecho en el sector rural, la Administraci\u00f3n Municipal, encabezado por el alcalde Gorky Mu\u00f1oz Calder\u00f3n y todo su gabinete, llegaron hasta la vereda La Mojarra, del corregimiento de Fortalecillas. All\u00ed, con un sancocho de le\u00f1a, los habitantes de este sector agradecieron por las inversiones [&hellip;]<\/p>\n","protected":false},"author":1,"featured_media":0,"comment_status":"open","ping_status":"open","sticky":false,"template":"","format":"standard","meta":{"footnotes":""},"categories":[36,53],"tags":[],"class_list":["post-37047","post","type-post","status-publish","format-standard","hentry","category-destacado","category-neiva"],"yoast_head":"<!-- This site is optimized with the Yoast SEO plugin v26.6 - https:\/\/yoast.com\/wordpress\/plugins\/seo\/ -->\n<title>Comunidad de La Mojarra agradeci\u00f3 al alcalde Gorky por inversiones hechas -<\/title>\n<meta name=\"robots\" content=\"index, follow, max-snippet:-1, max-image-preview:large, max-video-preview:-1\" \/>\n<link rel=\"canonical\" href=\"https:\/\/luchonoticias.com\/editor\/comunidad-de-la-mojarra-agradecio-al-alcalde-gorky-por-inversiones-hechas\/\" \/>\n<meta property=\"og:locale\" content=\"es_ES\" \/>\n<meta property=\"og:type\" content=\"article\" \/>\n<meta property=\"og:title\" content=\"Comunidad de La Mojarra agradeci\u00f3 al alcalde Gorky por inversiones hechas -\" \/>\n<meta property=\"og:url\" content=\"https:\/\/luchonoticias.com\/editor\/comunidad-de-la-mojarra-agradecio-al-alcalde-gorky-por-inversiones-hechas\/\" \/>\n<meta property=\"article:publisher\" content=\"https:\/\/www.facebook.com\/luchonoticiasneiva\" \/>\n<meta property=\"article:author\" content=\"https:\/\/www.facebook.com\/luchonoticiasneiva\" \/>\n<meta property=\"article:published_time\" content=\"2022-10-18T11:54:57+00:00\" \/>\n<meta property=\"article:modified_time\" content=\"2022-10-18T11:54:58+00:00\" \/>\n<meta property=\"og:image\" content=\"https:\/\/luchonoticias.com\/wp-content\/uploads\/2022\/10\/WhatsApp-Image-2022-10-17-at-12.04.06-PM-2-1024x683.jpeg\" \/>\n<meta name=\"author\" content=\"admin\" \/>\n<meta name=\"twitter:card\" content=\"summary_large_image\" \/>\n<meta name=\"twitter:label1\" content=\"Escrito por\" \/>\n\t<meta name=\"twitter:data1\" content=\"admin\" \/>\n\t<meta name=\"twitter:label2\" content=\"Tiempo de lectura\" \/>\n\t<meta name=\"twitter:data2\" content=\"3 minutos\" \/>\n<script type=\"application\/ld+json\" class=\"yoast-schema-graph\">{\"@context\":\"https:\/\/schema.org\",\"@graph\":[{\"@type\":\"Article\",\"@id\":\"https:\/\/luchonoticias.com\/editor\/comunidad-de-la-mojarra-agradecio-al-alcalde-gorky-por-inversiones-hechas\/#article\",\"isPartOf\":{\"@id\":\"https:\/\/luchonoticias.com\/editor\/comunidad-de-la-mojarra-agradecio-al-alcalde-gorky-por-inversiones-hechas\/\"},\"author\":{\"name\":\"admin\",\"@id\":\"https:\/\/luchonoticias.com\/editor\/#\/schema\/person\/7a7fd911f58561fd056dbac7b55af9cd\"},\"headline\":\"Comunidad de La Mojarra agradeci\u00f3 al alcalde Gorky por inversiones hechas\",\"datePublished\":\"2022-10-18T11:54:57+00:00\",\"dateModified\":\"2022-10-18T11:54:58+00:00\",\"mainEntityOfPage\":{\"@id\":\"https:\/\/luchonoticias.com\/editor\/comunidad-de-la-mojarra-agradecio-al-alcalde-gorky-por-inversiones-hechas\/\"},\"wordCount\":666,\"commentCount\":0,\"publisher\":{\"@id\":\"https:\/\/luchonoticias.com\/editor\/#\/schema\/person\/7a7fd911f58561fd056dbac7b55af9cd\"},\"image\":{\"@id\":\"https:\/\/luchonoticias.com\/editor\/comunidad-de-la-mojarra-agradecio-al-alcalde-gorky-por-inversiones-hechas\/#primaryimage\"},\"thumbnailUrl\":\"https:\/\/luchonoticias.com\/wp-content\/uploads\/2022\/10\/WhatsApp-Image-2022-10-17-at-12.04.06-PM-2-1024x683.jpeg\",\"articleSection\":[\"Destacado\",\"Neiva\"],\"inLanguage\":\"es\",\"potentialAction\":[{\"@type\":\"CommentAction\",\"name\":\"Comment\",\"target\":[\"https:\/\/luchonoticias.com\/editor\/comunidad-de-la-mojarra-agradecio-al-alcalde-gorky-por-inversiones-hechas\/#respond\"]}]},{\"@type\":\"WebPage\",\"@id\":\"https:\/\/luchonoticias.com\/editor\/comunidad-de-la-mojarra-agradecio-al-alcalde-gorky-por-inversiones-hechas\/\",\"url\":\"https:\/\/luchonoticias.com\/editor\/comunidad-de-la-mojarra-agradecio-al-alcalde-gorky-por-inversiones-hechas\/\",\"name\":\"Comunidad de La Mojarra agradeci\u00f3 al alcalde Gorky por inversiones hechas -\",\"isPartOf\":{\"@id\":\"https:\/\/luchonoticias.com\/editor\/#website\"},\"primaryImageOfPage\":{\"@id\":\"https:\/\/luchonoticias.com\/editor\/comunidad-de-la-mojarra-agradecio-al-alcalde-gorky-por-inversiones-hechas\/#primaryimage\"},\"image\":{\"@id\":\"https:\/\/luchonoticias.com\/editor\/comunidad-de-la-mojarra-agradecio-al-alcalde-gorky-por-inversiones-hechas\/#primaryimage\"},\"thumbnailUrl\":\"https:\/\/luchonoticias.com\/wp-content\/uploads\/2022\/10\/WhatsApp-Image-2022-10-17-at-12.04.06-PM-2-1024x683.jpeg\",\"datePublished\":\"2022-10-18T11:54:57+00:00\",\"dateModified\":\"2022-10-18T11:54:58+00:00\",\"breadcrumb\":{\"@id\":\"https:\/\/luchonoticias.com\/editor\/comunidad-de-la-mojarra-agradecio-al-alcalde-gorky-por-inversiones-hechas\/#breadcrumb\"},\"inLanguage\":\"es\",\"potentialAction\":[{\"@type\":\"ReadAction\",\"target\":[\"https:\/\/luchonoticias.com\/editor\/comunidad-de-la-mojarra-agradecio-al-alcalde-gorky-por-inversiones-hechas\/\"]}]},{\"@type\":\"ImageObject\",\"inLanguage\":\"es\",\"@id\":\"https:\/\/luchonoticias.com\/editor\/comunidad-de-la-mojarra-agradecio-al-alcalde-gorky-por-inversiones-hechas\/#primaryimage\",\"url\":\"https:\/\/luchonoticias.com\/wp-content\/uploads\/2022\/10\/WhatsApp-Image-2022-10-17-at-12.04.06-PM-2-1024x683.jpeg\",\"contentUrl\":\"https:\/\/luchonoticias.com\/wp-content\/uploads\/2022\/10\/WhatsApp-Image-2022-10-17-at-12.04.06-PM-2-1024x683.jpeg\"},{\"@type\":\"BreadcrumbList\",\"@id\":\"https:\/\/luchonoticias.com\/editor\/comunidad-de-la-mojarra-agradecio-al-alcalde-gorky-por-inversiones-hechas\/#breadcrumb\",\"itemListElement\":[{\"@type\":\"ListItem\",\"position\":1,\"name\":\"Portada\",\"item\":\"https:\/\/luchonoticias.com\/editor\/\"},{\"@type\":\"ListItem\",\"position\":2,\"name\":\"Comunidad de La Mojarra agradeci\u00f3 al alcalde Gorky por inversiones hechas\"}]},{\"@type\":\"WebSite\",\"@id\":\"https:\/\/luchonoticias.com\/editor\/#website\",\"url\":\"https:\/\/luchonoticias.com\/editor\/\",\"name\":\"\",\"description\":\"\",\"publisher\":{\"@id\":\"https:\/\/luchonoticias.com\/editor\/#\/schema\/person\/7a7fd911f58561fd056dbac7b55af9cd\"},\"potentialAction\":[{\"@type\":\"SearchAction\",\"target\":{\"@type\":\"EntryPoint\",\"urlTemplate\":\"https:\/\/luchonoticias.com\/editor\/?s={search_term_string}\"},\"query-input\":{\"@type\":\"PropertyValueSpecification\",\"valueRequired\":true,\"valueName\":\"search_term_string\"}}],\"inLanguage\":\"es\"},{\"@type\":[\"Person\",\"Organization\"],\"@id\":\"https:\/\/luchonoticias.com\/editor\/#\/schema\/person\/7a7fd911f58561fd056dbac7b55af9cd\",\"name\":\"admin\",\"image\":{\"@type\":\"ImageObject\",\"inLanguage\":\"es\",\"@id\":\"https:\/\/luchonoticias.com\/editor\/#\/schema\/person\/image\/\",\"url\":\"https:\/\/luchonoticias.com\/editor\/wp-content\/uploads\/2024\/02\/cropped-cropped-logolu.webp\",\"contentUrl\":\"https:\/\/luchonoticias.com\/editor\/wp-content\/uploads\/2024\/02\/cropped-cropped-logolu.webp\",\"width\":382,\"height\":170,\"caption\":\"admin\"},\"logo\":{\"@id\":\"https:\/\/luchonoticias.com\/editor\/#\/schema\/person\/image\/\"},\"sameAs\":[\"https:\/\/www.facebook.com\/luchonoticiasneiva\"],\"url\":\"https:\/\/luchonoticias.com\/editor\/author\/admin\/\"}]}<\/script>\n<!-- \/ Yoast SEO plugin. -->","yoast_head_json":{"title":"Comunidad de La Mojarra agradeci\u00f3 al alcalde Gorky por inversiones hechas -","robots":{"index":"index","follow":"follow","max-snippet":"max-snippet:-1","max-image-preview":"max-image-preview:large","max-video-preview":"max-video-preview:-1"},"canonical":"https:\/\/luchonoticias.com\/editor\/comunidad-de-la-mojarra-agradecio-al-alcalde-gorky-por-inversiones-hechas\/","og_locale":"es_ES","og_type":"article","og_title":"Comunidad de La Mojarra agradeci\u00f3 al alcalde Gorky por inversiones hechas -","og_url":"https:\/\/luchonoticias.com\/editor\/comunidad-de-la-mojarra-agradecio-al-alcalde-gorky-por-inversiones-hechas\/","article_publisher":"https:\/\/www.facebook.com\/luchonoticiasneiva","article_author":"https:\/\/www.facebook.com\/luchonoticiasneiva","article_published_time":"2022-10-18T11:54:57+00:00","article_modified_time":"2022-10-18T11:54:58+00:00","og_image":[{"url":"https:\/\/luchonoticias.com\/wp-content\/uploads\/2022\/10\/WhatsApp-Image-2022-10-17-at-12.04.06-PM-2-1024x683.jpeg","type":"","width":"","height":""}],"author":"admin","twitter_card":"summary_large_image","twitter_misc":{"Escrito por":"admin","Tiempo de lectura":"3 minutos"},"schema":{"@context":"https:\/\/schema.org","@graph":[{"@type":"Article","@id":"https:\/\/luchonoticias.com\/editor\/comunidad-de-la-mojarra-agradecio-al-alcalde-gorky-por-inversiones-hechas\/#article","isPartOf":{"@id":"https:\/\/luchonoticias.com\/editor\/comunidad-de-la-mojarra-agradecio-al-alcalde-gorky-por-inversiones-hechas\/"},"author":{"name":"admin","@id":"https:\/\/luchonoticias.com\/editor\/#\/schema\/person\/7a7fd911f58561fd056dbac7b55af9cd"},"headline":"Comunidad de La Mojarra agradeci\u00f3 al alcalde Gorky por inversiones hechas","datePublished":"2022-10-18T11:54:57+00:00","dateModified":"2022-10-18T11:54:58+00:00","mainEntityOfPage":{"@id":"https:\/\/luchonoticias.com\/editor\/comunidad-de-la-mojarra-agradecio-al-alcalde-gorky-por-inversiones-hechas\/"},"wordCount":666,"commentCount":0,"publisher":{"@id":"https:\/\/luchonoticias.com\/editor\/#\/schema\/person\/7a7fd911f58561fd056dbac7b55af9cd"},"image":{"@id":"https:\/\/luchonoticias.com\/editor\/comunidad-de-la-mojarra-agradecio-al-alcalde-gorky-por-inversiones-hechas\/#primaryimage"},"thumbnailUrl":"https:\/\/luchonoticias.com\/wp-content\/uploads\/2022\/10\/WhatsApp-Image-2022-10-17-at-12.04.06-PM-2-1024x683.jpeg","articleSection":["Destacado","Neiva"],"inLanguage":"es","potentialAction":[{"@type":"CommentAction","name":"Comment","target":["https:\/\/luchonoticias.com\/editor\/comunidad-de-la-mojarra-agradecio-al-alcalde-gorky-por-inversiones-hechas\/#respond"]}]},{"@type":"WebPage","@id":"https:\/\/luchonoticias.com\/editor\/comunidad-de-la-mojarra-agradecio-al-alcalde-gorky-por-inversiones-hechas\/","url":"https:\/\/luchonoticias.com\/editor\/comunidad-de-la-mojarra-agradecio-al-alcalde-gorky-por-inversiones-hechas\/","name":"Comunidad de La Mojarra agradeci\u00f3 al alcalde Gorky por inversiones hechas -","isPartOf":{"@id":"https:\/\/luchonoticias.com\/editor\/#website"},"primaryImageOfPage":{"@id":"https:\/\/luchonoticias.com\/editor\/comunidad-de-la-mojarra-agradecio-al-alcalde-gorky-por-inversiones-hechas\/#primaryimage"},"image":{"@id":"https:\/\/luchonoticias.com\/editor\/comunidad-de-la-mojarra-agradecio-al-alcalde-gorky-por-inversiones-hechas\/#primaryimage"},"thumbnailUrl":"https:\/\/luchonoticias.com\/wp-content\/uploads\/2022\/10\/WhatsApp-Image-2022-10-17-at-12.04.06-PM-2-1024x683.jpeg","datePublished":"2022-10-18T11:54:57+00:00","dateModified":"2022-10-18T11:54:58+00:00","breadcrumb":{"@id":"https:\/\/luchonoticias.com\/editor\/comunidad-de-la-mojarra-agradecio-al-alcalde-gorky-por-inversiones-hechas\/#breadcrumb"},"inLanguage":"es","potentialAction":[{"@type":"ReadAction","target":["https:\/\/luchonoticias.com\/editor\/comunidad-de-la-mojarra-agradecio-al-alcalde-gorky-por-inversiones-hechas\/"]}]},{"@type":"ImageObject","inLanguage":"es","@id":"https:\/\/luchonoticias.com\/editor\/comunidad-de-la-mojarra-agradecio-al-alcalde-gorky-por-inversiones-hechas\/#primaryimage","url":"https:\/\/luchonoticias.com\/wp-content\/uploads\/2022\/10\/WhatsApp-Image-2022-10-17-at-12.04.06-PM-2-1024x683.jpeg","contentUrl":"https:\/\/luchonoticias.com\/wp-content\/uploads\/2022\/10\/WhatsApp-Image-2022-10-17-at-12.04.06-PM-2-1024x683.jpeg"},{"@type":"BreadcrumbList","@id":"https:\/\/luchonoticias.com\/editor\/comunidad-de-la-mojarra-agradecio-al-alcalde-gorky-por-inversiones-hechas\/#breadcrumb","itemListElement":[{"@type":"ListItem","position":1,"name":"Portada","item":"https:\/\/luchonoticias.com\/editor\/"},{"@type":"ListItem","position":2,"name":"Comunidad de La Mojarra agradeci\u00f3 al alcalde Gorky por inversiones hechas"}]},{"@type":"WebSite","@id":"https:\/\/luchonoticias.com\/editor\/#website","url":"https:\/\/luchonoticias.com\/editor\/","name":"","description":"","publisher":{"@id":"https:\/\/luchonoticias.com\/editor\/#\/schema\/person\/7a7fd911f58561fd056dbac7b55af9cd"},"potentialAction":[{"@type":"SearchAction","target":{"@type":"EntryPoint","urlTemplate":"https:\/\/luchonoticias.com\/editor\/?s={search_term_string}"},"query-input":{"@type":"PropertyValueSpecification","valueRequired":true,"valueName":"search_term_string"}}],"inLanguage":"es"},{"@type":["Person","Organization"],"@id":"https:\/\/luchonoticias.com\/editor\/#\/schema\/person\/7a7fd911f58561fd056dbac7b55af9cd","name":"admin","image":{"@type":"ImageObject","inLanguage":"es","@id":"https:\/\/luchonoticias.com\/editor\/#\/schema\/person\/image\/","url":"https:\/\/luchonoticias.com\/editor\/wp-content\/uploads\/2024\/02\/cropped-cropped-logolu.webp","contentUrl":"https:\/\/luchonoticias.com\/editor\/wp-content\/uploads\/2024\/02\/cropped-cropped-logolu.webp","width":382,"height":170,"caption":"admin"},"logo":{"@id":"https:\/\/luchonoticias.com\/editor\/#\/schema\/person\/image\/"},"sameAs":["https:\/\/www.facebook.com\/luchonoticiasneiva"],"url":"https:\/\/luchonoticias.com\/editor\/author\/admin\/"}]}},"_links":{"self":[{"href":"https:\/\/luchonoticias.com\/editor\/wp-json\/wp\/v2\/posts\/37047","targetHints":{"allow":["GET"]}}],"collection":[{"href":"https:\/\/luchonoticias.com\/editor\/wp-json\/wp\/v2\/posts"}],"about":[{"href":"https:\/\/luchonoticias.com\/editor\/wp-json\/wp\/v2\/types\/post"}],"author":[{"embeddable":true,"href":"https:\/\/luchonoticias.com\/editor\/wp-json\/wp\/v2\/users\/1"}],"replies":[{"embeddable":true,"href":"https:\/\/luchonoticias.com\/editor\/wp-json\/wp\/v2\/comments?post=37047"}],"version-history":[{"count":0,"href":"https:\/\/luchonoticias.com\/editor\/wp-json\/wp\/v2\/posts\/37047\/revisions"}],"wp:attachment":[{"href":"https:\/\/luchonoticias.com\/editor\/wp-json\/wp\/v2\/media?parent=37047"}],"wp:term":[{"taxonomy":"category","embeddable":true,"href":"https:\/\/luchonoticias.com\/editor\/wp-json\/wp\/v2\/categories?post=37047"},{"taxonomy":"post_tag","embeddable":true,"href":"https:\/\/luchonoticias.com\/editor\/wp-json\/wp\/v2\/tags?post=37047"}],"curies":[{"name":"wp","href":"https:\/\/api.w.org\/{rel}","templated":true}]}}