{"id":37467,"date":"2022-10-21T14:35:20","date_gmt":"2022-10-21T19:35:20","guid":{"rendered":"https:\/\/luchonoticias.com\/?p=37467"},"modified":"2022-10-21T14:35:21","modified_gmt":"2022-10-21T19:35:21","slug":"colombia-buscara-su-cupo-a-la-semifinal-del-mundial-femenino-sub-17","status":"publish","type":"post","link":"https:\/\/luchonoticias.com\/editor\/colombia-buscara-su-cupo-a-la-semifinal-del-mundial-femenino-sub-17\/","title":{"rendered":"Colombia buscar\u00e1 su cupo a la semifinal del mundial femenino sub &#8211; 17"},"content":{"rendered":"\n<p>La&nbsp;<strong>Selecci\u00f3n Colombia Femenina Sub-17<\/strong>&nbsp;est\u00e1 lista para enfrentar a&nbsp;<strong>Tanzania&nbsp;<\/strong>en un partido decisivo v\u00e1lido por los&nbsp;<strong>Cuartos de Final&nbsp;<\/strong>del mundial que se juega en la India.<\/p>\n\n\n\n<p>El equipo colombiano tuvo su \u00faltima pr\u00e1ctica donde se ultimaron detalles t\u00e1cticos antes de enfrentar al conjunto africano. El director t\u00e9cnico Carlos Paniagua tendr\u00e1 a disposici\u00f3n 20 jugadoras para este compromiso, la lateral&nbsp;<strong>Mar\u00eda Camila Correa acumul\u00f3 dos tarjetas amarillas y se perder\u00e1 el partido<\/strong>&nbsp;por sanci\u00f3n autom\u00e1tica.<\/p>\n\n\n\n<p>El partido ser\u00e1 a las 6:00 de la ma\u00f1ana, hora colombiana<\/p>\n\n\n\n<p>Con informaci\u00f3n y foto de la Federaci\u00f3n Colombiana de F\u00fatbol.<\/p>\n","protected":false},"excerpt":{"rendered":"<p>La&nbsp;Selecci\u00f3n Colombia Femenina Sub-17&nbsp;est\u00e1 lista para enfrentar a&nbsp;Tanzania&nbsp;en un partido decisivo v\u00e1lido por los&nbsp;Cuartos de Final&nbsp;del mundial que se juega en la India. El equipo colombiano tuvo su \u00faltima pr\u00e1ctica donde se ultimaron detalles t\u00e1cticos antes de enfrentar al conjunto africano. El director t\u00e9cnico Carlos Paniagua tendr\u00e1 a disposici\u00f3n 20 jugadoras para este compromiso, la [&hellip;]<\/p>\n","protected":false},"author":1,"featured_media":0,"comment_status":"open","ping_status":"open","sticky":false,"template":"","format":"standard","meta":{"footnotes":""},"categories":[34],"tags":[],"class_list":["post-37467","post","type-post","status-publish","format-standard","hentry","category-deportes"],"yoast_head":"<!-- This site is optimized with the Yoast SEO plugin v26.6 - https:\/\/yoast.com\/wordpress\/plugins\/seo\/ -->\n<title>Colombia buscar\u00e1 su cupo a la semifinal del mundial femenino sub - 17 -<\/title>\n<meta name=\"robots\" content=\"index, follow, max-snippet:-1, max-image-preview:large, max-video-preview:-1\" \/>\n<link rel=\"canonical\" href=\"https:\/\/luchonoticias.com\/editor\/colombia-buscara-su-cupo-a-la-semifinal-del-mundial-femenino-sub-17\/\" \/>\n<meta property=\"og:locale\" content=\"es_ES\" \/>\n<meta property=\"og:type\" content=\"article\" \/>\n<meta property=\"og:title\" content=\"Colombia buscar\u00e1 su cupo a la semifinal del mundial femenino sub - 17 -\" \/>\n<meta property=\"og:url\" content=\"https:\/\/luchonoticias.com\/editor\/colombia-buscara-su-cupo-a-la-semifinal-del-mundial-femenino-sub-17\/\" \/>\n<meta property=\"article:publisher\" content=\"https:\/\/www.facebook.com\/luchonoticiasneiva\" \/>\n<meta property=\"article:author\" content=\"https:\/\/www.facebook.com\/luchonoticiasneiva\" \/>\n<meta property=\"article:published_time\" content=\"2022-10-21T19:35:20+00:00\" \/>\n<meta property=\"article:modified_time\" content=\"2022-10-21T19:35:21+00:00\" \/>\n<meta name=\"author\" content=\"admin\" \/>\n<meta name=\"twitter:card\" content=\"summary_large_image\" \/>\n<meta name=\"twitter:label1\" content=\"Escrito por\" \/>\n\t<meta name=\"twitter:data1\" content=\"admin\" \/>\n\t<meta name=\"twitter:label2\" content=\"Tiempo de lectura\" \/>\n\t<meta name=\"twitter:data2\" content=\"1 minuto\" \/>\n<script type=\"application\/ld+json\" class=\"yoast-schema-graph\">{\"@context\":\"https:\/\/schema.org\",\"@graph\":[{\"@type\":\"Article\",\"@id\":\"https:\/\/luchonoticias.com\/editor\/colombia-buscara-su-cupo-a-la-semifinal-del-mundial-femenino-sub-17\/#article\",\"isPartOf\":{\"@id\":\"https:\/\/luchonoticias.com\/editor\/colombia-buscara-su-cupo-a-la-semifinal-del-mundial-femenino-sub-17\/\"},\"author\":{\"name\":\"admin\",\"@id\":\"https:\/\/luchonoticias.com\/editor\/#\/schema\/person\/7a7fd911f58561fd056dbac7b55af9cd\"},\"headline\":\"Colombia buscar\u00e1 su cupo a la semifinal del mundial femenino sub &#8211; 17\",\"datePublished\":\"2022-10-21T19:35:20+00:00\",\"dateModified\":\"2022-10-21T19:35:21+00:00\",\"mainEntityOfPage\":{\"@id\":\"https:\/\/luchonoticias.com\/editor\/colombia-buscara-su-cupo-a-la-semifinal-del-mundial-femenino-sub-17\/\"},\"wordCount\":129,\"commentCount\":0,\"publisher\":{\"@id\":\"https:\/\/luchonoticias.com\/editor\/#\/schema\/person\/7a7fd911f58561fd056dbac7b55af9cd\"},\"articleSection\":[\"Deportes\"],\"inLanguage\":\"es\",\"potentialAction\":[{\"@type\":\"CommentAction\",\"name\":\"Comment\",\"target\":[\"https:\/\/luchonoticias.com\/editor\/colombia-buscara-su-cupo-a-la-semifinal-del-mundial-femenino-sub-17\/#respond\"]}]},{\"@type\":\"WebPage\",\"@id\":\"https:\/\/luchonoticias.com\/editor\/colombia-buscara-su-cupo-a-la-semifinal-del-mundial-femenino-sub-17\/\",\"url\":\"https:\/\/luchonoticias.com\/editor\/colombia-buscara-su-cupo-a-la-semifinal-del-mundial-femenino-sub-17\/\",\"name\":\"Colombia buscar\u00e1 su cupo a la semifinal del mundial femenino sub - 17 -\",\"isPartOf\":{\"@id\":\"https:\/\/luchonoticias.com\/editor\/#website\"},\"datePublished\":\"2022-10-21T19:35:20+00:00\",\"dateModified\":\"2022-10-21T19:35:21+00:00\",\"breadcrumb\":{\"@id\":\"https:\/\/luchonoticias.com\/editor\/colombia-buscara-su-cupo-a-la-semifinal-del-mundial-femenino-sub-17\/#breadcrumb\"},\"inLanguage\":\"es\",\"potentialAction\":[{\"@type\":\"ReadAction\",\"target\":[\"https:\/\/luchonoticias.com\/editor\/colombia-buscara-su-cupo-a-la-semifinal-del-mundial-femenino-sub-17\/\"]}]},{\"@type\":\"BreadcrumbList\",\"@id\":\"https:\/\/luchonoticias.com\/editor\/colombia-buscara-su-cupo-a-la-semifinal-del-mundial-femenino-sub-17\/#breadcrumb\",\"itemListElement\":[{\"@type\":\"ListItem\",\"position\":1,\"name\":\"Portada\",\"item\":\"https:\/\/luchonoticias.com\/editor\/\"},{\"@type\":\"ListItem\",\"position\":2,\"name\":\"Colombia buscar\u00e1 su cupo a la semifinal del mundial femenino sub &#8211; 17\"}]},{\"@type\":\"WebSite\",\"@id\":\"https:\/\/luchonoticias.com\/editor\/#website\",\"url\":\"https:\/\/luchonoticias.com\/editor\/\",\"name\":\"\",\"description\":\"\",\"publisher\":{\"@id\":\"https:\/\/luchonoticias.com\/editor\/#\/schema\/person\/7a7fd911f58561fd056dbac7b55af9cd\"},\"potentialAction\":[{\"@type\":\"SearchAction\",\"target\":{\"@type\":\"EntryPoint\",\"urlTemplate\":\"https:\/\/luchonoticias.com\/editor\/?s={search_term_string}\"},\"query-input\":{\"@type\":\"PropertyValueSpecification\",\"valueRequired\":true,\"valueName\":\"search_term_string\"}}],\"inLanguage\":\"es\"},{\"@type\":[\"Person\",\"Organization\"],\"@id\":\"https:\/\/luchonoticias.com\/editor\/#\/schema\/person\/7a7fd911f58561fd056dbac7b55af9cd\",\"name\":\"admin\",\"image\":{\"@type\":\"ImageObject\",\"inLanguage\":\"es\",\"@id\":\"https:\/\/luchonoticias.com\/editor\/#\/schema\/person\/image\/\",\"url\":\"https:\/\/luchonoticias.com\/editor\/wp-content\/uploads\/2024\/02\/cropped-cropped-logolu.webp\",\"contentUrl\":\"https:\/\/luchonoticias.com\/editor\/wp-content\/uploads\/2024\/02\/cropped-cropped-logolu.webp\",\"width\":382,\"height\":170,\"caption\":\"admin\"},\"logo\":{\"@id\":\"https:\/\/luchonoticias.com\/editor\/#\/schema\/person\/image\/\"},\"sameAs\":[\"https:\/\/www.facebook.com\/luchonoticiasneiva\"],\"url\":\"https:\/\/luchonoticias.com\/editor\/author\/admin\/\"}]}<\/script>\n<!-- \/ Yoast SEO plugin. -->","yoast_head_json":{"title":"Colombia buscar\u00e1 su cupo a la semifinal del mundial femenino sub - 17 -","robots":{"index":"index","follow":"follow","max-snippet":"max-snippet:-1","max-image-preview":"max-image-preview:large","max-video-preview":"max-video-preview:-1"},"canonical":"https:\/\/luchonoticias.com\/editor\/colombia-buscara-su-cupo-a-la-semifinal-del-mundial-femenino-sub-17\/","og_locale":"es_ES","og_type":"article","og_title":"Colombia buscar\u00e1 su cupo a la semifinal del mundial femenino sub - 17 -","og_url":"https:\/\/luchonoticias.com\/editor\/colombia-buscara-su-cupo-a-la-semifinal-del-mundial-femenino-sub-17\/","article_publisher":"https:\/\/www.facebook.com\/luchonoticiasneiva","article_author":"https:\/\/www.facebook.com\/luchonoticiasneiva","article_published_time":"2022-10-21T19:35:20+00:00","article_modified_time":"2022-10-21T19:35:21+00:00","author":"admin","twitter_card":"summary_large_image","twitter_misc":{"Escrito por":"admin","Tiempo de lectura":"1 minuto"},"schema":{"@context":"https:\/\/schema.org","@graph":[{"@type":"Article","@id":"https:\/\/luchonoticias.com\/editor\/colombia-buscara-su-cupo-a-la-semifinal-del-mundial-femenino-sub-17\/#article","isPartOf":{"@id":"https:\/\/luchonoticias.com\/editor\/colombia-buscara-su-cupo-a-la-semifinal-del-mundial-femenino-sub-17\/"},"author":{"name":"admin","@id":"https:\/\/luchonoticias.com\/editor\/#\/schema\/person\/7a7fd911f58561fd056dbac7b55af9cd"},"headline":"Colombia buscar\u00e1 su cupo a la semifinal del mundial femenino sub &#8211; 17","datePublished":"2022-10-21T19:35:20+00:00","dateModified":"2022-10-21T19:35:21+00:00","mainEntityOfPage":{"@id":"https:\/\/luchonoticias.com\/editor\/colombia-buscara-su-cupo-a-la-semifinal-del-mundial-femenino-sub-17\/"},"wordCount":129,"commentCount":0,"publisher":{"@id":"https:\/\/luchonoticias.com\/editor\/#\/schema\/person\/7a7fd911f58561fd056dbac7b55af9cd"},"articleSection":["Deportes"],"inLanguage":"es","potentialAction":[{"@type":"CommentAction","name":"Comment","target":["https:\/\/luchonoticias.com\/editor\/colombia-buscara-su-cupo-a-la-semifinal-del-mundial-femenino-sub-17\/#respond"]}]},{"@type":"WebPage","@id":"https:\/\/luchonoticias.com\/editor\/colombia-buscara-su-cupo-a-la-semifinal-del-mundial-femenino-sub-17\/","url":"https:\/\/luchonoticias.com\/editor\/colombia-buscara-su-cupo-a-la-semifinal-del-mundial-femenino-sub-17\/","name":"Colombia buscar\u00e1 su cupo a la semifinal del mundial femenino sub - 17 -","isPartOf":{"@id":"https:\/\/luchonoticias.com\/editor\/#website"},"datePublished":"2022-10-21T19:35:20+00:00","dateModified":"2022-10-21T19:35:21+00:00","breadcrumb":{"@id":"https:\/\/luchonoticias.com\/editor\/colombia-buscara-su-cupo-a-la-semifinal-del-mundial-femenino-sub-17\/#breadcrumb"},"inLanguage":"es","potentialAction":[{"@type":"ReadAction","target":["https:\/\/luchonoticias.com\/editor\/colombia-buscara-su-cupo-a-la-semifinal-del-mundial-femenino-sub-17\/"]}]},{"@type":"BreadcrumbList","@id":"https:\/\/luchonoticias.com\/editor\/colombia-buscara-su-cupo-a-la-semifinal-del-mundial-femenino-sub-17\/#breadcrumb","itemListElement":[{"@type":"ListItem","position":1,"name":"Portada","item":"https:\/\/luchonoticias.com\/editor\/"},{"@type":"ListItem","position":2,"name":"Colombia buscar\u00e1 su cupo a la semifinal del mundial femenino sub &#8211; 17"}]},{"@type":"WebSite","@id":"https:\/\/luchonoticias.com\/editor\/#website","url":"https:\/\/luchonoticias.com\/editor\/","name":"","description":"","publisher":{"@id":"https:\/\/luchonoticias.com\/editor\/#\/schema\/person\/7a7fd911f58561fd056dbac7b55af9cd"},"potentialAction":[{"@type":"SearchAction","target":{"@type":"EntryPoint","urlTemplate":"https:\/\/luchonoticias.com\/editor\/?s={search_term_string}"},"query-input":{"@type":"PropertyValueSpecification","valueRequired":true,"valueName":"search_term_string"}}],"inLanguage":"es"},{"@type":["Person","Organization"],"@id":"https:\/\/luchonoticias.com\/editor\/#\/schema\/person\/7a7fd911f58561fd056dbac7b55af9cd","name":"admin","image":{"@type":"ImageObject","inLanguage":"es","@id":"https:\/\/luchonoticias.com\/editor\/#\/schema\/person\/image\/","url":"https:\/\/luchonoticias.com\/editor\/wp-content\/uploads\/2024\/02\/cropped-cropped-logolu.webp","contentUrl":"https:\/\/luchonoticias.com\/editor\/wp-content\/uploads\/2024\/02\/cropped-cropped-logolu.webp","width":382,"height":170,"caption":"admin"},"logo":{"@id":"https:\/\/luchonoticias.com\/editor\/#\/schema\/person\/image\/"},"sameAs":["https:\/\/www.facebook.com\/luchonoticiasneiva"],"url":"https:\/\/luchonoticias.com\/editor\/author\/admin\/"}]}},"_links":{"self":[{"href":"https:\/\/luchonoticias.com\/editor\/wp-json\/wp\/v2\/posts\/37467","targetHints":{"allow":["GET"]}}],"collection":[{"href":"https:\/\/luchonoticias.com\/editor\/wp-json\/wp\/v2\/posts"}],"about":[{"href":"https:\/\/luchonoticias.com\/editor\/wp-json\/wp\/v2\/types\/post"}],"author":[{"embeddable":true,"href":"https:\/\/luchonoticias.com\/editor\/wp-json\/wp\/v2\/users\/1"}],"replies":[{"embeddable":true,"href":"https:\/\/luchonoticias.com\/editor\/wp-json\/wp\/v2\/comments?post=37467"}],"version-history":[{"count":0,"href":"https:\/\/luchonoticias.com\/editor\/wp-json\/wp\/v2\/posts\/37467\/revisions"}],"wp:attachment":[{"href":"https:\/\/luchonoticias.com\/editor\/wp-json\/wp\/v2\/media?parent=37467"}],"wp:term":[{"taxonomy":"category","embeddable":true,"href":"https:\/\/luchonoticias.com\/editor\/wp-json\/wp\/v2\/categories?post=37467"},{"taxonomy":"post_tag","embeddable":true,"href":"https:\/\/luchonoticias.com\/editor\/wp-json\/wp\/v2\/tags?post=37467"}],"curies":[{"name":"wp","href":"https:\/\/api.w.org\/{rel}","templated":true}]}}