{"id":37527,"date":"2022-10-22T06:58:06","date_gmt":"2022-10-22T11:58:06","guid":{"rendered":"https:\/\/luchonoticias.com\/?p=37527"},"modified":"2022-10-22T06:58:07","modified_gmt":"2022-10-22T11:58:07","slug":"joaquin-gomez-pide-encuentro-con-exrepresentante-huilense-jaime-lozada","status":"publish","type":"post","link":"https:\/\/luchonoticias.com\/editor\/joaquin-gomez-pide-encuentro-con-exrepresentante-huilense-jaime-lozada\/","title":{"rendered":"\u2018Joaqu\u00edn G\u00f3mez\u2019 pide encuentro con exrepresentante huilense Jaime Lozada"},"content":{"rendered":"\n<p>Milton de Jes\u00fas Toncel, alias \u2018Joaqu\u00edn G\u00f3mez\u2019, exmiembro del Secretariado de las Farc, dijo que le gustar\u00eda tener un encuentro con el ex representante Jaime Felipe Lozada, reconocer lo sucedido y ayudar en el aporte de verdad.<\/p>\n\n\n\n<p>El testimonio lo dio en la versi\u00f3n que dio ayer en la JEP por los secuestros cometidos por la columna m\u00f3vil \u2018Te\u00f3filo Forero Castro\u2019 del bloque sur de las Farc, especialmente por casos que se presentaron en Huila y Caquet\u00e1.<\/p>\n\n\n\n<p>Empezando su testimonio G\u00f3mez se refiri\u00f3 al secuestro masivo del edificio Miraflores en Neiva, all\u00ed fueron secuestrados Gloria Polanco y sus dos hijos, Sebasti\u00e1n y Jaime Felipe Lozada, que en ese momento eran menores de edad.<\/p>\n\n\n\n<p>Joaqu\u00edn G\u00f3mez explic\u00f3 que los detalles del secuestro masivo los tiene Hern\u00e1n Dar\u00edo Vel\u00e1squez \u2018El Paisa\u2019 uno de los disidentes del acuerdo que ya muri\u00f3.<\/p>\n\n\n\n<p>Sin embargo s\u00ed record\u00f3 que antes de la firma del acuerdo, &#8216;El Paisa&#8217; hab\u00eda comentado que las razones por la que los dos menores fueron secuestrados era porque no quer\u00edan causarle un mayor sufrimiento a su madre Gloria Polanco.<\/p>\n\n\n\n<p>La magistrada Julieta Lemaitre le pidi\u00f3 que reconociera, por solicitud de las v\u00edctimas, que Jaime Felipe Lozada y su hermano eran menores de edad en el momento del secuestro, algo que acept\u00f3 el excomandante de la guerrilla.<\/p>\n\n\n\n<p>Posteriormente Lemaitre le pregunt\u00f3 por el altercado que tuvo con el exrepresentante a la c\u00e1mara Jaime Felipe Lozada y el cual fue narrado por la Lozada en su cuenta de Twitter.<\/p>\n\n\n\n<p>\u201cAcabo de reconocer en el aeropuerto el Dorado a &#8216;alias&#8217; Joaqu\u00edn G\u00f3mez, y al decirle que \u00e9l como comandante del Bloque Sur fue directo perpetrador del secuestro de mi mam\u00e1, de mi hermano y el m\u00edo y del asesinato de mi pap\u00e1, de manera despectiva me dijo que \u00e9l no tuvo nada que ver\u201d.<\/p>\n\n\n\n<p>Lozada tambi\u00e9n explica que Joaqu\u00edn G\u00f3mez asegur\u00f3 que no lo conoc\u00eda por lo que \u00e9l se quit\u00f3 el tapabocas y le dijo \u201cconozcame\u201d, aclarando que cuando lo secuestraron \u00e9l tenia 17 a\u00f1os y su hermano 15.<br>\u201cNo era necesario que nos conociera para ordenar los vej\u00e1menes que contra nuestra familia y dem\u00e1s colombianos ordenaron. Avergonzado sent\u00ed el se\u00f1or G\u00f3mez camin\u00f3 hacia otro lugar\u201d, termin\u00f3 con la explicaci\u00f3n.<\/p>\n\n\n\n<p>Ante la situaci\u00f3n &#8216;Joaquin G\u00f3mez&#8217; este viernes en la JEP dijo que le gustar\u00eda tener un encuentro con el ex representante, reconocer lo sucedido y ayudar en el aporte de verdad.<\/p>\n\n\n\n<p>\u201cYo lo que deseo es que ojal\u00e1 se de el espacio para poder hablar con la familia y primero reconocer el hecho como tal, lo restaurativo pero tambi\u00e9n el aspecto jur\u00eddico porque seguramente tendr\u00e1n muchas preguntas que no han encontrado respuesta, es posible que si tenemos un encuentro alguna de esas preguntas yo se las podr\u00eda responder. Como v\u00edctima tiene derecho a una explicaci\u00f3n\u201d, se\u00f1al\u00f3 &#8216;Joaqu\u00edn G\u00f3mez&#8217;.<\/p>\n\n\n\n<p>Tambi\u00e9n explica que seg\u00fan la informaci\u00f3n que tiene Jaime Lozada, padre de Jaime Felipe Lozada, fue asesinado en un atentado que iba dirigido contra otra persona.<\/p>\n","protected":false},"excerpt":{"rendered":"<p>Milton de Jes\u00fas Toncel, alias \u2018Joaqu\u00edn G\u00f3mez\u2019, exmiembro del Secretariado de las Farc, dijo que le gustar\u00eda tener un encuentro con el ex representante Jaime Felipe Lozada, reconocer lo sucedido y ayudar en el aporte de verdad. El testimonio lo dio en la versi\u00f3n que dio ayer en la JEP por los secuestros cometidos por [&hellip;]<\/p>\n","protected":false},"author":1,"featured_media":0,"comment_status":"open","ping_status":"open","sticky":false,"template":"","format":"standard","meta":{"footnotes":""},"categories":[28,36],"tags":[],"class_list":["post-37527","post","type-post","status-publish","format-standard","hentry","category-actualidad","category-destacado"],"yoast_head":"<!-- This site is optimized with the Yoast SEO plugin v26.6 - https:\/\/yoast.com\/wordpress\/plugins\/seo\/ -->\n<title>\u2018Joaqu\u00edn G\u00f3mez\u2019 pide encuentro con exrepresentante huilense Jaime Lozada -<\/title>\n<meta name=\"robots\" content=\"index, follow, max-snippet:-1, max-image-preview:large, max-video-preview:-1\" \/>\n<link rel=\"canonical\" href=\"https:\/\/luchonoticias.com\/editor\/joaquin-gomez-pide-encuentro-con-exrepresentante-huilense-jaime-lozada\/\" \/>\n<meta property=\"og:locale\" content=\"es_ES\" \/>\n<meta property=\"og:type\" content=\"article\" \/>\n<meta property=\"og:title\" content=\"\u2018Joaqu\u00edn G\u00f3mez\u2019 pide encuentro con exrepresentante huilense Jaime Lozada -\" \/>\n<meta property=\"og:url\" content=\"https:\/\/luchonoticias.com\/editor\/joaquin-gomez-pide-encuentro-con-exrepresentante-huilense-jaime-lozada\/\" \/>\n<meta property=\"article:publisher\" content=\"https:\/\/www.facebook.com\/luchonoticiasneiva\" \/>\n<meta property=\"article:author\" content=\"https:\/\/www.facebook.com\/luchonoticiasneiva\" \/>\n<meta property=\"article:published_time\" content=\"2022-10-22T11:58:06+00:00\" \/>\n<meta property=\"article:modified_time\" content=\"2022-10-22T11:58:07+00:00\" \/>\n<meta name=\"author\" content=\"admin\" \/>\n<meta name=\"twitter:card\" content=\"summary_large_image\" \/>\n<meta name=\"twitter:label1\" content=\"Escrito por\" \/>\n\t<meta name=\"twitter:data1\" content=\"admin\" \/>\n\t<meta name=\"twitter:label2\" content=\"Tiempo de lectura\" \/>\n\t<meta name=\"twitter:data2\" content=\"3 minutos\" \/>\n<script type=\"application\/ld+json\" class=\"yoast-schema-graph\">{\"@context\":\"https:\/\/schema.org\",\"@graph\":[{\"@type\":\"Article\",\"@id\":\"https:\/\/luchonoticias.com\/editor\/joaquin-gomez-pide-encuentro-con-exrepresentante-huilense-jaime-lozada\/#article\",\"isPartOf\":{\"@id\":\"https:\/\/luchonoticias.com\/editor\/joaquin-gomez-pide-encuentro-con-exrepresentante-huilense-jaime-lozada\/\"},\"author\":{\"name\":\"admin\",\"@id\":\"https:\/\/luchonoticias.com\/editor\/#\/schema\/person\/7a7fd911f58561fd056dbac7b55af9cd\"},\"headline\":\"\u2018Joaqu\u00edn G\u00f3mez\u2019 pide encuentro con exrepresentante huilense Jaime Lozada\",\"datePublished\":\"2022-10-22T11:58:06+00:00\",\"dateModified\":\"2022-10-22T11:58:07+00:00\",\"mainEntityOfPage\":{\"@id\":\"https:\/\/luchonoticias.com\/editor\/joaquin-gomez-pide-encuentro-con-exrepresentante-huilense-jaime-lozada\/\"},\"wordCount\":545,\"commentCount\":0,\"publisher\":{\"@id\":\"https:\/\/luchonoticias.com\/editor\/#\/schema\/person\/7a7fd911f58561fd056dbac7b55af9cd\"},\"articleSection\":[\"Actualidad\",\"Destacado\"],\"inLanguage\":\"es\",\"potentialAction\":[{\"@type\":\"CommentAction\",\"name\":\"Comment\",\"target\":[\"https:\/\/luchonoticias.com\/editor\/joaquin-gomez-pide-encuentro-con-exrepresentante-huilense-jaime-lozada\/#respond\"]}]},{\"@type\":\"WebPage\",\"@id\":\"https:\/\/luchonoticias.com\/editor\/joaquin-gomez-pide-encuentro-con-exrepresentante-huilense-jaime-lozada\/\",\"url\":\"https:\/\/luchonoticias.com\/editor\/joaquin-gomez-pide-encuentro-con-exrepresentante-huilense-jaime-lozada\/\",\"name\":\"\u2018Joaqu\u00edn G\u00f3mez\u2019 pide encuentro con exrepresentante huilense Jaime Lozada -\",\"isPartOf\":{\"@id\":\"https:\/\/luchonoticias.com\/editor\/#website\"},\"datePublished\":\"2022-10-22T11:58:06+00:00\",\"dateModified\":\"2022-10-22T11:58:07+00:00\",\"breadcrumb\":{\"@id\":\"https:\/\/luchonoticias.com\/editor\/joaquin-gomez-pide-encuentro-con-exrepresentante-huilense-jaime-lozada\/#breadcrumb\"},\"inLanguage\":\"es\",\"potentialAction\":[{\"@type\":\"ReadAction\",\"target\":[\"https:\/\/luchonoticias.com\/editor\/joaquin-gomez-pide-encuentro-con-exrepresentante-huilense-jaime-lozada\/\"]}]},{\"@type\":\"BreadcrumbList\",\"@id\":\"https:\/\/luchonoticias.com\/editor\/joaquin-gomez-pide-encuentro-con-exrepresentante-huilense-jaime-lozada\/#breadcrumb\",\"itemListElement\":[{\"@type\":\"ListItem\",\"position\":1,\"name\":\"Portada\",\"item\":\"https:\/\/luchonoticias.com\/editor\/\"},{\"@type\":\"ListItem\",\"position\":2,\"name\":\"\u2018Joaqu\u00edn G\u00f3mez\u2019 pide encuentro con exrepresentante huilense Jaime Lozada\"}]},{\"@type\":\"WebSite\",\"@id\":\"https:\/\/luchonoticias.com\/editor\/#website\",\"url\":\"https:\/\/luchonoticias.com\/editor\/\",\"name\":\"\",\"description\":\"\",\"publisher\":{\"@id\":\"https:\/\/luchonoticias.com\/editor\/#\/schema\/person\/7a7fd911f58561fd056dbac7b55af9cd\"},\"potentialAction\":[{\"@type\":\"SearchAction\",\"target\":{\"@type\":\"EntryPoint\",\"urlTemplate\":\"https:\/\/luchonoticias.com\/editor\/?s={search_term_string}\"},\"query-input\":{\"@type\":\"PropertyValueSpecification\",\"valueRequired\":true,\"valueName\":\"search_term_string\"}}],\"inLanguage\":\"es\"},{\"@type\":[\"Person\",\"Organization\"],\"@id\":\"https:\/\/luchonoticias.com\/editor\/#\/schema\/person\/7a7fd911f58561fd056dbac7b55af9cd\",\"name\":\"admin\",\"image\":{\"@type\":\"ImageObject\",\"inLanguage\":\"es\",\"@id\":\"https:\/\/luchonoticias.com\/editor\/#\/schema\/person\/image\/\",\"url\":\"https:\/\/luchonoticias.com\/editor\/wp-content\/uploads\/2024\/02\/cropped-cropped-logolu.webp\",\"contentUrl\":\"https:\/\/luchonoticias.com\/editor\/wp-content\/uploads\/2024\/02\/cropped-cropped-logolu.webp\",\"width\":382,\"height\":170,\"caption\":\"admin\"},\"logo\":{\"@id\":\"https:\/\/luchonoticias.com\/editor\/#\/schema\/person\/image\/\"},\"sameAs\":[\"https:\/\/www.facebook.com\/luchonoticiasneiva\"],\"url\":\"https:\/\/luchonoticias.com\/editor\/author\/admin\/\"}]}<\/script>\n<!-- \/ Yoast SEO plugin. -->","yoast_head_json":{"title":"\u2018Joaqu\u00edn G\u00f3mez\u2019 pide encuentro con exrepresentante huilense Jaime Lozada -","robots":{"index":"index","follow":"follow","max-snippet":"max-snippet:-1","max-image-preview":"max-image-preview:large","max-video-preview":"max-video-preview:-1"},"canonical":"https:\/\/luchonoticias.com\/editor\/joaquin-gomez-pide-encuentro-con-exrepresentante-huilense-jaime-lozada\/","og_locale":"es_ES","og_type":"article","og_title":"\u2018Joaqu\u00edn G\u00f3mez\u2019 pide encuentro con exrepresentante huilense Jaime Lozada -","og_url":"https:\/\/luchonoticias.com\/editor\/joaquin-gomez-pide-encuentro-con-exrepresentante-huilense-jaime-lozada\/","article_publisher":"https:\/\/www.facebook.com\/luchonoticiasneiva","article_author":"https:\/\/www.facebook.com\/luchonoticiasneiva","article_published_time":"2022-10-22T11:58:06+00:00","article_modified_time":"2022-10-22T11:58:07+00:00","author":"admin","twitter_card":"summary_large_image","twitter_misc":{"Escrito por":"admin","Tiempo de lectura":"3 minutos"},"schema":{"@context":"https:\/\/schema.org","@graph":[{"@type":"Article","@id":"https:\/\/luchonoticias.com\/editor\/joaquin-gomez-pide-encuentro-con-exrepresentante-huilense-jaime-lozada\/#article","isPartOf":{"@id":"https:\/\/luchonoticias.com\/editor\/joaquin-gomez-pide-encuentro-con-exrepresentante-huilense-jaime-lozada\/"},"author":{"name":"admin","@id":"https:\/\/luchonoticias.com\/editor\/#\/schema\/person\/7a7fd911f58561fd056dbac7b55af9cd"},"headline":"\u2018Joaqu\u00edn G\u00f3mez\u2019 pide encuentro con exrepresentante huilense Jaime Lozada","datePublished":"2022-10-22T11:58:06+00:00","dateModified":"2022-10-22T11:58:07+00:00","mainEntityOfPage":{"@id":"https:\/\/luchonoticias.com\/editor\/joaquin-gomez-pide-encuentro-con-exrepresentante-huilense-jaime-lozada\/"},"wordCount":545,"commentCount":0,"publisher":{"@id":"https:\/\/luchonoticias.com\/editor\/#\/schema\/person\/7a7fd911f58561fd056dbac7b55af9cd"},"articleSection":["Actualidad","Destacado"],"inLanguage":"es","potentialAction":[{"@type":"CommentAction","name":"Comment","target":["https:\/\/luchonoticias.com\/editor\/joaquin-gomez-pide-encuentro-con-exrepresentante-huilense-jaime-lozada\/#respond"]}]},{"@type":"WebPage","@id":"https:\/\/luchonoticias.com\/editor\/joaquin-gomez-pide-encuentro-con-exrepresentante-huilense-jaime-lozada\/","url":"https:\/\/luchonoticias.com\/editor\/joaquin-gomez-pide-encuentro-con-exrepresentante-huilense-jaime-lozada\/","name":"\u2018Joaqu\u00edn G\u00f3mez\u2019 pide encuentro con exrepresentante huilense Jaime Lozada -","isPartOf":{"@id":"https:\/\/luchonoticias.com\/editor\/#website"},"datePublished":"2022-10-22T11:58:06+00:00","dateModified":"2022-10-22T11:58:07+00:00","breadcrumb":{"@id":"https:\/\/luchonoticias.com\/editor\/joaquin-gomez-pide-encuentro-con-exrepresentante-huilense-jaime-lozada\/#breadcrumb"},"inLanguage":"es","potentialAction":[{"@type":"ReadAction","target":["https:\/\/luchonoticias.com\/editor\/joaquin-gomez-pide-encuentro-con-exrepresentante-huilense-jaime-lozada\/"]}]},{"@type":"BreadcrumbList","@id":"https:\/\/luchonoticias.com\/editor\/joaquin-gomez-pide-encuentro-con-exrepresentante-huilense-jaime-lozada\/#breadcrumb","itemListElement":[{"@type":"ListItem","position":1,"name":"Portada","item":"https:\/\/luchonoticias.com\/editor\/"},{"@type":"ListItem","position":2,"name":"\u2018Joaqu\u00edn G\u00f3mez\u2019 pide encuentro con exrepresentante huilense Jaime Lozada"}]},{"@type":"WebSite","@id":"https:\/\/luchonoticias.com\/editor\/#website","url":"https:\/\/luchonoticias.com\/editor\/","name":"","description":"","publisher":{"@id":"https:\/\/luchonoticias.com\/editor\/#\/schema\/person\/7a7fd911f58561fd056dbac7b55af9cd"},"potentialAction":[{"@type":"SearchAction","target":{"@type":"EntryPoint","urlTemplate":"https:\/\/luchonoticias.com\/editor\/?s={search_term_string}"},"query-input":{"@type":"PropertyValueSpecification","valueRequired":true,"valueName":"search_term_string"}}],"inLanguage":"es"},{"@type":["Person","Organization"],"@id":"https:\/\/luchonoticias.com\/editor\/#\/schema\/person\/7a7fd911f58561fd056dbac7b55af9cd","name":"admin","image":{"@type":"ImageObject","inLanguage":"es","@id":"https:\/\/luchonoticias.com\/editor\/#\/schema\/person\/image\/","url":"https:\/\/luchonoticias.com\/editor\/wp-content\/uploads\/2024\/02\/cropped-cropped-logolu.webp","contentUrl":"https:\/\/luchonoticias.com\/editor\/wp-content\/uploads\/2024\/02\/cropped-cropped-logolu.webp","width":382,"height":170,"caption":"admin"},"logo":{"@id":"https:\/\/luchonoticias.com\/editor\/#\/schema\/person\/image\/"},"sameAs":["https:\/\/www.facebook.com\/luchonoticiasneiva"],"url":"https:\/\/luchonoticias.com\/editor\/author\/admin\/"}]}},"_links":{"self":[{"href":"https:\/\/luchonoticias.com\/editor\/wp-json\/wp\/v2\/posts\/37527","targetHints":{"allow":["GET"]}}],"collection":[{"href":"https:\/\/luchonoticias.com\/editor\/wp-json\/wp\/v2\/posts"}],"about":[{"href":"https:\/\/luchonoticias.com\/editor\/wp-json\/wp\/v2\/types\/post"}],"author":[{"embeddable":true,"href":"https:\/\/luchonoticias.com\/editor\/wp-json\/wp\/v2\/users\/1"}],"replies":[{"embeddable":true,"href":"https:\/\/luchonoticias.com\/editor\/wp-json\/wp\/v2\/comments?post=37527"}],"version-history":[{"count":0,"href":"https:\/\/luchonoticias.com\/editor\/wp-json\/wp\/v2\/posts\/37527\/revisions"}],"wp:attachment":[{"href":"https:\/\/luchonoticias.com\/editor\/wp-json\/wp\/v2\/media?parent=37527"}],"wp:term":[{"taxonomy":"category","embeddable":true,"href":"https:\/\/luchonoticias.com\/editor\/wp-json\/wp\/v2\/categories?post=37527"},{"taxonomy":"post_tag","embeddable":true,"href":"https:\/\/luchonoticias.com\/editor\/wp-json\/wp\/v2\/tags?post=37527"}],"curies":[{"name":"wp","href":"https:\/\/api.w.org\/{rel}","templated":true}]}}