{"id":37534,"date":"2022-10-22T12:44:22","date_gmt":"2022-10-22T17:44:22","guid":{"rendered":"https:\/\/luchonoticias.com\/?p=37534"},"modified":"2022-10-22T12:44:23","modified_gmt":"2022-10-22T17:44:23","slug":"sancionado-diego-cadena-por-soborno-a-testigos-en-el-caso-de-alvaro-uribe-velez","status":"publish","type":"post","link":"https:\/\/luchonoticias.com\/editor\/sancionado-diego-cadena-por-soborno-a-testigos-en-el-caso-de-alvaro-uribe-velez\/","title":{"rendered":"Sancionado Diego Cadena por soborno a testigos en el caso de \u00c1lvaro Uribe V\u00e9lez"},"content":{"rendered":"\n<p>La Comisi\u00f3n Seccional de Disciplina Judicial del Valle del Cauca suspendi\u00f3 por 2 a\u00f1os y 10 meses y con una multa de 10 SMLV al abogado Diego Cadena como responsable de soborno a testigos en el caso de \u00c1lvaro Uribe V\u00e9lez.<\/p>\n\n\n\n<p>La sanci\u00f3n, que tambi\u00e9n incluye una multa de 10 salarios m\u00ednimos mensuales, tiene que ver con pagos que hizo el jurista al exparamilitar Carlos Enrique V\u00e9lez. Cadena y el abogado Juan Jos\u00e9 Salazar se reunieron con alias V\u00edctor, seg\u00fan la Comisi\u00f3n, para convencerlo de enviar \u201ccartas con contenido falaz, las cuales ten\u00edan como destino al proceso de \u00fanica instancia que se adelantaba contra el senador Iv\u00e1n Cepeda por denuncia formulada por \u00c1lvaro Uribe V\u00e9lez\u201d.<\/p>\n\n\n\n<p>Es el segundo fallo que se emite en contra de Cadena. Este mismo a\u00f1o la Comisi\u00f3n de Disciplina de Bogot\u00e1 lo sancion\u00f3 por tres a\u00f1os por haber presionado a&nbsp;<strong>Juan Guillermo Monsalve,<\/strong>&nbsp;testigo en el caso Uribe.<\/p>\n","protected":false},"excerpt":{"rendered":"<p>La Comisi\u00f3n Seccional de Disciplina Judicial del Valle del Cauca suspendi\u00f3 por 2 a\u00f1os y 10 meses y con una multa de 10 SMLV al abogado Diego Cadena como responsable de soborno a testigos en el caso de \u00c1lvaro Uribe V\u00e9lez. La sanci\u00f3n, que tambi\u00e9n incluye una multa de 10 salarios m\u00ednimos mensuales, tiene que [&hellip;]<\/p>\n","protected":false},"author":1,"featured_media":0,"comment_status":"open","ping_status":"open","sticky":false,"template":"","format":"standard","meta":{"footnotes":""},"categories":[28,36],"tags":[],"class_list":["post-37534","post","type-post","status-publish","format-standard","hentry","category-actualidad","category-destacado"],"yoast_head":"<!-- This site is optimized with the Yoast SEO plugin v26.6 - https:\/\/yoast.com\/wordpress\/plugins\/seo\/ -->\n<title>Sancionado Diego Cadena por soborno a testigos en el caso de \u00c1lvaro Uribe V\u00e9lez -<\/title>\n<meta name=\"robots\" content=\"index, follow, max-snippet:-1, max-image-preview:large, max-video-preview:-1\" \/>\n<link rel=\"canonical\" href=\"https:\/\/luchonoticias.com\/editor\/sancionado-diego-cadena-por-soborno-a-testigos-en-el-caso-de-alvaro-uribe-velez\/\" \/>\n<meta property=\"og:locale\" content=\"es_ES\" \/>\n<meta property=\"og:type\" content=\"article\" \/>\n<meta property=\"og:title\" content=\"Sancionado Diego Cadena por soborno a testigos en el caso de \u00c1lvaro Uribe V\u00e9lez -\" \/>\n<meta property=\"og:url\" content=\"https:\/\/luchonoticias.com\/editor\/sancionado-diego-cadena-por-soborno-a-testigos-en-el-caso-de-alvaro-uribe-velez\/\" \/>\n<meta property=\"article:publisher\" content=\"https:\/\/www.facebook.com\/luchonoticiasneiva\" \/>\n<meta property=\"article:author\" content=\"https:\/\/www.facebook.com\/luchonoticiasneiva\" \/>\n<meta property=\"article:published_time\" content=\"2022-10-22T17:44:22+00:00\" \/>\n<meta property=\"article:modified_time\" content=\"2022-10-22T17:44:23+00:00\" \/>\n<meta name=\"author\" content=\"admin\" \/>\n<meta name=\"twitter:card\" content=\"summary_large_image\" \/>\n<meta name=\"twitter:label1\" content=\"Escrito por\" \/>\n\t<meta name=\"twitter:data1\" content=\"admin\" \/>\n\t<meta name=\"twitter:label2\" content=\"Tiempo de lectura\" \/>\n\t<meta name=\"twitter:data2\" content=\"1 minuto\" \/>\n<script type=\"application\/ld+json\" class=\"yoast-schema-graph\">{\"@context\":\"https:\/\/schema.org\",\"@graph\":[{\"@type\":\"Article\",\"@id\":\"https:\/\/luchonoticias.com\/editor\/sancionado-diego-cadena-por-soborno-a-testigos-en-el-caso-de-alvaro-uribe-velez\/#article\",\"isPartOf\":{\"@id\":\"https:\/\/luchonoticias.com\/editor\/sancionado-diego-cadena-por-soborno-a-testigos-en-el-caso-de-alvaro-uribe-velez\/\"},\"author\":{\"name\":\"admin\",\"@id\":\"https:\/\/luchonoticias.com\/editor\/#\/schema\/person\/7a7fd911f58561fd056dbac7b55af9cd\"},\"headline\":\"Sancionado Diego Cadena por soborno a testigos en el caso de \u00c1lvaro Uribe V\u00e9lez\",\"datePublished\":\"2022-10-22T17:44:22+00:00\",\"dateModified\":\"2022-10-22T17:44:23+00:00\",\"mainEntityOfPage\":{\"@id\":\"https:\/\/luchonoticias.com\/editor\/sancionado-diego-cadena-por-soborno-a-testigos-en-el-caso-de-alvaro-uribe-velez\/\"},\"wordCount\":181,\"commentCount\":0,\"publisher\":{\"@id\":\"https:\/\/luchonoticias.com\/editor\/#\/schema\/person\/7a7fd911f58561fd056dbac7b55af9cd\"},\"articleSection\":[\"Actualidad\",\"Destacado\"],\"inLanguage\":\"es\",\"potentialAction\":[{\"@type\":\"CommentAction\",\"name\":\"Comment\",\"target\":[\"https:\/\/luchonoticias.com\/editor\/sancionado-diego-cadena-por-soborno-a-testigos-en-el-caso-de-alvaro-uribe-velez\/#respond\"]}]},{\"@type\":\"WebPage\",\"@id\":\"https:\/\/luchonoticias.com\/editor\/sancionado-diego-cadena-por-soborno-a-testigos-en-el-caso-de-alvaro-uribe-velez\/\",\"url\":\"https:\/\/luchonoticias.com\/editor\/sancionado-diego-cadena-por-soborno-a-testigos-en-el-caso-de-alvaro-uribe-velez\/\",\"name\":\"Sancionado Diego Cadena por soborno a testigos en el caso de \u00c1lvaro Uribe V\u00e9lez -\",\"isPartOf\":{\"@id\":\"https:\/\/luchonoticias.com\/editor\/#website\"},\"datePublished\":\"2022-10-22T17:44:22+00:00\",\"dateModified\":\"2022-10-22T17:44:23+00:00\",\"breadcrumb\":{\"@id\":\"https:\/\/luchonoticias.com\/editor\/sancionado-diego-cadena-por-soborno-a-testigos-en-el-caso-de-alvaro-uribe-velez\/#breadcrumb\"},\"inLanguage\":\"es\",\"potentialAction\":[{\"@type\":\"ReadAction\",\"target\":[\"https:\/\/luchonoticias.com\/editor\/sancionado-diego-cadena-por-soborno-a-testigos-en-el-caso-de-alvaro-uribe-velez\/\"]}]},{\"@type\":\"BreadcrumbList\",\"@id\":\"https:\/\/luchonoticias.com\/editor\/sancionado-diego-cadena-por-soborno-a-testigos-en-el-caso-de-alvaro-uribe-velez\/#breadcrumb\",\"itemListElement\":[{\"@type\":\"ListItem\",\"position\":1,\"name\":\"Portada\",\"item\":\"https:\/\/luchonoticias.com\/editor\/\"},{\"@type\":\"ListItem\",\"position\":2,\"name\":\"Sancionado Diego Cadena por soborno a testigos en el caso de \u00c1lvaro Uribe V\u00e9lez\"}]},{\"@type\":\"WebSite\",\"@id\":\"https:\/\/luchonoticias.com\/editor\/#website\",\"url\":\"https:\/\/luchonoticias.com\/editor\/\",\"name\":\"\",\"description\":\"\",\"publisher\":{\"@id\":\"https:\/\/luchonoticias.com\/editor\/#\/schema\/person\/7a7fd911f58561fd056dbac7b55af9cd\"},\"potentialAction\":[{\"@type\":\"SearchAction\",\"target\":{\"@type\":\"EntryPoint\",\"urlTemplate\":\"https:\/\/luchonoticias.com\/editor\/?s={search_term_string}\"},\"query-input\":{\"@type\":\"PropertyValueSpecification\",\"valueRequired\":true,\"valueName\":\"search_term_string\"}}],\"inLanguage\":\"es\"},{\"@type\":[\"Person\",\"Organization\"],\"@id\":\"https:\/\/luchonoticias.com\/editor\/#\/schema\/person\/7a7fd911f58561fd056dbac7b55af9cd\",\"name\":\"admin\",\"image\":{\"@type\":\"ImageObject\",\"inLanguage\":\"es\",\"@id\":\"https:\/\/luchonoticias.com\/editor\/#\/schema\/person\/image\/\",\"url\":\"https:\/\/luchonoticias.com\/editor\/wp-content\/uploads\/2024\/02\/cropped-cropped-logolu.webp\",\"contentUrl\":\"https:\/\/luchonoticias.com\/editor\/wp-content\/uploads\/2024\/02\/cropped-cropped-logolu.webp\",\"width\":382,\"height\":170,\"caption\":\"admin\"},\"logo\":{\"@id\":\"https:\/\/luchonoticias.com\/editor\/#\/schema\/person\/image\/\"},\"sameAs\":[\"https:\/\/www.facebook.com\/luchonoticiasneiva\"],\"url\":\"https:\/\/luchonoticias.com\/editor\/author\/admin\/\"}]}<\/script>\n<!-- \/ Yoast SEO plugin. -->","yoast_head_json":{"title":"Sancionado Diego Cadena por soborno a testigos en el caso de \u00c1lvaro Uribe V\u00e9lez -","robots":{"index":"index","follow":"follow","max-snippet":"max-snippet:-1","max-image-preview":"max-image-preview:large","max-video-preview":"max-video-preview:-1"},"canonical":"https:\/\/luchonoticias.com\/editor\/sancionado-diego-cadena-por-soborno-a-testigos-en-el-caso-de-alvaro-uribe-velez\/","og_locale":"es_ES","og_type":"article","og_title":"Sancionado Diego Cadena por soborno a testigos en el caso de \u00c1lvaro Uribe V\u00e9lez -","og_url":"https:\/\/luchonoticias.com\/editor\/sancionado-diego-cadena-por-soborno-a-testigos-en-el-caso-de-alvaro-uribe-velez\/","article_publisher":"https:\/\/www.facebook.com\/luchonoticiasneiva","article_author":"https:\/\/www.facebook.com\/luchonoticiasneiva","article_published_time":"2022-10-22T17:44:22+00:00","article_modified_time":"2022-10-22T17:44:23+00:00","author":"admin","twitter_card":"summary_large_image","twitter_misc":{"Escrito por":"admin","Tiempo de lectura":"1 minuto"},"schema":{"@context":"https:\/\/schema.org","@graph":[{"@type":"Article","@id":"https:\/\/luchonoticias.com\/editor\/sancionado-diego-cadena-por-soborno-a-testigos-en-el-caso-de-alvaro-uribe-velez\/#article","isPartOf":{"@id":"https:\/\/luchonoticias.com\/editor\/sancionado-diego-cadena-por-soborno-a-testigos-en-el-caso-de-alvaro-uribe-velez\/"},"author":{"name":"admin","@id":"https:\/\/luchonoticias.com\/editor\/#\/schema\/person\/7a7fd911f58561fd056dbac7b55af9cd"},"headline":"Sancionado Diego Cadena por soborno a testigos en el caso de \u00c1lvaro Uribe V\u00e9lez","datePublished":"2022-10-22T17:44:22+00:00","dateModified":"2022-10-22T17:44:23+00:00","mainEntityOfPage":{"@id":"https:\/\/luchonoticias.com\/editor\/sancionado-diego-cadena-por-soborno-a-testigos-en-el-caso-de-alvaro-uribe-velez\/"},"wordCount":181,"commentCount":0,"publisher":{"@id":"https:\/\/luchonoticias.com\/editor\/#\/schema\/person\/7a7fd911f58561fd056dbac7b55af9cd"},"articleSection":["Actualidad","Destacado"],"inLanguage":"es","potentialAction":[{"@type":"CommentAction","name":"Comment","target":["https:\/\/luchonoticias.com\/editor\/sancionado-diego-cadena-por-soborno-a-testigos-en-el-caso-de-alvaro-uribe-velez\/#respond"]}]},{"@type":"WebPage","@id":"https:\/\/luchonoticias.com\/editor\/sancionado-diego-cadena-por-soborno-a-testigos-en-el-caso-de-alvaro-uribe-velez\/","url":"https:\/\/luchonoticias.com\/editor\/sancionado-diego-cadena-por-soborno-a-testigos-en-el-caso-de-alvaro-uribe-velez\/","name":"Sancionado Diego Cadena por soborno a testigos en el caso de \u00c1lvaro Uribe V\u00e9lez -","isPartOf":{"@id":"https:\/\/luchonoticias.com\/editor\/#website"},"datePublished":"2022-10-22T17:44:22+00:00","dateModified":"2022-10-22T17:44:23+00:00","breadcrumb":{"@id":"https:\/\/luchonoticias.com\/editor\/sancionado-diego-cadena-por-soborno-a-testigos-en-el-caso-de-alvaro-uribe-velez\/#breadcrumb"},"inLanguage":"es","potentialAction":[{"@type":"ReadAction","target":["https:\/\/luchonoticias.com\/editor\/sancionado-diego-cadena-por-soborno-a-testigos-en-el-caso-de-alvaro-uribe-velez\/"]}]},{"@type":"BreadcrumbList","@id":"https:\/\/luchonoticias.com\/editor\/sancionado-diego-cadena-por-soborno-a-testigos-en-el-caso-de-alvaro-uribe-velez\/#breadcrumb","itemListElement":[{"@type":"ListItem","position":1,"name":"Portada","item":"https:\/\/luchonoticias.com\/editor\/"},{"@type":"ListItem","position":2,"name":"Sancionado Diego Cadena por soborno a testigos en el caso de \u00c1lvaro Uribe V\u00e9lez"}]},{"@type":"WebSite","@id":"https:\/\/luchonoticias.com\/editor\/#website","url":"https:\/\/luchonoticias.com\/editor\/","name":"","description":"","publisher":{"@id":"https:\/\/luchonoticias.com\/editor\/#\/schema\/person\/7a7fd911f58561fd056dbac7b55af9cd"},"potentialAction":[{"@type":"SearchAction","target":{"@type":"EntryPoint","urlTemplate":"https:\/\/luchonoticias.com\/editor\/?s={search_term_string}"},"query-input":{"@type":"PropertyValueSpecification","valueRequired":true,"valueName":"search_term_string"}}],"inLanguage":"es"},{"@type":["Person","Organization"],"@id":"https:\/\/luchonoticias.com\/editor\/#\/schema\/person\/7a7fd911f58561fd056dbac7b55af9cd","name":"admin","image":{"@type":"ImageObject","inLanguage":"es","@id":"https:\/\/luchonoticias.com\/editor\/#\/schema\/person\/image\/","url":"https:\/\/luchonoticias.com\/editor\/wp-content\/uploads\/2024\/02\/cropped-cropped-logolu.webp","contentUrl":"https:\/\/luchonoticias.com\/editor\/wp-content\/uploads\/2024\/02\/cropped-cropped-logolu.webp","width":382,"height":170,"caption":"admin"},"logo":{"@id":"https:\/\/luchonoticias.com\/editor\/#\/schema\/person\/image\/"},"sameAs":["https:\/\/www.facebook.com\/luchonoticiasneiva"],"url":"https:\/\/luchonoticias.com\/editor\/author\/admin\/"}]}},"_links":{"self":[{"href":"https:\/\/luchonoticias.com\/editor\/wp-json\/wp\/v2\/posts\/37534","targetHints":{"allow":["GET"]}}],"collection":[{"href":"https:\/\/luchonoticias.com\/editor\/wp-json\/wp\/v2\/posts"}],"about":[{"href":"https:\/\/luchonoticias.com\/editor\/wp-json\/wp\/v2\/types\/post"}],"author":[{"embeddable":true,"href":"https:\/\/luchonoticias.com\/editor\/wp-json\/wp\/v2\/users\/1"}],"replies":[{"embeddable":true,"href":"https:\/\/luchonoticias.com\/editor\/wp-json\/wp\/v2\/comments?post=37534"}],"version-history":[{"count":0,"href":"https:\/\/luchonoticias.com\/editor\/wp-json\/wp\/v2\/posts\/37534\/revisions"}],"wp:attachment":[{"href":"https:\/\/luchonoticias.com\/editor\/wp-json\/wp\/v2\/media?parent=37534"}],"wp:term":[{"taxonomy":"category","embeddable":true,"href":"https:\/\/luchonoticias.com\/editor\/wp-json\/wp\/v2\/categories?post=37534"},{"taxonomy":"post_tag","embeddable":true,"href":"https:\/\/luchonoticias.com\/editor\/wp-json\/wp\/v2\/tags?post=37534"}],"curies":[{"name":"wp","href":"https:\/\/api.w.org\/{rel}","templated":true}]}}