{"id":37537,"date":"2022-10-22T12:50:19","date_gmt":"2022-10-22T17:50:19","guid":{"rendered":"https:\/\/luchonoticias.com\/?p=37537"},"modified":"2022-10-22T12:50:20","modified_gmt":"2022-10-22T17:50:20","slug":"avanzan-los-operativos-para-evitar-que-ninos-sean-expuestos-a-la-mendicidad-en-neiva","status":"publish","type":"post","link":"https:\/\/luchonoticias.com\/editor\/avanzan-los-operativos-para-evitar-que-ninos-sean-expuestos-a-la-mendicidad-en-neiva\/","title":{"rendered":"Avanzan los operativos para evitar que ni\u00f1os sean expuestos a la mendicidad en Neiva"},"content":{"rendered":"\n<p>La Polic\u00eda Nacional a trav\u00e9s de sus especialidades, viene realizando actividades de prevenci\u00f3n, vigilancia y control para evitar el trabajo infantil y la instrumentalizaci\u00f3n de menores para mendicidad.<\/p>\n\n\n\n<p>Las jornadas llegaron hasta diferentes puntos y sectores de la ciudad, con el apoyo de los uniformados del grupo de Protecci\u00f3n a la Infancia y Adolescencia, quienes, en compa\u00f1\u00eda de la Defensor\u00eda de Familia y un equipo psicosocial del ICBF, realizaron acciones de sensibilizaci\u00f3n a la comunidad, para que no den monedas a los ni\u00f1os y as\u00ed evitar que se promueva la mendicidad, resaltando que esta problem\u00e1tica en la mayor\u00eda de los casos es generacional.<\/p>\n\n\n\n<figure class=\"wp-block-gallery has-nested-images columns-default is-cropped wp-block-gallery-1 is-layout-flex wp-block-gallery-is-layout-flex\">\n<figure class=\"wp-block-image size-large\"><img decoding=\"async\" data-id=\"37539\" src=\"https:\/\/luchonoticias.com\/wp-content\/uploads\/2022\/10\/WhatsApp-Image-2022-10-22-at-12.24.02-PM-1024x577.jpeg\" alt=\"\" class=\"wp-image-37539\"\/><\/figure>\n\n\n\n<figure class=\"wp-block-image size-large\"><img decoding=\"async\" data-id=\"37540\" src=\"https:\/\/luchonoticias.com\/wp-content\/uploads\/2022\/10\/WhatsApp-Image-2022-10-22-at-12.24.01-PM-2-1024x577.jpeg\" alt=\"\" class=\"wp-image-37540\"\/><\/figure>\n\n\n\n<figure class=\"wp-block-image size-large\"><img decoding=\"async\" data-id=\"37541\" src=\"https:\/\/luchonoticias.com\/wp-content\/uploads\/2022\/10\/WhatsApp-Image-2022-10-22-at-12.24.01-PM-1-1024x577.jpeg\" alt=\"\" class=\"wp-image-37541\"\/><\/figure>\n<\/figure>\n\n\n\n<p>\u201cDurante la intervenci\u00f3n, se realiz\u00f3 el respectivo llamado de atenci\u00f3n a unos padres de familia, quienes se encontraban con sus hijos ejerciendo esta pr\u00e1ctica, siendo necesario adelantar el tr\u00e1mite administrativo ante el instituto colombiano de bienestar familiar, con el fin de restablecer sus derechos\u201d, indicaron las autoridades.<\/p>\n\n\n\n<p><strong>Padres de Familia son los responsables de sus hijos<\/strong><\/p>\n\n\n\n<p>Asimismo, recordaron que los padres de familia son los directamente responsables de la crianza y bienestar de sus hijos.<\/p>\n\n\n\n<p>\u201cPor lo cual es primordial que desde el hogar se generen las condiciones necesarias para el efectivo y seguro desarrollo f\u00edsico y emocional en tan importante etapa de su vida\u201d, agregaron las fuentes oficiales.<\/p>\n\n\n\n<figure class=\"wp-block-gallery has-nested-images columns-default is-cropped wp-block-gallery-2 is-layout-flex wp-block-gallery-is-layout-flex\">\n<figure class=\"wp-block-image size-large\"><img decoding=\"async\" data-id=\"37543\" src=\"https:\/\/luchonoticias.com\/wp-content\/uploads\/2022\/10\/WhatsApp-Image-2022-10-22-at-12.24.00-PM-1-1024x577.jpeg\" alt=\"\" class=\"wp-image-37543\"\/><\/figure>\n\n\n\n<figure class=\"wp-block-image size-large\"><img decoding=\"async\" data-id=\"37542\" src=\"https:\/\/luchonoticias.com\/wp-content\/uploads\/2022\/10\/WhatsApp-Image-2022-10-22-at-12.24.00-PM.jpeg\" alt=\"\" class=\"wp-image-37542\"\/><\/figure>\n<\/figure>\n\n\n\n<p>Finalmente, las autoridades invitan a toda la ciudadan\u00eda para que denuncien a trav\u00e9s de la l\u00ednea 3102069032 del grupo de infancia y adolescencia cualquier afectaci\u00f3n de derechos a ni\u00f1os, ni\u00f1as y adolescentes.<\/p>\n","protected":false},"excerpt":{"rendered":"<p>La Polic\u00eda Nacional a trav\u00e9s de sus especialidades, viene realizando actividades de prevenci\u00f3n, vigilancia y control para evitar el trabajo infantil y la instrumentalizaci\u00f3n de menores para mendicidad. Las jornadas llegaron hasta diferentes puntos y sectores de la ciudad, con el apoyo de los uniformados del grupo de Protecci\u00f3n a la Infancia y Adolescencia, quienes, [&hellip;]<\/p>\n","protected":false},"author":1,"featured_media":0,"comment_status":"open","ping_status":"open","sticky":false,"template":"","format":"standard","meta":{"footnotes":""},"categories":[3961,36],"tags":[],"class_list":["post-37537","post","type-post","status-publish","format-standard","hentry","category-comunidad","category-destacado"],"yoast_head":"<!-- This site is optimized with the Yoast SEO plugin v26.6 - https:\/\/yoast.com\/wordpress\/plugins\/seo\/ -->\n<title>Avanzan los operativos para evitar que ni\u00f1os sean expuestos a la mendicidad en Neiva -<\/title>\n<meta name=\"robots\" content=\"index, follow, max-snippet:-1, max-image-preview:large, max-video-preview:-1\" \/>\n<link rel=\"canonical\" href=\"https:\/\/luchonoticias.com\/editor\/avanzan-los-operativos-para-evitar-que-ninos-sean-expuestos-a-la-mendicidad-en-neiva\/\" \/>\n<meta property=\"og:locale\" content=\"es_ES\" \/>\n<meta property=\"og:type\" content=\"article\" \/>\n<meta property=\"og:title\" content=\"Avanzan los operativos para evitar que ni\u00f1os sean expuestos a la mendicidad en Neiva -\" \/>\n<meta property=\"og:url\" content=\"https:\/\/luchonoticias.com\/editor\/avanzan-los-operativos-para-evitar-que-ninos-sean-expuestos-a-la-mendicidad-en-neiva\/\" \/>\n<meta property=\"article:publisher\" content=\"https:\/\/www.facebook.com\/luchonoticiasneiva\" \/>\n<meta property=\"article:author\" content=\"https:\/\/www.facebook.com\/luchonoticiasneiva\" \/>\n<meta property=\"article:published_time\" content=\"2022-10-22T17:50:19+00:00\" \/>\n<meta property=\"article:modified_time\" content=\"2022-10-22T17:50:20+00:00\" \/>\n<meta property=\"og:image\" content=\"https:\/\/luchonoticias.com\/wp-content\/uploads\/2022\/10\/WhatsApp-Image-2022-10-22-at-12.24.02-PM-1024x577.jpeg\" \/>\n<meta name=\"author\" content=\"admin\" \/>\n<meta name=\"twitter:card\" content=\"summary_large_image\" \/>\n<meta name=\"twitter:label1\" content=\"Escrito por\" \/>\n\t<meta name=\"twitter:data1\" content=\"admin\" \/>\n\t<meta name=\"twitter:label2\" content=\"Tiempo de lectura\" \/>\n\t<meta name=\"twitter:data2\" content=\"1 minuto\" \/>\n<script type=\"application\/ld+json\" class=\"yoast-schema-graph\">{\"@context\":\"https:\/\/schema.org\",\"@graph\":[{\"@type\":\"Article\",\"@id\":\"https:\/\/luchonoticias.com\/editor\/avanzan-los-operativos-para-evitar-que-ninos-sean-expuestos-a-la-mendicidad-en-neiva\/#article\",\"isPartOf\":{\"@id\":\"https:\/\/luchonoticias.com\/editor\/avanzan-los-operativos-para-evitar-que-ninos-sean-expuestos-a-la-mendicidad-en-neiva\/\"},\"author\":{\"name\":\"admin\",\"@id\":\"https:\/\/luchonoticias.com\/editor\/#\/schema\/person\/7a7fd911f58561fd056dbac7b55af9cd\"},\"headline\":\"Avanzan los operativos para evitar que ni\u00f1os sean expuestos a la mendicidad en Neiva\",\"datePublished\":\"2022-10-22T17:50:19+00:00\",\"dateModified\":\"2022-10-22T17:50:20+00:00\",\"mainEntityOfPage\":{\"@id\":\"https:\/\/luchonoticias.com\/editor\/avanzan-los-operativos-para-evitar-que-ninos-sean-expuestos-a-la-mendicidad-en-neiva\/\"},\"wordCount\":280,\"commentCount\":0,\"publisher\":{\"@id\":\"https:\/\/luchonoticias.com\/editor\/#\/schema\/person\/7a7fd911f58561fd056dbac7b55af9cd\"},\"image\":{\"@id\":\"https:\/\/luchonoticias.com\/editor\/avanzan-los-operativos-para-evitar-que-ninos-sean-expuestos-a-la-mendicidad-en-neiva\/#primaryimage\"},\"thumbnailUrl\":\"https:\/\/luchonoticias.com\/wp-content\/uploads\/2022\/10\/WhatsApp-Image-2022-10-22-at-12.24.02-PM-1024x577.jpeg\",\"articleSection\":[\"Comunidad\",\"Destacado\"],\"inLanguage\":\"es\",\"potentialAction\":[{\"@type\":\"CommentAction\",\"name\":\"Comment\",\"target\":[\"https:\/\/luchonoticias.com\/editor\/avanzan-los-operativos-para-evitar-que-ninos-sean-expuestos-a-la-mendicidad-en-neiva\/#respond\"]}]},{\"@type\":\"WebPage\",\"@id\":\"https:\/\/luchonoticias.com\/editor\/avanzan-los-operativos-para-evitar-que-ninos-sean-expuestos-a-la-mendicidad-en-neiva\/\",\"url\":\"https:\/\/luchonoticias.com\/editor\/avanzan-los-operativos-para-evitar-que-ninos-sean-expuestos-a-la-mendicidad-en-neiva\/\",\"name\":\"Avanzan los operativos para evitar que ni\u00f1os sean expuestos a la mendicidad en Neiva -\",\"isPartOf\":{\"@id\":\"https:\/\/luchonoticias.com\/editor\/#website\"},\"primaryImageOfPage\":{\"@id\":\"https:\/\/luchonoticias.com\/editor\/avanzan-los-operativos-para-evitar-que-ninos-sean-expuestos-a-la-mendicidad-en-neiva\/#primaryimage\"},\"image\":{\"@id\":\"https:\/\/luchonoticias.com\/editor\/avanzan-los-operativos-para-evitar-que-ninos-sean-expuestos-a-la-mendicidad-en-neiva\/#primaryimage\"},\"thumbnailUrl\":\"https:\/\/luchonoticias.com\/wp-content\/uploads\/2022\/10\/WhatsApp-Image-2022-10-22-at-12.24.02-PM-1024x577.jpeg\",\"datePublished\":\"2022-10-22T17:50:19+00:00\",\"dateModified\":\"2022-10-22T17:50:20+00:00\",\"breadcrumb\":{\"@id\":\"https:\/\/luchonoticias.com\/editor\/avanzan-los-operativos-para-evitar-que-ninos-sean-expuestos-a-la-mendicidad-en-neiva\/#breadcrumb\"},\"inLanguage\":\"es\",\"potentialAction\":[{\"@type\":\"ReadAction\",\"target\":[\"https:\/\/luchonoticias.com\/editor\/avanzan-los-operativos-para-evitar-que-ninos-sean-expuestos-a-la-mendicidad-en-neiva\/\"]}]},{\"@type\":\"ImageObject\",\"inLanguage\":\"es\",\"@id\":\"https:\/\/luchonoticias.com\/editor\/avanzan-los-operativos-para-evitar-que-ninos-sean-expuestos-a-la-mendicidad-en-neiva\/#primaryimage\",\"url\":\"https:\/\/luchonoticias.com\/wp-content\/uploads\/2022\/10\/WhatsApp-Image-2022-10-22-at-12.24.02-PM-1024x577.jpeg\",\"contentUrl\":\"https:\/\/luchonoticias.com\/wp-content\/uploads\/2022\/10\/WhatsApp-Image-2022-10-22-at-12.24.02-PM-1024x577.jpeg\"},{\"@type\":\"BreadcrumbList\",\"@id\":\"https:\/\/luchonoticias.com\/editor\/avanzan-los-operativos-para-evitar-que-ninos-sean-expuestos-a-la-mendicidad-en-neiva\/#breadcrumb\",\"itemListElement\":[{\"@type\":\"ListItem\",\"position\":1,\"name\":\"Portada\",\"item\":\"https:\/\/luchonoticias.com\/editor\/\"},{\"@type\":\"ListItem\",\"position\":2,\"name\":\"Avanzan los operativos para evitar que ni\u00f1os sean expuestos a la mendicidad en Neiva\"}]},{\"@type\":\"WebSite\",\"@id\":\"https:\/\/luchonoticias.com\/editor\/#website\",\"url\":\"https:\/\/luchonoticias.com\/editor\/\",\"name\":\"\",\"description\":\"\",\"publisher\":{\"@id\":\"https:\/\/luchonoticias.com\/editor\/#\/schema\/person\/7a7fd911f58561fd056dbac7b55af9cd\"},\"potentialAction\":[{\"@type\":\"SearchAction\",\"target\":{\"@type\":\"EntryPoint\",\"urlTemplate\":\"https:\/\/luchonoticias.com\/editor\/?s={search_term_string}\"},\"query-input\":{\"@type\":\"PropertyValueSpecification\",\"valueRequired\":true,\"valueName\":\"search_term_string\"}}],\"inLanguage\":\"es\"},{\"@type\":[\"Person\",\"Organization\"],\"@id\":\"https:\/\/luchonoticias.com\/editor\/#\/schema\/person\/7a7fd911f58561fd056dbac7b55af9cd\",\"name\":\"admin\",\"image\":{\"@type\":\"ImageObject\",\"inLanguage\":\"es\",\"@id\":\"https:\/\/luchonoticias.com\/editor\/#\/schema\/person\/image\/\",\"url\":\"https:\/\/luchonoticias.com\/editor\/wp-content\/uploads\/2024\/02\/cropped-cropped-logolu.webp\",\"contentUrl\":\"https:\/\/luchonoticias.com\/editor\/wp-content\/uploads\/2024\/02\/cropped-cropped-logolu.webp\",\"width\":382,\"height\":170,\"caption\":\"admin\"},\"logo\":{\"@id\":\"https:\/\/luchonoticias.com\/editor\/#\/schema\/person\/image\/\"},\"sameAs\":[\"https:\/\/www.facebook.com\/luchonoticiasneiva\"],\"url\":\"https:\/\/luchonoticias.com\/editor\/author\/admin\/\"}]}<\/script>\n<!-- \/ Yoast SEO plugin. -->","yoast_head_json":{"title":"Avanzan los operativos para evitar que ni\u00f1os sean expuestos a la mendicidad en Neiva -","robots":{"index":"index","follow":"follow","max-snippet":"max-snippet:-1","max-image-preview":"max-image-preview:large","max-video-preview":"max-video-preview:-1"},"canonical":"https:\/\/luchonoticias.com\/editor\/avanzan-los-operativos-para-evitar-que-ninos-sean-expuestos-a-la-mendicidad-en-neiva\/","og_locale":"es_ES","og_type":"article","og_title":"Avanzan los operativos para evitar que ni\u00f1os sean expuestos a la mendicidad en Neiva -","og_url":"https:\/\/luchonoticias.com\/editor\/avanzan-los-operativos-para-evitar-que-ninos-sean-expuestos-a-la-mendicidad-en-neiva\/","article_publisher":"https:\/\/www.facebook.com\/luchonoticiasneiva","article_author":"https:\/\/www.facebook.com\/luchonoticiasneiva","article_published_time":"2022-10-22T17:50:19+00:00","article_modified_time":"2022-10-22T17:50:20+00:00","og_image":[{"url":"https:\/\/luchonoticias.com\/wp-content\/uploads\/2022\/10\/WhatsApp-Image-2022-10-22-at-12.24.02-PM-1024x577.jpeg","type":"","width":"","height":""}],"author":"admin","twitter_card":"summary_large_image","twitter_misc":{"Escrito por":"admin","Tiempo de lectura":"1 minuto"},"schema":{"@context":"https:\/\/schema.org","@graph":[{"@type":"Article","@id":"https:\/\/luchonoticias.com\/editor\/avanzan-los-operativos-para-evitar-que-ninos-sean-expuestos-a-la-mendicidad-en-neiva\/#article","isPartOf":{"@id":"https:\/\/luchonoticias.com\/editor\/avanzan-los-operativos-para-evitar-que-ninos-sean-expuestos-a-la-mendicidad-en-neiva\/"},"author":{"name":"admin","@id":"https:\/\/luchonoticias.com\/editor\/#\/schema\/person\/7a7fd911f58561fd056dbac7b55af9cd"},"headline":"Avanzan los operativos para evitar que ni\u00f1os sean expuestos a la mendicidad en Neiva","datePublished":"2022-10-22T17:50:19+00:00","dateModified":"2022-10-22T17:50:20+00:00","mainEntityOfPage":{"@id":"https:\/\/luchonoticias.com\/editor\/avanzan-los-operativos-para-evitar-que-ninos-sean-expuestos-a-la-mendicidad-en-neiva\/"},"wordCount":280,"commentCount":0,"publisher":{"@id":"https:\/\/luchonoticias.com\/editor\/#\/schema\/person\/7a7fd911f58561fd056dbac7b55af9cd"},"image":{"@id":"https:\/\/luchonoticias.com\/editor\/avanzan-los-operativos-para-evitar-que-ninos-sean-expuestos-a-la-mendicidad-en-neiva\/#primaryimage"},"thumbnailUrl":"https:\/\/luchonoticias.com\/wp-content\/uploads\/2022\/10\/WhatsApp-Image-2022-10-22-at-12.24.02-PM-1024x577.jpeg","articleSection":["Comunidad","Destacado"],"inLanguage":"es","potentialAction":[{"@type":"CommentAction","name":"Comment","target":["https:\/\/luchonoticias.com\/editor\/avanzan-los-operativos-para-evitar-que-ninos-sean-expuestos-a-la-mendicidad-en-neiva\/#respond"]}]},{"@type":"WebPage","@id":"https:\/\/luchonoticias.com\/editor\/avanzan-los-operativos-para-evitar-que-ninos-sean-expuestos-a-la-mendicidad-en-neiva\/","url":"https:\/\/luchonoticias.com\/editor\/avanzan-los-operativos-para-evitar-que-ninos-sean-expuestos-a-la-mendicidad-en-neiva\/","name":"Avanzan los operativos para evitar que ni\u00f1os sean expuestos a la mendicidad en Neiva -","isPartOf":{"@id":"https:\/\/luchonoticias.com\/editor\/#website"},"primaryImageOfPage":{"@id":"https:\/\/luchonoticias.com\/editor\/avanzan-los-operativos-para-evitar-que-ninos-sean-expuestos-a-la-mendicidad-en-neiva\/#primaryimage"},"image":{"@id":"https:\/\/luchonoticias.com\/editor\/avanzan-los-operativos-para-evitar-que-ninos-sean-expuestos-a-la-mendicidad-en-neiva\/#primaryimage"},"thumbnailUrl":"https:\/\/luchonoticias.com\/wp-content\/uploads\/2022\/10\/WhatsApp-Image-2022-10-22-at-12.24.02-PM-1024x577.jpeg","datePublished":"2022-10-22T17:50:19+00:00","dateModified":"2022-10-22T17:50:20+00:00","breadcrumb":{"@id":"https:\/\/luchonoticias.com\/editor\/avanzan-los-operativos-para-evitar-que-ninos-sean-expuestos-a-la-mendicidad-en-neiva\/#breadcrumb"},"inLanguage":"es","potentialAction":[{"@type":"ReadAction","target":["https:\/\/luchonoticias.com\/editor\/avanzan-los-operativos-para-evitar-que-ninos-sean-expuestos-a-la-mendicidad-en-neiva\/"]}]},{"@type":"ImageObject","inLanguage":"es","@id":"https:\/\/luchonoticias.com\/editor\/avanzan-los-operativos-para-evitar-que-ninos-sean-expuestos-a-la-mendicidad-en-neiva\/#primaryimage","url":"https:\/\/luchonoticias.com\/wp-content\/uploads\/2022\/10\/WhatsApp-Image-2022-10-22-at-12.24.02-PM-1024x577.jpeg","contentUrl":"https:\/\/luchonoticias.com\/wp-content\/uploads\/2022\/10\/WhatsApp-Image-2022-10-22-at-12.24.02-PM-1024x577.jpeg"},{"@type":"BreadcrumbList","@id":"https:\/\/luchonoticias.com\/editor\/avanzan-los-operativos-para-evitar-que-ninos-sean-expuestos-a-la-mendicidad-en-neiva\/#breadcrumb","itemListElement":[{"@type":"ListItem","position":1,"name":"Portada","item":"https:\/\/luchonoticias.com\/editor\/"},{"@type":"ListItem","position":2,"name":"Avanzan los operativos para evitar que ni\u00f1os sean expuestos a la mendicidad en Neiva"}]},{"@type":"WebSite","@id":"https:\/\/luchonoticias.com\/editor\/#website","url":"https:\/\/luchonoticias.com\/editor\/","name":"","description":"","publisher":{"@id":"https:\/\/luchonoticias.com\/editor\/#\/schema\/person\/7a7fd911f58561fd056dbac7b55af9cd"},"potentialAction":[{"@type":"SearchAction","target":{"@type":"EntryPoint","urlTemplate":"https:\/\/luchonoticias.com\/editor\/?s={search_term_string}"},"query-input":{"@type":"PropertyValueSpecification","valueRequired":true,"valueName":"search_term_string"}}],"inLanguage":"es"},{"@type":["Person","Organization"],"@id":"https:\/\/luchonoticias.com\/editor\/#\/schema\/person\/7a7fd911f58561fd056dbac7b55af9cd","name":"admin","image":{"@type":"ImageObject","inLanguage":"es","@id":"https:\/\/luchonoticias.com\/editor\/#\/schema\/person\/image\/","url":"https:\/\/luchonoticias.com\/editor\/wp-content\/uploads\/2024\/02\/cropped-cropped-logolu.webp","contentUrl":"https:\/\/luchonoticias.com\/editor\/wp-content\/uploads\/2024\/02\/cropped-cropped-logolu.webp","width":382,"height":170,"caption":"admin"},"logo":{"@id":"https:\/\/luchonoticias.com\/editor\/#\/schema\/person\/image\/"},"sameAs":["https:\/\/www.facebook.com\/luchonoticiasneiva"],"url":"https:\/\/luchonoticias.com\/editor\/author\/admin\/"}]}},"_links":{"self":[{"href":"https:\/\/luchonoticias.com\/editor\/wp-json\/wp\/v2\/posts\/37537","targetHints":{"allow":["GET"]}}],"collection":[{"href":"https:\/\/luchonoticias.com\/editor\/wp-json\/wp\/v2\/posts"}],"about":[{"href":"https:\/\/luchonoticias.com\/editor\/wp-json\/wp\/v2\/types\/post"}],"author":[{"embeddable":true,"href":"https:\/\/luchonoticias.com\/editor\/wp-json\/wp\/v2\/users\/1"}],"replies":[{"embeddable":true,"href":"https:\/\/luchonoticias.com\/editor\/wp-json\/wp\/v2\/comments?post=37537"}],"version-history":[{"count":0,"href":"https:\/\/luchonoticias.com\/editor\/wp-json\/wp\/v2\/posts\/37537\/revisions"}],"wp:attachment":[{"href":"https:\/\/luchonoticias.com\/editor\/wp-json\/wp\/v2\/media?parent=37537"}],"wp:term":[{"taxonomy":"category","embeddable":true,"href":"https:\/\/luchonoticias.com\/editor\/wp-json\/wp\/v2\/categories?post=37537"},{"taxonomy":"post_tag","embeddable":true,"href":"https:\/\/luchonoticias.com\/editor\/wp-json\/wp\/v2\/tags?post=37537"}],"curies":[{"name":"wp","href":"https:\/\/api.w.org\/{rel}","templated":true}]}}