{"id":37559,"date":"2022-10-22T17:18:25","date_gmt":"2022-10-22T22:18:25","guid":{"rendered":"https:\/\/luchonoticias.com\/?p=37559"},"modified":"2022-10-22T17:18:27","modified_gmt":"2022-10-22T22:18:27","slug":"capturados-dos-hombres-en-flagrancia-por-el-delito-de-hurto-en-el-oriente-de-neiva","status":"publish","type":"post","link":"https:\/\/luchonoticias.com\/editor\/capturados-dos-hombres-en-flagrancia-por-el-delito-de-hurto-en-el-oriente-de-neiva\/","title":{"rendered":"Capturados dos hombres en flagrancia por el delito de hurto en el oriente de Neiva"},"content":{"rendered":"\n<p>La Polic\u00eda Nacional en desarrollo del \u00abPlan Cazador\u00bb en las \u00faltimas horas logr\u00f3 un importante resultado, capturando a dos presuntos delincuentes quienes habr\u00edan hurtado a una mujer momentos antes.<\/p>\n\n\n\n<p>\u201cDe esta forma, uniformados del cuadrante 34 del CAI Palmas, atendiendo una llamada al 123, en la que un ciudadano manifiesta que se est\u00e1 presentando un hurto a una mujer, llegan inmediatamente al barrio Ciudad Salitre, donde, con el apoyo de la comunidad, materializan la captura de dos ciudadanos\u201d, indicaron las autoridades en un comunicado.<\/p>\n\n\n\n<figure class=\"wp-block-image size-large is-style-rounded\"><img decoding=\"async\" src=\"https:\/\/luchonoticias.com\/wp-content\/uploads\/2022\/10\/WhatsApp-Image-2022-10-22-at-4.29.38-PM-1024x652.jpeg\" alt=\"\" class=\"wp-image-37561\"\/><\/figure>\n\n\n\n<p>Asimismo, fuentes oficiales revelaron que la dos personas implicadas fueron identificadas como &nbsp;Camilo Andr\u00e9s Ibarra Bobadilla de 23 a\u00f1os de edad y quien registra sentencia condenatoria por el delito de Hurto Calificado y Agravado y Brayan Alexis Carvallio Diaz de 27 a\u00f1os de edad, &nbsp;quien registra anotaciones por hurto.<\/p>\n\n\n\n<p>\u201cEstos individuos al momento de su captura,\u00a0 portaban un arma del fuego marca EKOL, con la que presuntamente hab\u00edan despojado del celular marca Samsung a una ciudadana de 23 a\u00f1os de edad que transitaba por el lugar\u201d, agregaron las autoridades.<\/p>\n\n\n\n<figure class=\"wp-block-gallery has-nested-images columns-default is-cropped wp-block-gallery-1 is-layout-flex wp-block-gallery-is-layout-flex\">\n<figure class=\"wp-block-image size-large\"><img decoding=\"async\" data-id=\"37563\" src=\"https:\/\/luchonoticias.com\/wp-content\/uploads\/2022\/10\/WhatsApp-Image-2022-10-22-at-4.29.39-PM-1-1024x577.jpeg\" alt=\"\" class=\"wp-image-37563\"\/><\/figure>\n\n\n\n<figure class=\"wp-block-image size-large\"><img decoding=\"async\" data-id=\"37562\" src=\"https:\/\/luchonoticias.com\/wp-content\/uploads\/2022\/10\/WhatsApp-Image-2022-10-22-at-4.29.39-PM.jpeg\" alt=\"\" class=\"wp-image-37562\"\/><\/figure>\n<\/figure>\n\n\n\n<p><strong>Comunidad incinero motocicleta en que se movilizaban<\/strong><\/p>\n\n\n\n<p>De igual modo, la Polic\u00eda Metropolitana revelaron que, durante el operativo, la comunidad inciner\u00f3 dos motocicletas, \u201clas cuales al parecer eran utilizadas por estos sujetos para la presunta comisi\u00f3n de la conducta punible y de igual forma fue encontrada otra en el sector en zona boscosa\u201d, afirmaron.<\/p>\n\n\n\n<p>Finalmente se estableci\u00f3 que, los detenidos, ser\u00e1n dejados a disposici\u00f3n de autoridad competente por el delito de Hurto calificado y agravado, donde un juez de control de garant\u00edas les definir\u00e1 la situaci\u00f3n judicial.<\/p>\n","protected":false},"excerpt":{"rendered":"<p>La Polic\u00eda Nacional en desarrollo del \u00abPlan Cazador\u00bb en las \u00faltimas horas logr\u00f3 un importante resultado, capturando a dos presuntos delincuentes quienes habr\u00edan hurtado a una mujer momentos antes. \u201cDe esta forma, uniformados del cuadrante 34 del CAI Palmas, atendiendo una llamada al 123, en la que un ciudadano manifiesta que se est\u00e1 presentando un [&hellip;]<\/p>\n","protected":false},"author":1,"featured_media":0,"comment_status":"open","ping_status":"open","sticky":false,"template":"","format":"standard","meta":{"footnotes":""},"categories":[36,29],"tags":[],"class_list":["post-37559","post","type-post","status-publish","format-standard","hentry","category-destacado","category-judicial"],"yoast_head":"<!-- This site is optimized with the Yoast SEO plugin v26.6 - https:\/\/yoast.com\/wordpress\/plugins\/seo\/ -->\n<title>Capturados dos hombres en flagrancia por el delito de hurto en el oriente de Neiva -<\/title>\n<meta name=\"robots\" content=\"index, follow, max-snippet:-1, max-image-preview:large, max-video-preview:-1\" \/>\n<link rel=\"canonical\" href=\"https:\/\/luchonoticias.com\/editor\/capturados-dos-hombres-en-flagrancia-por-el-delito-de-hurto-en-el-oriente-de-neiva\/\" \/>\n<meta property=\"og:locale\" content=\"es_ES\" \/>\n<meta property=\"og:type\" content=\"article\" \/>\n<meta property=\"og:title\" content=\"Capturados dos hombres en flagrancia por el delito de hurto en el oriente de Neiva -\" \/>\n<meta property=\"og:url\" content=\"https:\/\/luchonoticias.com\/editor\/capturados-dos-hombres-en-flagrancia-por-el-delito-de-hurto-en-el-oriente-de-neiva\/\" \/>\n<meta property=\"article:publisher\" content=\"https:\/\/www.facebook.com\/luchonoticiasneiva\" \/>\n<meta property=\"article:author\" content=\"https:\/\/www.facebook.com\/luchonoticiasneiva\" \/>\n<meta property=\"article:published_time\" content=\"2022-10-22T22:18:25+00:00\" \/>\n<meta property=\"article:modified_time\" content=\"2022-10-22T22:18:27+00:00\" \/>\n<meta property=\"og:image\" content=\"https:\/\/luchonoticias.com\/wp-content\/uploads\/2022\/10\/WhatsApp-Image-2022-10-22-at-4.29.38-PM-1024x652.jpeg\" \/>\n<meta name=\"author\" content=\"admin\" \/>\n<meta name=\"twitter:card\" content=\"summary_large_image\" \/>\n<meta name=\"twitter:label1\" content=\"Escrito por\" \/>\n\t<meta name=\"twitter:data1\" content=\"admin\" \/>\n\t<meta name=\"twitter:label2\" content=\"Tiempo de lectura\" \/>\n\t<meta name=\"twitter:data2\" content=\"1 minuto\" \/>\n<script type=\"application\/ld+json\" class=\"yoast-schema-graph\">{\"@context\":\"https:\/\/schema.org\",\"@graph\":[{\"@type\":\"Article\",\"@id\":\"https:\/\/luchonoticias.com\/editor\/capturados-dos-hombres-en-flagrancia-por-el-delito-de-hurto-en-el-oriente-de-neiva\/#article\",\"isPartOf\":{\"@id\":\"https:\/\/luchonoticias.com\/editor\/capturados-dos-hombres-en-flagrancia-por-el-delito-de-hurto-en-el-oriente-de-neiva\/\"},\"author\":{\"name\":\"admin\",\"@id\":\"https:\/\/luchonoticias.com\/editor\/#\/schema\/person\/7a7fd911f58561fd056dbac7b55af9cd\"},\"headline\":\"Capturados dos hombres en flagrancia por el delito de hurto en el oriente de Neiva\",\"datePublished\":\"2022-10-22T22:18:25+00:00\",\"dateModified\":\"2022-10-22T22:18:27+00:00\",\"mainEntityOfPage\":{\"@id\":\"https:\/\/luchonoticias.com\/editor\/capturados-dos-hombres-en-flagrancia-por-el-delito-de-hurto-en-el-oriente-de-neiva\/\"},\"wordCount\":285,\"commentCount\":0,\"publisher\":{\"@id\":\"https:\/\/luchonoticias.com\/editor\/#\/schema\/person\/7a7fd911f58561fd056dbac7b55af9cd\"},\"image\":{\"@id\":\"https:\/\/luchonoticias.com\/editor\/capturados-dos-hombres-en-flagrancia-por-el-delito-de-hurto-en-el-oriente-de-neiva\/#primaryimage\"},\"thumbnailUrl\":\"https:\/\/luchonoticias.com\/wp-content\/uploads\/2022\/10\/WhatsApp-Image-2022-10-22-at-4.29.38-PM-1024x652.jpeg\",\"articleSection\":[\"Destacado\",\"Judicial\"],\"inLanguage\":\"es\",\"potentialAction\":[{\"@type\":\"CommentAction\",\"name\":\"Comment\",\"target\":[\"https:\/\/luchonoticias.com\/editor\/capturados-dos-hombres-en-flagrancia-por-el-delito-de-hurto-en-el-oriente-de-neiva\/#respond\"]}]},{\"@type\":\"WebPage\",\"@id\":\"https:\/\/luchonoticias.com\/editor\/capturados-dos-hombres-en-flagrancia-por-el-delito-de-hurto-en-el-oriente-de-neiva\/\",\"url\":\"https:\/\/luchonoticias.com\/editor\/capturados-dos-hombres-en-flagrancia-por-el-delito-de-hurto-en-el-oriente-de-neiva\/\",\"name\":\"Capturados dos hombres en flagrancia por el delito de hurto en el oriente de Neiva -\",\"isPartOf\":{\"@id\":\"https:\/\/luchonoticias.com\/editor\/#website\"},\"primaryImageOfPage\":{\"@id\":\"https:\/\/luchonoticias.com\/editor\/capturados-dos-hombres-en-flagrancia-por-el-delito-de-hurto-en-el-oriente-de-neiva\/#primaryimage\"},\"image\":{\"@id\":\"https:\/\/luchonoticias.com\/editor\/capturados-dos-hombres-en-flagrancia-por-el-delito-de-hurto-en-el-oriente-de-neiva\/#primaryimage\"},\"thumbnailUrl\":\"https:\/\/luchonoticias.com\/wp-content\/uploads\/2022\/10\/WhatsApp-Image-2022-10-22-at-4.29.38-PM-1024x652.jpeg\",\"datePublished\":\"2022-10-22T22:18:25+00:00\",\"dateModified\":\"2022-10-22T22:18:27+00:00\",\"breadcrumb\":{\"@id\":\"https:\/\/luchonoticias.com\/editor\/capturados-dos-hombres-en-flagrancia-por-el-delito-de-hurto-en-el-oriente-de-neiva\/#breadcrumb\"},\"inLanguage\":\"es\",\"potentialAction\":[{\"@type\":\"ReadAction\",\"target\":[\"https:\/\/luchonoticias.com\/editor\/capturados-dos-hombres-en-flagrancia-por-el-delito-de-hurto-en-el-oriente-de-neiva\/\"]}]},{\"@type\":\"ImageObject\",\"inLanguage\":\"es\",\"@id\":\"https:\/\/luchonoticias.com\/editor\/capturados-dos-hombres-en-flagrancia-por-el-delito-de-hurto-en-el-oriente-de-neiva\/#primaryimage\",\"url\":\"https:\/\/luchonoticias.com\/wp-content\/uploads\/2022\/10\/WhatsApp-Image-2022-10-22-at-4.29.38-PM-1024x652.jpeg\",\"contentUrl\":\"https:\/\/luchonoticias.com\/wp-content\/uploads\/2022\/10\/WhatsApp-Image-2022-10-22-at-4.29.38-PM-1024x652.jpeg\"},{\"@type\":\"BreadcrumbList\",\"@id\":\"https:\/\/luchonoticias.com\/editor\/capturados-dos-hombres-en-flagrancia-por-el-delito-de-hurto-en-el-oriente-de-neiva\/#breadcrumb\",\"itemListElement\":[{\"@type\":\"ListItem\",\"position\":1,\"name\":\"Portada\",\"item\":\"https:\/\/luchonoticias.com\/editor\/\"},{\"@type\":\"ListItem\",\"position\":2,\"name\":\"Capturados dos hombres en flagrancia por el delito de hurto en el oriente de Neiva\"}]},{\"@type\":\"WebSite\",\"@id\":\"https:\/\/luchonoticias.com\/editor\/#website\",\"url\":\"https:\/\/luchonoticias.com\/editor\/\",\"name\":\"\",\"description\":\"\",\"publisher\":{\"@id\":\"https:\/\/luchonoticias.com\/editor\/#\/schema\/person\/7a7fd911f58561fd056dbac7b55af9cd\"},\"potentialAction\":[{\"@type\":\"SearchAction\",\"target\":{\"@type\":\"EntryPoint\",\"urlTemplate\":\"https:\/\/luchonoticias.com\/editor\/?s={search_term_string}\"},\"query-input\":{\"@type\":\"PropertyValueSpecification\",\"valueRequired\":true,\"valueName\":\"search_term_string\"}}],\"inLanguage\":\"es\"},{\"@type\":[\"Person\",\"Organization\"],\"@id\":\"https:\/\/luchonoticias.com\/editor\/#\/schema\/person\/7a7fd911f58561fd056dbac7b55af9cd\",\"name\":\"admin\",\"image\":{\"@type\":\"ImageObject\",\"inLanguage\":\"es\",\"@id\":\"https:\/\/luchonoticias.com\/editor\/#\/schema\/person\/image\/\",\"url\":\"https:\/\/luchonoticias.com\/editor\/wp-content\/uploads\/2024\/02\/cropped-cropped-logolu.webp\",\"contentUrl\":\"https:\/\/luchonoticias.com\/editor\/wp-content\/uploads\/2024\/02\/cropped-cropped-logolu.webp\",\"width\":382,\"height\":170,\"caption\":\"admin\"},\"logo\":{\"@id\":\"https:\/\/luchonoticias.com\/editor\/#\/schema\/person\/image\/\"},\"sameAs\":[\"https:\/\/www.facebook.com\/luchonoticiasneiva\"],\"url\":\"https:\/\/luchonoticias.com\/editor\/author\/admin\/\"}]}<\/script>\n<!-- \/ Yoast SEO plugin. -->","yoast_head_json":{"title":"Capturados dos hombres en flagrancia por el delito de hurto en el oriente de Neiva -","robots":{"index":"index","follow":"follow","max-snippet":"max-snippet:-1","max-image-preview":"max-image-preview:large","max-video-preview":"max-video-preview:-1"},"canonical":"https:\/\/luchonoticias.com\/editor\/capturados-dos-hombres-en-flagrancia-por-el-delito-de-hurto-en-el-oriente-de-neiva\/","og_locale":"es_ES","og_type":"article","og_title":"Capturados dos hombres en flagrancia por el delito de hurto en el oriente de Neiva -","og_url":"https:\/\/luchonoticias.com\/editor\/capturados-dos-hombres-en-flagrancia-por-el-delito-de-hurto-en-el-oriente-de-neiva\/","article_publisher":"https:\/\/www.facebook.com\/luchonoticiasneiva","article_author":"https:\/\/www.facebook.com\/luchonoticiasneiva","article_published_time":"2022-10-22T22:18:25+00:00","article_modified_time":"2022-10-22T22:18:27+00:00","og_image":[{"url":"https:\/\/luchonoticias.com\/wp-content\/uploads\/2022\/10\/WhatsApp-Image-2022-10-22-at-4.29.38-PM-1024x652.jpeg","type":"","width":"","height":""}],"author":"admin","twitter_card":"summary_large_image","twitter_misc":{"Escrito por":"admin","Tiempo de lectura":"1 minuto"},"schema":{"@context":"https:\/\/schema.org","@graph":[{"@type":"Article","@id":"https:\/\/luchonoticias.com\/editor\/capturados-dos-hombres-en-flagrancia-por-el-delito-de-hurto-en-el-oriente-de-neiva\/#article","isPartOf":{"@id":"https:\/\/luchonoticias.com\/editor\/capturados-dos-hombres-en-flagrancia-por-el-delito-de-hurto-en-el-oriente-de-neiva\/"},"author":{"name":"admin","@id":"https:\/\/luchonoticias.com\/editor\/#\/schema\/person\/7a7fd911f58561fd056dbac7b55af9cd"},"headline":"Capturados dos hombres en flagrancia por el delito de hurto en el oriente de Neiva","datePublished":"2022-10-22T22:18:25+00:00","dateModified":"2022-10-22T22:18:27+00:00","mainEntityOfPage":{"@id":"https:\/\/luchonoticias.com\/editor\/capturados-dos-hombres-en-flagrancia-por-el-delito-de-hurto-en-el-oriente-de-neiva\/"},"wordCount":285,"commentCount":0,"publisher":{"@id":"https:\/\/luchonoticias.com\/editor\/#\/schema\/person\/7a7fd911f58561fd056dbac7b55af9cd"},"image":{"@id":"https:\/\/luchonoticias.com\/editor\/capturados-dos-hombres-en-flagrancia-por-el-delito-de-hurto-en-el-oriente-de-neiva\/#primaryimage"},"thumbnailUrl":"https:\/\/luchonoticias.com\/wp-content\/uploads\/2022\/10\/WhatsApp-Image-2022-10-22-at-4.29.38-PM-1024x652.jpeg","articleSection":["Destacado","Judicial"],"inLanguage":"es","potentialAction":[{"@type":"CommentAction","name":"Comment","target":["https:\/\/luchonoticias.com\/editor\/capturados-dos-hombres-en-flagrancia-por-el-delito-de-hurto-en-el-oriente-de-neiva\/#respond"]}]},{"@type":"WebPage","@id":"https:\/\/luchonoticias.com\/editor\/capturados-dos-hombres-en-flagrancia-por-el-delito-de-hurto-en-el-oriente-de-neiva\/","url":"https:\/\/luchonoticias.com\/editor\/capturados-dos-hombres-en-flagrancia-por-el-delito-de-hurto-en-el-oriente-de-neiva\/","name":"Capturados dos hombres en flagrancia por el delito de hurto en el oriente de Neiva -","isPartOf":{"@id":"https:\/\/luchonoticias.com\/editor\/#website"},"primaryImageOfPage":{"@id":"https:\/\/luchonoticias.com\/editor\/capturados-dos-hombres-en-flagrancia-por-el-delito-de-hurto-en-el-oriente-de-neiva\/#primaryimage"},"image":{"@id":"https:\/\/luchonoticias.com\/editor\/capturados-dos-hombres-en-flagrancia-por-el-delito-de-hurto-en-el-oriente-de-neiva\/#primaryimage"},"thumbnailUrl":"https:\/\/luchonoticias.com\/wp-content\/uploads\/2022\/10\/WhatsApp-Image-2022-10-22-at-4.29.38-PM-1024x652.jpeg","datePublished":"2022-10-22T22:18:25+00:00","dateModified":"2022-10-22T22:18:27+00:00","breadcrumb":{"@id":"https:\/\/luchonoticias.com\/editor\/capturados-dos-hombres-en-flagrancia-por-el-delito-de-hurto-en-el-oriente-de-neiva\/#breadcrumb"},"inLanguage":"es","potentialAction":[{"@type":"ReadAction","target":["https:\/\/luchonoticias.com\/editor\/capturados-dos-hombres-en-flagrancia-por-el-delito-de-hurto-en-el-oriente-de-neiva\/"]}]},{"@type":"ImageObject","inLanguage":"es","@id":"https:\/\/luchonoticias.com\/editor\/capturados-dos-hombres-en-flagrancia-por-el-delito-de-hurto-en-el-oriente-de-neiva\/#primaryimage","url":"https:\/\/luchonoticias.com\/wp-content\/uploads\/2022\/10\/WhatsApp-Image-2022-10-22-at-4.29.38-PM-1024x652.jpeg","contentUrl":"https:\/\/luchonoticias.com\/wp-content\/uploads\/2022\/10\/WhatsApp-Image-2022-10-22-at-4.29.38-PM-1024x652.jpeg"},{"@type":"BreadcrumbList","@id":"https:\/\/luchonoticias.com\/editor\/capturados-dos-hombres-en-flagrancia-por-el-delito-de-hurto-en-el-oriente-de-neiva\/#breadcrumb","itemListElement":[{"@type":"ListItem","position":1,"name":"Portada","item":"https:\/\/luchonoticias.com\/editor\/"},{"@type":"ListItem","position":2,"name":"Capturados dos hombres en flagrancia por el delito de hurto en el oriente de Neiva"}]},{"@type":"WebSite","@id":"https:\/\/luchonoticias.com\/editor\/#website","url":"https:\/\/luchonoticias.com\/editor\/","name":"","description":"","publisher":{"@id":"https:\/\/luchonoticias.com\/editor\/#\/schema\/person\/7a7fd911f58561fd056dbac7b55af9cd"},"potentialAction":[{"@type":"SearchAction","target":{"@type":"EntryPoint","urlTemplate":"https:\/\/luchonoticias.com\/editor\/?s={search_term_string}"},"query-input":{"@type":"PropertyValueSpecification","valueRequired":true,"valueName":"search_term_string"}}],"inLanguage":"es"},{"@type":["Person","Organization"],"@id":"https:\/\/luchonoticias.com\/editor\/#\/schema\/person\/7a7fd911f58561fd056dbac7b55af9cd","name":"admin","image":{"@type":"ImageObject","inLanguage":"es","@id":"https:\/\/luchonoticias.com\/editor\/#\/schema\/person\/image\/","url":"https:\/\/luchonoticias.com\/editor\/wp-content\/uploads\/2024\/02\/cropped-cropped-logolu.webp","contentUrl":"https:\/\/luchonoticias.com\/editor\/wp-content\/uploads\/2024\/02\/cropped-cropped-logolu.webp","width":382,"height":170,"caption":"admin"},"logo":{"@id":"https:\/\/luchonoticias.com\/editor\/#\/schema\/person\/image\/"},"sameAs":["https:\/\/www.facebook.com\/luchonoticiasneiva"],"url":"https:\/\/luchonoticias.com\/editor\/author\/admin\/"}]}},"_links":{"self":[{"href":"https:\/\/luchonoticias.com\/editor\/wp-json\/wp\/v2\/posts\/37559","targetHints":{"allow":["GET"]}}],"collection":[{"href":"https:\/\/luchonoticias.com\/editor\/wp-json\/wp\/v2\/posts"}],"about":[{"href":"https:\/\/luchonoticias.com\/editor\/wp-json\/wp\/v2\/types\/post"}],"author":[{"embeddable":true,"href":"https:\/\/luchonoticias.com\/editor\/wp-json\/wp\/v2\/users\/1"}],"replies":[{"embeddable":true,"href":"https:\/\/luchonoticias.com\/editor\/wp-json\/wp\/v2\/comments?post=37559"}],"version-history":[{"count":0,"href":"https:\/\/luchonoticias.com\/editor\/wp-json\/wp\/v2\/posts\/37559\/revisions"}],"wp:attachment":[{"href":"https:\/\/luchonoticias.com\/editor\/wp-json\/wp\/v2\/media?parent=37559"}],"wp:term":[{"taxonomy":"category","embeddable":true,"href":"https:\/\/luchonoticias.com\/editor\/wp-json\/wp\/v2\/categories?post=37559"},{"taxonomy":"post_tag","embeddable":true,"href":"https:\/\/luchonoticias.com\/editor\/wp-json\/wp\/v2\/tags?post=37559"}],"curies":[{"name":"wp","href":"https:\/\/api.w.org\/{rel}","templated":true}]}}