{"id":37573,"date":"2022-10-23T05:13:03","date_gmt":"2022-10-23T10:13:03","guid":{"rendered":"https:\/\/luchonoticias.com\/?p=37573"},"modified":"2022-10-23T05:13:05","modified_gmt":"2022-10-23T10:13:05","slug":"optimismo-en-el-turismo-colombiano-por-temporada-de-cruceros","status":"publish","type":"post","link":"https:\/\/luchonoticias.com\/editor\/optimismo-en-el-turismo-colombiano-por-temporada-de-cruceros\/","title":{"rendered":"Optimismo en el turismo colombiano por temporada de cruceros"},"content":{"rendered":"\n<p>La&nbsp;<strong>temporada de cruceros 2022 \u2013 2023<\/strong>&nbsp;ir\u00e1 hasta marzo del pr\u00f3ximo a\u00f1o y se espera la llegada al pa\u00eds de cerca de 626.900 visitantes, es decir, 221 % m\u00e1s que en el periodo 2019 \u2013 2020.<\/p>\n\n\n\n<p><strong>Ser\u00e1n un total de 227 recaladas<\/strong>, con al menos 26 l\u00edneas, en los puertos principales del Pac\u00edfico y El Caribe.<\/p>\n\n\n\n<p>Al igual que las dem\u00e1s variables sectoriales de turismo, el n\u00famero de cruceristas no solo se recupera, sino que crece respecto a las cifras previas a la pandemia.<\/p>\n\n\n\n<p>El\u00a0<strong>Ministerio de Comercio, Industria y Turismo<\/strong>, a trav\u00e9s de FONTUR y ProColombia, mantiene una l\u00ednea estrat\u00e9gica con el fin de promocionar nuevos destinos para cruceristas en el pa\u00eds.<\/p>\n\n\n\n<p>Por ejemplo, la l\u00ednea de cruceros Lindblad Expedition, a partir de octubre de este a\u00f1o, tiene un itinerario que por primera vez incluye localidades como Sapzurro, Capurgan\u00e1 y algunas otras en el Golfo de Morrosquillo.<\/p>\n\n\n\n<p>Adicionalmente las l\u00edneas de cruceros de expedici\u00f3n muestran&nbsp;<strong>gran inter\u00e9s en el Cabo de la Vela, en La Guajira<\/strong>. Se espera, adem\u00e1s, la puesta en marcha del crucero fluvial que navegar\u00e1 por el r\u00edo Magdalena.<\/p>\n\n\n\n<p>Esta es una de las iniciativas m\u00e1s importantes para el turismo en Colombia, alineada con la recuperaci\u00f3n de la navegabilidad de la principal arteria fluvial. Va de la mano con la preservaci\u00f3n del ecosistema y contribuye al posicionamiento del pa\u00eds como potencia mundial de la vida. Las compa\u00f1\u00edas a cargo estiman que para 2024 estar\u00eda en funcionamiento.<\/p>\n\n\n\n<p>La&nbsp;<strong>industria de cruceros es un segmento de gran importancia<\/strong>. Actualmente, Cartagena es el destino l\u00edder en cuanto a recaladas. Sin embargo, en los 4.171 kil\u00f3metros de l\u00ednea de costa del pa\u00eds, existe una amplia oferta de destinos emergentes con capacidad para posicionarse a\u00fan m\u00e1s en el segmento de expedici\u00f3n, entre ellos Bah\u00eda Solano, Buenaventura, Utr\u00eda, Gorgona y el Cabo de la Vela.<\/p>\n\n\n\n<p>Con informaci\u00f3n del Ministerio de Comercio, Industria y Turismo.<\/p>\n","protected":false},"excerpt":{"rendered":"<p>La&nbsp;temporada de cruceros 2022 \u2013 2023&nbsp;ir\u00e1 hasta marzo del pr\u00f3ximo a\u00f1o y se espera la llegada al pa\u00eds de cerca de 626.900 visitantes, es decir, 221 % m\u00e1s que en el periodo 2019 \u2013 2020. Ser\u00e1n un total de 227 recaladas, con al menos 26 l\u00edneas, en los puertos principales del Pac\u00edfico y El Caribe. [&hellip;]<\/p>\n","protected":false},"author":1,"featured_media":0,"comment_status":"open","ping_status":"open","sticky":false,"template":"","format":"standard","meta":{"footnotes":""},"categories":[28],"tags":[],"class_list":["post-37573","post","type-post","status-publish","format-standard","hentry","category-actualidad"],"yoast_head":"<!-- This site is optimized with the Yoast SEO plugin v26.6 - https:\/\/yoast.com\/wordpress\/plugins\/seo\/ -->\n<title>Optimismo en el turismo colombiano por temporada de cruceros -<\/title>\n<meta name=\"robots\" content=\"index, follow, max-snippet:-1, max-image-preview:large, max-video-preview:-1\" \/>\n<link rel=\"canonical\" href=\"https:\/\/luchonoticias.com\/editor\/optimismo-en-el-turismo-colombiano-por-temporada-de-cruceros\/\" \/>\n<meta property=\"og:locale\" content=\"es_ES\" \/>\n<meta property=\"og:type\" content=\"article\" \/>\n<meta property=\"og:title\" content=\"Optimismo en el turismo colombiano por temporada de cruceros -\" \/>\n<meta property=\"og:url\" content=\"https:\/\/luchonoticias.com\/editor\/optimismo-en-el-turismo-colombiano-por-temporada-de-cruceros\/\" \/>\n<meta property=\"article:publisher\" content=\"https:\/\/www.facebook.com\/luchonoticiasneiva\" \/>\n<meta property=\"article:author\" content=\"https:\/\/www.facebook.com\/luchonoticiasneiva\" \/>\n<meta property=\"article:published_time\" content=\"2022-10-23T10:13:03+00:00\" \/>\n<meta property=\"article:modified_time\" content=\"2022-10-23T10:13:05+00:00\" \/>\n<meta name=\"author\" content=\"admin\" \/>\n<meta name=\"twitter:card\" content=\"summary_large_image\" \/>\n<meta name=\"twitter:label1\" content=\"Escrito por\" \/>\n\t<meta name=\"twitter:data1\" content=\"admin\" \/>\n\t<meta name=\"twitter:label2\" content=\"Tiempo de lectura\" \/>\n\t<meta name=\"twitter:data2\" content=\"2 minutos\" \/>\n<script type=\"application\/ld+json\" class=\"yoast-schema-graph\">{\"@context\":\"https:\/\/schema.org\",\"@graph\":[{\"@type\":\"Article\",\"@id\":\"https:\/\/luchonoticias.com\/editor\/optimismo-en-el-turismo-colombiano-por-temporada-de-cruceros\/#article\",\"isPartOf\":{\"@id\":\"https:\/\/luchonoticias.com\/editor\/optimismo-en-el-turismo-colombiano-por-temporada-de-cruceros\/\"},\"author\":{\"name\":\"admin\",\"@id\":\"https:\/\/luchonoticias.com\/editor\/#\/schema\/person\/7a7fd911f58561fd056dbac7b55af9cd\"},\"headline\":\"Optimismo en el turismo colombiano por temporada de cruceros\",\"datePublished\":\"2022-10-23T10:13:03+00:00\",\"dateModified\":\"2022-10-23T10:13:05+00:00\",\"mainEntityOfPage\":{\"@id\":\"https:\/\/luchonoticias.com\/editor\/optimismo-en-el-turismo-colombiano-por-temporada-de-cruceros\/\"},\"wordCount\":349,\"commentCount\":0,\"publisher\":{\"@id\":\"https:\/\/luchonoticias.com\/editor\/#\/schema\/person\/7a7fd911f58561fd056dbac7b55af9cd\"},\"articleSection\":[\"Actualidad\"],\"inLanguage\":\"es\",\"potentialAction\":[{\"@type\":\"CommentAction\",\"name\":\"Comment\",\"target\":[\"https:\/\/luchonoticias.com\/editor\/optimismo-en-el-turismo-colombiano-por-temporada-de-cruceros\/#respond\"]}]},{\"@type\":\"WebPage\",\"@id\":\"https:\/\/luchonoticias.com\/editor\/optimismo-en-el-turismo-colombiano-por-temporada-de-cruceros\/\",\"url\":\"https:\/\/luchonoticias.com\/editor\/optimismo-en-el-turismo-colombiano-por-temporada-de-cruceros\/\",\"name\":\"Optimismo en el turismo colombiano por temporada de cruceros -\",\"isPartOf\":{\"@id\":\"https:\/\/luchonoticias.com\/editor\/#website\"},\"datePublished\":\"2022-10-23T10:13:03+00:00\",\"dateModified\":\"2022-10-23T10:13:05+00:00\",\"breadcrumb\":{\"@id\":\"https:\/\/luchonoticias.com\/editor\/optimismo-en-el-turismo-colombiano-por-temporada-de-cruceros\/#breadcrumb\"},\"inLanguage\":\"es\",\"potentialAction\":[{\"@type\":\"ReadAction\",\"target\":[\"https:\/\/luchonoticias.com\/editor\/optimismo-en-el-turismo-colombiano-por-temporada-de-cruceros\/\"]}]},{\"@type\":\"BreadcrumbList\",\"@id\":\"https:\/\/luchonoticias.com\/editor\/optimismo-en-el-turismo-colombiano-por-temporada-de-cruceros\/#breadcrumb\",\"itemListElement\":[{\"@type\":\"ListItem\",\"position\":1,\"name\":\"Portada\",\"item\":\"https:\/\/luchonoticias.com\/editor\/\"},{\"@type\":\"ListItem\",\"position\":2,\"name\":\"Optimismo en el turismo colombiano por temporada de cruceros\"}]},{\"@type\":\"WebSite\",\"@id\":\"https:\/\/luchonoticias.com\/editor\/#website\",\"url\":\"https:\/\/luchonoticias.com\/editor\/\",\"name\":\"\",\"description\":\"\",\"publisher\":{\"@id\":\"https:\/\/luchonoticias.com\/editor\/#\/schema\/person\/7a7fd911f58561fd056dbac7b55af9cd\"},\"potentialAction\":[{\"@type\":\"SearchAction\",\"target\":{\"@type\":\"EntryPoint\",\"urlTemplate\":\"https:\/\/luchonoticias.com\/editor\/?s={search_term_string}\"},\"query-input\":{\"@type\":\"PropertyValueSpecification\",\"valueRequired\":true,\"valueName\":\"search_term_string\"}}],\"inLanguage\":\"es\"},{\"@type\":[\"Person\",\"Organization\"],\"@id\":\"https:\/\/luchonoticias.com\/editor\/#\/schema\/person\/7a7fd911f58561fd056dbac7b55af9cd\",\"name\":\"admin\",\"image\":{\"@type\":\"ImageObject\",\"inLanguage\":\"es\",\"@id\":\"https:\/\/luchonoticias.com\/editor\/#\/schema\/person\/image\/\",\"url\":\"https:\/\/luchonoticias.com\/editor\/wp-content\/uploads\/2024\/02\/cropped-cropped-logolu.webp\",\"contentUrl\":\"https:\/\/luchonoticias.com\/editor\/wp-content\/uploads\/2024\/02\/cropped-cropped-logolu.webp\",\"width\":382,\"height\":170,\"caption\":\"admin\"},\"logo\":{\"@id\":\"https:\/\/luchonoticias.com\/editor\/#\/schema\/person\/image\/\"},\"sameAs\":[\"https:\/\/www.facebook.com\/luchonoticiasneiva\"],\"url\":\"https:\/\/luchonoticias.com\/editor\/author\/admin\/\"}]}<\/script>\n<!-- \/ Yoast SEO plugin. -->","yoast_head_json":{"title":"Optimismo en el turismo colombiano por temporada de cruceros -","robots":{"index":"index","follow":"follow","max-snippet":"max-snippet:-1","max-image-preview":"max-image-preview:large","max-video-preview":"max-video-preview:-1"},"canonical":"https:\/\/luchonoticias.com\/editor\/optimismo-en-el-turismo-colombiano-por-temporada-de-cruceros\/","og_locale":"es_ES","og_type":"article","og_title":"Optimismo en el turismo colombiano por temporada de cruceros -","og_url":"https:\/\/luchonoticias.com\/editor\/optimismo-en-el-turismo-colombiano-por-temporada-de-cruceros\/","article_publisher":"https:\/\/www.facebook.com\/luchonoticiasneiva","article_author":"https:\/\/www.facebook.com\/luchonoticiasneiva","article_published_time":"2022-10-23T10:13:03+00:00","article_modified_time":"2022-10-23T10:13:05+00:00","author":"admin","twitter_card":"summary_large_image","twitter_misc":{"Escrito por":"admin","Tiempo de lectura":"2 minutos"},"schema":{"@context":"https:\/\/schema.org","@graph":[{"@type":"Article","@id":"https:\/\/luchonoticias.com\/editor\/optimismo-en-el-turismo-colombiano-por-temporada-de-cruceros\/#article","isPartOf":{"@id":"https:\/\/luchonoticias.com\/editor\/optimismo-en-el-turismo-colombiano-por-temporada-de-cruceros\/"},"author":{"name":"admin","@id":"https:\/\/luchonoticias.com\/editor\/#\/schema\/person\/7a7fd911f58561fd056dbac7b55af9cd"},"headline":"Optimismo en el turismo colombiano por temporada de cruceros","datePublished":"2022-10-23T10:13:03+00:00","dateModified":"2022-10-23T10:13:05+00:00","mainEntityOfPage":{"@id":"https:\/\/luchonoticias.com\/editor\/optimismo-en-el-turismo-colombiano-por-temporada-de-cruceros\/"},"wordCount":349,"commentCount":0,"publisher":{"@id":"https:\/\/luchonoticias.com\/editor\/#\/schema\/person\/7a7fd911f58561fd056dbac7b55af9cd"},"articleSection":["Actualidad"],"inLanguage":"es","potentialAction":[{"@type":"CommentAction","name":"Comment","target":["https:\/\/luchonoticias.com\/editor\/optimismo-en-el-turismo-colombiano-por-temporada-de-cruceros\/#respond"]}]},{"@type":"WebPage","@id":"https:\/\/luchonoticias.com\/editor\/optimismo-en-el-turismo-colombiano-por-temporada-de-cruceros\/","url":"https:\/\/luchonoticias.com\/editor\/optimismo-en-el-turismo-colombiano-por-temporada-de-cruceros\/","name":"Optimismo en el turismo colombiano por temporada de cruceros -","isPartOf":{"@id":"https:\/\/luchonoticias.com\/editor\/#website"},"datePublished":"2022-10-23T10:13:03+00:00","dateModified":"2022-10-23T10:13:05+00:00","breadcrumb":{"@id":"https:\/\/luchonoticias.com\/editor\/optimismo-en-el-turismo-colombiano-por-temporada-de-cruceros\/#breadcrumb"},"inLanguage":"es","potentialAction":[{"@type":"ReadAction","target":["https:\/\/luchonoticias.com\/editor\/optimismo-en-el-turismo-colombiano-por-temporada-de-cruceros\/"]}]},{"@type":"BreadcrumbList","@id":"https:\/\/luchonoticias.com\/editor\/optimismo-en-el-turismo-colombiano-por-temporada-de-cruceros\/#breadcrumb","itemListElement":[{"@type":"ListItem","position":1,"name":"Portada","item":"https:\/\/luchonoticias.com\/editor\/"},{"@type":"ListItem","position":2,"name":"Optimismo en el turismo colombiano por temporada de cruceros"}]},{"@type":"WebSite","@id":"https:\/\/luchonoticias.com\/editor\/#website","url":"https:\/\/luchonoticias.com\/editor\/","name":"","description":"","publisher":{"@id":"https:\/\/luchonoticias.com\/editor\/#\/schema\/person\/7a7fd911f58561fd056dbac7b55af9cd"},"potentialAction":[{"@type":"SearchAction","target":{"@type":"EntryPoint","urlTemplate":"https:\/\/luchonoticias.com\/editor\/?s={search_term_string}"},"query-input":{"@type":"PropertyValueSpecification","valueRequired":true,"valueName":"search_term_string"}}],"inLanguage":"es"},{"@type":["Person","Organization"],"@id":"https:\/\/luchonoticias.com\/editor\/#\/schema\/person\/7a7fd911f58561fd056dbac7b55af9cd","name":"admin","image":{"@type":"ImageObject","inLanguage":"es","@id":"https:\/\/luchonoticias.com\/editor\/#\/schema\/person\/image\/","url":"https:\/\/luchonoticias.com\/editor\/wp-content\/uploads\/2024\/02\/cropped-cropped-logolu.webp","contentUrl":"https:\/\/luchonoticias.com\/editor\/wp-content\/uploads\/2024\/02\/cropped-cropped-logolu.webp","width":382,"height":170,"caption":"admin"},"logo":{"@id":"https:\/\/luchonoticias.com\/editor\/#\/schema\/person\/image\/"},"sameAs":["https:\/\/www.facebook.com\/luchonoticiasneiva"],"url":"https:\/\/luchonoticias.com\/editor\/author\/admin\/"}]}},"_links":{"self":[{"href":"https:\/\/luchonoticias.com\/editor\/wp-json\/wp\/v2\/posts\/37573","targetHints":{"allow":["GET"]}}],"collection":[{"href":"https:\/\/luchonoticias.com\/editor\/wp-json\/wp\/v2\/posts"}],"about":[{"href":"https:\/\/luchonoticias.com\/editor\/wp-json\/wp\/v2\/types\/post"}],"author":[{"embeddable":true,"href":"https:\/\/luchonoticias.com\/editor\/wp-json\/wp\/v2\/users\/1"}],"replies":[{"embeddable":true,"href":"https:\/\/luchonoticias.com\/editor\/wp-json\/wp\/v2\/comments?post=37573"}],"version-history":[{"count":0,"href":"https:\/\/luchonoticias.com\/editor\/wp-json\/wp\/v2\/posts\/37573\/revisions"}],"wp:attachment":[{"href":"https:\/\/luchonoticias.com\/editor\/wp-json\/wp\/v2\/media?parent=37573"}],"wp:term":[{"taxonomy":"category","embeddable":true,"href":"https:\/\/luchonoticias.com\/editor\/wp-json\/wp\/v2\/categories?post=37573"},{"taxonomy":"post_tag","embeddable":true,"href":"https:\/\/luchonoticias.com\/editor\/wp-json\/wp\/v2\/tags?post=37573"}],"curies":[{"name":"wp","href":"https:\/\/api.w.org\/{rel}","templated":true}]}}