{"id":37591,"date":"2022-10-23T06:14:04","date_gmt":"2022-10-23T11:14:04","guid":{"rendered":"https:\/\/luchonoticias.com\/?p=37591"},"modified":"2022-10-23T06:14:05","modified_gmt":"2022-10-23T11:14:05","slug":"petro-propuso-crear-fondo-nacional-con-vigencias-futuras-a-20-anos-para-revitalizar-la-selva-como-en-el-putumayo","status":"publish","type":"post","link":"https:\/\/luchonoticias.com\/editor\/petro-propuso-crear-fondo-nacional-con-vigencias-futuras-a-20-anos-para-revitalizar-la-selva-como-en-el-putumayo\/","title":{"rendered":"Petro propuso crear fondo nacional con vigencias futuras a 20 a\u00f1os, para revitalizar la selva, como en el Putumayo"},"content":{"rendered":"\n<p>El Presidente de la Rep\u00fablica, Gustavo Petro, propuso este s\u00e1bado a la comunidad de Putumayo discutir y acoger la propuesta del Gobierno del Cambio, de crear un fondo nacional con vigencias futuras, a 20 a\u00f1os, que tenga como objetivo revitalizar la selva amaz\u00f3nica.<\/p>\n\n\n\n<p>El Jefe de Estado explic\u00f3 esta iniciativa a los l\u00edderes comunitarios, ind\u00edgenas y campesinos de Puerto Legu\u00edzamo, en el departamento de Putumayo.<\/p>\n\n\n\n<p>\u201cEstamos dispuestos a crear un fondo abierto a la naci\u00f3n y al mundo, financiado por el presupuesto nacional, y no por los cuatro a\u00f1os de Gobierno; queremos aprobar a trav\u00e9s de procedimientos legales unas vigencias futuras durante 20 a\u00f1os, tiempo en el que creemos la selva se puede regenerar, con unas cuant\u00edas del presupuesto nacional m\u00ednimas\u201d afirm\u00f3, indicando que tambi\u00e9n tendr\u00eda apoyo mundial.<\/p>\n\n\n\n<figure class=\"wp-block-gallery has-nested-images columns-default is-cropped wp-block-gallery-1 is-layout-flex wp-block-gallery-is-layout-flex\">\n<figure class=\"wp-block-image size-large\"><img decoding=\"async\" data-id=\"37594\" src=\"https:\/\/luchonoticias.com\/wp-content\/uploads\/2022\/10\/WhatsApp-Image-2022-10-22-at-6.05.02-PM-1024x682.jpeg\" alt=\"\" class=\"wp-image-37594\"\/><\/figure>\n\n\n\n<figure class=\"wp-block-image size-large\"><img decoding=\"async\" data-id=\"37593\" src=\"https:\/\/luchonoticias.com\/wp-content\/uploads\/2022\/10\/WhatsApp-Image-2022-10-22-at-6.05.01-PM-1-1024x682.jpeg\" alt=\"\" class=\"wp-image-37593\"\/><\/figure>\n<\/figure>\n\n\n\n<p>Manifest\u00f3 que esas cuant\u00edas buscan que esas familias puedan recibir un ingreso de $2 a $3 millones mensuales de hoy. \u201cEl intercambio de ese dinero pago de servicio ambiental sea porque esa familia se dedica a dejar que la selva crezca en su potrero\u201d a\u00f1adi\u00f3, explicando que propuso, adem\u00e1s, haya un l\u00edmite de 200 hect\u00e1reas por familia.<\/p>\n\n\n\n<p>\u201cLos invito a que hagamos este fondo poderoso, asegurado durante 20 a\u00f1os, independientemente de cu\u00e1l Gobierno llegue, que permita que las familias del Putumayo que se inscriban en este programa puedan ayudarnos a reconstruir la selva amaz\u00f3nica y se pueda vivir dignamente de ello\u201d, puntualiz\u00f3.<\/p>\n\n\n\n<p>Agreg\u00f3 que el contrato que se firme con cada familia le dar\u00e1 unos derechos, unas concesiones de tierras hereditarias, y no de propiedad, ya que la selva es p\u00fablica, es el bald\u00edo, el suelo de la naci\u00f3n.<\/p>\n\n\n\n<figure class=\"wp-block-image size-large is-style-rounded\"><img decoding=\"async\" src=\"https:\/\/luchonoticias.com\/wp-content\/uploads\/2022\/10\/WhatsApp-Image-2022-10-22-at-6.05.02-PM-1-1024x682.jpeg\" alt=\"\" class=\"wp-image-37595\"\/><\/figure>\n\n\n\n<p><strong>Investigaci\u00f3n y usufructo<\/strong><\/p>\n\n\n\n<p>El Presidente Petro dijo que la academia y las instituciones dedicadas a la investigaci\u00f3n tendr\u00e1n la posibilidad de hacer desarrollo, con el fin de poder sacarle provecho a los miles de productos que pueden ser utilizados por la humanidad, como nutrientes, transformadores e insumos para la industria y la base econ\u00f3mica del Putumayo. Sumados tambi\u00e9n los saberes ancestrales.<\/p>\n\n\n\n<p>\u201cLo que se ve\u00eda como maleza, que hab\u00eda que destruir y que se sigue destruyendo hoy, quem\u00e1ndola; quemando lo que podr\u00eda ser la principal riqueza de la regi\u00f3n: la biodiversidad, la cantidad de posibilidades ben\u00e9ficas incluso para la humanidad, de productos naturales que la selva misma recrea, crea, transforma, y que simplemente hay es que conocer, como bien ven\u00edan haciendo desde hace mucho tiempo, las comunidades ind\u00edgenas\u201d, a\u00f1adi\u00f3.<\/p>\n\n\n\n<figure class=\"wp-block-gallery has-nested-images columns-default is-cropped wp-block-gallery-2 is-layout-flex wp-block-gallery-is-layout-flex\">\n<figure class=\"wp-block-image size-large\"><img decoding=\"async\" data-id=\"37598\" src=\"https:\/\/luchonoticias.com\/wp-content\/uploads\/2022\/10\/WhatsApp-Image-2022-10-22-at-6.18.01-PM-1024x682.jpeg\" alt=\"\" class=\"wp-image-37598\"\/><\/figure>\n\n\n\n<figure class=\"wp-block-image size-large\"><img decoding=\"async\" data-id=\"37597\" src=\"https:\/\/luchonoticias.com\/wp-content\/uploads\/2022\/10\/WhatsApp-Image-2022-10-22-at-6.17.55-PM-1024x682.jpeg\" alt=\"\" class=\"wp-image-37597\"\/><\/figure>\n\n\n\n<figure class=\"wp-block-image size-large\"><img decoding=\"async\" data-id=\"37596\" src=\"https:\/\/luchonoticias.com\/wp-content\/uploads\/2022\/10\/WhatsApp-Image-2022-10-22-at-6.05.03-PM-1024x682.jpeg\" alt=\"\" class=\"wp-image-37596\"\/><\/figure>\n<\/figure>\n\n\n\n<p>Manifest\u00f3 que la sustituci\u00f3n de cultivos no es solo la de la hoja de coca por otro producto, como el cacao, por ejemplo, sino para dejar crecer la selva, que se revitalice.<\/p>\n\n\n\n<p>Agreg\u00f3 que competir contra el narcotr\u00e1fico no es f\u00e1cil, pero si ese es el camino que eligen los putumayenses el Gobierno los respaldar\u00e1 a fondo. \u201cSustituyamos la coca por selva. Y pagamos\u201d, dijo, ratificando que de esta forma tambi\u00e9n se reducir\u00eda la violencia en la regi\u00f3n.<\/p>\n\n\n\n<p>El Mandatario expreso su preocupaci\u00f3n con el riesgo que corren actualmente dos millones de hect\u00e1reas de selva que est\u00e1n en peligro de destrucci\u00f3n y como \u201cel Putumayo est\u00e1 en la vanguardia de esa destrucci\u00f3n. \u00bfDestruimos la selva en el Putumayo, o revitalizamos la selva en el Putumayo?\u201d, puntualiz\u00f3.<\/p>\n\n\n\n<p>Agreg\u00f3 que la propuesta final es que la gente se pregunte \u00bfqu\u00e9 Putumayo queremos? Y, por tanto, los invit\u00f3 a sumarse a los Di\u00e1logos Regionales Vinculantes, con el fin de contribuir con la construcci\u00f3n del Plan Nacional de Desarrollo.<\/p>\n\n\n\n<p>\u201cHabr\u00eda que hacerse una pregunta, \u00bfqu\u00e9 es el di\u00e1logo social? Un di\u00e1logo social en la perspectiva que participe la sociedad en el dise\u00f1o de lo que se quiere en el territorio, no lo que yo crea que es conveniente sobre el territorio, o alg\u00fan t\u00e9cnico por aqu\u00ed, de Planeaci\u00f3n Nacional, o de un Ministerio o un Gobernante local; sino lo que la sociedad misma, a trav\u00e9s de su experiencia vital, la de habitar el territorio por generaciones, quiere de su propio territorio, de su lugar\u201d, asever\u00f3.<\/p>\n","protected":false},"excerpt":{"rendered":"<p>El Presidente de la Rep\u00fablica, Gustavo Petro, propuso este s\u00e1bado a la comunidad de Putumayo discutir y acoger la propuesta del Gobierno del Cambio, de crear un fondo nacional con vigencias futuras, a 20 a\u00f1os, que tenga como objetivo revitalizar la selva amaz\u00f3nica. El Jefe de Estado explic\u00f3 esta iniciativa a los l\u00edderes comunitarios, ind\u00edgenas [&hellip;]<\/p>\n","protected":false},"author":1,"featured_media":0,"comment_status":"open","ping_status":"open","sticky":false,"template":"","format":"standard","meta":{"footnotes":""},"categories":[36,32],"tags":[],"class_list":["post-37591","post","type-post","status-publish","format-standard","hentry","category-destacado","category-nacional"],"yoast_head":"<!-- This site is optimized with the Yoast SEO plugin v26.6 - https:\/\/yoast.com\/wordpress\/plugins\/seo\/ -->\n<title>Petro propuso crear fondo nacional con vigencias futuras a 20 a\u00f1os, para revitalizar la selva, como en el Putumayo -<\/title>\n<meta name=\"robots\" content=\"index, follow, max-snippet:-1, max-image-preview:large, max-video-preview:-1\" \/>\n<link rel=\"canonical\" href=\"https:\/\/luchonoticias.com\/editor\/petro-propuso-crear-fondo-nacional-con-vigencias-futuras-a-20-anos-para-revitalizar-la-selva-como-en-el-putumayo\/\" \/>\n<meta property=\"og:locale\" content=\"es_ES\" \/>\n<meta property=\"og:type\" content=\"article\" \/>\n<meta property=\"og:title\" content=\"Petro propuso crear fondo nacional con vigencias futuras a 20 a\u00f1os, para revitalizar la selva, como en el Putumayo -\" \/>\n<meta property=\"og:url\" content=\"https:\/\/luchonoticias.com\/editor\/petro-propuso-crear-fondo-nacional-con-vigencias-futuras-a-20-anos-para-revitalizar-la-selva-como-en-el-putumayo\/\" \/>\n<meta property=\"article:publisher\" content=\"https:\/\/www.facebook.com\/luchonoticiasneiva\" \/>\n<meta property=\"article:author\" content=\"https:\/\/www.facebook.com\/luchonoticiasneiva\" \/>\n<meta property=\"article:published_time\" content=\"2022-10-23T11:14:04+00:00\" \/>\n<meta property=\"article:modified_time\" content=\"2022-10-23T11:14:05+00:00\" \/>\n<meta property=\"og:image\" content=\"https:\/\/luchonoticias.com\/wp-content\/uploads\/2022\/10\/WhatsApp-Image-2022-10-22-at-6.05.02-PM-1024x682.jpeg\" \/>\n<meta name=\"author\" content=\"admin\" \/>\n<meta name=\"twitter:card\" content=\"summary_large_image\" \/>\n<meta name=\"twitter:label1\" content=\"Escrito por\" \/>\n\t<meta name=\"twitter:data1\" content=\"admin\" \/>\n\t<meta name=\"twitter:label2\" content=\"Tiempo de lectura\" \/>\n\t<meta name=\"twitter:data2\" content=\"4 minutos\" \/>\n<script type=\"application\/ld+json\" class=\"yoast-schema-graph\">{\"@context\":\"https:\/\/schema.org\",\"@graph\":[{\"@type\":\"Article\",\"@id\":\"https:\/\/luchonoticias.com\/editor\/petro-propuso-crear-fondo-nacional-con-vigencias-futuras-a-20-anos-para-revitalizar-la-selva-como-en-el-putumayo\/#article\",\"isPartOf\":{\"@id\":\"https:\/\/luchonoticias.com\/editor\/petro-propuso-crear-fondo-nacional-con-vigencias-futuras-a-20-anos-para-revitalizar-la-selva-como-en-el-putumayo\/\"},\"author\":{\"name\":\"admin\",\"@id\":\"https:\/\/luchonoticias.com\/editor\/#\/schema\/person\/7a7fd911f58561fd056dbac7b55af9cd\"},\"headline\":\"Petro propuso crear fondo nacional con vigencias futuras a 20 a\u00f1os, para revitalizar la selva, como en el Putumayo\",\"datePublished\":\"2022-10-23T11:14:04+00:00\",\"dateModified\":\"2022-10-23T11:14:05+00:00\",\"mainEntityOfPage\":{\"@id\":\"https:\/\/luchonoticias.com\/editor\/petro-propuso-crear-fondo-nacional-con-vigencias-futuras-a-20-anos-para-revitalizar-la-selva-como-en-el-putumayo\/\"},\"wordCount\":721,\"commentCount\":0,\"publisher\":{\"@id\":\"https:\/\/luchonoticias.com\/editor\/#\/schema\/person\/7a7fd911f58561fd056dbac7b55af9cd\"},\"image\":{\"@id\":\"https:\/\/luchonoticias.com\/editor\/petro-propuso-crear-fondo-nacional-con-vigencias-futuras-a-20-anos-para-revitalizar-la-selva-como-en-el-putumayo\/#primaryimage\"},\"thumbnailUrl\":\"https:\/\/luchonoticias.com\/wp-content\/uploads\/2022\/10\/WhatsApp-Image-2022-10-22-at-6.05.02-PM-1024x682.jpeg\",\"articleSection\":[\"Destacado\",\"Nacional\"],\"inLanguage\":\"es\",\"potentialAction\":[{\"@type\":\"CommentAction\",\"name\":\"Comment\",\"target\":[\"https:\/\/luchonoticias.com\/editor\/petro-propuso-crear-fondo-nacional-con-vigencias-futuras-a-20-anos-para-revitalizar-la-selva-como-en-el-putumayo\/#respond\"]}]},{\"@type\":\"WebPage\",\"@id\":\"https:\/\/luchonoticias.com\/editor\/petro-propuso-crear-fondo-nacional-con-vigencias-futuras-a-20-anos-para-revitalizar-la-selva-como-en-el-putumayo\/\",\"url\":\"https:\/\/luchonoticias.com\/editor\/petro-propuso-crear-fondo-nacional-con-vigencias-futuras-a-20-anos-para-revitalizar-la-selva-como-en-el-putumayo\/\",\"name\":\"Petro propuso crear fondo nacional con vigencias futuras a 20 a\u00f1os, para revitalizar la selva, como en el Putumayo -\",\"isPartOf\":{\"@id\":\"https:\/\/luchonoticias.com\/editor\/#website\"},\"primaryImageOfPage\":{\"@id\":\"https:\/\/luchonoticias.com\/editor\/petro-propuso-crear-fondo-nacional-con-vigencias-futuras-a-20-anos-para-revitalizar-la-selva-como-en-el-putumayo\/#primaryimage\"},\"image\":{\"@id\":\"https:\/\/luchonoticias.com\/editor\/petro-propuso-crear-fondo-nacional-con-vigencias-futuras-a-20-anos-para-revitalizar-la-selva-como-en-el-putumayo\/#primaryimage\"},\"thumbnailUrl\":\"https:\/\/luchonoticias.com\/wp-content\/uploads\/2022\/10\/WhatsApp-Image-2022-10-22-at-6.05.02-PM-1024x682.jpeg\",\"datePublished\":\"2022-10-23T11:14:04+00:00\",\"dateModified\":\"2022-10-23T11:14:05+00:00\",\"breadcrumb\":{\"@id\":\"https:\/\/luchonoticias.com\/editor\/petro-propuso-crear-fondo-nacional-con-vigencias-futuras-a-20-anos-para-revitalizar-la-selva-como-en-el-putumayo\/#breadcrumb\"},\"inLanguage\":\"es\",\"potentialAction\":[{\"@type\":\"ReadAction\",\"target\":[\"https:\/\/luchonoticias.com\/editor\/petro-propuso-crear-fondo-nacional-con-vigencias-futuras-a-20-anos-para-revitalizar-la-selva-como-en-el-putumayo\/\"]}]},{\"@type\":\"ImageObject\",\"inLanguage\":\"es\",\"@id\":\"https:\/\/luchonoticias.com\/editor\/petro-propuso-crear-fondo-nacional-con-vigencias-futuras-a-20-anos-para-revitalizar-la-selva-como-en-el-putumayo\/#primaryimage\",\"url\":\"https:\/\/luchonoticias.com\/wp-content\/uploads\/2022\/10\/WhatsApp-Image-2022-10-22-at-6.05.02-PM-1024x682.jpeg\",\"contentUrl\":\"https:\/\/luchonoticias.com\/wp-content\/uploads\/2022\/10\/WhatsApp-Image-2022-10-22-at-6.05.02-PM-1024x682.jpeg\"},{\"@type\":\"BreadcrumbList\",\"@id\":\"https:\/\/luchonoticias.com\/editor\/petro-propuso-crear-fondo-nacional-con-vigencias-futuras-a-20-anos-para-revitalizar-la-selva-como-en-el-putumayo\/#breadcrumb\",\"itemListElement\":[{\"@type\":\"ListItem\",\"position\":1,\"name\":\"Portada\",\"item\":\"https:\/\/luchonoticias.com\/editor\/\"},{\"@type\":\"ListItem\",\"position\":2,\"name\":\"Petro propuso crear fondo nacional con vigencias futuras a 20 a\u00f1os, para revitalizar la selva, como en el Putumayo\"}]},{\"@type\":\"WebSite\",\"@id\":\"https:\/\/luchonoticias.com\/editor\/#website\",\"url\":\"https:\/\/luchonoticias.com\/editor\/\",\"name\":\"\",\"description\":\"\",\"publisher\":{\"@id\":\"https:\/\/luchonoticias.com\/editor\/#\/schema\/person\/7a7fd911f58561fd056dbac7b55af9cd\"},\"potentialAction\":[{\"@type\":\"SearchAction\",\"target\":{\"@type\":\"EntryPoint\",\"urlTemplate\":\"https:\/\/luchonoticias.com\/editor\/?s={search_term_string}\"},\"query-input\":{\"@type\":\"PropertyValueSpecification\",\"valueRequired\":true,\"valueName\":\"search_term_string\"}}],\"inLanguage\":\"es\"},{\"@type\":[\"Person\",\"Organization\"],\"@id\":\"https:\/\/luchonoticias.com\/editor\/#\/schema\/person\/7a7fd911f58561fd056dbac7b55af9cd\",\"name\":\"admin\",\"image\":{\"@type\":\"ImageObject\",\"inLanguage\":\"es\",\"@id\":\"https:\/\/luchonoticias.com\/editor\/#\/schema\/person\/image\/\",\"url\":\"https:\/\/luchonoticias.com\/editor\/wp-content\/uploads\/2024\/02\/cropped-cropped-logolu.webp\",\"contentUrl\":\"https:\/\/luchonoticias.com\/editor\/wp-content\/uploads\/2024\/02\/cropped-cropped-logolu.webp\",\"width\":382,\"height\":170,\"caption\":\"admin\"},\"logo\":{\"@id\":\"https:\/\/luchonoticias.com\/editor\/#\/schema\/person\/image\/\"},\"sameAs\":[\"https:\/\/www.facebook.com\/luchonoticiasneiva\"],\"url\":\"https:\/\/luchonoticias.com\/editor\/author\/admin\/\"}]}<\/script>\n<!-- \/ Yoast SEO plugin. -->","yoast_head_json":{"title":"Petro propuso crear fondo nacional con vigencias futuras a 20 a\u00f1os, para revitalizar la selva, como en el Putumayo -","robots":{"index":"index","follow":"follow","max-snippet":"max-snippet:-1","max-image-preview":"max-image-preview:large","max-video-preview":"max-video-preview:-1"},"canonical":"https:\/\/luchonoticias.com\/editor\/petro-propuso-crear-fondo-nacional-con-vigencias-futuras-a-20-anos-para-revitalizar-la-selva-como-en-el-putumayo\/","og_locale":"es_ES","og_type":"article","og_title":"Petro propuso crear fondo nacional con vigencias futuras a 20 a\u00f1os, para revitalizar la selva, como en el Putumayo -","og_url":"https:\/\/luchonoticias.com\/editor\/petro-propuso-crear-fondo-nacional-con-vigencias-futuras-a-20-anos-para-revitalizar-la-selva-como-en-el-putumayo\/","article_publisher":"https:\/\/www.facebook.com\/luchonoticiasneiva","article_author":"https:\/\/www.facebook.com\/luchonoticiasneiva","article_published_time":"2022-10-23T11:14:04+00:00","article_modified_time":"2022-10-23T11:14:05+00:00","og_image":[{"url":"https:\/\/luchonoticias.com\/wp-content\/uploads\/2022\/10\/WhatsApp-Image-2022-10-22-at-6.05.02-PM-1024x682.jpeg","type":"","width":"","height":""}],"author":"admin","twitter_card":"summary_large_image","twitter_misc":{"Escrito por":"admin","Tiempo de lectura":"4 minutos"},"schema":{"@context":"https:\/\/schema.org","@graph":[{"@type":"Article","@id":"https:\/\/luchonoticias.com\/editor\/petro-propuso-crear-fondo-nacional-con-vigencias-futuras-a-20-anos-para-revitalizar-la-selva-como-en-el-putumayo\/#article","isPartOf":{"@id":"https:\/\/luchonoticias.com\/editor\/petro-propuso-crear-fondo-nacional-con-vigencias-futuras-a-20-anos-para-revitalizar-la-selva-como-en-el-putumayo\/"},"author":{"name":"admin","@id":"https:\/\/luchonoticias.com\/editor\/#\/schema\/person\/7a7fd911f58561fd056dbac7b55af9cd"},"headline":"Petro propuso crear fondo nacional con vigencias futuras a 20 a\u00f1os, para revitalizar la selva, como en el Putumayo","datePublished":"2022-10-23T11:14:04+00:00","dateModified":"2022-10-23T11:14:05+00:00","mainEntityOfPage":{"@id":"https:\/\/luchonoticias.com\/editor\/petro-propuso-crear-fondo-nacional-con-vigencias-futuras-a-20-anos-para-revitalizar-la-selva-como-en-el-putumayo\/"},"wordCount":721,"commentCount":0,"publisher":{"@id":"https:\/\/luchonoticias.com\/editor\/#\/schema\/person\/7a7fd911f58561fd056dbac7b55af9cd"},"image":{"@id":"https:\/\/luchonoticias.com\/editor\/petro-propuso-crear-fondo-nacional-con-vigencias-futuras-a-20-anos-para-revitalizar-la-selva-como-en-el-putumayo\/#primaryimage"},"thumbnailUrl":"https:\/\/luchonoticias.com\/wp-content\/uploads\/2022\/10\/WhatsApp-Image-2022-10-22-at-6.05.02-PM-1024x682.jpeg","articleSection":["Destacado","Nacional"],"inLanguage":"es","potentialAction":[{"@type":"CommentAction","name":"Comment","target":["https:\/\/luchonoticias.com\/editor\/petro-propuso-crear-fondo-nacional-con-vigencias-futuras-a-20-anos-para-revitalizar-la-selva-como-en-el-putumayo\/#respond"]}]},{"@type":"WebPage","@id":"https:\/\/luchonoticias.com\/editor\/petro-propuso-crear-fondo-nacional-con-vigencias-futuras-a-20-anos-para-revitalizar-la-selva-como-en-el-putumayo\/","url":"https:\/\/luchonoticias.com\/editor\/petro-propuso-crear-fondo-nacional-con-vigencias-futuras-a-20-anos-para-revitalizar-la-selva-como-en-el-putumayo\/","name":"Petro propuso crear fondo nacional con vigencias futuras a 20 a\u00f1os, para revitalizar la selva, como en el Putumayo -","isPartOf":{"@id":"https:\/\/luchonoticias.com\/editor\/#website"},"primaryImageOfPage":{"@id":"https:\/\/luchonoticias.com\/editor\/petro-propuso-crear-fondo-nacional-con-vigencias-futuras-a-20-anos-para-revitalizar-la-selva-como-en-el-putumayo\/#primaryimage"},"image":{"@id":"https:\/\/luchonoticias.com\/editor\/petro-propuso-crear-fondo-nacional-con-vigencias-futuras-a-20-anos-para-revitalizar-la-selva-como-en-el-putumayo\/#primaryimage"},"thumbnailUrl":"https:\/\/luchonoticias.com\/wp-content\/uploads\/2022\/10\/WhatsApp-Image-2022-10-22-at-6.05.02-PM-1024x682.jpeg","datePublished":"2022-10-23T11:14:04+00:00","dateModified":"2022-10-23T11:14:05+00:00","breadcrumb":{"@id":"https:\/\/luchonoticias.com\/editor\/petro-propuso-crear-fondo-nacional-con-vigencias-futuras-a-20-anos-para-revitalizar-la-selva-como-en-el-putumayo\/#breadcrumb"},"inLanguage":"es","potentialAction":[{"@type":"ReadAction","target":["https:\/\/luchonoticias.com\/editor\/petro-propuso-crear-fondo-nacional-con-vigencias-futuras-a-20-anos-para-revitalizar-la-selva-como-en-el-putumayo\/"]}]},{"@type":"ImageObject","inLanguage":"es","@id":"https:\/\/luchonoticias.com\/editor\/petro-propuso-crear-fondo-nacional-con-vigencias-futuras-a-20-anos-para-revitalizar-la-selva-como-en-el-putumayo\/#primaryimage","url":"https:\/\/luchonoticias.com\/wp-content\/uploads\/2022\/10\/WhatsApp-Image-2022-10-22-at-6.05.02-PM-1024x682.jpeg","contentUrl":"https:\/\/luchonoticias.com\/wp-content\/uploads\/2022\/10\/WhatsApp-Image-2022-10-22-at-6.05.02-PM-1024x682.jpeg"},{"@type":"BreadcrumbList","@id":"https:\/\/luchonoticias.com\/editor\/petro-propuso-crear-fondo-nacional-con-vigencias-futuras-a-20-anos-para-revitalizar-la-selva-como-en-el-putumayo\/#breadcrumb","itemListElement":[{"@type":"ListItem","position":1,"name":"Portada","item":"https:\/\/luchonoticias.com\/editor\/"},{"@type":"ListItem","position":2,"name":"Petro propuso crear fondo nacional con vigencias futuras a 20 a\u00f1os, para revitalizar la selva, como en el Putumayo"}]},{"@type":"WebSite","@id":"https:\/\/luchonoticias.com\/editor\/#website","url":"https:\/\/luchonoticias.com\/editor\/","name":"","description":"","publisher":{"@id":"https:\/\/luchonoticias.com\/editor\/#\/schema\/person\/7a7fd911f58561fd056dbac7b55af9cd"},"potentialAction":[{"@type":"SearchAction","target":{"@type":"EntryPoint","urlTemplate":"https:\/\/luchonoticias.com\/editor\/?s={search_term_string}"},"query-input":{"@type":"PropertyValueSpecification","valueRequired":true,"valueName":"search_term_string"}}],"inLanguage":"es"},{"@type":["Person","Organization"],"@id":"https:\/\/luchonoticias.com\/editor\/#\/schema\/person\/7a7fd911f58561fd056dbac7b55af9cd","name":"admin","image":{"@type":"ImageObject","inLanguage":"es","@id":"https:\/\/luchonoticias.com\/editor\/#\/schema\/person\/image\/","url":"https:\/\/luchonoticias.com\/editor\/wp-content\/uploads\/2024\/02\/cropped-cropped-logolu.webp","contentUrl":"https:\/\/luchonoticias.com\/editor\/wp-content\/uploads\/2024\/02\/cropped-cropped-logolu.webp","width":382,"height":170,"caption":"admin"},"logo":{"@id":"https:\/\/luchonoticias.com\/editor\/#\/schema\/person\/image\/"},"sameAs":["https:\/\/www.facebook.com\/luchonoticiasneiva"],"url":"https:\/\/luchonoticias.com\/editor\/author\/admin\/"}]}},"_links":{"self":[{"href":"https:\/\/luchonoticias.com\/editor\/wp-json\/wp\/v2\/posts\/37591","targetHints":{"allow":["GET"]}}],"collection":[{"href":"https:\/\/luchonoticias.com\/editor\/wp-json\/wp\/v2\/posts"}],"about":[{"href":"https:\/\/luchonoticias.com\/editor\/wp-json\/wp\/v2\/types\/post"}],"author":[{"embeddable":true,"href":"https:\/\/luchonoticias.com\/editor\/wp-json\/wp\/v2\/users\/1"}],"replies":[{"embeddable":true,"href":"https:\/\/luchonoticias.com\/editor\/wp-json\/wp\/v2\/comments?post=37591"}],"version-history":[{"count":0,"href":"https:\/\/luchonoticias.com\/editor\/wp-json\/wp\/v2\/posts\/37591\/revisions"}],"wp:attachment":[{"href":"https:\/\/luchonoticias.com\/editor\/wp-json\/wp\/v2\/media?parent=37591"}],"wp:term":[{"taxonomy":"category","embeddable":true,"href":"https:\/\/luchonoticias.com\/editor\/wp-json\/wp\/v2\/categories?post=37591"},{"taxonomy":"post_tag","embeddable":true,"href":"https:\/\/luchonoticias.com\/editor\/wp-json\/wp\/v2\/tags?post=37591"}],"curies":[{"name":"wp","href":"https:\/\/api.w.org\/{rel}","templated":true}]}}